{"id":54710,"date":"2016-02-26T06:23:37","date_gmt":"2016-02-26T06:23:37","guid":{"rendered":"http:\/\/desarrollo.mcvicious.com\/aero2020\/2016\/02\/26\/ex-juez-malzon-urbina-presento-tacha-contra-plancha-de-guzman\/"},"modified":"2016-02-26T06:23:37","modified_gmt":"2016-02-26T06:23:37","slug":"ex-juez-malzon-urbina-presento-tacha-contra-plancha-de-guzman","status":"publish","type":"post","link":"https:\/\/aeronoticias.com.pe\/noticiero\/politica\/ex-juez-malzon-urbina-presento-tacha-contra-plancha-de-guzman\/","title":{"rendered":"Ex juez Malzon Urbina present\u00f3 tacha contra plancha de Guzm\u00e1n"},"content":{"rendered":"<p style=\"text-align: justify;\"><strong>(Aeronoticias)<\/strong>.-\u00a0El ex juez Malz\u00f3n Urbina present\u00f3 hoy una tacha en contra de la f\u00f3rmula presidencial de Todos por el Per\u00fa, encabezada por el candidato Julio Guzm\u00e1n, ante el Jurado Electoral Especial (JEE) Lima Centro 1.<\/p>\n<p style=\"text-align: justify;\">En el documento, el ex magistrado indica que la observaci\u00f3n hecha contra la agrupaci\u00f3n Todos Por el Per\u00fa, respecto a la no inscripci\u00f3n de su Tribunal Nacional Electoral en el sistema de Registro de Organizaci\u00f3n Pol\u00edticas (ROP), a\u00fan est\u00e1 vigente y es \u00abinsubsanable\u00bb.<\/p>\n<p style=\"text-align: justify;\">\u00ab[El fallo del JEE] le ha perdonado la ca\u00edda al partido Todos Por el Per\u00fa por la presi\u00f3n medi\u00e1tica por un lado; y por otra parte por la gravitaci\u00f3n del argumento que el derecho de elegir y ser elegido tiene supremac\u00eda sobre la solemnidad de las formas [\u2026] Los peruanos, comenzando por sus autoridades, continuamos navegando en contra corriente de la ley\u00bb, se visualiza en el texto.<\/p>\n<p style=\"text-align: justify;\">\u00abNo vengan ahora los desubicados de siempre a decir que Guzm\u00e1n es el \u00fanico que puede evitar que Keiko Fujimori sea presidenta. Eso no es verdad y en el negado caso que lo fuera para m\u00ed ser\u00eda la misma chola con diferente calz\u00f3n por las razones expuestas\u00bb, complementa Malzon Urbina en otra parte del documento que busca tachar la postulaci\u00f3n de la plancha de Julio Guzm\u00e1n.<\/p>\n<p style=\"text-align: justify;\">En di\u00e1logo con RPP Noticias, el ex juez manifest\u00f3 que no representa a ning\u00fan partido pol\u00edtico y que ha emprendido esta gesti\u00f3n en sentido con la defensa de la ley. \u00abYo tengo mis objetivos pol\u00edticos para m\u00e1s adelante\u00bb, detall\u00f3.<\/p>\n<p style=\"text-align: justify;\">Fuente: <span style=\"text-decoration: underline;\"><em><strong>El Comercio<\/strong><\/em><\/span>.<\/p>\n<p style=\"text-align: justify;\"><img decoding=\"async\" src=\"http:\/\/cde.3.elcomercio.pe\/ima\/0\/1\/3\/2\/3\/1323356\/base_image.jpg\" border=\"0\" alt=\"Ex juez Malzon Urbina present\u00f3 tacha contra plancha de Guzm\u00e1n\" \/><\/p>\n","protected":false},"excerpt":{"rendered":"<p>(Aeronoticias).-\u00a0El ex juez Malz\u00f3n Urbina present\u00f3 hoy una tacha en contra de la f\u00f3rmula presidencial de Todos por el Per\u00fa, encabezada por el candidato Julio Guzm\u00e1n, ante el Jurado Electoral Especial (JEE) Lima Centro 1. En el documento, el ex magistrado indica que la observaci\u00f3n hecha contra la agrupaci\u00f3n Todos Por el Per\u00fa, respecto a [&hellip;]<\/p>\n","protected":false},"author":1,"featured_media":0,"comment_status":"open","ping_status":"open","sticky":false,"template":"","format":"standard","meta":{"tdm_status":"","tdm_grid_status":"","footnotes":""},"categories":[36],"tags":[],"class_list":{"0":"post-54710","1":"post","2":"type-post","3":"status-publish","4":"format-standard","6":"category-politica"},"yoast_head":"<!-- This site is optimized with the Yoast SEO plugin v25.1 - https:\/\/yoast.com\/wordpress\/plugins\/seo\/ -->\n<title>Ex juez Malzon Urbina present\u00f3 tacha contra plancha de Guzm\u00e1n<\/title>\n<meta name=\"description\" content=\"Portal de noticias del Per\u00fa sobre el transporte a\u00e9reo, aviaci\u00f3n, turismo, hoteleria, actualidad.\" \/>\n<meta name=\"robots\" content=\"index, follow, max-snippet:-1, max-image-preview:large, max-video-preview:-1\" \/>\n<link rel=\"canonical\" href=\"https:\/\/aeronoticias.com.pe\/noticiero\/politica\/ex-juez-malzon-urbina-presento-tacha-contra-plancha-de-guzman\/\" \/>\n<meta property=\"og:locale\" content=\"es_ES\" \/>\n<meta property=\"og:type\" content=\"article\" \/>\n<meta property=\"og:title\" content=\"Ex juez Malzon Urbina present\u00f3 tacha contra plancha de Guzm\u00e1n\" \/>\n<meta property=\"og:description\" content=\"Portal de noticias del Per\u00fa sobre el transporte a\u00e9reo, aviaci\u00f3n, turismo, hoteleria, actualidad.\" \/>\n<meta property=\"og:url\" content=\"https:\/\/aeronoticias.com.pe\/noticiero\/politica\/ex-juez-malzon-urbina-presento-tacha-contra-plancha-de-guzman\/\" \/>\n<meta property=\"og:site_name\" content=\"Aeronoticias.com.pe\" \/>\n<meta property=\"article:publisher\" content=\"https:\/\/www.facebook.com\/Aeronoticias.com.pe\/\" \/>\n<meta property=\"article:published_time\" content=\"2016-02-26T06:23:37+00:00\" \/>\n<meta property=\"og:image\" content=\"http:\/\/cde.3.elcomercio.pe\/ima\/0\/1\/3\/2\/3\/1323356\/base_image.jpg\" \/>\n<meta name=\"author\" content=\"Redacci\u00f3n Aeronoticias\" \/>\n<meta name=\"twitter:card\" content=\"summary_large_image\" \/>\n<meta name=\"twitter:creator\" content=\"@aeronoticias\" \/>\n<meta name=\"twitter:site\" content=\"@aeronoticias\" \/>\n<meta name=\"twitter:label1\" content=\"Escrito por\" \/>\n\t<meta name=\"twitter:data1\" content=\"Redacci\u00f3n Aeronoticias\" \/>\n\t<meta name=\"twitter:label2\" content=\"Tiempo de lectura\" \/>\n\t<meta name=\"twitter:data2\" content=\"1 minuto\" \/>\n<script type=\"application\/ld+json\" class=\"yoast-schema-graph\">{\"@context\":\"https:\/\/schema.org\",\"@graph\":[{\"@type\":\"WebPage\",\"@id\":\"https:\/\/aeronoticias.com.pe\/noticiero\/politica\/ex-juez-malzon-urbina-presento-tacha-contra-plancha-de-guzman\/\",\"url\":\"https:\/\/aeronoticias.com.pe\/noticiero\/politica\/ex-juez-malzon-urbina-presento-tacha-contra-plancha-de-guzman\/\",\"name\":\"Ex juez Malzon Urbina present\u00f3 tacha contra plancha de Guzm\u00e1n\",\"isPartOf\":{\"@id\":\"https:\/\/aeronoticias.com.pe\/noticiero\/#website\"},\"primaryImageOfPage\":{\"@id\":\"https:\/\/aeronoticias.com.pe\/noticiero\/politica\/ex-juez-malzon-urbina-presento-tacha-contra-plancha-de-guzman\/#primaryimage\"},\"image\":{\"@id\":\"https:\/\/aeronoticias.com.pe\/noticiero\/politica\/ex-juez-malzon-urbina-presento-tacha-contra-plancha-de-guzman\/#primaryimage\"},\"thumbnailUrl\":\"http:\/\/cde.3.elcomercio.pe\/ima\/0\/1\/3\/2\/3\/1323356\/base_image.jpg\",\"datePublished\":\"2016-02-26T06:23:37+00:00\",\"author\":{\"@id\":\"https:\/\/aeronoticias.com.pe\/noticiero\/#\/schema\/person\/fc1e5d578f4b62ba1cf7ac2bba1170a0\"},\"description\":\"Portal de noticias del Per\u00fa sobre el transporte a\u00e9reo, aviaci\u00f3n, turismo, hoteleria, actualidad.\",\"breadcrumb\":{\"@id\":\"https:\/\/aeronoticias.com.pe\/noticiero\/politica\/ex-juez-malzon-urbina-presento-tacha-contra-plancha-de-guzman\/#breadcrumb\"},\"inLanguage\":\"es\",\"potentialAction\":[{\"@type\":\"ReadAction\",\"target\":[\"https:\/\/aeronoticias.com.pe\/noticiero\/politica\/ex-juez-malzon-urbina-presento-tacha-contra-plancha-de-guzman\/\"]}]},{\"@type\":\"ImageObject\",\"inLanguage\":\"es\",\"@id\":\"https:\/\/aeronoticias.com.pe\/noticiero\/politica\/ex-juez-malzon-urbina-presento-tacha-contra-plancha-de-guzman\/#primaryimage\",\"url\":\"http:\/\/cde.3.elcomercio.pe\/ima\/0\/1\/3\/2\/3\/1323356\/base_image.jpg\",\"contentUrl\":\"http:\/\/cde.3.elcomercio.pe\/ima\/0\/1\/3\/2\/3\/1323356\/base_image.jpg\"},{\"@type\":\"BreadcrumbList\",\"@id\":\"https:\/\/aeronoticias.com.pe\/noticiero\/politica\/ex-juez-malzon-urbina-presento-tacha-contra-plancha-de-guzman\/#breadcrumb\",\"itemListElement\":[{\"@type\":\"ListItem\",\"position\":1,\"name\":\"Portada\",\"item\":\"https:\/\/aeronoticias.com.pe\/noticiero\/\"},{\"@type\":\"ListItem\",\"position\":2,\"name\":\"Ex juez Malzon Urbina present\u00f3 tacha contra plancha de Guzm\u00e1n\"}]},{\"@type\":\"WebSite\",\"@id\":\"https:\/\/aeronoticias.com.pe\/noticiero\/#website\",\"url\":\"https:\/\/aeronoticias.com.pe\/noticiero\/\",\"name\":\"Aeronoticias.com.pe\",\"description\":\"Noticias de tranporte aereo, turismo, hoteles, gastronomia, actualidad, internacional\",\"potentialAction\":[{\"@type\":\"SearchAction\",\"target\":{\"@type\":\"EntryPoint\",\"urlTemplate\":\"https:\/\/aeronoticias.com.pe\/noticiero\/?s={search_term_string}\"},\"query-input\":{\"@type\":\"PropertyValueSpecification\",\"valueRequired\":true,\"valueName\":\"search_term_string\"}}],\"inLanguage\":\"es\"},{\"@type\":\"Person\",\"@id\":\"https:\/\/aeronoticias.com.pe\/noticiero\/#\/schema\/person\/fc1e5d578f4b62ba1cf7ac2bba1170a0\",\"name\":\"Redacci\u00f3n Aeronoticias\",\"url\":\"https:\/\/aeronoticias.com.pe\/noticiero\/author\/piloto\/\"}]}<\/script>\n<!-- \/ Yoast SEO plugin. -->","yoast_head_json":{"title":"Ex juez Malzon Urbina present\u00f3 tacha contra plancha de Guzm\u00e1n","description":"Portal de noticias del Per\u00fa sobre el transporte a\u00e9reo, aviaci\u00f3n, turismo, hoteleria, actualidad.","robots":{"index":"index","follow":"follow","max-snippet":"max-snippet:-1","max-image-preview":"max-image-preview:large","max-video-preview":"max-video-preview:-1"},"canonical":"https:\/\/aeronoticias.com.pe\/noticiero\/politica\/ex-juez-malzon-urbina-presento-tacha-contra-plancha-de-guzman\/","og_locale":"es_ES","og_type":"article","og_title":"Ex juez Malzon Urbina present\u00f3 tacha contra plancha de Guzm\u00e1n","og_description":"Portal de noticias del Per\u00fa sobre el transporte a\u00e9reo, aviaci\u00f3n, turismo, hoteleria, actualidad.","og_url":"https:\/\/aeronoticias.com.pe\/noticiero\/politica\/ex-juez-malzon-urbina-presento-tacha-contra-plancha-de-guzman\/","og_site_name":"Aeronoticias.com.pe","article_publisher":"https:\/\/www.facebook.com\/Aeronoticias.com.pe\/","article_published_time":"2016-02-26T06:23:37+00:00","og_image":[{"url":"http:\/\/cde.3.elcomercio.pe\/ima\/0\/1\/3\/2\/3\/1323356\/base_image.jpg","type":"","width":"","height":""}],"author":"Redacci\u00f3n Aeronoticias","twitter_card":"summary_large_image","twitter_creator":"@aeronoticias","twitter_site":"@aeronoticias","twitter_misc":{"Escrito por":"Redacci\u00f3n Aeronoticias","Tiempo de lectura":"1 minuto"},"schema":{"@context":"https:\/\/schema.org","@graph":[{"@type":"WebPage","@id":"https:\/\/aeronoticias.com.pe\/noticiero\/politica\/ex-juez-malzon-urbina-presento-tacha-contra-plancha-de-guzman\/","url":"https:\/\/aeronoticias.com.pe\/noticiero\/politica\/ex-juez-malzon-urbina-presento-tacha-contra-plancha-de-guzman\/","name":"Ex juez Malzon Urbina present\u00f3 tacha contra plancha de Guzm\u00e1n","isPartOf":{"@id":"https:\/\/aeronoticias.com.pe\/noticiero\/#website"},"primaryImageOfPage":{"@id":"https:\/\/aeronoticias.com.pe\/noticiero\/politica\/ex-juez-malzon-urbina-presento-tacha-contra-plancha-de-guzman\/#primaryimage"},"image":{"@id":"https:\/\/aeronoticias.com.pe\/noticiero\/politica\/ex-juez-malzon-urbina-presento-tacha-contra-plancha-de-guzman\/#primaryimage"},"thumbnailUrl":"http:\/\/cde.3.elcomercio.pe\/ima\/0\/1\/3\/2\/3\/1323356\/base_image.jpg","datePublished":"2016-02-26T06:23:37+00:00","author":{"@id":"https:\/\/aeronoticias.com.pe\/noticiero\/#\/schema\/person\/fc1e5d578f4b62ba1cf7ac2bba1170a0"},"description":"Portal de noticias del Per\u00fa sobre el transporte a\u00e9reo, aviaci\u00f3n, turismo, hoteleria, actualidad.","breadcrumb":{"@id":"https:\/\/aeronoticias.com.pe\/noticiero\/politica\/ex-juez-malzon-urbina-presento-tacha-contra-plancha-de-guzman\/#breadcrumb"},"inLanguage":"es","potentialAction":[{"@type":"ReadAction","target":["https:\/\/aeronoticias.com.pe\/noticiero\/politica\/ex-juez-malzon-urbina-presento-tacha-contra-plancha-de-guzman\/"]}]},{"@type":"ImageObject","inLanguage":"es","@id":"https:\/\/aeronoticias.com.pe\/noticiero\/politica\/ex-juez-malzon-urbina-presento-tacha-contra-plancha-de-guzman\/#primaryimage","url":"http:\/\/cde.3.elcomercio.pe\/ima\/0\/1\/3\/2\/3\/1323356\/base_image.jpg","contentUrl":"http:\/\/cde.3.elcomercio.pe\/ima\/0\/1\/3\/2\/3\/1323356\/base_image.jpg"},{"@type":"BreadcrumbList","@id":"https:\/\/aeronoticias.com.pe\/noticiero\/politica\/ex-juez-malzon-urbina-presento-tacha-contra-plancha-de-guzman\/#breadcrumb","itemListElement":[{"@type":"ListItem","position":1,"name":"Portada","item":"https:\/\/aeronoticias.com.pe\/noticiero\/"},{"@type":"ListItem","position":2,"name":"Ex juez Malzon Urbina present\u00f3 tacha contra plancha de Guzm\u00e1n"}]},{"@type":"WebSite","@id":"https:\/\/aeronoticias.com.pe\/noticiero\/#website","url":"https:\/\/aeronoticias.com.pe\/noticiero\/","name":"Aeronoticias.com.pe","description":"Noticias de tranporte aereo, turismo, hoteles, gastronomia, actualidad, internacional","potentialAction":[{"@type":"SearchAction","target":{"@type":"EntryPoint","urlTemplate":"https:\/\/aeronoticias.com.pe\/noticiero\/?s={search_term_string}"},"query-input":{"@type":"PropertyValueSpecification","valueRequired":true,"valueName":"search_term_string"}}],"inLanguage":"es"},{"@type":"Person","@id":"https:\/\/aeronoticias.com.pe\/noticiero\/#\/schema\/person\/fc1e5d578f4b62ba1cf7ac2bba1170a0","name":"Redacci\u00f3n Aeronoticias","url":"https:\/\/aeronoticias.com.pe\/noticiero\/author\/piloto\/"}]}},"_links":{"self":[{"href":"https:\/\/aeronoticias.com.pe\/noticiero\/wp-json\/wp\/v2\/posts\/54710","targetHints":{"allow":["GET"]}}],"collection":[{"href":"https:\/\/aeronoticias.com.pe\/noticiero\/wp-json\/wp\/v2\/posts"}],"about":[{"href":"https:\/\/aeronoticias.com.pe\/noticiero\/wp-json\/wp\/v2\/types\/post"}],"author":[{"embeddable":true,"href":"https:\/\/aeronoticias.com.pe\/noticiero\/wp-json\/wp\/v2\/users\/1"}],"replies":[{"embeddable":true,"href":"https:\/\/aeronoticias.com.pe\/noticiero\/wp-json\/wp\/v2\/comments?post=54710"}],"version-history":[{"count":0,"href":"https:\/\/aeronoticias.com.pe\/noticiero\/wp-json\/wp\/v2\/posts\/54710\/revisions"}],"wp:attachment":[{"href":"https:\/\/aeronoticias.com.pe\/noticiero\/wp-json\/wp\/v2\/media?parent=54710"}],"wp:term":[{"taxonomy":"category","embeddable":true,"href":"https:\/\/aeronoticias.com.pe\/noticiero\/wp-json\/wp\/v2\/categories?post=54710"},{"taxonomy":"post_tag","embeddable":true,"href":"https:\/\/aeronoticias.com.pe\/noticiero\/wp-json\/wp\/v2\/tags?post=54710"}],"curies":[{"name":"wp","href":"https:\/\/api.w.org\/{rel}","templated":true}]}}