{"id":54713,"date":"2016-02-26T06:32:26","date_gmt":"2016-02-26T06:32:26","guid":{"rendered":"http:\/\/desarrollo.mcvicious.com\/aero2020\/2016\/02\/26\/venezuela-empleados-publicos-trabajaran-menos-de-6-horas\/"},"modified":"2016-02-26T06:32:26","modified_gmt":"2016-02-26T06:32:26","slug":"venezuela-empleados-publicos-trabajaran-menos-de-6-horas","status":"publish","type":"post","link":"https:\/\/aeronoticias.com.pe\/noticiero\/internacionales\/venezuela-empleados-publicos-trabajaran-menos-de-6-horas\/","title":{"rendered":"Venezuela: Empleados p\u00fablicos trabajar\u00e1n menos de 6 horas"},"content":{"rendered":"<p style=\"text-align: justify;\"><strong>(Aeronoticias)<\/strong>.-\u00a0Un decreto del presidente Nicol\u00e1s Maduro publicado este jueves fija \u00abpara los \u00f3rganos y entes de la administraci\u00f3n p\u00fablica nacional un horario especial laboral hasta nueva orden verbal o escrita, de 7:30 a.m. hasta la 1:00 p.m.\u00bb, quedando excluidas \u00ablas dependencias y oficinas de atenci\u00f3n al p\u00fablico, y los servicios esenciales\u00bb.<\/p>\n<p style=\"text-align: justify;\">La orden para los entes p\u00fablicos y gubernamentales tambi\u00e9n incluye que se ejecuten \u00abplanes para reducir al menos en un 30% su consumo\u00bb.<\/p>\n<p style=\"text-align: justify;\">Las autoridades argumentan que Venezuela \u00abest\u00e1 afectada por el fen\u00f3meno climatol\u00f3gico de El Ni\u00f1o\u00bb, que ha \u00abdisminuido severamente\u00bb las lluvias en el pa\u00eds, lo que -afirman- ha mermado la capacidad de generaci\u00f3n hidroel\u00e9ctrica.<\/p>\n<p style=\"text-align: justify;\">En este sentido, el gobierno ordena que \u00abse haga una jerarquizaci\u00f3n del balance energ\u00e9tico nacional, para garantizar el suministro de combustible al parque de generaci\u00f3n el\u00e9ctrica t\u00e9rmica\u00bb.<\/p>\n<p style=\"text-align: justify;\">El a\u00f1o pasado el gobierno ya hab\u00eda tomado una medida similar de cambios en el horario de trabajo de empleados p\u00fablicos, ante una ola de calor que acentu\u00f3 el consumo el\u00e9ctrico.<\/p>\n<p style=\"text-align: justify;\">Venezuela, que vivi\u00f3 una dura crisis el\u00e9ctrica en el 2010 y padece constantes apagones en las provincias, ya tiene vigente una orden para que los centros comerciales presten servicio en horario reducido de siete horas al d\u00eda en caso de que no puedan autogenerar su electricidad durante cuatro horas diarias.<\/p>\n<div style=\"text-align: justify;\">Fuente: <span style=\"text-decoration: underline;\"><em><strong>El Comercio<\/strong><\/em><\/span>.<\/div>\n<div style=\"text-align: justify;\"><\/div>\n<div style=\"text-align: justify;\"><img decoding=\"async\" src=\"http:\/\/cde.3.elcomercio.pe\/ima\/0\/1\/3\/2\/3\/1323294\/base_image.jpg\" border=\"0\" alt=\"Venezuela: Empleados p\u00fablicos trabajar\u00e1n menos de 6 horas\" \/><\/div>\n","protected":false},"excerpt":{"rendered":"<p>(Aeronoticias).-\u00a0Un decreto del presidente Nicol\u00e1s Maduro publicado este jueves fija \u00abpara los \u00f3rganos y entes de la administraci\u00f3n p\u00fablica nacional un horario especial laboral hasta nueva orden verbal o escrita, de 7:30 a.m. hasta la 1:00 p.m.\u00bb, quedando excluidas \u00ablas dependencias y oficinas de atenci\u00f3n al p\u00fablico, y los servicios esenciales\u00bb. La orden para los [&hellip;]<\/p>\n","protected":false},"author":1,"featured_media":0,"comment_status":"open","ping_status":"open","sticky":false,"template":"","format":"standard","meta":{"tdm_status":"","tdm_grid_status":"","footnotes":""},"categories":[34],"tags":[],"class_list":{"0":"post-54713","1":"post","2":"type-post","3":"status-publish","4":"format-standard","6":"category-internacionales"},"yoast_head":"<!-- This site is optimized with the Yoast SEO plugin v25.1 - https:\/\/yoast.com\/wordpress\/plugins\/seo\/ -->\n<title>Venezuela: Empleados p\u00fablicos trabajar\u00e1n menos de 6 horas<\/title>\n<meta name=\"description\" content=\"Portal de noticias del Per\u00fa sobre el transporte a\u00e9reo, aviaci\u00f3n, turismo, hoteleria, actualidad.\" \/>\n<meta name=\"robots\" content=\"index, follow, max-snippet:-1, max-image-preview:large, max-video-preview:-1\" \/>\n<link rel=\"canonical\" href=\"https:\/\/aeronoticias.com.pe\/noticiero\/internacionales\/venezuela-empleados-publicos-trabajaran-menos-de-6-horas\/\" \/>\n<meta property=\"og:locale\" content=\"es_ES\" \/>\n<meta property=\"og:type\" content=\"article\" \/>\n<meta property=\"og:title\" content=\"Venezuela: Empleados p\u00fablicos trabajar\u00e1n menos de 6 horas\" \/>\n<meta property=\"og:description\" content=\"Portal de noticias del Per\u00fa sobre el transporte a\u00e9reo, aviaci\u00f3n, turismo, hoteleria, actualidad.\" \/>\n<meta property=\"og:url\" content=\"https:\/\/aeronoticias.com.pe\/noticiero\/internacionales\/venezuela-empleados-publicos-trabajaran-menos-de-6-horas\/\" \/>\n<meta property=\"og:site_name\" content=\"Aeronoticias.com.pe\" \/>\n<meta property=\"article:publisher\" content=\"https:\/\/www.facebook.com\/Aeronoticias.com.pe\/\" \/>\n<meta property=\"article:published_time\" content=\"2016-02-26T06:32:26+00:00\" \/>\n<meta property=\"og:image\" content=\"http:\/\/cde.3.elcomercio.pe\/ima\/0\/1\/3\/2\/3\/1323294\/base_image.jpg\" \/>\n<meta name=\"author\" content=\"Redacci\u00f3n Aeronoticias\" \/>\n<meta name=\"twitter:card\" content=\"summary_large_image\" \/>\n<meta name=\"twitter:creator\" content=\"@aeronoticias\" \/>\n<meta name=\"twitter:site\" content=\"@aeronoticias\" \/>\n<meta name=\"twitter:label1\" content=\"Escrito por\" \/>\n\t<meta name=\"twitter:data1\" content=\"Redacci\u00f3n Aeronoticias\" \/>\n\t<meta name=\"twitter:label2\" content=\"Tiempo de lectura\" \/>\n\t<meta name=\"twitter:data2\" content=\"1 minuto\" \/>\n<script type=\"application\/ld+json\" class=\"yoast-schema-graph\">{\"@context\":\"https:\/\/schema.org\",\"@graph\":[{\"@type\":\"WebPage\",\"@id\":\"https:\/\/aeronoticias.com.pe\/noticiero\/internacionales\/venezuela-empleados-publicos-trabajaran-menos-de-6-horas\/\",\"url\":\"https:\/\/aeronoticias.com.pe\/noticiero\/internacionales\/venezuela-empleados-publicos-trabajaran-menos-de-6-horas\/\",\"name\":\"Venezuela: Empleados p\u00fablicos trabajar\u00e1n menos de 6 horas\",\"isPartOf\":{\"@id\":\"https:\/\/aeronoticias.com.pe\/noticiero\/#website\"},\"primaryImageOfPage\":{\"@id\":\"https:\/\/aeronoticias.com.pe\/noticiero\/internacionales\/venezuela-empleados-publicos-trabajaran-menos-de-6-horas\/#primaryimage\"},\"image\":{\"@id\":\"https:\/\/aeronoticias.com.pe\/noticiero\/internacionales\/venezuela-empleados-publicos-trabajaran-menos-de-6-horas\/#primaryimage\"},\"thumbnailUrl\":\"http:\/\/cde.3.elcomercio.pe\/ima\/0\/1\/3\/2\/3\/1323294\/base_image.jpg\",\"datePublished\":\"2016-02-26T06:32:26+00:00\",\"author\":{\"@id\":\"https:\/\/aeronoticias.com.pe\/noticiero\/#\/schema\/person\/fc1e5d578f4b62ba1cf7ac2bba1170a0\"},\"description\":\"Portal de noticias del Per\u00fa sobre el transporte a\u00e9reo, aviaci\u00f3n, turismo, hoteleria, actualidad.\",\"breadcrumb\":{\"@id\":\"https:\/\/aeronoticias.com.pe\/noticiero\/internacionales\/venezuela-empleados-publicos-trabajaran-menos-de-6-horas\/#breadcrumb\"},\"inLanguage\":\"es\",\"potentialAction\":[{\"@type\":\"ReadAction\",\"target\":[\"https:\/\/aeronoticias.com.pe\/noticiero\/internacionales\/venezuela-empleados-publicos-trabajaran-menos-de-6-horas\/\"]}]},{\"@type\":\"ImageObject\",\"inLanguage\":\"es\",\"@id\":\"https:\/\/aeronoticias.com.pe\/noticiero\/internacionales\/venezuela-empleados-publicos-trabajaran-menos-de-6-horas\/#primaryimage\",\"url\":\"http:\/\/cde.3.elcomercio.pe\/ima\/0\/1\/3\/2\/3\/1323294\/base_image.jpg\",\"contentUrl\":\"http:\/\/cde.3.elcomercio.pe\/ima\/0\/1\/3\/2\/3\/1323294\/base_image.jpg\"},{\"@type\":\"BreadcrumbList\",\"@id\":\"https:\/\/aeronoticias.com.pe\/noticiero\/internacionales\/venezuela-empleados-publicos-trabajaran-menos-de-6-horas\/#breadcrumb\",\"itemListElement\":[{\"@type\":\"ListItem\",\"position\":1,\"name\":\"Portada\",\"item\":\"https:\/\/aeronoticias.com.pe\/noticiero\/\"},{\"@type\":\"ListItem\",\"position\":2,\"name\":\"Venezuela: Empleados p\u00fablicos trabajar\u00e1n menos de 6 horas\"}]},{\"@type\":\"WebSite\",\"@id\":\"https:\/\/aeronoticias.com.pe\/noticiero\/#website\",\"url\":\"https:\/\/aeronoticias.com.pe\/noticiero\/\",\"name\":\"Aeronoticias.com.pe\",\"description\":\"Noticias de tranporte aereo, turismo, hoteles, gastronomia, actualidad, internacional\",\"potentialAction\":[{\"@type\":\"SearchAction\",\"target\":{\"@type\":\"EntryPoint\",\"urlTemplate\":\"https:\/\/aeronoticias.com.pe\/noticiero\/?s={search_term_string}\"},\"query-input\":{\"@type\":\"PropertyValueSpecification\",\"valueRequired\":true,\"valueName\":\"search_term_string\"}}],\"inLanguage\":\"es\"},{\"@type\":\"Person\",\"@id\":\"https:\/\/aeronoticias.com.pe\/noticiero\/#\/schema\/person\/fc1e5d578f4b62ba1cf7ac2bba1170a0\",\"name\":\"Redacci\u00f3n Aeronoticias\",\"url\":\"https:\/\/aeronoticias.com.pe\/noticiero\/author\/piloto\/\"}]}<\/script>\n<!-- \/ Yoast SEO plugin. -->","yoast_head_json":{"title":"Venezuela: Empleados p\u00fablicos trabajar\u00e1n menos de 6 horas","description":"Portal de noticias del Per\u00fa sobre el transporte a\u00e9reo, aviaci\u00f3n, turismo, hoteleria, actualidad.","robots":{"index":"index","follow":"follow","max-snippet":"max-snippet:-1","max-image-preview":"max-image-preview:large","max-video-preview":"max-video-preview:-1"},"canonical":"https:\/\/aeronoticias.com.pe\/noticiero\/internacionales\/venezuela-empleados-publicos-trabajaran-menos-de-6-horas\/","og_locale":"es_ES","og_type":"article","og_title":"Venezuela: Empleados p\u00fablicos trabajar\u00e1n menos de 6 horas","og_description":"Portal de noticias del Per\u00fa sobre el transporte a\u00e9reo, aviaci\u00f3n, turismo, hoteleria, actualidad.","og_url":"https:\/\/aeronoticias.com.pe\/noticiero\/internacionales\/venezuela-empleados-publicos-trabajaran-menos-de-6-horas\/","og_site_name":"Aeronoticias.com.pe","article_publisher":"https:\/\/www.facebook.com\/Aeronoticias.com.pe\/","article_published_time":"2016-02-26T06:32:26+00:00","og_image":[{"url":"http:\/\/cde.3.elcomercio.pe\/ima\/0\/1\/3\/2\/3\/1323294\/base_image.jpg","type":"","width":"","height":""}],"author":"Redacci\u00f3n Aeronoticias","twitter_card":"summary_large_image","twitter_creator":"@aeronoticias","twitter_site":"@aeronoticias","twitter_misc":{"Escrito por":"Redacci\u00f3n Aeronoticias","Tiempo de lectura":"1 minuto"},"schema":{"@context":"https:\/\/schema.org","@graph":[{"@type":"WebPage","@id":"https:\/\/aeronoticias.com.pe\/noticiero\/internacionales\/venezuela-empleados-publicos-trabajaran-menos-de-6-horas\/","url":"https:\/\/aeronoticias.com.pe\/noticiero\/internacionales\/venezuela-empleados-publicos-trabajaran-menos-de-6-horas\/","name":"Venezuela: Empleados p\u00fablicos trabajar\u00e1n menos de 6 horas","isPartOf":{"@id":"https:\/\/aeronoticias.com.pe\/noticiero\/#website"},"primaryImageOfPage":{"@id":"https:\/\/aeronoticias.com.pe\/noticiero\/internacionales\/venezuela-empleados-publicos-trabajaran-menos-de-6-horas\/#primaryimage"},"image":{"@id":"https:\/\/aeronoticias.com.pe\/noticiero\/internacionales\/venezuela-empleados-publicos-trabajaran-menos-de-6-horas\/#primaryimage"},"thumbnailUrl":"http:\/\/cde.3.elcomercio.pe\/ima\/0\/1\/3\/2\/3\/1323294\/base_image.jpg","datePublished":"2016-02-26T06:32:26+00:00","author":{"@id":"https:\/\/aeronoticias.com.pe\/noticiero\/#\/schema\/person\/fc1e5d578f4b62ba1cf7ac2bba1170a0"},"description":"Portal de noticias del Per\u00fa sobre el transporte a\u00e9reo, aviaci\u00f3n, turismo, hoteleria, actualidad.","breadcrumb":{"@id":"https:\/\/aeronoticias.com.pe\/noticiero\/internacionales\/venezuela-empleados-publicos-trabajaran-menos-de-6-horas\/#breadcrumb"},"inLanguage":"es","potentialAction":[{"@type":"ReadAction","target":["https:\/\/aeronoticias.com.pe\/noticiero\/internacionales\/venezuela-empleados-publicos-trabajaran-menos-de-6-horas\/"]}]},{"@type":"ImageObject","inLanguage":"es","@id":"https:\/\/aeronoticias.com.pe\/noticiero\/internacionales\/venezuela-empleados-publicos-trabajaran-menos-de-6-horas\/#primaryimage","url":"http:\/\/cde.3.elcomercio.pe\/ima\/0\/1\/3\/2\/3\/1323294\/base_image.jpg","contentUrl":"http:\/\/cde.3.elcomercio.pe\/ima\/0\/1\/3\/2\/3\/1323294\/base_image.jpg"},{"@type":"BreadcrumbList","@id":"https:\/\/aeronoticias.com.pe\/noticiero\/internacionales\/venezuela-empleados-publicos-trabajaran-menos-de-6-horas\/#breadcrumb","itemListElement":[{"@type":"ListItem","position":1,"name":"Portada","item":"https:\/\/aeronoticias.com.pe\/noticiero\/"},{"@type":"ListItem","position":2,"name":"Venezuela: Empleados p\u00fablicos trabajar\u00e1n menos de 6 horas"}]},{"@type":"WebSite","@id":"https:\/\/aeronoticias.com.pe\/noticiero\/#website","url":"https:\/\/aeronoticias.com.pe\/noticiero\/","name":"Aeronoticias.com.pe","description":"Noticias de tranporte aereo, turismo, hoteles, gastronomia, actualidad, internacional","potentialAction":[{"@type":"SearchAction","target":{"@type":"EntryPoint","urlTemplate":"https:\/\/aeronoticias.com.pe\/noticiero\/?s={search_term_string}"},"query-input":{"@type":"PropertyValueSpecification","valueRequired":true,"valueName":"search_term_string"}}],"inLanguage":"es"},{"@type":"Person","@id":"https:\/\/aeronoticias.com.pe\/noticiero\/#\/schema\/person\/fc1e5d578f4b62ba1cf7ac2bba1170a0","name":"Redacci\u00f3n Aeronoticias","url":"https:\/\/aeronoticias.com.pe\/noticiero\/author\/piloto\/"}]}},"_links":{"self":[{"href":"https:\/\/aeronoticias.com.pe\/noticiero\/wp-json\/wp\/v2\/posts\/54713","targetHints":{"allow":["GET"]}}],"collection":[{"href":"https:\/\/aeronoticias.com.pe\/noticiero\/wp-json\/wp\/v2\/posts"}],"about":[{"href":"https:\/\/aeronoticias.com.pe\/noticiero\/wp-json\/wp\/v2\/types\/post"}],"author":[{"embeddable":true,"href":"https:\/\/aeronoticias.com.pe\/noticiero\/wp-json\/wp\/v2\/users\/1"}],"replies":[{"embeddable":true,"href":"https:\/\/aeronoticias.com.pe\/noticiero\/wp-json\/wp\/v2\/comments?post=54713"}],"version-history":[{"count":0,"href":"https:\/\/aeronoticias.com.pe\/noticiero\/wp-json\/wp\/v2\/posts\/54713\/revisions"}],"wp:attachment":[{"href":"https:\/\/aeronoticias.com.pe\/noticiero\/wp-json\/wp\/v2\/media?parent=54713"}],"wp:term":[{"taxonomy":"category","embeddable":true,"href":"https:\/\/aeronoticias.com.pe\/noticiero\/wp-json\/wp\/v2\/categories?post=54713"},{"taxonomy":"post_tag","embeddable":true,"href":"https:\/\/aeronoticias.com.pe\/noticiero\/wp-json\/wp\/v2\/tags?post=54713"}],"curies":[{"name":"wp","href":"https:\/\/api.w.org\/{rel}","templated":true}]}}