{"id":54716,"date":"2016-02-26T06:42:28","date_gmt":"2016-02-26T06:42:28","guid":{"rendered":"http:\/\/desarrollo.mcvicious.com\/aero2020\/2016\/02\/26\/capturan-a-banda-que-secuestraba-a-menores-para-prostituirlas\/"},"modified":"2016-02-26T06:42:28","modified_gmt":"2016-02-26T06:42:28","slug":"capturan-a-banda-que-secuestraba-a-menores-para-prostituirlas","status":"publish","type":"post","link":"https:\/\/aeronoticias.com.pe\/noticiero\/49\/capturan-a-banda-que-secuestraba-a-menores-para-prostituirlas\/","title":{"rendered":"Capturan a banda que secuestraba a menores para prostituirlas"},"content":{"rendered":"<p style=\"text-align: justify;\"><strong>(Aeronoticias)<\/strong>.-\u00a0Una banda que presuntamente se dedicaba a la trata de personas fue capturada en Pucusana por agentes de la PNP, luego de que una mujer denunciara la desaparici\u00f3n de su hija, captada por la organizaci\u00f3n criminal.<\/p>\n<p style=\"text-align: justify;\">La madre de la v\u00edctima recibi\u00f3 una llamada de su hija desde un tel\u00e9fono p\u00fablico en la que le contaba que las personas que supuestamente iban a darle trabajo la hab\u00edan encerrado tras quitarle todas sus pertenencias.<\/p>\n<p style=\"text-align: justify;\">Los presuntos delincuentes operaban de esa manera, captaban a las v\u00edctimas bajo el pretexto del trabajo seguro y las secuestraban cuando se reun\u00edan.<\/p>\n<p style=\"text-align: justify;\">Los agentes PNP hallaron en la vivienda intervenida a cuatro mujeres, tres de ellas menores de edad, las cuales ejerc\u00edan la prostituci\u00f3n supuestamente amenazadas por los sujetos. Ellas habr\u00edan estado encerradas por cuatro d\u00edas.<\/p>\n<p style=\"text-align: justify;\">En el lugar, ubicado en el kil\u00f3metro 59 de la carretera Panamericana Sur, tambi\u00e9n se encontraron 50 ketes de PBC, m\u00e1s de tres mil soles y pastillas para dormir, que habr\u00edan sido utilizadas para dopar a los clientes.<\/p>\n<p style=\"text-align: justify;\">Los detenidos fueron identificados como Juan Tucto Rivero, presunto cabecilla de la organizaci\u00f3n, V\u00edctor Tucto Rivero, Henry Vargas Yepes, Dorita Llaycate Comari, Betsabe Ramos Fabi\u00e1n y Yessenia Qui\u00f1onez Carhuamanga.<\/p>\n<p style=\"text-align: justify;\">Fuente: <span style=\"text-decoration: underline;\"><em><strong>El Comercio<\/strong><\/em><\/span>.<\/p>\n<p><img decoding=\"async\" src=\"http:\/\/cde.3.elcomercio.pe\/ima\/0\/1\/3\/2\/2\/1322802\/base_image.jpg\" border=\"0\" alt=\"Capturan a banda que secuestraba a menores para prostituirlas\" \/><\/p>\n","protected":false},"excerpt":{"rendered":"<p>(Aeronoticias).-\u00a0Una banda que presuntamente se dedicaba a la trata de personas fue capturada en Pucusana por agentes de la PNP, luego de que una mujer denunciara la desaparici\u00f3n de su hija, captada por la organizaci\u00f3n criminal. La madre de la v\u00edctima recibi\u00f3 una llamada de su hija desde un tel\u00e9fono p\u00fablico en la que le [&hellip;]<\/p>\n","protected":false},"author":1,"featured_media":0,"comment_status":"open","ping_status":"open","sticky":false,"template":"","format":"standard","meta":{"tdm_status":"","tdm_grid_status":"","footnotes":""},"categories":[39],"tags":[],"class_list":{"0":"post-54716","1":"post","2":"type-post","3":"status-publish","4":"format-standard","6":"category-39"},"yoast_head":"<!-- This site is optimized with the Yoast SEO plugin v25.1 - https:\/\/yoast.com\/wordpress\/plugins\/seo\/ -->\n<title>Capturan a banda que secuestraba a menores para prostituirlas<\/title>\n<meta name=\"description\" content=\"Portal de noticias del Per\u00fa sobre el transporte a\u00e9reo, aviaci\u00f3n, turismo, hoteleria, actualidad.\" \/>\n<meta name=\"robots\" content=\"index, follow, max-snippet:-1, max-image-preview:large, max-video-preview:-1\" \/>\n<link rel=\"canonical\" href=\"https:\/\/aeronoticias.com.pe\/noticiero\/49\/capturan-a-banda-que-secuestraba-a-menores-para-prostituirlas\/\" \/>\n<meta property=\"og:locale\" content=\"es_ES\" \/>\n<meta property=\"og:type\" content=\"article\" \/>\n<meta property=\"og:title\" content=\"Capturan a banda que secuestraba a menores para prostituirlas\" \/>\n<meta property=\"og:description\" content=\"Portal de noticias del Per\u00fa sobre el transporte a\u00e9reo, aviaci\u00f3n, turismo, hoteleria, actualidad.\" \/>\n<meta property=\"og:url\" content=\"https:\/\/aeronoticias.com.pe\/noticiero\/49\/capturan-a-banda-que-secuestraba-a-menores-para-prostituirlas\/\" \/>\n<meta property=\"og:site_name\" content=\"Aeronoticias.com.pe\" \/>\n<meta property=\"article:publisher\" content=\"https:\/\/www.facebook.com\/Aeronoticias.com.pe\/\" \/>\n<meta property=\"article:published_time\" content=\"2016-02-26T06:42:28+00:00\" \/>\n<meta property=\"og:image\" content=\"http:\/\/cde.3.elcomercio.pe\/ima\/0\/1\/3\/2\/2\/1322802\/base_image.jpg\" \/>\n<meta name=\"author\" content=\"Redacci\u00f3n Aeronoticias\" \/>\n<meta name=\"twitter:card\" content=\"summary_large_image\" \/>\n<meta name=\"twitter:creator\" content=\"@aeronoticias\" \/>\n<meta name=\"twitter:site\" content=\"@aeronoticias\" \/>\n<meta name=\"twitter:label1\" content=\"Escrito por\" \/>\n\t<meta name=\"twitter:data1\" content=\"Redacci\u00f3n Aeronoticias\" \/>\n\t<meta name=\"twitter:label2\" content=\"Tiempo de lectura\" \/>\n\t<meta name=\"twitter:data2\" content=\"1 minuto\" \/>\n<script type=\"application\/ld+json\" class=\"yoast-schema-graph\">{\"@context\":\"https:\/\/schema.org\",\"@graph\":[{\"@type\":\"WebPage\",\"@id\":\"https:\/\/aeronoticias.com.pe\/noticiero\/49\/capturan-a-banda-que-secuestraba-a-menores-para-prostituirlas\/\",\"url\":\"https:\/\/aeronoticias.com.pe\/noticiero\/49\/capturan-a-banda-que-secuestraba-a-menores-para-prostituirlas\/\",\"name\":\"Capturan a banda que secuestraba a menores para prostituirlas\",\"isPartOf\":{\"@id\":\"https:\/\/aeronoticias.com.pe\/noticiero\/#website\"},\"primaryImageOfPage\":{\"@id\":\"https:\/\/aeronoticias.com.pe\/noticiero\/49\/capturan-a-banda-que-secuestraba-a-menores-para-prostituirlas\/#primaryimage\"},\"image\":{\"@id\":\"https:\/\/aeronoticias.com.pe\/noticiero\/49\/capturan-a-banda-que-secuestraba-a-menores-para-prostituirlas\/#primaryimage\"},\"thumbnailUrl\":\"http:\/\/cde.3.elcomercio.pe\/ima\/0\/1\/3\/2\/2\/1322802\/base_image.jpg\",\"datePublished\":\"2016-02-26T06:42:28+00:00\",\"author\":{\"@id\":\"https:\/\/aeronoticias.com.pe\/noticiero\/#\/schema\/person\/fc1e5d578f4b62ba1cf7ac2bba1170a0\"},\"description\":\"Portal de noticias del Per\u00fa sobre el transporte a\u00e9reo, aviaci\u00f3n, turismo, hoteleria, actualidad.\",\"breadcrumb\":{\"@id\":\"https:\/\/aeronoticias.com.pe\/noticiero\/49\/capturan-a-banda-que-secuestraba-a-menores-para-prostituirlas\/#breadcrumb\"},\"inLanguage\":\"es\",\"potentialAction\":[{\"@type\":\"ReadAction\",\"target\":[\"https:\/\/aeronoticias.com.pe\/noticiero\/49\/capturan-a-banda-que-secuestraba-a-menores-para-prostituirlas\/\"]}]},{\"@type\":\"ImageObject\",\"inLanguage\":\"es\",\"@id\":\"https:\/\/aeronoticias.com.pe\/noticiero\/49\/capturan-a-banda-que-secuestraba-a-menores-para-prostituirlas\/#primaryimage\",\"url\":\"http:\/\/cde.3.elcomercio.pe\/ima\/0\/1\/3\/2\/2\/1322802\/base_image.jpg\",\"contentUrl\":\"http:\/\/cde.3.elcomercio.pe\/ima\/0\/1\/3\/2\/2\/1322802\/base_image.jpg\"},{\"@type\":\"BreadcrumbList\",\"@id\":\"https:\/\/aeronoticias.com.pe\/noticiero\/49\/capturan-a-banda-que-secuestraba-a-menores-para-prostituirlas\/#breadcrumb\",\"itemListElement\":[{\"@type\":\"ListItem\",\"position\":1,\"name\":\"Portada\",\"item\":\"https:\/\/aeronoticias.com.pe\/noticiero\/\"},{\"@type\":\"ListItem\",\"position\":2,\"name\":\"Capturan a banda que secuestraba a menores para prostituirlas\"}]},{\"@type\":\"WebSite\",\"@id\":\"https:\/\/aeronoticias.com.pe\/noticiero\/#website\",\"url\":\"https:\/\/aeronoticias.com.pe\/noticiero\/\",\"name\":\"Aeronoticias.com.pe\",\"description\":\"Noticias de tranporte aereo, turismo, hoteles, gastronomia, actualidad, internacional\",\"potentialAction\":[{\"@type\":\"SearchAction\",\"target\":{\"@type\":\"EntryPoint\",\"urlTemplate\":\"https:\/\/aeronoticias.com.pe\/noticiero\/?s={search_term_string}\"},\"query-input\":{\"@type\":\"PropertyValueSpecification\",\"valueRequired\":true,\"valueName\":\"search_term_string\"}}],\"inLanguage\":\"es\"},{\"@type\":\"Person\",\"@id\":\"https:\/\/aeronoticias.com.pe\/noticiero\/#\/schema\/person\/fc1e5d578f4b62ba1cf7ac2bba1170a0\",\"name\":\"Redacci\u00f3n Aeronoticias\",\"url\":\"https:\/\/aeronoticias.com.pe\/noticiero\/author\/piloto\/\"}]}<\/script>\n<!-- \/ Yoast SEO plugin. -->","yoast_head_json":{"title":"Capturan a banda que secuestraba a menores para prostituirlas","description":"Portal de noticias del Per\u00fa sobre el transporte a\u00e9reo, aviaci\u00f3n, turismo, hoteleria, actualidad.","robots":{"index":"index","follow":"follow","max-snippet":"max-snippet:-1","max-image-preview":"max-image-preview:large","max-video-preview":"max-video-preview:-1"},"canonical":"https:\/\/aeronoticias.com.pe\/noticiero\/49\/capturan-a-banda-que-secuestraba-a-menores-para-prostituirlas\/","og_locale":"es_ES","og_type":"article","og_title":"Capturan a banda que secuestraba a menores para prostituirlas","og_description":"Portal de noticias del Per\u00fa sobre el transporte a\u00e9reo, aviaci\u00f3n, turismo, hoteleria, actualidad.","og_url":"https:\/\/aeronoticias.com.pe\/noticiero\/49\/capturan-a-banda-que-secuestraba-a-menores-para-prostituirlas\/","og_site_name":"Aeronoticias.com.pe","article_publisher":"https:\/\/www.facebook.com\/Aeronoticias.com.pe\/","article_published_time":"2016-02-26T06:42:28+00:00","og_image":[{"url":"http:\/\/cde.3.elcomercio.pe\/ima\/0\/1\/3\/2\/2\/1322802\/base_image.jpg","type":"","width":"","height":""}],"author":"Redacci\u00f3n Aeronoticias","twitter_card":"summary_large_image","twitter_creator":"@aeronoticias","twitter_site":"@aeronoticias","twitter_misc":{"Escrito por":"Redacci\u00f3n Aeronoticias","Tiempo de lectura":"1 minuto"},"schema":{"@context":"https:\/\/schema.org","@graph":[{"@type":"WebPage","@id":"https:\/\/aeronoticias.com.pe\/noticiero\/49\/capturan-a-banda-que-secuestraba-a-menores-para-prostituirlas\/","url":"https:\/\/aeronoticias.com.pe\/noticiero\/49\/capturan-a-banda-que-secuestraba-a-menores-para-prostituirlas\/","name":"Capturan a banda que secuestraba a menores para prostituirlas","isPartOf":{"@id":"https:\/\/aeronoticias.com.pe\/noticiero\/#website"},"primaryImageOfPage":{"@id":"https:\/\/aeronoticias.com.pe\/noticiero\/49\/capturan-a-banda-que-secuestraba-a-menores-para-prostituirlas\/#primaryimage"},"image":{"@id":"https:\/\/aeronoticias.com.pe\/noticiero\/49\/capturan-a-banda-que-secuestraba-a-menores-para-prostituirlas\/#primaryimage"},"thumbnailUrl":"http:\/\/cde.3.elcomercio.pe\/ima\/0\/1\/3\/2\/2\/1322802\/base_image.jpg","datePublished":"2016-02-26T06:42:28+00:00","author":{"@id":"https:\/\/aeronoticias.com.pe\/noticiero\/#\/schema\/person\/fc1e5d578f4b62ba1cf7ac2bba1170a0"},"description":"Portal de noticias del Per\u00fa sobre el transporte a\u00e9reo, aviaci\u00f3n, turismo, hoteleria, actualidad.","breadcrumb":{"@id":"https:\/\/aeronoticias.com.pe\/noticiero\/49\/capturan-a-banda-que-secuestraba-a-menores-para-prostituirlas\/#breadcrumb"},"inLanguage":"es","potentialAction":[{"@type":"ReadAction","target":["https:\/\/aeronoticias.com.pe\/noticiero\/49\/capturan-a-banda-que-secuestraba-a-menores-para-prostituirlas\/"]}]},{"@type":"ImageObject","inLanguage":"es","@id":"https:\/\/aeronoticias.com.pe\/noticiero\/49\/capturan-a-banda-que-secuestraba-a-menores-para-prostituirlas\/#primaryimage","url":"http:\/\/cde.3.elcomercio.pe\/ima\/0\/1\/3\/2\/2\/1322802\/base_image.jpg","contentUrl":"http:\/\/cde.3.elcomercio.pe\/ima\/0\/1\/3\/2\/2\/1322802\/base_image.jpg"},{"@type":"BreadcrumbList","@id":"https:\/\/aeronoticias.com.pe\/noticiero\/49\/capturan-a-banda-que-secuestraba-a-menores-para-prostituirlas\/#breadcrumb","itemListElement":[{"@type":"ListItem","position":1,"name":"Portada","item":"https:\/\/aeronoticias.com.pe\/noticiero\/"},{"@type":"ListItem","position":2,"name":"Capturan a banda que secuestraba a menores para prostituirlas"}]},{"@type":"WebSite","@id":"https:\/\/aeronoticias.com.pe\/noticiero\/#website","url":"https:\/\/aeronoticias.com.pe\/noticiero\/","name":"Aeronoticias.com.pe","description":"Noticias de tranporte aereo, turismo, hoteles, gastronomia, actualidad, internacional","potentialAction":[{"@type":"SearchAction","target":{"@type":"EntryPoint","urlTemplate":"https:\/\/aeronoticias.com.pe\/noticiero\/?s={search_term_string}"},"query-input":{"@type":"PropertyValueSpecification","valueRequired":true,"valueName":"search_term_string"}}],"inLanguage":"es"},{"@type":"Person","@id":"https:\/\/aeronoticias.com.pe\/noticiero\/#\/schema\/person\/fc1e5d578f4b62ba1cf7ac2bba1170a0","name":"Redacci\u00f3n Aeronoticias","url":"https:\/\/aeronoticias.com.pe\/noticiero\/author\/piloto\/"}]}},"_links":{"self":[{"href":"https:\/\/aeronoticias.com.pe\/noticiero\/wp-json\/wp\/v2\/posts\/54716","targetHints":{"allow":["GET"]}}],"collection":[{"href":"https:\/\/aeronoticias.com.pe\/noticiero\/wp-json\/wp\/v2\/posts"}],"about":[{"href":"https:\/\/aeronoticias.com.pe\/noticiero\/wp-json\/wp\/v2\/types\/post"}],"author":[{"embeddable":true,"href":"https:\/\/aeronoticias.com.pe\/noticiero\/wp-json\/wp\/v2\/users\/1"}],"replies":[{"embeddable":true,"href":"https:\/\/aeronoticias.com.pe\/noticiero\/wp-json\/wp\/v2\/comments?post=54716"}],"version-history":[{"count":0,"href":"https:\/\/aeronoticias.com.pe\/noticiero\/wp-json\/wp\/v2\/posts\/54716\/revisions"}],"wp:attachment":[{"href":"https:\/\/aeronoticias.com.pe\/noticiero\/wp-json\/wp\/v2\/media?parent=54716"}],"wp:term":[{"taxonomy":"category","embeddable":true,"href":"https:\/\/aeronoticias.com.pe\/noticiero\/wp-json\/wp\/v2\/categories?post=54716"},{"taxonomy":"post_tag","embeddable":true,"href":"https:\/\/aeronoticias.com.pe\/noticiero\/wp-json\/wp\/v2\/tags?post=54716"}],"curies":[{"name":"wp","href":"https:\/\/api.w.org\/{rel}","templated":true}]}}