{"id":54722,"date":"2016-02-27T17:12:02","date_gmt":"2016-02-27T17:12:02","guid":{"rendered":"http:\/\/desarrollo.mcvicious.com\/aero2020\/2016\/02\/27\/cesar-acuna-descarta-renunciar-a-su-candidatura-presidencial\/"},"modified":"2016-02-27T17:12:02","modified_gmt":"2016-02-27T17:12:02","slug":"cesar-acuna-descarta-renunciar-a-su-candidatura-presidencial","status":"publish","type":"post","link":"https:\/\/aeronoticias.com.pe\/noticiero\/politica\/cesar-acuna-descarta-renunciar-a-su-candidatura-presidencial\/","title":{"rendered":"C\u00e9sar Acu\u00f1a descarta renunciar a su candidatura presidencial"},"content":{"rendered":"<p style=\"text-align: justify;\"><strong>(Aeronoticias)<\/strong>.-\u00a0El partido Alianza para el Progreso (APP) descart\u00f3 la posibilidad de que C\u00e9sar Acu\u00f1a, su l\u00edder y candidato a la presidencia, vaya a renunciar a la campa\u00f1a electoral a pesar de su ca\u00edda en las encuestas de intenci\u00f3n de voto.<\/p>\n<p style=\"text-align: justify;\">\u201cPersistimos en la candidatura de C\u00e9sar Acu\u00f1a Peralta a la presidencia de la Rep\u00fablica por el innegable apoyo popular que tiene a nivel nacional, lo cual nos fortalece y nos mantiene m\u00e1s unidos en esta lucha pol\u00edtica\u201d, indica un comunicado oficial.<\/p>\n<p style=\"text-align: justify;\">De acuerdo a la m\u00e1s reciente encuesta de CPI, el l\u00edder de APP tiene 7.3% de intenci\u00f3n de voto y es el candidato que m\u00e1s respaldo perdi\u00f3 en febrero: cay\u00f3 7.9 porcentuales en solo un mes.<\/p>\n<p style=\"text-align: justify;\">Pero Alianza por el Progreso minimiz\u00f3 la ca\u00edda de C\u00e9sar Acu\u00f1a y asever\u00f3 que \u00abla verdadera encuesta\u00bb ser\u00e1 el domingo 10 de abril, d\u00eda de las elecciones. \u00abEl partido constituye un proyecto pol\u00edtico que va m\u00e1s all\u00e1 del presente proceso\u00bb, a\u00f1ade el texto.<\/p>\n<p style=\"text-align: justify;\">Asimismo, APP aclar\u00f3 que sigue vigente la alianza con Restauraci\u00f3n Nacional y Somos Per\u00fa, partidos pol\u00edticos de los actuales congresistas Humberto Lay y Fernando Andrade, respectivamente.<\/p>\n<p style=\"text-align: justify;\">Lay renunci\u00f3 esta semana a la plancha de C\u00e9sar Acu\u00f1a y a la lista al Congreso de Alianza para el Progreso por \u00abmotivos estrictamente personales\u00bb, mientras que Andrade contin\u00faa en la carrera electoral.<\/p>\n<p style=\"text-align: justify;\">Fuente: <span style=\"text-decoration: underline;\"><strong><em>El Comercio<\/em><\/strong><\/span>.<\/p>\n<p style=\"text-align: justify;\"><img decoding=\"async\" src=\"http:\/\/cde.3.elcomercio.pe\/ima\/0\/1\/3\/2\/4\/1324435\/base_image.jpg\" border=\"0\" alt=\"C\u00e9sar Acu\u00f1a descarta renunciar a su candidatura presidencial\" \/><\/p>\n","protected":false},"excerpt":{"rendered":"<p>(Aeronoticias).-\u00a0El partido Alianza para el Progreso (APP) descart\u00f3 la posibilidad de que C\u00e9sar Acu\u00f1a, su l\u00edder y candidato a la presidencia, vaya a renunciar a la campa\u00f1a electoral a pesar de su ca\u00edda en las encuestas de intenci\u00f3n de voto. \u201cPersistimos en la candidatura de C\u00e9sar Acu\u00f1a Peralta a la presidencia de la Rep\u00fablica por [&hellip;]<\/p>\n","protected":false},"author":1,"featured_media":0,"comment_status":"open","ping_status":"open","sticky":false,"template":"","format":"standard","meta":{"tdm_status":"","tdm_grid_status":"","footnotes":""},"categories":[36],"tags":[],"class_list":{"0":"post-54722","1":"post","2":"type-post","3":"status-publish","4":"format-standard","6":"category-politica"},"yoast_head":"<!-- This site is optimized with the Yoast SEO plugin v25.1 - https:\/\/yoast.com\/wordpress\/plugins\/seo\/ -->\n<title>C\u00e9sar Acu\u00f1a descarta renunciar a su candidatura presidencial<\/title>\n<meta name=\"description\" content=\"Portal de noticias del Per\u00fa sobre el transporte a\u00e9reo, aviaci\u00f3n, turismo, hoteleria, actualidad.\" \/>\n<meta name=\"robots\" content=\"index, follow, max-snippet:-1, max-image-preview:large, max-video-preview:-1\" \/>\n<link rel=\"canonical\" href=\"https:\/\/aeronoticias.com.pe\/noticiero\/politica\/cesar-acuna-descarta-renunciar-a-su-candidatura-presidencial\/\" \/>\n<meta property=\"og:locale\" content=\"es_ES\" \/>\n<meta property=\"og:type\" content=\"article\" \/>\n<meta property=\"og:title\" content=\"C\u00e9sar Acu\u00f1a descarta renunciar a su candidatura presidencial\" \/>\n<meta property=\"og:description\" content=\"Portal de noticias del Per\u00fa sobre el transporte a\u00e9reo, aviaci\u00f3n, turismo, hoteleria, actualidad.\" \/>\n<meta property=\"og:url\" content=\"https:\/\/aeronoticias.com.pe\/noticiero\/politica\/cesar-acuna-descarta-renunciar-a-su-candidatura-presidencial\/\" \/>\n<meta property=\"og:site_name\" content=\"Aeronoticias.com.pe\" \/>\n<meta property=\"article:publisher\" content=\"https:\/\/www.facebook.com\/Aeronoticias.com.pe\/\" \/>\n<meta property=\"article:published_time\" content=\"2016-02-27T17:12:02+00:00\" \/>\n<meta property=\"og:image\" content=\"http:\/\/cde.3.elcomercio.pe\/ima\/0\/1\/3\/2\/4\/1324435\/base_image.jpg\" \/>\n<meta name=\"author\" content=\"Redacci\u00f3n Aeronoticias\" \/>\n<meta name=\"twitter:card\" content=\"summary_large_image\" \/>\n<meta name=\"twitter:creator\" content=\"@aeronoticias\" \/>\n<meta name=\"twitter:site\" content=\"@aeronoticias\" \/>\n<meta name=\"twitter:label1\" content=\"Escrito por\" \/>\n\t<meta name=\"twitter:data1\" content=\"Redacci\u00f3n Aeronoticias\" \/>\n\t<meta name=\"twitter:label2\" content=\"Tiempo de lectura\" \/>\n\t<meta name=\"twitter:data2\" content=\"1 minuto\" \/>\n<script type=\"application\/ld+json\" class=\"yoast-schema-graph\">{\"@context\":\"https:\/\/schema.org\",\"@graph\":[{\"@type\":\"WebPage\",\"@id\":\"https:\/\/aeronoticias.com.pe\/noticiero\/politica\/cesar-acuna-descarta-renunciar-a-su-candidatura-presidencial\/\",\"url\":\"https:\/\/aeronoticias.com.pe\/noticiero\/politica\/cesar-acuna-descarta-renunciar-a-su-candidatura-presidencial\/\",\"name\":\"C\u00e9sar Acu\u00f1a descarta renunciar a su candidatura presidencial\",\"isPartOf\":{\"@id\":\"https:\/\/aeronoticias.com.pe\/noticiero\/#website\"},\"primaryImageOfPage\":{\"@id\":\"https:\/\/aeronoticias.com.pe\/noticiero\/politica\/cesar-acuna-descarta-renunciar-a-su-candidatura-presidencial\/#primaryimage\"},\"image\":{\"@id\":\"https:\/\/aeronoticias.com.pe\/noticiero\/politica\/cesar-acuna-descarta-renunciar-a-su-candidatura-presidencial\/#primaryimage\"},\"thumbnailUrl\":\"http:\/\/cde.3.elcomercio.pe\/ima\/0\/1\/3\/2\/4\/1324435\/base_image.jpg\",\"datePublished\":\"2016-02-27T17:12:02+00:00\",\"author\":{\"@id\":\"https:\/\/aeronoticias.com.pe\/noticiero\/#\/schema\/person\/fc1e5d578f4b62ba1cf7ac2bba1170a0\"},\"description\":\"Portal de noticias del Per\u00fa sobre el transporte a\u00e9reo, aviaci\u00f3n, turismo, hoteleria, actualidad.\",\"breadcrumb\":{\"@id\":\"https:\/\/aeronoticias.com.pe\/noticiero\/politica\/cesar-acuna-descarta-renunciar-a-su-candidatura-presidencial\/#breadcrumb\"},\"inLanguage\":\"es\",\"potentialAction\":[{\"@type\":\"ReadAction\",\"target\":[\"https:\/\/aeronoticias.com.pe\/noticiero\/politica\/cesar-acuna-descarta-renunciar-a-su-candidatura-presidencial\/\"]}]},{\"@type\":\"ImageObject\",\"inLanguage\":\"es\",\"@id\":\"https:\/\/aeronoticias.com.pe\/noticiero\/politica\/cesar-acuna-descarta-renunciar-a-su-candidatura-presidencial\/#primaryimage\",\"url\":\"http:\/\/cde.3.elcomercio.pe\/ima\/0\/1\/3\/2\/4\/1324435\/base_image.jpg\",\"contentUrl\":\"http:\/\/cde.3.elcomercio.pe\/ima\/0\/1\/3\/2\/4\/1324435\/base_image.jpg\"},{\"@type\":\"BreadcrumbList\",\"@id\":\"https:\/\/aeronoticias.com.pe\/noticiero\/politica\/cesar-acuna-descarta-renunciar-a-su-candidatura-presidencial\/#breadcrumb\",\"itemListElement\":[{\"@type\":\"ListItem\",\"position\":1,\"name\":\"Portada\",\"item\":\"https:\/\/aeronoticias.com.pe\/noticiero\/\"},{\"@type\":\"ListItem\",\"position\":2,\"name\":\"C\u00e9sar Acu\u00f1a descarta renunciar a su candidatura presidencial\"}]},{\"@type\":\"WebSite\",\"@id\":\"https:\/\/aeronoticias.com.pe\/noticiero\/#website\",\"url\":\"https:\/\/aeronoticias.com.pe\/noticiero\/\",\"name\":\"Aeronoticias.com.pe\",\"description\":\"Noticias de tranporte aereo, turismo, hoteles, gastronomia, actualidad, internacional\",\"potentialAction\":[{\"@type\":\"SearchAction\",\"target\":{\"@type\":\"EntryPoint\",\"urlTemplate\":\"https:\/\/aeronoticias.com.pe\/noticiero\/?s={search_term_string}\"},\"query-input\":{\"@type\":\"PropertyValueSpecification\",\"valueRequired\":true,\"valueName\":\"search_term_string\"}}],\"inLanguage\":\"es\"},{\"@type\":\"Person\",\"@id\":\"https:\/\/aeronoticias.com.pe\/noticiero\/#\/schema\/person\/fc1e5d578f4b62ba1cf7ac2bba1170a0\",\"name\":\"Redacci\u00f3n Aeronoticias\",\"url\":\"https:\/\/aeronoticias.com.pe\/noticiero\/author\/piloto\/\"}]}<\/script>\n<!-- \/ Yoast SEO plugin. -->","yoast_head_json":{"title":"C\u00e9sar Acu\u00f1a descarta renunciar a su candidatura presidencial","description":"Portal de noticias del Per\u00fa sobre el transporte a\u00e9reo, aviaci\u00f3n, turismo, hoteleria, actualidad.","robots":{"index":"index","follow":"follow","max-snippet":"max-snippet:-1","max-image-preview":"max-image-preview:large","max-video-preview":"max-video-preview:-1"},"canonical":"https:\/\/aeronoticias.com.pe\/noticiero\/politica\/cesar-acuna-descarta-renunciar-a-su-candidatura-presidencial\/","og_locale":"es_ES","og_type":"article","og_title":"C\u00e9sar Acu\u00f1a descarta renunciar a su candidatura presidencial","og_description":"Portal de noticias del Per\u00fa sobre el transporte a\u00e9reo, aviaci\u00f3n, turismo, hoteleria, actualidad.","og_url":"https:\/\/aeronoticias.com.pe\/noticiero\/politica\/cesar-acuna-descarta-renunciar-a-su-candidatura-presidencial\/","og_site_name":"Aeronoticias.com.pe","article_publisher":"https:\/\/www.facebook.com\/Aeronoticias.com.pe\/","article_published_time":"2016-02-27T17:12:02+00:00","og_image":[{"url":"http:\/\/cde.3.elcomercio.pe\/ima\/0\/1\/3\/2\/4\/1324435\/base_image.jpg","type":"","width":"","height":""}],"author":"Redacci\u00f3n Aeronoticias","twitter_card":"summary_large_image","twitter_creator":"@aeronoticias","twitter_site":"@aeronoticias","twitter_misc":{"Escrito por":"Redacci\u00f3n Aeronoticias","Tiempo de lectura":"1 minuto"},"schema":{"@context":"https:\/\/schema.org","@graph":[{"@type":"WebPage","@id":"https:\/\/aeronoticias.com.pe\/noticiero\/politica\/cesar-acuna-descarta-renunciar-a-su-candidatura-presidencial\/","url":"https:\/\/aeronoticias.com.pe\/noticiero\/politica\/cesar-acuna-descarta-renunciar-a-su-candidatura-presidencial\/","name":"C\u00e9sar Acu\u00f1a descarta renunciar a su candidatura presidencial","isPartOf":{"@id":"https:\/\/aeronoticias.com.pe\/noticiero\/#website"},"primaryImageOfPage":{"@id":"https:\/\/aeronoticias.com.pe\/noticiero\/politica\/cesar-acuna-descarta-renunciar-a-su-candidatura-presidencial\/#primaryimage"},"image":{"@id":"https:\/\/aeronoticias.com.pe\/noticiero\/politica\/cesar-acuna-descarta-renunciar-a-su-candidatura-presidencial\/#primaryimage"},"thumbnailUrl":"http:\/\/cde.3.elcomercio.pe\/ima\/0\/1\/3\/2\/4\/1324435\/base_image.jpg","datePublished":"2016-02-27T17:12:02+00:00","author":{"@id":"https:\/\/aeronoticias.com.pe\/noticiero\/#\/schema\/person\/fc1e5d578f4b62ba1cf7ac2bba1170a0"},"description":"Portal de noticias del Per\u00fa sobre el transporte a\u00e9reo, aviaci\u00f3n, turismo, hoteleria, actualidad.","breadcrumb":{"@id":"https:\/\/aeronoticias.com.pe\/noticiero\/politica\/cesar-acuna-descarta-renunciar-a-su-candidatura-presidencial\/#breadcrumb"},"inLanguage":"es","potentialAction":[{"@type":"ReadAction","target":["https:\/\/aeronoticias.com.pe\/noticiero\/politica\/cesar-acuna-descarta-renunciar-a-su-candidatura-presidencial\/"]}]},{"@type":"ImageObject","inLanguage":"es","@id":"https:\/\/aeronoticias.com.pe\/noticiero\/politica\/cesar-acuna-descarta-renunciar-a-su-candidatura-presidencial\/#primaryimage","url":"http:\/\/cde.3.elcomercio.pe\/ima\/0\/1\/3\/2\/4\/1324435\/base_image.jpg","contentUrl":"http:\/\/cde.3.elcomercio.pe\/ima\/0\/1\/3\/2\/4\/1324435\/base_image.jpg"},{"@type":"BreadcrumbList","@id":"https:\/\/aeronoticias.com.pe\/noticiero\/politica\/cesar-acuna-descarta-renunciar-a-su-candidatura-presidencial\/#breadcrumb","itemListElement":[{"@type":"ListItem","position":1,"name":"Portada","item":"https:\/\/aeronoticias.com.pe\/noticiero\/"},{"@type":"ListItem","position":2,"name":"C\u00e9sar Acu\u00f1a descarta renunciar a su candidatura presidencial"}]},{"@type":"WebSite","@id":"https:\/\/aeronoticias.com.pe\/noticiero\/#website","url":"https:\/\/aeronoticias.com.pe\/noticiero\/","name":"Aeronoticias.com.pe","description":"Noticias de tranporte aereo, turismo, hoteles, gastronomia, actualidad, internacional","potentialAction":[{"@type":"SearchAction","target":{"@type":"EntryPoint","urlTemplate":"https:\/\/aeronoticias.com.pe\/noticiero\/?s={search_term_string}"},"query-input":{"@type":"PropertyValueSpecification","valueRequired":true,"valueName":"search_term_string"}}],"inLanguage":"es"},{"@type":"Person","@id":"https:\/\/aeronoticias.com.pe\/noticiero\/#\/schema\/person\/fc1e5d578f4b62ba1cf7ac2bba1170a0","name":"Redacci\u00f3n Aeronoticias","url":"https:\/\/aeronoticias.com.pe\/noticiero\/author\/piloto\/"}]}},"_links":{"self":[{"href":"https:\/\/aeronoticias.com.pe\/noticiero\/wp-json\/wp\/v2\/posts\/54722","targetHints":{"allow":["GET"]}}],"collection":[{"href":"https:\/\/aeronoticias.com.pe\/noticiero\/wp-json\/wp\/v2\/posts"}],"about":[{"href":"https:\/\/aeronoticias.com.pe\/noticiero\/wp-json\/wp\/v2\/types\/post"}],"author":[{"embeddable":true,"href":"https:\/\/aeronoticias.com.pe\/noticiero\/wp-json\/wp\/v2\/users\/1"}],"replies":[{"embeddable":true,"href":"https:\/\/aeronoticias.com.pe\/noticiero\/wp-json\/wp\/v2\/comments?post=54722"}],"version-history":[{"count":0,"href":"https:\/\/aeronoticias.com.pe\/noticiero\/wp-json\/wp\/v2\/posts\/54722\/revisions"}],"wp:attachment":[{"href":"https:\/\/aeronoticias.com.pe\/noticiero\/wp-json\/wp\/v2\/media?parent=54722"}],"wp:term":[{"taxonomy":"category","embeddable":true,"href":"https:\/\/aeronoticias.com.pe\/noticiero\/wp-json\/wp\/v2\/categories?post=54722"},{"taxonomy":"post_tag","embeddable":true,"href":"https:\/\/aeronoticias.com.pe\/noticiero\/wp-json\/wp\/v2\/tags?post=54722"}],"curies":[{"name":"wp","href":"https:\/\/api.w.org\/{rel}","templated":true}]}}