{"id":54724,"date":"2016-02-27T17:21:23","date_gmt":"2016-02-27T17:21:23","guid":{"rendered":"http:\/\/desarrollo.mcvicious.com\/aero2020\/2016\/02\/27\/sutran-carretera-central-no-estara-disponible-varios-dias\/"},"modified":"2016-02-27T17:21:23","modified_gmt":"2016-02-27T17:21:23","slug":"sutran-carretera-central-no-estara-disponible-varios-dias","status":"publish","type":"post","link":"https:\/\/aeronoticias.com.pe\/noticiero\/nacionales\/sutran-carretera-central-no-estara-disponible-varios-dias\/","title":{"rendered":"Sutran: Carretera Central no estar\u00e1 disponible varios d\u00edas"},"content":{"rendered":"<p style=\"text-align: justify;\"><strong>(Aeronoticias)<\/strong>.-\u00a0Entre cuatro o cinco d\u00edas m\u00e1s permanecer\u00e1 cerrada la Carretera Central debido al huaico que bloque\u00f3 la v\u00eda el \u00faltimo jueves en la provincia lime\u00f1a de Huarochir\u00ed.<\/p>\n<p style=\"text-align: justify;\">Mar\u00eda Jara, jefa de la Superintendencia de Transporte Terrestre de Personas, Carga y Mercanc\u00edas (Sutran), explic\u00f3 que el da\u00f1o causado por el huaico ha sido severo por lo que su habilitaci\u00f3n requerir\u00e1 mayor tiempo de lo estimado.<\/p>\n<p style=\"text-align: justify;\">\u201cNo es un simple deslizamiento, estamos hablando de un da\u00f1o estructural muy severo que va a generar que no tengamos la v\u00eda para ser utilizada por ning\u00fan veh\u00edculo en los siguientes d\u00edas\u201d, inform\u00f3 en Canal N.<\/p>\n<p style=\"text-align: justify;\">En tal sentido, reiter\u00f3 que solo se encuentran habilitadas dos de las cinco rutas alternas a la Carretera Central; no obstante, se recomienda evitar viajes al centro del pa\u00eds porque dichas alternativas tambi\u00e9n podr\u00edan afectarse por deslizamientos debido a las intensas lluvias por el Fen\u00f3meno de El Ni\u00f1o.<\/p>\n<p style=\"text-align: justify;\">Se trata de la tercera ruta alterna: Carretera Ca\u00f1ete \u2013 Lunahuan\u00e1 \u2013 Zu\u00f1iga \u2013 Desv\u00edo Yauyos \u2013 Ronchas \u2013 Chupaca \u2013 Pilcomayo (Huancayo) \u2013 (330.84 km) (para veh\u00edculos que vienen de Huancayo y Huancavelica), en la que no se permite el paso de buses de dos pisos.<\/p>\n<p style=\"text-align: justify;\">Asimismo, est\u00e1 habilitada la quinta ruta alterna: Carretera Pisco \u2013 Huancavelica \u2013 Huancayo (446.199km) (para veh\u00edculos que utilicen carretera San Cemente \u2013 Huancavelica \u2013 Huancayo), en la que se permite la circulaci\u00f3n de semitrailer y tr\u00e1iler con una capacidad de 48 TN.<\/p>\n<p style=\"text-align: justify;\">Debido a ello, la salida de buses de los terminales de Yerbateros y Huancayo seguir\u00e1 suspendida.<\/p>\n<p style=\"text-align: justify;\">\u201cNo tiene ning\u00fan sentido que la poblaci\u00f3n siga ah\u00ed (en los terminales). O desisten de viajar o buscan el cobijo de alg\u00fan familiar que le de amparo estos d\u00edas\u201d, agreg\u00f3.<\/p>\n<p style=\"text-align: justify;\">Fuente: <span style=\"text-decoration: underline;\"><em><strong>El Comercio<\/strong><\/em><\/span>.<\/p>\n<p style=\"text-align: justify;\"><img decoding=\"async\" src=\"http:\/\/cde.3.elcomercio.pe\/ima\/0\/1\/3\/2\/4\/1324464\/base_image.jpg\" border=\"0\" alt=\"Sutran: Carretera Central no estar\u00e1 disponible varios d\u00edas\" \/><\/p>\n","protected":false},"excerpt":{"rendered":"<p>(Aeronoticias).-\u00a0Entre cuatro o cinco d\u00edas m\u00e1s permanecer\u00e1 cerrada la Carretera Central debido al huaico que bloque\u00f3 la v\u00eda el \u00faltimo jueves en la provincia lime\u00f1a de Huarochir\u00ed. Mar\u00eda Jara, jefa de la Superintendencia de Transporte Terrestre de Personas, Carga y Mercanc\u00edas (Sutran), explic\u00f3 que el da\u00f1o causado por el huaico ha sido severo por lo [&hellip;]<\/p>\n","protected":false},"author":1,"featured_media":0,"comment_status":"open","ping_status":"open","sticky":false,"template":"","format":"standard","meta":{"tdm_status":"","tdm_grid_status":"","footnotes":""},"categories":[38],"tags":[],"class_list":{"0":"post-54724","1":"post","2":"type-post","3":"status-publish","4":"format-standard","6":"category-nacionales"},"yoast_head":"<!-- This site is optimized with the Yoast SEO plugin v25.1 - https:\/\/yoast.com\/wordpress\/plugins\/seo\/ -->\n<title>Sutran: Carretera Central no estar\u00e1 disponible varios d\u00edas<\/title>\n<meta name=\"description\" content=\"Portal de noticias del Per\u00fa sobre el transporte a\u00e9reo, aviaci\u00f3n, turismo, hoteleria, actualidad.\" \/>\n<meta name=\"robots\" content=\"index, follow, max-snippet:-1, max-image-preview:large, max-video-preview:-1\" \/>\n<link rel=\"canonical\" href=\"https:\/\/aeronoticias.com.pe\/noticiero\/nacionales\/sutran-carretera-central-no-estara-disponible-varios-dias\/\" \/>\n<meta property=\"og:locale\" content=\"es_ES\" \/>\n<meta property=\"og:type\" content=\"article\" \/>\n<meta property=\"og:title\" content=\"Sutran: Carretera Central no estar\u00e1 disponible varios d\u00edas\" \/>\n<meta property=\"og:description\" content=\"Portal de noticias del Per\u00fa sobre el transporte a\u00e9reo, aviaci\u00f3n, turismo, hoteleria, actualidad.\" \/>\n<meta property=\"og:url\" content=\"https:\/\/aeronoticias.com.pe\/noticiero\/nacionales\/sutran-carretera-central-no-estara-disponible-varios-dias\/\" \/>\n<meta property=\"og:site_name\" content=\"Aeronoticias.com.pe\" \/>\n<meta property=\"article:publisher\" content=\"https:\/\/www.facebook.com\/Aeronoticias.com.pe\/\" \/>\n<meta property=\"article:published_time\" content=\"2016-02-27T17:21:23+00:00\" \/>\n<meta property=\"og:image\" content=\"http:\/\/cde.3.elcomercio.pe\/ima\/0\/1\/3\/2\/4\/1324464\/base_image.jpg\" \/>\n<meta name=\"author\" content=\"Redacci\u00f3n Aeronoticias\" \/>\n<meta name=\"twitter:card\" content=\"summary_large_image\" \/>\n<meta name=\"twitter:creator\" content=\"@aeronoticias\" \/>\n<meta name=\"twitter:site\" content=\"@aeronoticias\" \/>\n<meta name=\"twitter:label1\" content=\"Escrito por\" \/>\n\t<meta name=\"twitter:data1\" content=\"Redacci\u00f3n Aeronoticias\" \/>\n\t<meta name=\"twitter:label2\" content=\"Tiempo de lectura\" \/>\n\t<meta name=\"twitter:data2\" content=\"2 minutos\" \/>\n<script type=\"application\/ld+json\" class=\"yoast-schema-graph\">{\"@context\":\"https:\/\/schema.org\",\"@graph\":[{\"@type\":\"WebPage\",\"@id\":\"https:\/\/aeronoticias.com.pe\/noticiero\/nacionales\/sutran-carretera-central-no-estara-disponible-varios-dias\/\",\"url\":\"https:\/\/aeronoticias.com.pe\/noticiero\/nacionales\/sutran-carretera-central-no-estara-disponible-varios-dias\/\",\"name\":\"Sutran: Carretera Central no estar\u00e1 disponible varios d\u00edas\",\"isPartOf\":{\"@id\":\"https:\/\/aeronoticias.com.pe\/noticiero\/#website\"},\"primaryImageOfPage\":{\"@id\":\"https:\/\/aeronoticias.com.pe\/noticiero\/nacionales\/sutran-carretera-central-no-estara-disponible-varios-dias\/#primaryimage\"},\"image\":{\"@id\":\"https:\/\/aeronoticias.com.pe\/noticiero\/nacionales\/sutran-carretera-central-no-estara-disponible-varios-dias\/#primaryimage\"},\"thumbnailUrl\":\"http:\/\/cde.3.elcomercio.pe\/ima\/0\/1\/3\/2\/4\/1324464\/base_image.jpg\",\"datePublished\":\"2016-02-27T17:21:23+00:00\",\"author\":{\"@id\":\"https:\/\/aeronoticias.com.pe\/noticiero\/#\/schema\/person\/fc1e5d578f4b62ba1cf7ac2bba1170a0\"},\"description\":\"Portal de noticias del Per\u00fa sobre el transporte a\u00e9reo, aviaci\u00f3n, turismo, hoteleria, actualidad.\",\"breadcrumb\":{\"@id\":\"https:\/\/aeronoticias.com.pe\/noticiero\/nacionales\/sutran-carretera-central-no-estara-disponible-varios-dias\/#breadcrumb\"},\"inLanguage\":\"es\",\"potentialAction\":[{\"@type\":\"ReadAction\",\"target\":[\"https:\/\/aeronoticias.com.pe\/noticiero\/nacionales\/sutran-carretera-central-no-estara-disponible-varios-dias\/\"]}]},{\"@type\":\"ImageObject\",\"inLanguage\":\"es\",\"@id\":\"https:\/\/aeronoticias.com.pe\/noticiero\/nacionales\/sutran-carretera-central-no-estara-disponible-varios-dias\/#primaryimage\",\"url\":\"http:\/\/cde.3.elcomercio.pe\/ima\/0\/1\/3\/2\/4\/1324464\/base_image.jpg\",\"contentUrl\":\"http:\/\/cde.3.elcomercio.pe\/ima\/0\/1\/3\/2\/4\/1324464\/base_image.jpg\"},{\"@type\":\"BreadcrumbList\",\"@id\":\"https:\/\/aeronoticias.com.pe\/noticiero\/nacionales\/sutran-carretera-central-no-estara-disponible-varios-dias\/#breadcrumb\",\"itemListElement\":[{\"@type\":\"ListItem\",\"position\":1,\"name\":\"Portada\",\"item\":\"https:\/\/aeronoticias.com.pe\/noticiero\/\"},{\"@type\":\"ListItem\",\"position\":2,\"name\":\"Sutran: Carretera Central no estar\u00e1 disponible varios d\u00edas\"}]},{\"@type\":\"WebSite\",\"@id\":\"https:\/\/aeronoticias.com.pe\/noticiero\/#website\",\"url\":\"https:\/\/aeronoticias.com.pe\/noticiero\/\",\"name\":\"Aeronoticias.com.pe\",\"description\":\"Noticias de tranporte aereo, turismo, hoteles, gastronomia, actualidad, internacional\",\"potentialAction\":[{\"@type\":\"SearchAction\",\"target\":{\"@type\":\"EntryPoint\",\"urlTemplate\":\"https:\/\/aeronoticias.com.pe\/noticiero\/?s={search_term_string}\"},\"query-input\":{\"@type\":\"PropertyValueSpecification\",\"valueRequired\":true,\"valueName\":\"search_term_string\"}}],\"inLanguage\":\"es\"},{\"@type\":\"Person\",\"@id\":\"https:\/\/aeronoticias.com.pe\/noticiero\/#\/schema\/person\/fc1e5d578f4b62ba1cf7ac2bba1170a0\",\"name\":\"Redacci\u00f3n Aeronoticias\",\"url\":\"https:\/\/aeronoticias.com.pe\/noticiero\/author\/piloto\/\"}]}<\/script>\n<!-- \/ Yoast SEO plugin. -->","yoast_head_json":{"title":"Sutran: Carretera Central no estar\u00e1 disponible varios d\u00edas","description":"Portal de noticias del Per\u00fa sobre el transporte a\u00e9reo, aviaci\u00f3n, turismo, hoteleria, actualidad.","robots":{"index":"index","follow":"follow","max-snippet":"max-snippet:-1","max-image-preview":"max-image-preview:large","max-video-preview":"max-video-preview:-1"},"canonical":"https:\/\/aeronoticias.com.pe\/noticiero\/nacionales\/sutran-carretera-central-no-estara-disponible-varios-dias\/","og_locale":"es_ES","og_type":"article","og_title":"Sutran: Carretera Central no estar\u00e1 disponible varios d\u00edas","og_description":"Portal de noticias del Per\u00fa sobre el transporte a\u00e9reo, aviaci\u00f3n, turismo, hoteleria, actualidad.","og_url":"https:\/\/aeronoticias.com.pe\/noticiero\/nacionales\/sutran-carretera-central-no-estara-disponible-varios-dias\/","og_site_name":"Aeronoticias.com.pe","article_publisher":"https:\/\/www.facebook.com\/Aeronoticias.com.pe\/","article_published_time":"2016-02-27T17:21:23+00:00","og_image":[{"url":"http:\/\/cde.3.elcomercio.pe\/ima\/0\/1\/3\/2\/4\/1324464\/base_image.jpg","type":"","width":"","height":""}],"author":"Redacci\u00f3n Aeronoticias","twitter_card":"summary_large_image","twitter_creator":"@aeronoticias","twitter_site":"@aeronoticias","twitter_misc":{"Escrito por":"Redacci\u00f3n Aeronoticias","Tiempo de lectura":"2 minutos"},"schema":{"@context":"https:\/\/schema.org","@graph":[{"@type":"WebPage","@id":"https:\/\/aeronoticias.com.pe\/noticiero\/nacionales\/sutran-carretera-central-no-estara-disponible-varios-dias\/","url":"https:\/\/aeronoticias.com.pe\/noticiero\/nacionales\/sutran-carretera-central-no-estara-disponible-varios-dias\/","name":"Sutran: Carretera Central no estar\u00e1 disponible varios d\u00edas","isPartOf":{"@id":"https:\/\/aeronoticias.com.pe\/noticiero\/#website"},"primaryImageOfPage":{"@id":"https:\/\/aeronoticias.com.pe\/noticiero\/nacionales\/sutran-carretera-central-no-estara-disponible-varios-dias\/#primaryimage"},"image":{"@id":"https:\/\/aeronoticias.com.pe\/noticiero\/nacionales\/sutran-carretera-central-no-estara-disponible-varios-dias\/#primaryimage"},"thumbnailUrl":"http:\/\/cde.3.elcomercio.pe\/ima\/0\/1\/3\/2\/4\/1324464\/base_image.jpg","datePublished":"2016-02-27T17:21:23+00:00","author":{"@id":"https:\/\/aeronoticias.com.pe\/noticiero\/#\/schema\/person\/fc1e5d578f4b62ba1cf7ac2bba1170a0"},"description":"Portal de noticias del Per\u00fa sobre el transporte a\u00e9reo, aviaci\u00f3n, turismo, hoteleria, actualidad.","breadcrumb":{"@id":"https:\/\/aeronoticias.com.pe\/noticiero\/nacionales\/sutran-carretera-central-no-estara-disponible-varios-dias\/#breadcrumb"},"inLanguage":"es","potentialAction":[{"@type":"ReadAction","target":["https:\/\/aeronoticias.com.pe\/noticiero\/nacionales\/sutran-carretera-central-no-estara-disponible-varios-dias\/"]}]},{"@type":"ImageObject","inLanguage":"es","@id":"https:\/\/aeronoticias.com.pe\/noticiero\/nacionales\/sutran-carretera-central-no-estara-disponible-varios-dias\/#primaryimage","url":"http:\/\/cde.3.elcomercio.pe\/ima\/0\/1\/3\/2\/4\/1324464\/base_image.jpg","contentUrl":"http:\/\/cde.3.elcomercio.pe\/ima\/0\/1\/3\/2\/4\/1324464\/base_image.jpg"},{"@type":"BreadcrumbList","@id":"https:\/\/aeronoticias.com.pe\/noticiero\/nacionales\/sutran-carretera-central-no-estara-disponible-varios-dias\/#breadcrumb","itemListElement":[{"@type":"ListItem","position":1,"name":"Portada","item":"https:\/\/aeronoticias.com.pe\/noticiero\/"},{"@type":"ListItem","position":2,"name":"Sutran: Carretera Central no estar\u00e1 disponible varios d\u00edas"}]},{"@type":"WebSite","@id":"https:\/\/aeronoticias.com.pe\/noticiero\/#website","url":"https:\/\/aeronoticias.com.pe\/noticiero\/","name":"Aeronoticias.com.pe","description":"Noticias de tranporte aereo, turismo, hoteles, gastronomia, actualidad, internacional","potentialAction":[{"@type":"SearchAction","target":{"@type":"EntryPoint","urlTemplate":"https:\/\/aeronoticias.com.pe\/noticiero\/?s={search_term_string}"},"query-input":{"@type":"PropertyValueSpecification","valueRequired":true,"valueName":"search_term_string"}}],"inLanguage":"es"},{"@type":"Person","@id":"https:\/\/aeronoticias.com.pe\/noticiero\/#\/schema\/person\/fc1e5d578f4b62ba1cf7ac2bba1170a0","name":"Redacci\u00f3n Aeronoticias","url":"https:\/\/aeronoticias.com.pe\/noticiero\/author\/piloto\/"}]}},"_links":{"self":[{"href":"https:\/\/aeronoticias.com.pe\/noticiero\/wp-json\/wp\/v2\/posts\/54724","targetHints":{"allow":["GET"]}}],"collection":[{"href":"https:\/\/aeronoticias.com.pe\/noticiero\/wp-json\/wp\/v2\/posts"}],"about":[{"href":"https:\/\/aeronoticias.com.pe\/noticiero\/wp-json\/wp\/v2\/types\/post"}],"author":[{"embeddable":true,"href":"https:\/\/aeronoticias.com.pe\/noticiero\/wp-json\/wp\/v2\/users\/1"}],"replies":[{"embeddable":true,"href":"https:\/\/aeronoticias.com.pe\/noticiero\/wp-json\/wp\/v2\/comments?post=54724"}],"version-history":[{"count":0,"href":"https:\/\/aeronoticias.com.pe\/noticiero\/wp-json\/wp\/v2\/posts\/54724\/revisions"}],"wp:attachment":[{"href":"https:\/\/aeronoticias.com.pe\/noticiero\/wp-json\/wp\/v2\/media?parent=54724"}],"wp:term":[{"taxonomy":"category","embeddable":true,"href":"https:\/\/aeronoticias.com.pe\/noticiero\/wp-json\/wp\/v2\/categories?post=54724"},{"taxonomy":"post_tag","embeddable":true,"href":"https:\/\/aeronoticias.com.pe\/noticiero\/wp-json\/wp\/v2\/tags?post=54724"}],"curies":[{"name":"wp","href":"https:\/\/api.w.org\/{rel}","templated":true}]}}