{"id":54804,"date":"2016-03-13T17:14:58","date_gmt":"2016-03-13T17:14:58","guid":{"rendered":"http:\/\/desarrollo.mcvicious.com\/aero2020\/2016\/03\/13\/el-63-de-afectados-por-mercurio-en-comunidad-nativa-son-ninos\/"},"modified":"2016-03-13T17:14:58","modified_gmt":"2016-03-13T17:14:58","slug":"el-63-de-afectados-por-mercurio-en-comunidad-nativa-son-ninos","status":"publish","type":"post","link":"https:\/\/aeronoticias.com.pe\/noticiero\/salud\/el-63-de-afectados-por-mercurio-en-comunidad-nativa-son-ninos\/","title":{"rendered":"El 63% de afectados por mercurio en comunidad nativa son ni\u00f1os"},"content":{"rendered":"<p style=\"text-align: justify;\"><strong>(Aeronoticias).<\/strong>&#8211;\u00a0Un ni\u00f1o de 5 a\u00f1os de la etnia nahua muri\u00f3 en enero mientras era trasladado a Lima desde Pucallpa por las autoridades de los ministerios de Cultura y Salud. El peque\u00f1o presentaba un cuadro de insuficiencia renal aguda.<\/p>\n<p style=\"text-align: justify;\">No se supo la causa exacta de su muerte pues no se le practic\u00f3 una necropsia, sin embargo, lo que s\u00ed se sab\u00eda era que llevaba mercurio en la sangre.<\/p>\n<p style=\"text-align: justify;\">En la comunidad nativa de Santa Rosa de Serjali, en Ucayali, el 79% de 106 nahuas [de una poblaci\u00f3n total de 351 personas] \u2013etnia que vive en la comunidad\u2013 tiene mercurio inorg\u00e1nico en la sangre. Para llegar a Santa Rosa de Serjali uno tiene que viajar por v\u00eda fluvial durante ocho horas desde Pucallpa.<\/p>\n<p style=\"text-align: justify;\">El pueblo ind\u00edgena nahua es considerado en contacto inicial debido a que \u00a0es una poblaci\u00f3n con encuentros ocasionales con otros pueblos y culturas, ind\u00edgenas o no. Su situaci\u00f3n que presupone vulnerabilidad.<\/p>\n<p style=\"text-align: justify;\">Los primeros casos de mercurio en la sangre de los nahuas se detectaron en noviembre del 2014. Tres ni\u00f1os de la comunidad viajaron a Lima porque ten\u00edan infecciones respiratorias graves. Los m\u00e9dicos realizaron un descarte de metales pesados. Una menor fue diagnosticada con intoxicaci\u00f3n por mercurio. Se tom\u00f3 un an\u00e1lisis de sangre de todos los familiares que viajaron con ellos y se encontr\u00f3 que cinco personas ten\u00edan el metal en la sangre.<\/p>\n<p style=\"text-align: justify;\">En mayo del a\u00f1o pasado, la Direcci\u00f3n Regional de Salud de Ucayali tom\u00f3 una muestra de orina en 106 personas de Santa Rosa de Serjali . Es ah\u00ed donde se descubri\u00f3 que tres cuartas partes de la poblaci\u00f3n tienen niveles de mercurio por encima de los valores permitidos. Dentro de la poblaci\u00f3n, son los ni\u00f1os los m\u00e1s afectados (63%).<\/p>\n<p style=\"text-align: justify;\">La Defensor\u00eda del Pueblo alert\u00f3 que otras comunidades del distrito de Sepahua tambi\u00e9n podr\u00edan estar afectadas.<\/p>\n<p style=\"text-align: justify;\">Fuente: <span style=\"text-decoration: underline;\"><strong><em>El Comercio<\/em><\/strong><\/span>.<\/p>\n<p style=\"text-align: justify;\"><img decoding=\"async\" src=\"http:\/\/cde.3.elcomercio.pe\/ima\/0\/1\/3\/3\/4\/1334286\/base_image.jpg\" border=\"0\" alt=\"El 63% de afectados por mercurio en comunidad nativa son ni\u00f1os\" \/><\/p>\n","protected":false},"excerpt":{"rendered":"<p>(Aeronoticias).&#8211;\u00a0Un ni\u00f1o de 5 a\u00f1os de la etnia nahua muri\u00f3 en enero mientras era trasladado a Lima desde Pucallpa por las autoridades de los ministerios de Cultura y Salud. El peque\u00f1o presentaba un cuadro de insuficiencia renal aguda. No se supo la causa exacta de su muerte pues no se le practic\u00f3 una necropsia, sin [&hellip;]<\/p>\n","protected":false},"author":1,"featured_media":0,"comment_status":"open","ping_status":"open","sticky":false,"template":"","format":"standard","meta":{"tdm_status":"","tdm_grid_status":"","footnotes":""},"categories":[37],"tags":[],"class_list":{"0":"post-54804","1":"post","2":"type-post","3":"status-publish","4":"format-standard","6":"category-salud"},"yoast_head":"<!-- This site is optimized with the Yoast SEO plugin v25.1 - https:\/\/yoast.com\/wordpress\/plugins\/seo\/ -->\n<title>El 63% de afectados por mercurio en comunidad nativa son ni\u00f1os<\/title>\n<meta name=\"description\" content=\"Portal de noticias del Per\u00fa sobre el transporte a\u00e9reo, aviaci\u00f3n, turismo, hoteleria, actualidad.\" \/>\n<meta name=\"robots\" content=\"index, follow, max-snippet:-1, max-image-preview:large, max-video-preview:-1\" \/>\n<link rel=\"canonical\" href=\"https:\/\/aeronoticias.com.pe\/noticiero\/salud\/el-63-de-afectados-por-mercurio-en-comunidad-nativa-son-ninos\/\" \/>\n<meta property=\"og:locale\" content=\"es_ES\" \/>\n<meta property=\"og:type\" content=\"article\" \/>\n<meta property=\"og:title\" content=\"El 63% de afectados por mercurio en comunidad nativa son ni\u00f1os\" \/>\n<meta property=\"og:description\" content=\"Portal de noticias del Per\u00fa sobre el transporte a\u00e9reo, aviaci\u00f3n, turismo, hoteleria, actualidad.\" \/>\n<meta property=\"og:url\" content=\"https:\/\/aeronoticias.com.pe\/noticiero\/salud\/el-63-de-afectados-por-mercurio-en-comunidad-nativa-son-ninos\/\" \/>\n<meta property=\"og:site_name\" content=\"Aeronoticias.com.pe\" \/>\n<meta property=\"article:publisher\" content=\"https:\/\/www.facebook.com\/Aeronoticias.com.pe\/\" \/>\n<meta property=\"article:published_time\" content=\"2016-03-13T17:14:58+00:00\" \/>\n<meta property=\"og:image\" content=\"http:\/\/cde.3.elcomercio.pe\/ima\/0\/1\/3\/3\/4\/1334286\/base_image.jpg\" \/>\n<meta name=\"author\" content=\"Redacci\u00f3n Aeronoticias\" \/>\n<meta name=\"twitter:card\" content=\"summary_large_image\" \/>\n<meta name=\"twitter:creator\" content=\"@aeronoticias\" \/>\n<meta name=\"twitter:site\" content=\"@aeronoticias\" \/>\n<meta name=\"twitter:label1\" content=\"Escrito por\" \/>\n\t<meta name=\"twitter:data1\" content=\"Redacci\u00f3n Aeronoticias\" \/>\n\t<meta name=\"twitter:label2\" content=\"Tiempo de lectura\" \/>\n\t<meta name=\"twitter:data2\" content=\"2 minutos\" \/>\n<script type=\"application\/ld+json\" class=\"yoast-schema-graph\">{\"@context\":\"https:\/\/schema.org\",\"@graph\":[{\"@type\":\"WebPage\",\"@id\":\"https:\/\/aeronoticias.com.pe\/noticiero\/salud\/el-63-de-afectados-por-mercurio-en-comunidad-nativa-son-ninos\/\",\"url\":\"https:\/\/aeronoticias.com.pe\/noticiero\/salud\/el-63-de-afectados-por-mercurio-en-comunidad-nativa-son-ninos\/\",\"name\":\"El 63% de afectados por mercurio en comunidad nativa son ni\u00f1os\",\"isPartOf\":{\"@id\":\"https:\/\/aeronoticias.com.pe\/noticiero\/#website\"},\"primaryImageOfPage\":{\"@id\":\"https:\/\/aeronoticias.com.pe\/noticiero\/salud\/el-63-de-afectados-por-mercurio-en-comunidad-nativa-son-ninos\/#primaryimage\"},\"image\":{\"@id\":\"https:\/\/aeronoticias.com.pe\/noticiero\/salud\/el-63-de-afectados-por-mercurio-en-comunidad-nativa-son-ninos\/#primaryimage\"},\"thumbnailUrl\":\"http:\/\/cde.3.elcomercio.pe\/ima\/0\/1\/3\/3\/4\/1334286\/base_image.jpg\",\"datePublished\":\"2016-03-13T17:14:58+00:00\",\"author\":{\"@id\":\"https:\/\/aeronoticias.com.pe\/noticiero\/#\/schema\/person\/fc1e5d578f4b62ba1cf7ac2bba1170a0\"},\"description\":\"Portal de noticias del Per\u00fa sobre el transporte a\u00e9reo, aviaci\u00f3n, turismo, hoteleria, actualidad.\",\"breadcrumb\":{\"@id\":\"https:\/\/aeronoticias.com.pe\/noticiero\/salud\/el-63-de-afectados-por-mercurio-en-comunidad-nativa-son-ninos\/#breadcrumb\"},\"inLanguage\":\"es\",\"potentialAction\":[{\"@type\":\"ReadAction\",\"target\":[\"https:\/\/aeronoticias.com.pe\/noticiero\/salud\/el-63-de-afectados-por-mercurio-en-comunidad-nativa-son-ninos\/\"]}]},{\"@type\":\"ImageObject\",\"inLanguage\":\"es\",\"@id\":\"https:\/\/aeronoticias.com.pe\/noticiero\/salud\/el-63-de-afectados-por-mercurio-en-comunidad-nativa-son-ninos\/#primaryimage\",\"url\":\"http:\/\/cde.3.elcomercio.pe\/ima\/0\/1\/3\/3\/4\/1334286\/base_image.jpg\",\"contentUrl\":\"http:\/\/cde.3.elcomercio.pe\/ima\/0\/1\/3\/3\/4\/1334286\/base_image.jpg\"},{\"@type\":\"BreadcrumbList\",\"@id\":\"https:\/\/aeronoticias.com.pe\/noticiero\/salud\/el-63-de-afectados-por-mercurio-en-comunidad-nativa-son-ninos\/#breadcrumb\",\"itemListElement\":[{\"@type\":\"ListItem\",\"position\":1,\"name\":\"Portada\",\"item\":\"https:\/\/aeronoticias.com.pe\/noticiero\/\"},{\"@type\":\"ListItem\",\"position\":2,\"name\":\"El 63% de afectados por mercurio en comunidad nativa son ni\u00f1os\"}]},{\"@type\":\"WebSite\",\"@id\":\"https:\/\/aeronoticias.com.pe\/noticiero\/#website\",\"url\":\"https:\/\/aeronoticias.com.pe\/noticiero\/\",\"name\":\"Aeronoticias.com.pe\",\"description\":\"Noticias de tranporte aereo, turismo, hoteles, gastronomia, actualidad, internacional\",\"potentialAction\":[{\"@type\":\"SearchAction\",\"target\":{\"@type\":\"EntryPoint\",\"urlTemplate\":\"https:\/\/aeronoticias.com.pe\/noticiero\/?s={search_term_string}\"},\"query-input\":{\"@type\":\"PropertyValueSpecification\",\"valueRequired\":true,\"valueName\":\"search_term_string\"}}],\"inLanguage\":\"es\"},{\"@type\":\"Person\",\"@id\":\"https:\/\/aeronoticias.com.pe\/noticiero\/#\/schema\/person\/fc1e5d578f4b62ba1cf7ac2bba1170a0\",\"name\":\"Redacci\u00f3n Aeronoticias\",\"url\":\"https:\/\/aeronoticias.com.pe\/noticiero\/author\/piloto\/\"}]}<\/script>\n<!-- \/ Yoast SEO plugin. -->","yoast_head_json":{"title":"El 63% de afectados por mercurio en comunidad nativa son ni\u00f1os","description":"Portal de noticias del Per\u00fa sobre el transporte a\u00e9reo, aviaci\u00f3n, turismo, hoteleria, actualidad.","robots":{"index":"index","follow":"follow","max-snippet":"max-snippet:-1","max-image-preview":"max-image-preview:large","max-video-preview":"max-video-preview:-1"},"canonical":"https:\/\/aeronoticias.com.pe\/noticiero\/salud\/el-63-de-afectados-por-mercurio-en-comunidad-nativa-son-ninos\/","og_locale":"es_ES","og_type":"article","og_title":"El 63% de afectados por mercurio en comunidad nativa son ni\u00f1os","og_description":"Portal de noticias del Per\u00fa sobre el transporte a\u00e9reo, aviaci\u00f3n, turismo, hoteleria, actualidad.","og_url":"https:\/\/aeronoticias.com.pe\/noticiero\/salud\/el-63-de-afectados-por-mercurio-en-comunidad-nativa-son-ninos\/","og_site_name":"Aeronoticias.com.pe","article_publisher":"https:\/\/www.facebook.com\/Aeronoticias.com.pe\/","article_published_time":"2016-03-13T17:14:58+00:00","og_image":[{"url":"http:\/\/cde.3.elcomercio.pe\/ima\/0\/1\/3\/3\/4\/1334286\/base_image.jpg","type":"","width":"","height":""}],"author":"Redacci\u00f3n Aeronoticias","twitter_card":"summary_large_image","twitter_creator":"@aeronoticias","twitter_site":"@aeronoticias","twitter_misc":{"Escrito por":"Redacci\u00f3n Aeronoticias","Tiempo de lectura":"2 minutos"},"schema":{"@context":"https:\/\/schema.org","@graph":[{"@type":"WebPage","@id":"https:\/\/aeronoticias.com.pe\/noticiero\/salud\/el-63-de-afectados-por-mercurio-en-comunidad-nativa-son-ninos\/","url":"https:\/\/aeronoticias.com.pe\/noticiero\/salud\/el-63-de-afectados-por-mercurio-en-comunidad-nativa-son-ninos\/","name":"El 63% de afectados por mercurio en comunidad nativa son ni\u00f1os","isPartOf":{"@id":"https:\/\/aeronoticias.com.pe\/noticiero\/#website"},"primaryImageOfPage":{"@id":"https:\/\/aeronoticias.com.pe\/noticiero\/salud\/el-63-de-afectados-por-mercurio-en-comunidad-nativa-son-ninos\/#primaryimage"},"image":{"@id":"https:\/\/aeronoticias.com.pe\/noticiero\/salud\/el-63-de-afectados-por-mercurio-en-comunidad-nativa-son-ninos\/#primaryimage"},"thumbnailUrl":"http:\/\/cde.3.elcomercio.pe\/ima\/0\/1\/3\/3\/4\/1334286\/base_image.jpg","datePublished":"2016-03-13T17:14:58+00:00","author":{"@id":"https:\/\/aeronoticias.com.pe\/noticiero\/#\/schema\/person\/fc1e5d578f4b62ba1cf7ac2bba1170a0"},"description":"Portal de noticias del Per\u00fa sobre el transporte a\u00e9reo, aviaci\u00f3n, turismo, hoteleria, actualidad.","breadcrumb":{"@id":"https:\/\/aeronoticias.com.pe\/noticiero\/salud\/el-63-de-afectados-por-mercurio-en-comunidad-nativa-son-ninos\/#breadcrumb"},"inLanguage":"es","potentialAction":[{"@type":"ReadAction","target":["https:\/\/aeronoticias.com.pe\/noticiero\/salud\/el-63-de-afectados-por-mercurio-en-comunidad-nativa-son-ninos\/"]}]},{"@type":"ImageObject","inLanguage":"es","@id":"https:\/\/aeronoticias.com.pe\/noticiero\/salud\/el-63-de-afectados-por-mercurio-en-comunidad-nativa-son-ninos\/#primaryimage","url":"http:\/\/cde.3.elcomercio.pe\/ima\/0\/1\/3\/3\/4\/1334286\/base_image.jpg","contentUrl":"http:\/\/cde.3.elcomercio.pe\/ima\/0\/1\/3\/3\/4\/1334286\/base_image.jpg"},{"@type":"BreadcrumbList","@id":"https:\/\/aeronoticias.com.pe\/noticiero\/salud\/el-63-de-afectados-por-mercurio-en-comunidad-nativa-son-ninos\/#breadcrumb","itemListElement":[{"@type":"ListItem","position":1,"name":"Portada","item":"https:\/\/aeronoticias.com.pe\/noticiero\/"},{"@type":"ListItem","position":2,"name":"El 63% de afectados por mercurio en comunidad nativa son ni\u00f1os"}]},{"@type":"WebSite","@id":"https:\/\/aeronoticias.com.pe\/noticiero\/#website","url":"https:\/\/aeronoticias.com.pe\/noticiero\/","name":"Aeronoticias.com.pe","description":"Noticias de tranporte aereo, turismo, hoteles, gastronomia, actualidad, internacional","potentialAction":[{"@type":"SearchAction","target":{"@type":"EntryPoint","urlTemplate":"https:\/\/aeronoticias.com.pe\/noticiero\/?s={search_term_string}"},"query-input":{"@type":"PropertyValueSpecification","valueRequired":true,"valueName":"search_term_string"}}],"inLanguage":"es"},{"@type":"Person","@id":"https:\/\/aeronoticias.com.pe\/noticiero\/#\/schema\/person\/fc1e5d578f4b62ba1cf7ac2bba1170a0","name":"Redacci\u00f3n Aeronoticias","url":"https:\/\/aeronoticias.com.pe\/noticiero\/author\/piloto\/"}]}},"_links":{"self":[{"href":"https:\/\/aeronoticias.com.pe\/noticiero\/wp-json\/wp\/v2\/posts\/54804","targetHints":{"allow":["GET"]}}],"collection":[{"href":"https:\/\/aeronoticias.com.pe\/noticiero\/wp-json\/wp\/v2\/posts"}],"about":[{"href":"https:\/\/aeronoticias.com.pe\/noticiero\/wp-json\/wp\/v2\/types\/post"}],"author":[{"embeddable":true,"href":"https:\/\/aeronoticias.com.pe\/noticiero\/wp-json\/wp\/v2\/users\/1"}],"replies":[{"embeddable":true,"href":"https:\/\/aeronoticias.com.pe\/noticiero\/wp-json\/wp\/v2\/comments?post=54804"}],"version-history":[{"count":0,"href":"https:\/\/aeronoticias.com.pe\/noticiero\/wp-json\/wp\/v2\/posts\/54804\/revisions"}],"wp:attachment":[{"href":"https:\/\/aeronoticias.com.pe\/noticiero\/wp-json\/wp\/v2\/media?parent=54804"}],"wp:term":[{"taxonomy":"category","embeddable":true,"href":"https:\/\/aeronoticias.com.pe\/noticiero\/wp-json\/wp\/v2\/categories?post=54804"},{"taxonomy":"post_tag","embeddable":true,"href":"https:\/\/aeronoticias.com.pe\/noticiero\/wp-json\/wp\/v2\/tags?post=54804"}],"curies":[{"name":"wp","href":"https:\/\/api.w.org\/{rel}","templated":true}]}}