{"id":54805,"date":"2016-03-13T17:19:35","date_gmt":"2016-03-13T17:19:35","guid":{"rendered":"http:\/\/desarrollo.mcvicious.com\/aero2020\/2016\/03\/13\/ifuera-dilma-el-grito-de-1-millon-de-protestantes-en-brasil\/"},"modified":"2016-03-13T17:19:35","modified_gmt":"2016-03-13T17:19:35","slug":"ifuera-dilma-el-grito-de-1-millon-de-protestantes-en-brasil","status":"publish","type":"post","link":"https:\/\/aeronoticias.com.pe\/noticiero\/mundo\/mundo-mundo-2\/ifuera-dilma-el-grito-de-1-millon-de-protestantes-en-brasil\/","title":{"rendered":"&#8216;\u00a1Fuera Dilma!&#8217;, el grito de 1 mill\u00f3n de protestantes en Brasil"},"content":{"rendered":"<p style=\"text-align: justify;\"><strong>(Aeronoticias)<\/strong>.-\u00a0Se espera que cerca de un mill\u00f3n de brasile\u00f1os dejen retratada su irritaci\u00f3n en m\u00e1s 400 ciudades, custodiadas por una operaci\u00f3n policial reforzada, durante una jornada de protesta que por primera vez es expl\u00edcitamente apoyada por partidos de la oposici\u00f3n.<\/p>\n<p style=\"text-align: justify;\">La magnitud de las marchas es un dato sensible para Dilma Rousseff, que enfrenta un pedido de juicio pol\u00edtico que podr\u00eda terminar anticipadamente su mandato, previsto hasta 2018, y tambi\u00e9n para los legisladores que buscan combustible para motorizar ese proceso que est\u00e1 en ciernes en el Congreso.<\/p>\n<p style=\"text-align: justify;\">En Rio de Janeiro, sede de los Juegos Ol\u00edmpicos en agosto, decenas de miles de personas se api\u00f1aban junto a las playas de Copacabana, una escena repetida desde que eclosion\u00f3 la crisis econ\u00f3mica y pol\u00edtica que sacude a la potencia emergente.<\/p>\n<p style=\"text-align: justify;\">\u00abEstoy manifest\u00e1ndome porque creo que solo participando se podr\u00e1 frenar el desperdicio de las riquezas de Brasil\u00bb, dijo Marcelo Antunes, un ingeniero de 66 a\u00f1os. \u00abTodos los brasile\u00f1os debemos participar, no podemos quedarnos al costado\u00bb.<\/p>\n<p style=\"text-align: justify;\">Portando una bandera nacional verde y amarilla, los mismos colores de la camiseta de la emblem\u00e1tica selecci\u00f3n de f\u00fatbol de Brasil, Maria do Carme, de 73 a\u00f1os, describe su visi\u00f3n del turbulento momento pol\u00edtico que vive Brasil cuando reci\u00e9n se cumpli\u00f3 poco m\u00e1s de un a\u00f1o del segundo mandato de Dilma Rousseff: \u00abTenemos que deshacernos de Dilma, del PT, todos ellos. Ya no es m\u00e1s su tiempo\u00bb, dijo en Rio de Janeiro.<\/p>\n<p style=\"text-align: justify;\">Una avioneta que sobrevol\u00f3 las playas de la ciudad arrastrando un cartel con la leyenda \u00abNo va a haber golpe\u00bb fue abucheada por la multitud.<\/p>\n<p style=\"text-align: justify;\">La protesta se dio tambi\u00e9n en Sao Paulo, Bah\u00eda, Brasilia, Belo Horizonte, Alagoas,<\/p>\n<p style=\"text-align: justify;\">Maranhao, Minas Gerais, Mato Grosso del Sur, Par\u00e1, Pernambuco, Paran\u00e1,<\/p>\n<p style=\"text-align: justify;\">Tocantins, Goi\u00e1s.<\/p>\n<p style=\"text-align: justify;\"><strong>Sao Paulo<\/strong><\/p>\n<p style=\"text-align: justify;\">En Brasilia, en la explanada central que conduce al Congreso, 20.000 manifestantes se agrupaban en torno a los camiones desde donde los organizadores arengan a la multitud con consignas antigobierno, seg\u00fan dijo la polic\u00eda militar de Brasil a la AFP. Las autoridades esperan una asistencia de unas 110.000 personas.<\/p>\n<p style=\"text-align: justify;\">Im\u00e1genes de televisi\u00f3n tambi\u00e9n mostraban copiosas marchas en otras ciudades del gigante sudamericano, como Belo Horizonte (sureste) e incluso en tradicionales bastiones del Partido de los Trabajadores (PT, izquierda), que lleva m\u00e1s de 13 a\u00f1os en el poder, en el estado de Bahia, noreste.<\/p>\n<p style=\"text-align: justify;\">Se espera que, al igual que en las protestas que tapizaron 2015, Sao Paulo, la capital econ\u00f3mica e industrial de Brasil re\u00fana la mayor cantidad de personas esta tarde. Un a\u00f1o atr\u00e1s, cerca de un mill\u00f3n de brasile\u00f1os se congregaron en esa ciudad, devenida en el coraz\u00f3n de las protestas del agitado 2015.<\/p>\n<p style=\"text-align: justify;\">All\u00ed, participar\u00e1n l\u00edderes de la oposici\u00f3n que quieren ver a Dilma Rousseff lejos del Palacio de Planalto.<\/p>\n<p style=\"text-align: justify;\">\u00abEs el momento de llevar los colores de Brasil y bajar pac\u00edficamente a las calles para protestar contra la corrupci\u00f3n del gobierno de Dilma\u00bb, se puede leer en la p\u00e1gina web del Partido Socialdem\u00f3crata (PSDB), principal fuerza opositora.<\/p>\n<p style=\"text-align: justify;\">Con una ca\u00edda de su PIB del 3,8% en 2015 y una proyecci\u00f3n similar para este a\u00f1o, un desempleo en alza y las cuentas p\u00fablicas en rojo, la potencia emergente entr\u00f3 en una espiral negativa que se derram\u00f3 incluso dentro de la coalici\u00f3n de gobierno y fragiliz\u00f3 a Dilma Rousseff.<\/p>\n<p style=\"text-align: justify;\">El ambiente pol\u00edtico se recalent\u00f3 la semana pasada cuando la fiscal\u00eda de Sao Paulo solicit\u00f3 la prisi\u00f3n preventiva del s\u00edmbolo y fundador del gobernante Partido de los Trabajadores (PT, izquierda), Luiz Inacio Lula da Silva, tras denunciarle por ocultaci\u00f3n de patrimonio.<\/p>\n<p style=\"text-align: justify;\">Rousseff no ocult\u00f3 su preocupaci\u00f3n por posibles actos de violencia en las calles de Brasil.<\/p>\n<p style=\"text-align: justify;\">\u00abHago un llamamiento para que no haya violencia. Creo que todas las personas tienen derecho a salir a la calle. Ahora, nadie tiene derecho a crear violencia. Nadie. De ning\u00fan lado\u00bb, afirm\u00f3 el s\u00e1bado.<\/p>\n<p style=\"text-align: justify;\"><strong>La sombra del impeachment<\/strong><\/p>\n<p style=\"text-align: justify;\">El s\u00e1bado, el mayor aliado que tiene el PT en el gobierno anunci\u00f3 que eval\u00faa romper la alianza. El centrista PMDB, la mayor fuerza pol\u00edtica de Brasil, decidi\u00f3 debatir durante 30 d\u00edas si abandona a Rousseff a su suerte o si se mantiene dentro del gobierno.<\/p>\n<p style=\"text-align: justify;\">La convenci\u00f3n del partido al que pertenecen el vicepresidente de la Rep\u00fablica, Michel Temer, el jefe de la C\u00e1mara de Diputados, Eduardo Cunha, y el del Senado, Renan Calheiros, transcurri\u00f3 en clima opositor y las marchas podr\u00edan impulsar el impeachment mientras se espera que la Corte Suprema descongele el proceso en los pr\u00f3ximos d\u00edas, cuando defina el formato que tendr\u00eda el juicio pol\u00edtico.<\/p>\n<p style=\"text-align: justify;\">En plena tormenta, Dilma Rousseff compareci\u00f3 sonriente el viernes y ech\u00f3 mano del car\u00e1cter glacial que envuelve su biograf\u00eda: \u00ab\u00bfCreen que tengo cara de estar resignada? \u00bfCreen que tengo genio para resignarme? Yo no estoy resignada ante nada y no tengo esa actitud ante la vida (&#8230;) Cuenten, por lo menos, que no tengo cara de quien va a renunciar\u00bb, inst\u00f3 a los periodistas.<\/p>\n<p style=\"text-align: justify;\">Fuente: <span style=\"text-decoration: underline;\"><em><strong>El Comercio<\/strong><\/em><\/span>.<\/p>\n<p style=\"text-align: justify;\"><img decoding=\"async\" src=\"http:\/\/www.publimetro.co\/_internal\/gxml!0\/r0dc21o2f3vste5s7ezej9x3a10rp3w$h43s3jro2diuq7apzuuze0o5n7wsold\/Captura-de-pantalla-2015-04-11-a-las-18.jpeg\" border=\"0\" \/><\/p>\n","protected":false},"excerpt":{"rendered":"<p>(Aeronoticias).-\u00a0Se espera que cerca de un mill\u00f3n de brasile\u00f1os dejen retratada su irritaci\u00f3n en m\u00e1s 400 ciudades, custodiadas por una operaci\u00f3n policial reforzada, durante una jornada de protesta que por primera vez es expl\u00edcitamente apoyada por partidos de la oposici\u00f3n. La magnitud de las marchas es un dato sensible para Dilma Rousseff, que enfrenta un [&hellip;]<\/p>\n","protected":false},"author":1,"featured_media":0,"comment_status":"open","ping_status":"open","sticky":false,"template":"","format":"standard","meta":{"tdm_status":"","tdm_grid_status":"","footnotes":""},"categories":[65],"tags":[],"class_list":{"0":"post-54805","1":"post","2":"type-post","3":"status-publish","4":"format-standard","6":"category-mundo-mundo-2"},"yoast_head":"<!-- This site is optimized with the Yoast SEO plugin v25.1 - https:\/\/yoast.com\/wordpress\/plugins\/seo\/ -->\n<title>&#039;\u00a1Fuera Dilma!&#039;, el grito de 1 mill\u00f3n de protestantes en Brasil<\/title>\n<meta name=\"description\" content=\"Portal de noticias del Per\u00fa sobre el transporte a\u00e9reo, aviaci\u00f3n, turismo, hoteleria, actualidad.\" \/>\n<meta name=\"robots\" content=\"index, follow, max-snippet:-1, max-image-preview:large, max-video-preview:-1\" \/>\n<link rel=\"canonical\" href=\"https:\/\/aeronoticias.com.pe\/noticiero\/mundo\/mundo-mundo-2\/ifuera-dilma-el-grito-de-1-millon-de-protestantes-en-brasil\/\" \/>\n<meta property=\"og:locale\" content=\"es_ES\" \/>\n<meta property=\"og:type\" content=\"article\" \/>\n<meta property=\"og:title\" content=\"&#039;\u00a1Fuera Dilma!&#039;, el grito de 1 mill\u00f3n de protestantes en Brasil\" \/>\n<meta property=\"og:description\" content=\"Portal de noticias del Per\u00fa sobre el transporte a\u00e9reo, aviaci\u00f3n, turismo, hoteleria, actualidad.\" \/>\n<meta property=\"og:url\" content=\"https:\/\/aeronoticias.com.pe\/noticiero\/mundo\/mundo-mundo-2\/ifuera-dilma-el-grito-de-1-millon-de-protestantes-en-brasil\/\" \/>\n<meta property=\"og:site_name\" content=\"Aeronoticias.com.pe\" \/>\n<meta property=\"article:publisher\" content=\"https:\/\/www.facebook.com\/Aeronoticias.com.pe\/\" \/>\n<meta property=\"article:published_time\" content=\"2016-03-13T17:19:35+00:00\" \/>\n<meta property=\"og:image\" content=\"http:\/\/www.publimetro.co\/_internal\/gxml!0\/r0dc21o2f3vste5s7ezej9x3a10rp3w$h43s3jro2diuq7apzuuze0o5n7wsold\/Captura-de-pantalla-2015-04-11-a-las-18.jpeg\" \/>\n<meta name=\"author\" content=\"Redacci\u00f3n Aeronoticias\" \/>\n<meta name=\"twitter:card\" content=\"summary_large_image\" \/>\n<meta name=\"twitter:creator\" content=\"@aeronoticias\" \/>\n<meta name=\"twitter:site\" content=\"@aeronoticias\" \/>\n<meta name=\"twitter:label1\" content=\"Escrito por\" \/>\n\t<meta name=\"twitter:data1\" content=\"Redacci\u00f3n Aeronoticias\" \/>\n\t<meta name=\"twitter:label2\" content=\"Tiempo de lectura\" \/>\n\t<meta name=\"twitter:data2\" content=\"4 minutos\" \/>\n<script type=\"application\/ld+json\" class=\"yoast-schema-graph\">{\"@context\":\"https:\/\/schema.org\",\"@graph\":[{\"@type\":\"WebPage\",\"@id\":\"https:\/\/aeronoticias.com.pe\/noticiero\/mundo\/mundo-mundo-2\/ifuera-dilma-el-grito-de-1-millon-de-protestantes-en-brasil\/\",\"url\":\"https:\/\/aeronoticias.com.pe\/noticiero\/mundo\/mundo-mundo-2\/ifuera-dilma-el-grito-de-1-millon-de-protestantes-en-brasil\/\",\"name\":\"'\u00a1Fuera Dilma!', el grito de 1 mill\u00f3n de protestantes en Brasil\",\"isPartOf\":{\"@id\":\"https:\/\/aeronoticias.com.pe\/noticiero\/#website\"},\"primaryImageOfPage\":{\"@id\":\"https:\/\/aeronoticias.com.pe\/noticiero\/mundo\/mundo-mundo-2\/ifuera-dilma-el-grito-de-1-millon-de-protestantes-en-brasil\/#primaryimage\"},\"image\":{\"@id\":\"https:\/\/aeronoticias.com.pe\/noticiero\/mundo\/mundo-mundo-2\/ifuera-dilma-el-grito-de-1-millon-de-protestantes-en-brasil\/#primaryimage\"},\"thumbnailUrl\":\"http:\/\/www.publimetro.co\/_internal\/gxml!0\/r0dc21o2f3vste5s7ezej9x3a10rp3w$h43s3jro2diuq7apzuuze0o5n7wsold\/Captura-de-pantalla-2015-04-11-a-las-18.jpeg\",\"datePublished\":\"2016-03-13T17:19:35+00:00\",\"author\":{\"@id\":\"https:\/\/aeronoticias.com.pe\/noticiero\/#\/schema\/person\/fc1e5d578f4b62ba1cf7ac2bba1170a0\"},\"description\":\"Portal de noticias del Per\u00fa sobre el transporte a\u00e9reo, aviaci\u00f3n, turismo, hoteleria, actualidad.\",\"breadcrumb\":{\"@id\":\"https:\/\/aeronoticias.com.pe\/noticiero\/mundo\/mundo-mundo-2\/ifuera-dilma-el-grito-de-1-millon-de-protestantes-en-brasil\/#breadcrumb\"},\"inLanguage\":\"es\",\"potentialAction\":[{\"@type\":\"ReadAction\",\"target\":[\"https:\/\/aeronoticias.com.pe\/noticiero\/mundo\/mundo-mundo-2\/ifuera-dilma-el-grito-de-1-millon-de-protestantes-en-brasil\/\"]}]},{\"@type\":\"ImageObject\",\"inLanguage\":\"es\",\"@id\":\"https:\/\/aeronoticias.com.pe\/noticiero\/mundo\/mundo-mundo-2\/ifuera-dilma-el-grito-de-1-millon-de-protestantes-en-brasil\/#primaryimage\",\"url\":\"http:\/\/www.publimetro.co\/_internal\/gxml!0\/r0dc21o2f3vste5s7ezej9x3a10rp3w$h43s3jro2diuq7apzuuze0o5n7wsold\/Captura-de-pantalla-2015-04-11-a-las-18.jpeg\",\"contentUrl\":\"http:\/\/www.publimetro.co\/_internal\/gxml!0\/r0dc21o2f3vste5s7ezej9x3a10rp3w$h43s3jro2diuq7apzuuze0o5n7wsold\/Captura-de-pantalla-2015-04-11-a-las-18.jpeg\"},{\"@type\":\"BreadcrumbList\",\"@id\":\"https:\/\/aeronoticias.com.pe\/noticiero\/mundo\/mundo-mundo-2\/ifuera-dilma-el-grito-de-1-millon-de-protestantes-en-brasil\/#breadcrumb\",\"itemListElement\":[{\"@type\":\"ListItem\",\"position\":1,\"name\":\"Portada\",\"item\":\"https:\/\/aeronoticias.com.pe\/noticiero\/\"},{\"@type\":\"ListItem\",\"position\":2,\"name\":\"&#8216;\u00a1Fuera Dilma!&#8217;, el grito de 1 mill\u00f3n de protestantes en Brasil\"}]},{\"@type\":\"WebSite\",\"@id\":\"https:\/\/aeronoticias.com.pe\/noticiero\/#website\",\"url\":\"https:\/\/aeronoticias.com.pe\/noticiero\/\",\"name\":\"Aeronoticias.com.pe\",\"description\":\"Noticias de tranporte aereo, turismo, hoteles, gastronomia, actualidad, internacional\",\"potentialAction\":[{\"@type\":\"SearchAction\",\"target\":{\"@type\":\"EntryPoint\",\"urlTemplate\":\"https:\/\/aeronoticias.com.pe\/noticiero\/?s={search_term_string}\"},\"query-input\":{\"@type\":\"PropertyValueSpecification\",\"valueRequired\":true,\"valueName\":\"search_term_string\"}}],\"inLanguage\":\"es\"},{\"@type\":\"Person\",\"@id\":\"https:\/\/aeronoticias.com.pe\/noticiero\/#\/schema\/person\/fc1e5d578f4b62ba1cf7ac2bba1170a0\",\"name\":\"Redacci\u00f3n Aeronoticias\",\"url\":\"https:\/\/aeronoticias.com.pe\/noticiero\/author\/piloto\/\"}]}<\/script>\n<!-- \/ Yoast SEO plugin. -->","yoast_head_json":{"title":"'\u00a1Fuera Dilma!', el grito de 1 mill\u00f3n de protestantes en Brasil","description":"Portal de noticias del Per\u00fa sobre el transporte a\u00e9reo, aviaci\u00f3n, turismo, hoteleria, actualidad.","robots":{"index":"index","follow":"follow","max-snippet":"max-snippet:-1","max-image-preview":"max-image-preview:large","max-video-preview":"max-video-preview:-1"},"canonical":"https:\/\/aeronoticias.com.pe\/noticiero\/mundo\/mundo-mundo-2\/ifuera-dilma-el-grito-de-1-millon-de-protestantes-en-brasil\/","og_locale":"es_ES","og_type":"article","og_title":"'\u00a1Fuera Dilma!', el grito de 1 mill\u00f3n de protestantes en Brasil","og_description":"Portal de noticias del Per\u00fa sobre el transporte a\u00e9reo, aviaci\u00f3n, turismo, hoteleria, actualidad.","og_url":"https:\/\/aeronoticias.com.pe\/noticiero\/mundo\/mundo-mundo-2\/ifuera-dilma-el-grito-de-1-millon-de-protestantes-en-brasil\/","og_site_name":"Aeronoticias.com.pe","article_publisher":"https:\/\/www.facebook.com\/Aeronoticias.com.pe\/","article_published_time":"2016-03-13T17:19:35+00:00","og_image":[{"url":"http:\/\/www.publimetro.co\/_internal\/gxml!0\/r0dc21o2f3vste5s7ezej9x3a10rp3w$h43s3jro2diuq7apzuuze0o5n7wsold\/Captura-de-pantalla-2015-04-11-a-las-18.jpeg","type":"","width":"","height":""}],"author":"Redacci\u00f3n Aeronoticias","twitter_card":"summary_large_image","twitter_creator":"@aeronoticias","twitter_site":"@aeronoticias","twitter_misc":{"Escrito por":"Redacci\u00f3n Aeronoticias","Tiempo de lectura":"4 minutos"},"schema":{"@context":"https:\/\/schema.org","@graph":[{"@type":"WebPage","@id":"https:\/\/aeronoticias.com.pe\/noticiero\/mundo\/mundo-mundo-2\/ifuera-dilma-el-grito-de-1-millon-de-protestantes-en-brasil\/","url":"https:\/\/aeronoticias.com.pe\/noticiero\/mundo\/mundo-mundo-2\/ifuera-dilma-el-grito-de-1-millon-de-protestantes-en-brasil\/","name":"'\u00a1Fuera Dilma!', el grito de 1 mill\u00f3n de protestantes en Brasil","isPartOf":{"@id":"https:\/\/aeronoticias.com.pe\/noticiero\/#website"},"primaryImageOfPage":{"@id":"https:\/\/aeronoticias.com.pe\/noticiero\/mundo\/mundo-mundo-2\/ifuera-dilma-el-grito-de-1-millon-de-protestantes-en-brasil\/#primaryimage"},"image":{"@id":"https:\/\/aeronoticias.com.pe\/noticiero\/mundo\/mundo-mundo-2\/ifuera-dilma-el-grito-de-1-millon-de-protestantes-en-brasil\/#primaryimage"},"thumbnailUrl":"http:\/\/www.publimetro.co\/_internal\/gxml!0\/r0dc21o2f3vste5s7ezej9x3a10rp3w$h43s3jro2diuq7apzuuze0o5n7wsold\/Captura-de-pantalla-2015-04-11-a-las-18.jpeg","datePublished":"2016-03-13T17:19:35+00:00","author":{"@id":"https:\/\/aeronoticias.com.pe\/noticiero\/#\/schema\/person\/fc1e5d578f4b62ba1cf7ac2bba1170a0"},"description":"Portal de noticias del Per\u00fa sobre el transporte a\u00e9reo, aviaci\u00f3n, turismo, hoteleria, actualidad.","breadcrumb":{"@id":"https:\/\/aeronoticias.com.pe\/noticiero\/mundo\/mundo-mundo-2\/ifuera-dilma-el-grito-de-1-millon-de-protestantes-en-brasil\/#breadcrumb"},"inLanguage":"es","potentialAction":[{"@type":"ReadAction","target":["https:\/\/aeronoticias.com.pe\/noticiero\/mundo\/mundo-mundo-2\/ifuera-dilma-el-grito-de-1-millon-de-protestantes-en-brasil\/"]}]},{"@type":"ImageObject","inLanguage":"es","@id":"https:\/\/aeronoticias.com.pe\/noticiero\/mundo\/mundo-mundo-2\/ifuera-dilma-el-grito-de-1-millon-de-protestantes-en-brasil\/#primaryimage","url":"http:\/\/www.publimetro.co\/_internal\/gxml!0\/r0dc21o2f3vste5s7ezej9x3a10rp3w$h43s3jro2diuq7apzuuze0o5n7wsold\/Captura-de-pantalla-2015-04-11-a-las-18.jpeg","contentUrl":"http:\/\/www.publimetro.co\/_internal\/gxml!0\/r0dc21o2f3vste5s7ezej9x3a10rp3w$h43s3jro2diuq7apzuuze0o5n7wsold\/Captura-de-pantalla-2015-04-11-a-las-18.jpeg"},{"@type":"BreadcrumbList","@id":"https:\/\/aeronoticias.com.pe\/noticiero\/mundo\/mundo-mundo-2\/ifuera-dilma-el-grito-de-1-millon-de-protestantes-en-brasil\/#breadcrumb","itemListElement":[{"@type":"ListItem","position":1,"name":"Portada","item":"https:\/\/aeronoticias.com.pe\/noticiero\/"},{"@type":"ListItem","position":2,"name":"&#8216;\u00a1Fuera Dilma!&#8217;, el grito de 1 mill\u00f3n de protestantes en Brasil"}]},{"@type":"WebSite","@id":"https:\/\/aeronoticias.com.pe\/noticiero\/#website","url":"https:\/\/aeronoticias.com.pe\/noticiero\/","name":"Aeronoticias.com.pe","description":"Noticias de tranporte aereo, turismo, hoteles, gastronomia, actualidad, internacional","potentialAction":[{"@type":"SearchAction","target":{"@type":"EntryPoint","urlTemplate":"https:\/\/aeronoticias.com.pe\/noticiero\/?s={search_term_string}"},"query-input":{"@type":"PropertyValueSpecification","valueRequired":true,"valueName":"search_term_string"}}],"inLanguage":"es"},{"@type":"Person","@id":"https:\/\/aeronoticias.com.pe\/noticiero\/#\/schema\/person\/fc1e5d578f4b62ba1cf7ac2bba1170a0","name":"Redacci\u00f3n Aeronoticias","url":"https:\/\/aeronoticias.com.pe\/noticiero\/author\/piloto\/"}]}},"_links":{"self":[{"href":"https:\/\/aeronoticias.com.pe\/noticiero\/wp-json\/wp\/v2\/posts\/54805","targetHints":{"allow":["GET"]}}],"collection":[{"href":"https:\/\/aeronoticias.com.pe\/noticiero\/wp-json\/wp\/v2\/posts"}],"about":[{"href":"https:\/\/aeronoticias.com.pe\/noticiero\/wp-json\/wp\/v2\/types\/post"}],"author":[{"embeddable":true,"href":"https:\/\/aeronoticias.com.pe\/noticiero\/wp-json\/wp\/v2\/users\/1"}],"replies":[{"embeddable":true,"href":"https:\/\/aeronoticias.com.pe\/noticiero\/wp-json\/wp\/v2\/comments?post=54805"}],"version-history":[{"count":0,"href":"https:\/\/aeronoticias.com.pe\/noticiero\/wp-json\/wp\/v2\/posts\/54805\/revisions"}],"wp:attachment":[{"href":"https:\/\/aeronoticias.com.pe\/noticiero\/wp-json\/wp\/v2\/media?parent=54805"}],"wp:term":[{"taxonomy":"category","embeddable":true,"href":"https:\/\/aeronoticias.com.pe\/noticiero\/wp-json\/wp\/v2\/categories?post=54805"},{"taxonomy":"post_tag","embeddable":true,"href":"https:\/\/aeronoticias.com.pe\/noticiero\/wp-json\/wp\/v2\/tags?post=54805"}],"curies":[{"name":"wp","href":"https:\/\/api.w.org\/{rel}","templated":true}]}}