{"id":5524,"date":"2009-09-29T17:24:44","date_gmt":"2009-09-29T17:24:44","guid":{"rendered":"http:\/\/desarrollo.mcvicious.com\/aero2020\/2009\/09\/29\/exportadores-haran-esfuerzo-adicional-para-evitar-contraccion-de-25\/"},"modified":"2009-09-29T17:24:44","modified_gmt":"2009-09-29T17:24:44","slug":"exportadores-haran-esfuerzo-adicional-para-evitar-contraccion-de-25","status":"publish","type":"post","link":"https:\/\/aeronoticias.com.pe\/noticiero\/economia\/exportadores-haran-esfuerzo-adicional-para-evitar-contraccion-de-25\/","title":{"rendered":"EXPORTADORES HAR\u00c1N ESFUERZO ADICIONAL PARA EVITAR CONTRACCI\u00d3N DE 25%"},"content":{"rendered":"<div align=\"justify\">Los exportadores peruanos har\u00e1n un esfuerzo adicional en los \u00faltimos meses del a\u00f1o a fin de lograr un crecimiento mensual de 10% en promedio\u00a0 y con ello lograr que el 2009 cierre con una contracci\u00f3n de 20%, evitando que culmine con una ca\u00edda de 25%, refiri\u00f3 la Asociaci\u00f3n de Exportadores (ADEX).<\/p>\n<p>Fue luego que su Gerencia de Estudios Econ\u00f3micos informara que agosto \u00faltimo cerr\u00f3 con env\u00edos por US$ 2,228 millones, 23.4% menos que en similar mes del a\u00f1o pasado cuando el monto ascendi\u00f3 a US$ 2,909 millones.\u00a0 El monto del mes pasado es\u00a0 menor al de julio \u00faltimo, lo que preocupa de sobremanera a los exportadores.<\/p>\n<div style=\"text-align: center\"><img decoding=\"async\" src=\"images\/stories\/09\/09\/290909\/mxport.jpg\" border=\"0\" alt=\"EXPORTADORES HAR\u00c1N ESFUERZO ADICIONAL PARA EVITAR CONTRACCI\u00d3N DE 25%\" title=\"EXPORTADORES HAR\u00c1N ESFUERZO ADICIONAL PARA EVITAR CONTRACCI\u00d3N DE 25%\" \/><\/div>\n<p>Seg\u00fan las cifras de Aduanas, en agosto se produjo una contracci\u00f3n de 23.4% en las exportaciones totales, identific\u00e1ndose similar comportamiento tanto en los productos tradicionales (-23.4%) como los no tradicionales (-23.3%), se\u00f1al de que ambos sectores se encuentran igualmente afectados por la crisis.<\/p>\n<p>En el acumulado enero-agosto de este a\u00f1o se tiene que las exportaciones peruanas sumaron US$ 15,740 millones, 27% menos que en similar periodo del a\u00f1o pasado cuando el monto sum\u00f3 US$\u00a0 21,687 millones. Las exportaciones tradicionales\u00a0 cayeron en 29% y las no tradicionales en 21%.\u00a0 Asimismo, en el acumulado\u00a0 septiembre del 2008-Agosto 2009 se tiene que mientras los env\u00edos primarios cayeron en 27.5% las de valor agregado retrocedieron en 12.7%. <br \/><strong><br \/>Exportaciones tradicionales<\/strong><br \/>Entre enero y agosto de este a\u00f1o los sectores tradicionales que sufren m\u00e1s por la crisis financiera internacional son el petr\u00f3leo que cay\u00f3 en 50% y miner\u00eda (-29%). El sector agro\u00a0 cay\u00f3 en 9% y pesca en 3%. Los principales productos del subsector minero son el oro con un crecimiento de 13%, cobre (-40%), zinc (-46%), plomo (-27%) y hierro (-15%).<\/p>\n<p>En el caso del agro, los env\u00edos\u00a0 sumaron US$ 289 millones 802 mil. Sus principales partidas fueron el caf\u00e9 que se contrajo en 13% y el az\u00facar que creci\u00f3 en 281% sumando US$ 16 millones 250 mil.<\/p>\n<p><strong>Exportaciones no tradicionales<\/strong><br \/>En el caso de las exportaciones no tradicionales entre enero y agosto, la Gerencia de Estudios Econ\u00f3mico de ADEX se\u00f1al\u00f3 que registraron una ca\u00edda de 21% al sumar US$ 3,867 millones 249 mil. Salvo el subsector metalmec\u00e1nica, que creci\u00f3 en 12%, todos los dem\u00e1s cayeron. As\u00ed, el subsector agropecuario y agroindustrial cay\u00f3 en 8%, el textil (15%), confecciones (27%) y pesca (14%).<\/p>\n<p>De la misma manera, el subsector qu\u00edmico cay\u00f3 en 20%, el sider\u00fargico y metal\u00fargico (52%), Miner\u00eda no met\u00e1lica (20%), maderas (41%)\u00a0 y varios (17%).<\/p>\n<p>Un hecho que preocupa a los exportadores es que las variaciones porcentuales de los env\u00edos\u00a0 no tradicionales en agosto, respecto al mismo mes del 2008, es mayor que la variaci\u00f3n porcentual acumulada en los\u00a0 \u00faltimos 11 meses de crisis (-23.3% en promedio versus -12.7% en promedio, respectivamente), lo que significa que las exportaciones no tradicionales est\u00e1n acelerando su ca\u00edda.<\/p>\n<p>Por ejemplo, el subsector agroindustrial cay\u00f3 en el acumulado septiembre 2008-agosto 2009 en -3.4% en promedio, mientras que en agosto de este a\u00f1o lo hizo en -16.7%; algo similar ocurre con los subsectores textil y confecciones. <\/div>\n","protected":false},"excerpt":{"rendered":"<p>Los exportadores peruanos har\u00e1n un esfuerzo adicional en los \u00faltimos meses del a\u00f1o a fin de lograr un crecimiento mensual de 10% en promedio\u00a0 y con ello lograr que el 2009 cierre con una contracci\u00f3n de 20%, evitando que culmine con una ca\u00edda de 25%, refiri\u00f3 la Asociaci\u00f3n de Exportadores (ADEX). Fue luego que su [&hellip;]<\/p>\n","protected":false},"author":1,"featured_media":0,"comment_status":"open","ping_status":"open","sticky":false,"template":"","format":"standard","meta":{"tdm_status":"","tdm_grid_status":"","footnotes":""},"categories":[33],"tags":[],"class_list":{"0":"post-5524","1":"post","2":"type-post","3":"status-publish","4":"format-standard","6":"category-economia"},"yoast_head":"<!-- This site is optimized with the Yoast SEO plugin v25.1 - https:\/\/yoast.com\/wordpress\/plugins\/seo\/ -->\n<title>EXPORTADORES HAR\u00c1N ESFUERZO ADICIONAL PARA EVITAR CONTRACCI\u00d3N DE 25%<\/title>\n<meta name=\"description\" content=\"Portal de noticias del Per\u00fa sobre el transporte a\u00e9reo, aviaci\u00f3n, turismo, hoteleria, actualidad.\" \/>\n<meta name=\"robots\" content=\"index, follow, max-snippet:-1, max-image-preview:large, max-video-preview:-1\" \/>\n<link rel=\"canonical\" href=\"https:\/\/aeronoticias.com.pe\/noticiero\/economia\/exportadores-haran-esfuerzo-adicional-para-evitar-contraccion-de-25\/\" \/>\n<meta property=\"og:locale\" content=\"es_ES\" \/>\n<meta property=\"og:type\" content=\"article\" \/>\n<meta property=\"og:title\" content=\"EXPORTADORES HAR\u00c1N ESFUERZO ADICIONAL PARA EVITAR CONTRACCI\u00d3N DE 25%\" \/>\n<meta property=\"og:description\" content=\"Portal de noticias del Per\u00fa sobre el transporte a\u00e9reo, aviaci\u00f3n, turismo, hoteleria, actualidad.\" \/>\n<meta property=\"og:url\" content=\"https:\/\/aeronoticias.com.pe\/noticiero\/economia\/exportadores-haran-esfuerzo-adicional-para-evitar-contraccion-de-25\/\" \/>\n<meta property=\"og:site_name\" content=\"Aeronoticias.com.pe\" \/>\n<meta property=\"article:publisher\" content=\"https:\/\/www.facebook.com\/Aeronoticias.com.pe\/\" \/>\n<meta property=\"article:published_time\" content=\"2009-09-29T17:24:44+00:00\" \/>\n<meta name=\"author\" content=\"Redacci\u00f3n Aeronoticias\" \/>\n<meta name=\"twitter:card\" content=\"summary_large_image\" \/>\n<meta name=\"twitter:creator\" content=\"@aeronoticias\" \/>\n<meta name=\"twitter:site\" content=\"@aeronoticias\" \/>\n<meta name=\"twitter:label1\" content=\"Escrito por\" \/>\n\t<meta name=\"twitter:data1\" content=\"Redacci\u00f3n Aeronoticias\" \/>\n\t<meta name=\"twitter:label2\" content=\"Tiempo de lectura\" \/>\n\t<meta name=\"twitter:data2\" content=\"2 minutos\" \/>\n<script type=\"application\/ld+json\" class=\"yoast-schema-graph\">{\"@context\":\"https:\/\/schema.org\",\"@graph\":[{\"@type\":\"WebPage\",\"@id\":\"https:\/\/aeronoticias.com.pe\/noticiero\/economia\/exportadores-haran-esfuerzo-adicional-para-evitar-contraccion-de-25\/\",\"url\":\"https:\/\/aeronoticias.com.pe\/noticiero\/economia\/exportadores-haran-esfuerzo-adicional-para-evitar-contraccion-de-25\/\",\"name\":\"EXPORTADORES HAR\u00c1N ESFUERZO ADICIONAL PARA EVITAR CONTRACCI\u00d3N DE 25%\",\"isPartOf\":{\"@id\":\"https:\/\/aeronoticias.com.pe\/noticiero\/#website\"},\"datePublished\":\"2009-09-29T17:24:44+00:00\",\"author\":{\"@id\":\"https:\/\/aeronoticias.com.pe\/noticiero\/#\/schema\/person\/fc1e5d578f4b62ba1cf7ac2bba1170a0\"},\"description\":\"Portal de noticias del Per\u00fa sobre el transporte a\u00e9reo, aviaci\u00f3n, turismo, hoteleria, actualidad.\",\"breadcrumb\":{\"@id\":\"https:\/\/aeronoticias.com.pe\/noticiero\/economia\/exportadores-haran-esfuerzo-adicional-para-evitar-contraccion-de-25\/#breadcrumb\"},\"inLanguage\":\"es\",\"potentialAction\":[{\"@type\":\"ReadAction\",\"target\":[\"https:\/\/aeronoticias.com.pe\/noticiero\/economia\/exportadores-haran-esfuerzo-adicional-para-evitar-contraccion-de-25\/\"]}]},{\"@type\":\"BreadcrumbList\",\"@id\":\"https:\/\/aeronoticias.com.pe\/noticiero\/economia\/exportadores-haran-esfuerzo-adicional-para-evitar-contraccion-de-25\/#breadcrumb\",\"itemListElement\":[{\"@type\":\"ListItem\",\"position\":1,\"name\":\"Portada\",\"item\":\"https:\/\/aeronoticias.com.pe\/noticiero\/\"},{\"@type\":\"ListItem\",\"position\":2,\"name\":\"EXPORTADORES HAR\u00c1N ESFUERZO ADICIONAL PARA EVITAR CONTRACCI\u00d3N DE 25%\"}]},{\"@type\":\"WebSite\",\"@id\":\"https:\/\/aeronoticias.com.pe\/noticiero\/#website\",\"url\":\"https:\/\/aeronoticias.com.pe\/noticiero\/\",\"name\":\"Aeronoticias.com.pe\",\"description\":\"Noticias de tranporte aereo, turismo, hoteles, gastronomia, actualidad, internacional\",\"potentialAction\":[{\"@type\":\"SearchAction\",\"target\":{\"@type\":\"EntryPoint\",\"urlTemplate\":\"https:\/\/aeronoticias.com.pe\/noticiero\/?s={search_term_string}\"},\"query-input\":{\"@type\":\"PropertyValueSpecification\",\"valueRequired\":true,\"valueName\":\"search_term_string\"}}],\"inLanguage\":\"es\"},{\"@type\":\"Person\",\"@id\":\"https:\/\/aeronoticias.com.pe\/noticiero\/#\/schema\/person\/fc1e5d578f4b62ba1cf7ac2bba1170a0\",\"name\":\"Redacci\u00f3n Aeronoticias\",\"url\":\"https:\/\/aeronoticias.com.pe\/noticiero\/author\/piloto\/\"}]}<\/script>\n<!-- \/ Yoast SEO plugin. -->","yoast_head_json":{"title":"EXPORTADORES HAR\u00c1N ESFUERZO ADICIONAL PARA EVITAR CONTRACCI\u00d3N DE 25%","description":"Portal de noticias del Per\u00fa sobre el transporte a\u00e9reo, aviaci\u00f3n, turismo, hoteleria, actualidad.","robots":{"index":"index","follow":"follow","max-snippet":"max-snippet:-1","max-image-preview":"max-image-preview:large","max-video-preview":"max-video-preview:-1"},"canonical":"https:\/\/aeronoticias.com.pe\/noticiero\/economia\/exportadores-haran-esfuerzo-adicional-para-evitar-contraccion-de-25\/","og_locale":"es_ES","og_type":"article","og_title":"EXPORTADORES HAR\u00c1N ESFUERZO ADICIONAL PARA EVITAR CONTRACCI\u00d3N DE 25%","og_description":"Portal de noticias del Per\u00fa sobre el transporte a\u00e9reo, aviaci\u00f3n, turismo, hoteleria, actualidad.","og_url":"https:\/\/aeronoticias.com.pe\/noticiero\/economia\/exportadores-haran-esfuerzo-adicional-para-evitar-contraccion-de-25\/","og_site_name":"Aeronoticias.com.pe","article_publisher":"https:\/\/www.facebook.com\/Aeronoticias.com.pe\/","article_published_time":"2009-09-29T17:24:44+00:00","author":"Redacci\u00f3n Aeronoticias","twitter_card":"summary_large_image","twitter_creator":"@aeronoticias","twitter_site":"@aeronoticias","twitter_misc":{"Escrito por":"Redacci\u00f3n Aeronoticias","Tiempo de lectura":"2 minutos"},"schema":{"@context":"https:\/\/schema.org","@graph":[{"@type":"WebPage","@id":"https:\/\/aeronoticias.com.pe\/noticiero\/economia\/exportadores-haran-esfuerzo-adicional-para-evitar-contraccion-de-25\/","url":"https:\/\/aeronoticias.com.pe\/noticiero\/economia\/exportadores-haran-esfuerzo-adicional-para-evitar-contraccion-de-25\/","name":"EXPORTADORES HAR\u00c1N ESFUERZO ADICIONAL PARA EVITAR CONTRACCI\u00d3N DE 25%","isPartOf":{"@id":"https:\/\/aeronoticias.com.pe\/noticiero\/#website"},"datePublished":"2009-09-29T17:24:44+00:00","author":{"@id":"https:\/\/aeronoticias.com.pe\/noticiero\/#\/schema\/person\/fc1e5d578f4b62ba1cf7ac2bba1170a0"},"description":"Portal de noticias del Per\u00fa sobre el transporte a\u00e9reo, aviaci\u00f3n, turismo, hoteleria, actualidad.","breadcrumb":{"@id":"https:\/\/aeronoticias.com.pe\/noticiero\/economia\/exportadores-haran-esfuerzo-adicional-para-evitar-contraccion-de-25\/#breadcrumb"},"inLanguage":"es","potentialAction":[{"@type":"ReadAction","target":["https:\/\/aeronoticias.com.pe\/noticiero\/economia\/exportadores-haran-esfuerzo-adicional-para-evitar-contraccion-de-25\/"]}]},{"@type":"BreadcrumbList","@id":"https:\/\/aeronoticias.com.pe\/noticiero\/economia\/exportadores-haran-esfuerzo-adicional-para-evitar-contraccion-de-25\/#breadcrumb","itemListElement":[{"@type":"ListItem","position":1,"name":"Portada","item":"https:\/\/aeronoticias.com.pe\/noticiero\/"},{"@type":"ListItem","position":2,"name":"EXPORTADORES HAR\u00c1N ESFUERZO ADICIONAL PARA EVITAR CONTRACCI\u00d3N DE 25%"}]},{"@type":"WebSite","@id":"https:\/\/aeronoticias.com.pe\/noticiero\/#website","url":"https:\/\/aeronoticias.com.pe\/noticiero\/","name":"Aeronoticias.com.pe","description":"Noticias de tranporte aereo, turismo, hoteles, gastronomia, actualidad, internacional","potentialAction":[{"@type":"SearchAction","target":{"@type":"EntryPoint","urlTemplate":"https:\/\/aeronoticias.com.pe\/noticiero\/?s={search_term_string}"},"query-input":{"@type":"PropertyValueSpecification","valueRequired":true,"valueName":"search_term_string"}}],"inLanguage":"es"},{"@type":"Person","@id":"https:\/\/aeronoticias.com.pe\/noticiero\/#\/schema\/person\/fc1e5d578f4b62ba1cf7ac2bba1170a0","name":"Redacci\u00f3n Aeronoticias","url":"https:\/\/aeronoticias.com.pe\/noticiero\/author\/piloto\/"}]}},"_links":{"self":[{"href":"https:\/\/aeronoticias.com.pe\/noticiero\/wp-json\/wp\/v2\/posts\/5524","targetHints":{"allow":["GET"]}}],"collection":[{"href":"https:\/\/aeronoticias.com.pe\/noticiero\/wp-json\/wp\/v2\/posts"}],"about":[{"href":"https:\/\/aeronoticias.com.pe\/noticiero\/wp-json\/wp\/v2\/types\/post"}],"author":[{"embeddable":true,"href":"https:\/\/aeronoticias.com.pe\/noticiero\/wp-json\/wp\/v2\/users\/1"}],"replies":[{"embeddable":true,"href":"https:\/\/aeronoticias.com.pe\/noticiero\/wp-json\/wp\/v2\/comments?post=5524"}],"version-history":[{"count":0,"href":"https:\/\/aeronoticias.com.pe\/noticiero\/wp-json\/wp\/v2\/posts\/5524\/revisions"}],"wp:attachment":[{"href":"https:\/\/aeronoticias.com.pe\/noticiero\/wp-json\/wp\/v2\/media?parent=5524"}],"wp:term":[{"taxonomy":"category","embeddable":true,"href":"https:\/\/aeronoticias.com.pe\/noticiero\/wp-json\/wp\/v2\/categories?post=5524"},{"taxonomy":"post_tag","embeddable":true,"href":"https:\/\/aeronoticias.com.pe\/noticiero\/wp-json\/wp\/v2\/tags?post=5524"}],"curies":[{"name":"wp","href":"https:\/\/api.w.org\/{rel}","templated":true}]}}