{"id":55250,"date":"2016-06-21T16:44:00","date_gmt":"2016-06-21T16:44:00","guid":{"rendered":"http:\/\/desarrollo.mcvicious.com\/aero2020\/2016\/06\/21\/tame-ep-y-avianca-firman-acuerdo-de-codigo-compartido\/"},"modified":"2016-06-21T16:44:00","modified_gmt":"2016-06-21T16:44:00","slug":"tame-ep-y-avianca-firman-acuerdo-de-codigo-compartido","status":"publish","type":"post","link":"https:\/\/aeronoticias.com.pe\/noticiero\/transporte-aereo\/internacional\/tame-ep-y-avianca-firman-acuerdo-de-codigo-compartido\/","title":{"rendered":"TAME EP y Avianca firman acuerdo de c\u00f3digo compartido"},"content":{"rendered":"<p style=\"text-align: justify;\"><strong>(Aeronoticias)<\/strong><span style=\"font-size: 12.16px; line-height: 1.3em;\">Con esta alianza los viajeros pueden comprar sus boletos para ciudades al interior de Ecuador como Loja, Esmeraldas, Lago Agrio y Cuenca en las oficinas de Avianca; y\/o pueden comprar en los puntos de venta de TAME EP boletos para viajar a Cartagena, San Andr\u00e9s, Santa Manta y Medell\u00edn, v\u00eda Bogot\u00e1.<\/span><\/p>\n<p style=\"text-align: justify;\"><span style=\"font-size: 12.16px; line-height: 1.3em;\">Quito.- Las aerol\u00edneas TAME EP y Avianca implementaron un acuerdo de c\u00f3digo compartido para brindar a sus pasajeros mayor conectividad a\u00e9rea en el mercado ecuatoriano y colombiano. Gracias a esta alianza comercial los usuarios de las dos aerol\u00edneas acceder\u00e1n a m\u00e1s destinos, realizando sus compras en los puntos de venta de cualquiera de ellas y aprovechando la cobertura que ambas ofrecen.<\/span><\/p>\n<p style=\"text-align: justify;\">El c\u00f3digo compartido es un instrumento de uso frecuente en la industria de la aviaci\u00f3n comercial que viabiliza la cooperaci\u00f3n de dos aerol\u00edneas, de manera rec\u00edproca, en la venta y operaci\u00f3n de rutas predeterminadas. Bajo esta modalidad, en vigencia desde el 30 de mayo, Avianca comercializar\u00e1 vuelos espec\u00edficos operados por Tame EP a Guayaquil, Esmeraldas, Lago Agrio, Loja y Cuenca; mientras que los pasajeros de Tame EP, podr\u00e1n viajar desde Bogot\u00e1 hacia Cartagena, San Andr\u00e9s, Santa Marta y Medell\u00edn, en vuelos operados por Avianca. Para satisfacer las necesidades de nuestros pasajeros, se estar\u00e1 trabajando en una segunda etapa que abarque otros destinos de las aerol\u00edneas.<\/p>\n<p style=\"text-align: justify;\">Como resultado de este acuerdo de c\u00f3digo compartido, los usuarios de ambas aerol\u00edneas acceden a m\u00e1s destinos con un solo ticket para disfrutar de nuevas y memorables experiencias.<\/p>\n<p style=\"text-align: justify;\">Sobre Tame EP. Tame EP es la aerol\u00ednea de bandera del Ecuador que une a todas sus regiones, fomentando as\u00ed su desarrollo comercial, social, tur\u00edstico y cultural. Inici\u00f3 sus operaciones el 17 de diciembre de 1962, facilitando el transporte de pasajeros y carga hacia las principales ciudades del pa\u00eds y articulando territorios que ten\u00edan dif\u00edcil acceso por v\u00eda terrestre. Durante m\u00e1s de cinco d\u00e9cadas, la aerol\u00ednea se ha consolidado como un s\u00edmbolo de la identidad nacional. En la actualidad enlaza 13 destinos nacionales: Quito, Guayaquil, Cuenca, Manta, Salinas, Esmeraldas, Baltra, San Crist\u00f3bal, Latacunga, Loja, Santa Rosa, Coca, Lago Agrio. Tambi\u00e9n opera a destinos internacionales como Fort Lauderdale, Nueva York, Lima, Caracas, Cali, Bogot\u00e1 y La Habana, facilitando el descubrimiento de la cultura, la biodiversidad, el patrimonio de los ecuatorianos. La flota de aviones de Tame EP se caracteriza por ser una de las m\u00e1s modernas y seguras del pa\u00eds. Para mayor informaci\u00f3n se puede visitar la p\u00e1gina web http:\/\/www.tame.com.ec\/<\/p>\n<p><span style=\"font-size: 12.16px; line-height: 1.3em;\"><strong><em>Fuente: Avianca<\/em><\/strong><\/span><\/p>\n<p><span style=\"font-size: 12.16px; line-height: 1.3em;\"><strong><em><img decoding=\"async\" src=\"images\/stories\/16\/06\/210616\/avianca2.jpg\" border=\"0\" \/><br \/><\/em><\/strong><\/span><\/p>\n","protected":false},"excerpt":{"rendered":"<p>(Aeronoticias)Con esta alianza los viajeros pueden comprar sus boletos para ciudades al interior de Ecuador como Loja, Esmeraldas, Lago Agrio y Cuenca en las oficinas de Avianca; y\/o pueden comprar en los puntos de venta de TAME EP boletos para viajar a Cartagena, San Andr\u00e9s, Santa Manta y Medell\u00edn, v\u00eda Bogot\u00e1. Quito.- Las aerol\u00edneas TAME [&hellip;]<\/p>\n","protected":false},"author":1,"featured_media":0,"comment_status":"open","ping_status":"open","sticky":false,"template":"","format":"standard","meta":{"tdm_status":"","tdm_grid_status":"","footnotes":""},"categories":[32],"tags":[],"class_list":{"0":"post-55250","1":"post","2":"type-post","3":"status-publish","4":"format-standard","6":"category-internacional"},"yoast_head":"<!-- This site is optimized with the Yoast SEO plugin v25.1 - https:\/\/yoast.com\/wordpress\/plugins\/seo\/ -->\n<title>TAME EP y Avianca firman acuerdo de c\u00f3digo compartido<\/title>\n<meta name=\"description\" content=\"Portal de noticias del Per\u00fa sobre el transporte a\u00e9reo, aviaci\u00f3n, turismo, hoteleria, actualidad.\" \/>\n<meta name=\"robots\" content=\"index, follow, max-snippet:-1, max-image-preview:large, max-video-preview:-1\" \/>\n<link rel=\"canonical\" href=\"https:\/\/aeronoticias.com.pe\/noticiero\/transporte-aereo\/internacional\/tame-ep-y-avianca-firman-acuerdo-de-codigo-compartido\/\" \/>\n<meta property=\"og:locale\" content=\"es_ES\" \/>\n<meta property=\"og:type\" content=\"article\" \/>\n<meta property=\"og:title\" content=\"TAME EP y Avianca firman acuerdo de c\u00f3digo compartido\" \/>\n<meta property=\"og:description\" content=\"Portal de noticias del Per\u00fa sobre el transporte a\u00e9reo, aviaci\u00f3n, turismo, hoteleria, actualidad.\" \/>\n<meta property=\"og:url\" content=\"https:\/\/aeronoticias.com.pe\/noticiero\/transporte-aereo\/internacional\/tame-ep-y-avianca-firman-acuerdo-de-codigo-compartido\/\" \/>\n<meta property=\"og:site_name\" content=\"Aeronoticias.com.pe\" \/>\n<meta property=\"article:publisher\" content=\"https:\/\/www.facebook.com\/Aeronoticias.com.pe\/\" \/>\n<meta property=\"article:published_time\" content=\"2016-06-21T16:44:00+00:00\" \/>\n<meta name=\"author\" content=\"Redacci\u00f3n Aeronoticias\" \/>\n<meta name=\"twitter:card\" content=\"summary_large_image\" \/>\n<meta name=\"twitter:creator\" content=\"@aeronoticias\" \/>\n<meta name=\"twitter:site\" content=\"@aeronoticias\" \/>\n<meta name=\"twitter:label1\" content=\"Escrito por\" \/>\n\t<meta name=\"twitter:data1\" content=\"Redacci\u00f3n Aeronoticias\" \/>\n\t<meta name=\"twitter:label2\" content=\"Tiempo de lectura\" \/>\n\t<meta name=\"twitter:data2\" content=\"2 minutos\" \/>\n<script type=\"application\/ld+json\" class=\"yoast-schema-graph\">{\"@context\":\"https:\/\/schema.org\",\"@graph\":[{\"@type\":\"WebPage\",\"@id\":\"https:\/\/aeronoticias.com.pe\/noticiero\/transporte-aereo\/internacional\/tame-ep-y-avianca-firman-acuerdo-de-codigo-compartido\/\",\"url\":\"https:\/\/aeronoticias.com.pe\/noticiero\/transporte-aereo\/internacional\/tame-ep-y-avianca-firman-acuerdo-de-codigo-compartido\/\",\"name\":\"TAME EP y Avianca firman acuerdo de c\u00f3digo compartido\",\"isPartOf\":{\"@id\":\"https:\/\/aeronoticias.com.pe\/noticiero\/#website\"},\"datePublished\":\"2016-06-21T16:44:00+00:00\",\"author\":{\"@id\":\"https:\/\/aeronoticias.com.pe\/noticiero\/#\/schema\/person\/fc1e5d578f4b62ba1cf7ac2bba1170a0\"},\"description\":\"Portal de noticias del Per\u00fa sobre el transporte a\u00e9reo, aviaci\u00f3n, turismo, hoteleria, actualidad.\",\"breadcrumb\":{\"@id\":\"https:\/\/aeronoticias.com.pe\/noticiero\/transporte-aereo\/internacional\/tame-ep-y-avianca-firman-acuerdo-de-codigo-compartido\/#breadcrumb\"},\"inLanguage\":\"es\",\"potentialAction\":[{\"@type\":\"ReadAction\",\"target\":[\"https:\/\/aeronoticias.com.pe\/noticiero\/transporte-aereo\/internacional\/tame-ep-y-avianca-firman-acuerdo-de-codigo-compartido\/\"]}]},{\"@type\":\"BreadcrumbList\",\"@id\":\"https:\/\/aeronoticias.com.pe\/noticiero\/transporte-aereo\/internacional\/tame-ep-y-avianca-firman-acuerdo-de-codigo-compartido\/#breadcrumb\",\"itemListElement\":[{\"@type\":\"ListItem\",\"position\":1,\"name\":\"Portada\",\"item\":\"https:\/\/aeronoticias.com.pe\/noticiero\/\"},{\"@type\":\"ListItem\",\"position\":2,\"name\":\"TAME EP y Avianca firman acuerdo de c\u00f3digo compartido\"}]},{\"@type\":\"WebSite\",\"@id\":\"https:\/\/aeronoticias.com.pe\/noticiero\/#website\",\"url\":\"https:\/\/aeronoticias.com.pe\/noticiero\/\",\"name\":\"Aeronoticias.com.pe\",\"description\":\"Noticias de tranporte aereo, turismo, hoteles, gastronomia, actualidad, internacional\",\"potentialAction\":[{\"@type\":\"SearchAction\",\"target\":{\"@type\":\"EntryPoint\",\"urlTemplate\":\"https:\/\/aeronoticias.com.pe\/noticiero\/?s={search_term_string}\"},\"query-input\":{\"@type\":\"PropertyValueSpecification\",\"valueRequired\":true,\"valueName\":\"search_term_string\"}}],\"inLanguage\":\"es\"},{\"@type\":\"Person\",\"@id\":\"https:\/\/aeronoticias.com.pe\/noticiero\/#\/schema\/person\/fc1e5d578f4b62ba1cf7ac2bba1170a0\",\"name\":\"Redacci\u00f3n Aeronoticias\",\"url\":\"https:\/\/aeronoticias.com.pe\/noticiero\/author\/piloto\/\"}]}<\/script>\n<!-- \/ Yoast SEO plugin. -->","yoast_head_json":{"title":"TAME EP y Avianca firman acuerdo de c\u00f3digo compartido","description":"Portal de noticias del Per\u00fa sobre el transporte a\u00e9reo, aviaci\u00f3n, turismo, hoteleria, actualidad.","robots":{"index":"index","follow":"follow","max-snippet":"max-snippet:-1","max-image-preview":"max-image-preview:large","max-video-preview":"max-video-preview:-1"},"canonical":"https:\/\/aeronoticias.com.pe\/noticiero\/transporte-aereo\/internacional\/tame-ep-y-avianca-firman-acuerdo-de-codigo-compartido\/","og_locale":"es_ES","og_type":"article","og_title":"TAME EP y Avianca firman acuerdo de c\u00f3digo compartido","og_description":"Portal de noticias del Per\u00fa sobre el transporte a\u00e9reo, aviaci\u00f3n, turismo, hoteleria, actualidad.","og_url":"https:\/\/aeronoticias.com.pe\/noticiero\/transporte-aereo\/internacional\/tame-ep-y-avianca-firman-acuerdo-de-codigo-compartido\/","og_site_name":"Aeronoticias.com.pe","article_publisher":"https:\/\/www.facebook.com\/Aeronoticias.com.pe\/","article_published_time":"2016-06-21T16:44:00+00:00","author":"Redacci\u00f3n Aeronoticias","twitter_card":"summary_large_image","twitter_creator":"@aeronoticias","twitter_site":"@aeronoticias","twitter_misc":{"Escrito por":"Redacci\u00f3n Aeronoticias","Tiempo de lectura":"2 minutos"},"schema":{"@context":"https:\/\/schema.org","@graph":[{"@type":"WebPage","@id":"https:\/\/aeronoticias.com.pe\/noticiero\/transporte-aereo\/internacional\/tame-ep-y-avianca-firman-acuerdo-de-codigo-compartido\/","url":"https:\/\/aeronoticias.com.pe\/noticiero\/transporte-aereo\/internacional\/tame-ep-y-avianca-firman-acuerdo-de-codigo-compartido\/","name":"TAME EP y Avianca firman acuerdo de c\u00f3digo compartido","isPartOf":{"@id":"https:\/\/aeronoticias.com.pe\/noticiero\/#website"},"datePublished":"2016-06-21T16:44:00+00:00","author":{"@id":"https:\/\/aeronoticias.com.pe\/noticiero\/#\/schema\/person\/fc1e5d578f4b62ba1cf7ac2bba1170a0"},"description":"Portal de noticias del Per\u00fa sobre el transporte a\u00e9reo, aviaci\u00f3n, turismo, hoteleria, actualidad.","breadcrumb":{"@id":"https:\/\/aeronoticias.com.pe\/noticiero\/transporte-aereo\/internacional\/tame-ep-y-avianca-firman-acuerdo-de-codigo-compartido\/#breadcrumb"},"inLanguage":"es","potentialAction":[{"@type":"ReadAction","target":["https:\/\/aeronoticias.com.pe\/noticiero\/transporte-aereo\/internacional\/tame-ep-y-avianca-firman-acuerdo-de-codigo-compartido\/"]}]},{"@type":"BreadcrumbList","@id":"https:\/\/aeronoticias.com.pe\/noticiero\/transporte-aereo\/internacional\/tame-ep-y-avianca-firman-acuerdo-de-codigo-compartido\/#breadcrumb","itemListElement":[{"@type":"ListItem","position":1,"name":"Portada","item":"https:\/\/aeronoticias.com.pe\/noticiero\/"},{"@type":"ListItem","position":2,"name":"TAME EP y Avianca firman acuerdo de c\u00f3digo compartido"}]},{"@type":"WebSite","@id":"https:\/\/aeronoticias.com.pe\/noticiero\/#website","url":"https:\/\/aeronoticias.com.pe\/noticiero\/","name":"Aeronoticias.com.pe","description":"Noticias de tranporte aereo, turismo, hoteles, gastronomia, actualidad, internacional","potentialAction":[{"@type":"SearchAction","target":{"@type":"EntryPoint","urlTemplate":"https:\/\/aeronoticias.com.pe\/noticiero\/?s={search_term_string}"},"query-input":{"@type":"PropertyValueSpecification","valueRequired":true,"valueName":"search_term_string"}}],"inLanguage":"es"},{"@type":"Person","@id":"https:\/\/aeronoticias.com.pe\/noticiero\/#\/schema\/person\/fc1e5d578f4b62ba1cf7ac2bba1170a0","name":"Redacci\u00f3n Aeronoticias","url":"https:\/\/aeronoticias.com.pe\/noticiero\/author\/piloto\/"}]}},"_links":{"self":[{"href":"https:\/\/aeronoticias.com.pe\/noticiero\/wp-json\/wp\/v2\/posts\/55250","targetHints":{"allow":["GET"]}}],"collection":[{"href":"https:\/\/aeronoticias.com.pe\/noticiero\/wp-json\/wp\/v2\/posts"}],"about":[{"href":"https:\/\/aeronoticias.com.pe\/noticiero\/wp-json\/wp\/v2\/types\/post"}],"author":[{"embeddable":true,"href":"https:\/\/aeronoticias.com.pe\/noticiero\/wp-json\/wp\/v2\/users\/1"}],"replies":[{"embeddable":true,"href":"https:\/\/aeronoticias.com.pe\/noticiero\/wp-json\/wp\/v2\/comments?post=55250"}],"version-history":[{"count":0,"href":"https:\/\/aeronoticias.com.pe\/noticiero\/wp-json\/wp\/v2\/posts\/55250\/revisions"}],"wp:attachment":[{"href":"https:\/\/aeronoticias.com.pe\/noticiero\/wp-json\/wp\/v2\/media?parent=55250"}],"wp:term":[{"taxonomy":"category","embeddable":true,"href":"https:\/\/aeronoticias.com.pe\/noticiero\/wp-json\/wp\/v2\/categories?post=55250"},{"taxonomy":"post_tag","embeddable":true,"href":"https:\/\/aeronoticias.com.pe\/noticiero\/wp-json\/wp\/v2\/tags?post=55250"}],"curies":[{"name":"wp","href":"https:\/\/api.w.org\/{rel}","templated":true}]}}