{"id":55253,"date":"2016-06-26T15:48:00","date_gmt":"2016-06-26T15:48:00","guid":{"rendered":"http:\/\/desarrollo.mcvicious.com\/aero2020\/2016\/06\/26\/el-ilustre-colegio-de-abogados-de-lima-y-comision-intermaericana-de-juristas-expertos-en-derecho-aereo-y-espacial\/"},"modified":"2020-09-11T15:27:34","modified_gmt":"2020-09-11T15:27:34","slug":"el-ilustre-colegio-de-abogados-de-lima-y-comision-intermaericana-de-juristas-expertos-en-derecho-aereo-y-espacial","status":"publish","type":"post","link":"https:\/\/aeronoticias.com.pe\/noticiero\/historia-derecho-aero-peruano\/el-ilustre-colegio-de-abogados-de-lima-y-comision-intermaericana-de-juristas-expertos-en-derecho-aereo-y-espacial\/","title":{"rendered":"El Ilustre Colegio de Abogados de Lima y Comisi\u00f3n Intermaericana de Juristas Expertos en Derecho A\u00e9reo y Espacial"},"content":{"rendered":"<p style=\"text-align: justify;\"><strong>(Fuente: El Comercio \u2013 lunes 19 de octubre de 1987, Nacionales A14)<\/strong>.- Tienen el agrado de invitar a los miembros de la Orden a la IV REUNION PUBLICA INTERNACIONAL DE LA COMISI\u00d3N INTERAMERICANA DE JURISTAS, que se realizara, con el auspicio del Honorable Senado de la Naci\u00f3n Argentina, en la ciudad de Buenos Aires \u2013 Rep\u00fablica Argentina, los d\u00edas 4, 5 y 6 de noviembre pr\u00f3ximo.<\/p>\n<p style=\"text-align: justify;\">El tema central de la reuni\u00f3n ser\u00e1: \u201cPROPUESTAS PARA UNA INTEGRACI\u00d3N LATINOAMERICANA\u201d.<\/p>\n<p style=\"text-align: justify;\">Los abogados que deseen acogerse a los beneficios de los pasajes deber\u00e1n solicitar su inscripci\u00f3n en el local de la Secretaria General de la Comisi\u00f3n Interamericana sito en Av. Gral. Ernesto Montagne 685. Of. 305 \u2013 Miraflores \u2013 Tel\u00e9fonos: 47-5402 y 46-0296 y en la sede principal del Ilustre Colegio de Abogados de Lima (Av. Santa Cruz N\u00b0 255, Miraflores) Tel\u00e9fono 418367.<\/p>\n<p style=\"text-align: justify;\">Lima, 19 de octubre de 1987<\/p>\n<p style=\"text-align: justify;\">JULI\u00c1N PALACIN FERN\u00c1NDEZ<br \/><span style=\"font-size: 12.16px; line-height: 1.3em;\">PRESIDENTE DE LA COMISI\u00d3N<\/span><\/p>\n<p style=\"text-align: justify;\">RAUL FERRERO COSTA<br \/><span style=\"font-size: 12.16px; line-height: 1.3em;\">DECANO<\/span><\/p>\n<p style=\"text-align: justify;\"><span style=\"font-size: 12.16px; line-height: 1.3em;\"><img decoding=\"async\" src=\"images\/stories\/16\/06\/260616\/nacionaa14.jpg\" border=\"0\" \/><br \/><\/span><\/p>\n<p style=\"text-align: justify;\"><span style=\"font-size: 12.16px; line-height: 1.3em;\"><br \/><\/span><\/p>\n<p style=\"text-align: justify;\"><span style=\"font-size: 12.16px; line-height: 1.3em;\"><br \/><\/span><\/p>\n","protected":false},"excerpt":{"rendered":"<p>(Fuente: El Comercio \u2013 lunes 19 de octubre de 1987, Nacionales A14).- Tienen el agrado de invitar a los miembros de la Orden a la IV REUNION PUBLICA INTERNACIONAL DE LA COMISI\u00d3N INTERAMERICANA DE JURISTAS, que se realizara, con el auspicio del Honorable Senado de la Naci\u00f3n Argentina, en la ciudad de Buenos Aires \u2013 [&hellip;]<\/p>\n","protected":false},"author":1,"featured_media":0,"comment_status":"open","ping_status":"open","sticky":false,"template":"","format":"standard","meta":{"tdm_status":"","tdm_grid_status":"","footnotes":""},"categories":[27],"tags":[],"class_list":{"0":"post-55253","1":"post","2":"type-post","3":"status-publish","4":"format-standard","6":"category-historia-derecho-aero-peruano"},"yoast_head":"<!-- This site is optimized with the Yoast SEO plugin v25.1 - https:\/\/yoast.com\/wordpress\/plugins\/seo\/ -->\n<title>El Ilustre Colegio de Abogados de Lima y Comisi\u00f3n Intermaericana de Juristas Expertos en Derecho A\u00e9reo y Espacial<\/title>\n<meta name=\"description\" content=\"Portal de noticias del Per\u00fa sobre el transporte a\u00e9reo, aviaci\u00f3n, turismo, hoteleria, actualidad.\" \/>\n<meta name=\"robots\" content=\"index, follow, max-snippet:-1, max-image-preview:large, max-video-preview:-1\" \/>\n<link rel=\"canonical\" href=\"https:\/\/aeronoticias.com.pe\/noticiero\/historia-derecho-aero-peruano\/el-ilustre-colegio-de-abogados-de-lima-y-comision-intermaericana-de-juristas-expertos-en-derecho-aereo-y-espacial\/\" \/>\n<meta property=\"og:locale\" content=\"es_ES\" \/>\n<meta property=\"og:type\" content=\"article\" \/>\n<meta property=\"og:title\" content=\"El Ilustre Colegio de Abogados de Lima y Comisi\u00f3n Intermaericana de Juristas Expertos en Derecho A\u00e9reo y Espacial\" \/>\n<meta property=\"og:description\" content=\"Portal de noticias del Per\u00fa sobre el transporte a\u00e9reo, aviaci\u00f3n, turismo, hoteleria, actualidad.\" \/>\n<meta property=\"og:url\" content=\"https:\/\/aeronoticias.com.pe\/noticiero\/historia-derecho-aero-peruano\/el-ilustre-colegio-de-abogados-de-lima-y-comision-intermaericana-de-juristas-expertos-en-derecho-aereo-y-espacial\/\" \/>\n<meta property=\"og:site_name\" content=\"Aeronoticias.com.pe\" \/>\n<meta property=\"article:publisher\" content=\"https:\/\/www.facebook.com\/Aeronoticias.com.pe\/\" \/>\n<meta property=\"article:published_time\" content=\"2016-06-26T15:48:00+00:00\" \/>\n<meta property=\"article:modified_time\" content=\"2020-09-11T15:27:34+00:00\" \/>\n<meta name=\"author\" content=\"Redacci\u00f3n Aeronoticias\" \/>\n<meta name=\"twitter:card\" content=\"summary_large_image\" \/>\n<meta name=\"twitter:creator\" content=\"@aeronoticias\" \/>\n<meta name=\"twitter:site\" content=\"@aeronoticias\" \/>\n<meta name=\"twitter:label1\" content=\"Escrito por\" \/>\n\t<meta name=\"twitter:data1\" content=\"Redacci\u00f3n Aeronoticias\" \/>\n\t<meta name=\"twitter:label2\" content=\"Tiempo de lectura\" \/>\n\t<meta name=\"twitter:data2\" content=\"1 minuto\" \/>\n<script type=\"application\/ld+json\" class=\"yoast-schema-graph\">{\"@context\":\"https:\/\/schema.org\",\"@graph\":[{\"@type\":\"WebPage\",\"@id\":\"https:\/\/aeronoticias.com.pe\/noticiero\/historia-derecho-aero-peruano\/el-ilustre-colegio-de-abogados-de-lima-y-comision-intermaericana-de-juristas-expertos-en-derecho-aereo-y-espacial\/\",\"url\":\"https:\/\/aeronoticias.com.pe\/noticiero\/historia-derecho-aero-peruano\/el-ilustre-colegio-de-abogados-de-lima-y-comision-intermaericana-de-juristas-expertos-en-derecho-aereo-y-espacial\/\",\"name\":\"El Ilustre Colegio de Abogados de Lima y Comisi\u00f3n Intermaericana de Juristas Expertos en Derecho A\u00e9reo y Espacial\",\"isPartOf\":{\"@id\":\"https:\/\/aeronoticias.com.pe\/noticiero\/#website\"},\"datePublished\":\"2016-06-26T15:48:00+00:00\",\"dateModified\":\"2020-09-11T15:27:34+00:00\",\"author\":{\"@id\":\"https:\/\/aeronoticias.com.pe\/noticiero\/#\/schema\/person\/fc1e5d578f4b62ba1cf7ac2bba1170a0\"},\"description\":\"Portal de noticias del Per\u00fa sobre el transporte a\u00e9reo, aviaci\u00f3n, turismo, hoteleria, actualidad.\",\"breadcrumb\":{\"@id\":\"https:\/\/aeronoticias.com.pe\/noticiero\/historia-derecho-aero-peruano\/el-ilustre-colegio-de-abogados-de-lima-y-comision-intermaericana-de-juristas-expertos-en-derecho-aereo-y-espacial\/#breadcrumb\"},\"inLanguage\":\"es\",\"potentialAction\":[{\"@type\":\"ReadAction\",\"target\":[\"https:\/\/aeronoticias.com.pe\/noticiero\/historia-derecho-aero-peruano\/el-ilustre-colegio-de-abogados-de-lima-y-comision-intermaericana-de-juristas-expertos-en-derecho-aereo-y-espacial\/\"]}]},{\"@type\":\"BreadcrumbList\",\"@id\":\"https:\/\/aeronoticias.com.pe\/noticiero\/historia-derecho-aero-peruano\/el-ilustre-colegio-de-abogados-de-lima-y-comision-intermaericana-de-juristas-expertos-en-derecho-aereo-y-espacial\/#breadcrumb\",\"itemListElement\":[{\"@type\":\"ListItem\",\"position\":1,\"name\":\"Portada\",\"item\":\"https:\/\/aeronoticias.com.pe\/noticiero\/\"},{\"@type\":\"ListItem\",\"position\":2,\"name\":\"El Ilustre Colegio de Abogados de Lima y Comisi\u00f3n Intermaericana de Juristas Expertos en Derecho A\u00e9reo y Espacial\"}]},{\"@type\":\"WebSite\",\"@id\":\"https:\/\/aeronoticias.com.pe\/noticiero\/#website\",\"url\":\"https:\/\/aeronoticias.com.pe\/noticiero\/\",\"name\":\"Aeronoticias.com.pe\",\"description\":\"Noticias de tranporte aereo, turismo, hoteles, gastronomia, actualidad, internacional\",\"potentialAction\":[{\"@type\":\"SearchAction\",\"target\":{\"@type\":\"EntryPoint\",\"urlTemplate\":\"https:\/\/aeronoticias.com.pe\/noticiero\/?s={search_term_string}\"},\"query-input\":{\"@type\":\"PropertyValueSpecification\",\"valueRequired\":true,\"valueName\":\"search_term_string\"}}],\"inLanguage\":\"es\"},{\"@type\":\"Person\",\"@id\":\"https:\/\/aeronoticias.com.pe\/noticiero\/#\/schema\/person\/fc1e5d578f4b62ba1cf7ac2bba1170a0\",\"name\":\"Redacci\u00f3n Aeronoticias\",\"url\":\"https:\/\/aeronoticias.com.pe\/noticiero\/author\/piloto\/\"}]}<\/script>\n<!-- \/ Yoast SEO plugin. -->","yoast_head_json":{"title":"El Ilustre Colegio de Abogados de Lima y Comisi\u00f3n Intermaericana de Juristas Expertos en Derecho A\u00e9reo y Espacial","description":"Portal de noticias del Per\u00fa sobre el transporte a\u00e9reo, aviaci\u00f3n, turismo, hoteleria, actualidad.","robots":{"index":"index","follow":"follow","max-snippet":"max-snippet:-1","max-image-preview":"max-image-preview:large","max-video-preview":"max-video-preview:-1"},"canonical":"https:\/\/aeronoticias.com.pe\/noticiero\/historia-derecho-aero-peruano\/el-ilustre-colegio-de-abogados-de-lima-y-comision-intermaericana-de-juristas-expertos-en-derecho-aereo-y-espacial\/","og_locale":"es_ES","og_type":"article","og_title":"El Ilustre Colegio de Abogados de Lima y Comisi\u00f3n Intermaericana de Juristas Expertos en Derecho A\u00e9reo y Espacial","og_description":"Portal de noticias del Per\u00fa sobre el transporte a\u00e9reo, aviaci\u00f3n, turismo, hoteleria, actualidad.","og_url":"https:\/\/aeronoticias.com.pe\/noticiero\/historia-derecho-aero-peruano\/el-ilustre-colegio-de-abogados-de-lima-y-comision-intermaericana-de-juristas-expertos-en-derecho-aereo-y-espacial\/","og_site_name":"Aeronoticias.com.pe","article_publisher":"https:\/\/www.facebook.com\/Aeronoticias.com.pe\/","article_published_time":"2016-06-26T15:48:00+00:00","article_modified_time":"2020-09-11T15:27:34+00:00","author":"Redacci\u00f3n Aeronoticias","twitter_card":"summary_large_image","twitter_creator":"@aeronoticias","twitter_site":"@aeronoticias","twitter_misc":{"Escrito por":"Redacci\u00f3n Aeronoticias","Tiempo de lectura":"1 minuto"},"schema":{"@context":"https:\/\/schema.org","@graph":[{"@type":"WebPage","@id":"https:\/\/aeronoticias.com.pe\/noticiero\/historia-derecho-aero-peruano\/el-ilustre-colegio-de-abogados-de-lima-y-comision-intermaericana-de-juristas-expertos-en-derecho-aereo-y-espacial\/","url":"https:\/\/aeronoticias.com.pe\/noticiero\/historia-derecho-aero-peruano\/el-ilustre-colegio-de-abogados-de-lima-y-comision-intermaericana-de-juristas-expertos-en-derecho-aereo-y-espacial\/","name":"El Ilustre Colegio de Abogados de Lima y Comisi\u00f3n Intermaericana de Juristas Expertos en Derecho A\u00e9reo y Espacial","isPartOf":{"@id":"https:\/\/aeronoticias.com.pe\/noticiero\/#website"},"datePublished":"2016-06-26T15:48:00+00:00","dateModified":"2020-09-11T15:27:34+00:00","author":{"@id":"https:\/\/aeronoticias.com.pe\/noticiero\/#\/schema\/person\/fc1e5d578f4b62ba1cf7ac2bba1170a0"},"description":"Portal de noticias del Per\u00fa sobre el transporte a\u00e9reo, aviaci\u00f3n, turismo, hoteleria, actualidad.","breadcrumb":{"@id":"https:\/\/aeronoticias.com.pe\/noticiero\/historia-derecho-aero-peruano\/el-ilustre-colegio-de-abogados-de-lima-y-comision-intermaericana-de-juristas-expertos-en-derecho-aereo-y-espacial\/#breadcrumb"},"inLanguage":"es","potentialAction":[{"@type":"ReadAction","target":["https:\/\/aeronoticias.com.pe\/noticiero\/historia-derecho-aero-peruano\/el-ilustre-colegio-de-abogados-de-lima-y-comision-intermaericana-de-juristas-expertos-en-derecho-aereo-y-espacial\/"]}]},{"@type":"BreadcrumbList","@id":"https:\/\/aeronoticias.com.pe\/noticiero\/historia-derecho-aero-peruano\/el-ilustre-colegio-de-abogados-de-lima-y-comision-intermaericana-de-juristas-expertos-en-derecho-aereo-y-espacial\/#breadcrumb","itemListElement":[{"@type":"ListItem","position":1,"name":"Portada","item":"https:\/\/aeronoticias.com.pe\/noticiero\/"},{"@type":"ListItem","position":2,"name":"El Ilustre Colegio de Abogados de Lima y Comisi\u00f3n Intermaericana de Juristas Expertos en Derecho A\u00e9reo y Espacial"}]},{"@type":"WebSite","@id":"https:\/\/aeronoticias.com.pe\/noticiero\/#website","url":"https:\/\/aeronoticias.com.pe\/noticiero\/","name":"Aeronoticias.com.pe","description":"Noticias de tranporte aereo, turismo, hoteles, gastronomia, actualidad, internacional","potentialAction":[{"@type":"SearchAction","target":{"@type":"EntryPoint","urlTemplate":"https:\/\/aeronoticias.com.pe\/noticiero\/?s={search_term_string}"},"query-input":{"@type":"PropertyValueSpecification","valueRequired":true,"valueName":"search_term_string"}}],"inLanguage":"es"},{"@type":"Person","@id":"https:\/\/aeronoticias.com.pe\/noticiero\/#\/schema\/person\/fc1e5d578f4b62ba1cf7ac2bba1170a0","name":"Redacci\u00f3n Aeronoticias","url":"https:\/\/aeronoticias.com.pe\/noticiero\/author\/piloto\/"}]}},"_links":{"self":[{"href":"https:\/\/aeronoticias.com.pe\/noticiero\/wp-json\/wp\/v2\/posts\/55253","targetHints":{"allow":["GET"]}}],"collection":[{"href":"https:\/\/aeronoticias.com.pe\/noticiero\/wp-json\/wp\/v2\/posts"}],"about":[{"href":"https:\/\/aeronoticias.com.pe\/noticiero\/wp-json\/wp\/v2\/types\/post"}],"author":[{"embeddable":true,"href":"https:\/\/aeronoticias.com.pe\/noticiero\/wp-json\/wp\/v2\/users\/1"}],"replies":[{"embeddable":true,"href":"https:\/\/aeronoticias.com.pe\/noticiero\/wp-json\/wp\/v2\/comments?post=55253"}],"version-history":[{"count":0,"href":"https:\/\/aeronoticias.com.pe\/noticiero\/wp-json\/wp\/v2\/posts\/55253\/revisions"}],"wp:attachment":[{"href":"https:\/\/aeronoticias.com.pe\/noticiero\/wp-json\/wp\/v2\/media?parent=55253"}],"wp:term":[{"taxonomy":"category","embeddable":true,"href":"https:\/\/aeronoticias.com.pe\/noticiero\/wp-json\/wp\/v2\/categories?post=55253"},{"taxonomy":"post_tag","embeddable":true,"href":"https:\/\/aeronoticias.com.pe\/noticiero\/wp-json\/wp\/v2\/tags?post=55253"}],"curies":[{"name":"wp","href":"https:\/\/api.w.org\/{rel}","templated":true}]}}