{"id":55254,"date":"2016-06-26T15:56:00","date_gmt":"2016-06-26T15:56:00","guid":{"rendered":"http:\/\/desarrollo.mcvicious.com\/aero2020\/2016\/06\/26\/qfaro-a-colon-multiplicara-por-diez-su-inversionq\/"},"modified":"2020-09-11T15:27:34","modified_gmt":"2020-09-11T15:27:34","slug":"qfaro-a-colon-multiplicara-por-diez-su-inversionq","status":"publish","type":"post","link":"https:\/\/aeronoticias.com.pe\/noticiero\/historia-derecho-aero-peruano\/qfaro-a-colon-multiplicara-por-diez-su-inversionq\/","title":{"rendered":"\u00abFaro a Col\u00f3n multiplicar\u00e1 por diez su inversi\u00f3n\u00bb"},"content":{"rendered":"<p style=\"text-align: justify;\"><strong>(Fuente Diario Hoy)<\/strong>.- \u201cEl Faro a Col\u00f3n se va convertir en un recurso de actividad tur\u00edstica que va a permitir recaudar en cinco a\u00f1os diez veces m\u00e1s que lo que invierten las naciones latinoamericanas en su construcci\u00f3n\u201d.<\/p>\n<p style=\"text-align: justify;\">El vaticinio lo hizo a TEMAS el doctor Juli\u00e1n Palacin Fern\u00e1ndez, presidente de la Comisi\u00f3n Interamericana de Juristas Expertos en Derecho A\u00e9reo y Espacial.<\/p>\n<p style=\"text-align: justify;\">Palacin afirmo a TEMAS que en ese sentido se pronunciaron los delegados internacionales que asistieron al II Encuentro Latinoamericano sobre Pol\u00edtica A\u00e9rea y Espacial que se celebra en el pa\u00eds.<\/p>\n<p style=\"text-align: justify;\">El jurista manifest\u00f3 que \u201cel Faro Col\u00f3n constituye el s\u00edmbolo de la Am\u00e9rica que busca, a trav\u00e9s del desarrollo, un nuevo legajo de paz\u201d.<\/p>\n<p style=\"text-align: justify;\">\u201cAs\u00ed como Estados Unidos tiene la Estatua de la Libertad, el Faro a Col\u00f3n ser\u00e1 el s\u00edmbolo que remover\u00e1 las conciencias en la b\u00fasqueda de la identidad, la uni\u00f3n y la integraci\u00f3n latinoamericana.<\/p>\n<p style=\"text-align: justify;\">El doctor Juli\u00e1n Palacin Fern\u00e1ndez fue entrevistado por TEMAS en el transcurso de un coctel que ofreci\u00f3 el Ayuntamiento del distrito Nacional en el cual declaro hu\u00e9spedes y visitantes distinguidos a los delegados del encuentro.<\/p>\n<p style=\"text-align: justify;\">Igualmente, el s\u00edndico municipal, doctor Rafael Subervi Bonilla entrego las llaves de la ciudad al ingeniero Fernando Belaunde, ex presidente del Per\u00fa, Manuel A. Ferrer, de Cuba y al propio doctor Palacin, de nacionalidad argentina.<\/p>\n<p style=\"text-align: justify;\">El doctor Juli\u00e1n Palacin afirmo que el pleno de delegaci\u00f3n al encuentro hab\u00eda aprobado una resoluci\u00f3n mediante la cual se declara \u201cde inter\u00e9s continental el Quinto Centenario del Descubrimiento y Evangelizaci\u00f3n de Am\u00e9rica\u201d.<\/p>\n<p style=\"text-align: justify;\">Temas tambi\u00e9n converso con los especialistas Manuel Augusto Ferrer, Mar\u00eda de las Mercedes M\u00e9ndez De Santin y Luis Fernando Hoyos Escalante, quienes, en el II Encuentro Latinoamericano sobre Pol\u00edtica A\u00e9rea y Espacial, manifestaron que para la soluci\u00f3n de los problemas del continente se requiere de la cooperaci\u00f3n internacional.<\/p>\n<p style=\"text-align: justify;\">\u201cLa cooperaci\u00f3n la hemos visto no solo desde el punto de vista del aspecto jur\u00eddico, sino en aspectos pr\u00e1cticos. En experiencia realizadas con grandes \u00edndices de analfabetismo en pa\u00edses pobres como India, el sat\u00e9lite se puede usar para la educaci\u00f3n\u201d, apuntaron.<\/p>\n<p style=\"text-align: justify;\">El doctor Luis Fernando Hoyos Escalante se\u00f1alo que \u201ctenemos la necesidad jur\u00eddica de prever los futuros adelantos t\u00e9cnicos que se pueden presentar para preparar un r\u00e9gimen legal que pueda orientar el desarrollo de nuestros pueblos latinoamericanos. Esta disciplina jur\u00eddica es muy reciente y muy importante\u201d, se\u00f1alo el joven.<\/p>\n<p style=\"text-align: justify;\">Con apenas 27 a\u00f1os, el doctor Hoyos Escalante es autor de un libro de investigaci\u00f3n en el campo del derecho a\u00e9reo espacial\u201d.<\/p>\n<p style=\"text-align: justify;\">El acto festivo se llev\u00f3 en efecto en la Sala del Palacio Municipal, presidida por el s\u00edndico doctor Rafael Subervi Bonilla. Tambi\u00e9n estuvieron presentes el doctor Andr\u00e9s Henr\u00edquez, presidente del Ayuntamiento y el doctor Rub\u00e9n Pe\u00f1a Castillo, secretario.<\/p>\n<p style=\"text-align: justify;\">Entre las personas que fueron declarados \u201cVisitantes Distinguidos de la Ciudad Primada de Am\u00e9rica est\u00e1n Ernesto Silva, de Chile y Marcos Tulio Rivera, de Panam\u00e1.<\/p>\n<p style=\"text-align: justify;\">Afirmo, adem\u00e1s, que \u201cnosotros los herederos de las generaciones y beneficiarios de nuestros contempor\u00e1neos tenemos obligaciones y no podemos despreocuparnos de los que vendr\u00e1n\u201d.<\/p>\n<p style=\"text-align: justify;\"><img decoding=\"async\" src=\"images\/stories\/16\/06\/250616\/faroacolon.jpg\" border=\"0\" \/><\/p>\n","protected":false},"excerpt":{"rendered":"<p>(Fuente Diario Hoy).- \u201cEl Faro a Col\u00f3n se va convertir en un recurso de actividad tur\u00edstica que va a permitir recaudar en cinco a\u00f1os diez veces m\u00e1s que lo que invierten las naciones latinoamericanas en su construcci\u00f3n\u201d. El vaticinio lo hizo a TEMAS el doctor Juli\u00e1n Palacin Fern\u00e1ndez, presidente de la Comisi\u00f3n Interamericana de Juristas [&hellip;]<\/p>\n","protected":false},"author":1,"featured_media":0,"comment_status":"open","ping_status":"open","sticky":false,"template":"","format":"standard","meta":{"tdm_status":"","tdm_grid_status":"","footnotes":""},"categories":[27],"tags":[],"class_list":{"0":"post-55254","1":"post","2":"type-post","3":"status-publish","4":"format-standard","6":"category-historia-derecho-aero-peruano"},"yoast_head":"<!-- This site is optimized with the Yoast SEO plugin v25.1 - https:\/\/yoast.com\/wordpress\/plugins\/seo\/ -->\n<title>&quot;Faro a Col\u00f3n multiplicar\u00e1 por diez su inversi\u00f3n&quot;<\/title>\n<meta name=\"description\" content=\"Portal de noticias del Per\u00fa sobre el transporte a\u00e9reo, aviaci\u00f3n, turismo, hoteleria, actualidad.\" \/>\n<meta name=\"robots\" content=\"index, follow, max-snippet:-1, max-image-preview:large, max-video-preview:-1\" \/>\n<link rel=\"canonical\" href=\"https:\/\/aeronoticias.com.pe\/noticiero\/historia-derecho-aero-peruano\/qfaro-a-colon-multiplicara-por-diez-su-inversionq\/\" \/>\n<meta property=\"og:locale\" content=\"es_ES\" \/>\n<meta property=\"og:type\" content=\"article\" \/>\n<meta property=\"og:title\" content=\"&quot;Faro a Col\u00f3n multiplicar\u00e1 por diez su inversi\u00f3n&quot;\" \/>\n<meta property=\"og:description\" content=\"Portal de noticias del Per\u00fa sobre el transporte a\u00e9reo, aviaci\u00f3n, turismo, hoteleria, actualidad.\" \/>\n<meta property=\"og:url\" content=\"https:\/\/aeronoticias.com.pe\/noticiero\/historia-derecho-aero-peruano\/qfaro-a-colon-multiplicara-por-diez-su-inversionq\/\" \/>\n<meta property=\"og:site_name\" content=\"Aeronoticias.com.pe\" \/>\n<meta property=\"article:publisher\" content=\"https:\/\/www.facebook.com\/Aeronoticias.com.pe\/\" \/>\n<meta property=\"article:published_time\" content=\"2016-06-26T15:56:00+00:00\" \/>\n<meta property=\"article:modified_time\" content=\"2020-09-11T15:27:34+00:00\" \/>\n<meta name=\"author\" content=\"Redacci\u00f3n Aeronoticias\" \/>\n<meta name=\"twitter:card\" content=\"summary_large_image\" \/>\n<meta name=\"twitter:creator\" content=\"@aeronoticias\" \/>\n<meta name=\"twitter:site\" content=\"@aeronoticias\" \/>\n<meta name=\"twitter:label1\" content=\"Escrito por\" \/>\n\t<meta name=\"twitter:data1\" content=\"Redacci\u00f3n Aeronoticias\" \/>\n\t<meta name=\"twitter:label2\" content=\"Tiempo de lectura\" \/>\n\t<meta name=\"twitter:data2\" content=\"3 minutos\" \/>\n<script type=\"application\/ld+json\" class=\"yoast-schema-graph\">{\"@context\":\"https:\/\/schema.org\",\"@graph\":[{\"@type\":\"WebPage\",\"@id\":\"https:\/\/aeronoticias.com.pe\/noticiero\/historia-derecho-aero-peruano\/qfaro-a-colon-multiplicara-por-diez-su-inversionq\/\",\"url\":\"https:\/\/aeronoticias.com.pe\/noticiero\/historia-derecho-aero-peruano\/qfaro-a-colon-multiplicara-por-diez-su-inversionq\/\",\"name\":\"\\\"Faro a Col\u00f3n multiplicar\u00e1 por diez su inversi\u00f3n\\\"\",\"isPartOf\":{\"@id\":\"https:\/\/aeronoticias.com.pe\/noticiero\/#website\"},\"datePublished\":\"2016-06-26T15:56:00+00:00\",\"dateModified\":\"2020-09-11T15:27:34+00:00\",\"author\":{\"@id\":\"https:\/\/aeronoticias.com.pe\/noticiero\/#\/schema\/person\/fc1e5d578f4b62ba1cf7ac2bba1170a0\"},\"description\":\"Portal de noticias del Per\u00fa sobre el transporte a\u00e9reo, aviaci\u00f3n, turismo, hoteleria, actualidad.\",\"breadcrumb\":{\"@id\":\"https:\/\/aeronoticias.com.pe\/noticiero\/historia-derecho-aero-peruano\/qfaro-a-colon-multiplicara-por-diez-su-inversionq\/#breadcrumb\"},\"inLanguage\":\"es\",\"potentialAction\":[{\"@type\":\"ReadAction\",\"target\":[\"https:\/\/aeronoticias.com.pe\/noticiero\/historia-derecho-aero-peruano\/qfaro-a-colon-multiplicara-por-diez-su-inversionq\/\"]}]},{\"@type\":\"BreadcrumbList\",\"@id\":\"https:\/\/aeronoticias.com.pe\/noticiero\/historia-derecho-aero-peruano\/qfaro-a-colon-multiplicara-por-diez-su-inversionq\/#breadcrumb\",\"itemListElement\":[{\"@type\":\"ListItem\",\"position\":1,\"name\":\"Portada\",\"item\":\"https:\/\/aeronoticias.com.pe\/noticiero\/\"},{\"@type\":\"ListItem\",\"position\":2,\"name\":\"\u00abFaro a Col\u00f3n multiplicar\u00e1 por diez su inversi\u00f3n\u00bb\"}]},{\"@type\":\"WebSite\",\"@id\":\"https:\/\/aeronoticias.com.pe\/noticiero\/#website\",\"url\":\"https:\/\/aeronoticias.com.pe\/noticiero\/\",\"name\":\"Aeronoticias.com.pe\",\"description\":\"Noticias de tranporte aereo, turismo, hoteles, gastronomia, actualidad, internacional\",\"potentialAction\":[{\"@type\":\"SearchAction\",\"target\":{\"@type\":\"EntryPoint\",\"urlTemplate\":\"https:\/\/aeronoticias.com.pe\/noticiero\/?s={search_term_string}\"},\"query-input\":{\"@type\":\"PropertyValueSpecification\",\"valueRequired\":true,\"valueName\":\"search_term_string\"}}],\"inLanguage\":\"es\"},{\"@type\":\"Person\",\"@id\":\"https:\/\/aeronoticias.com.pe\/noticiero\/#\/schema\/person\/fc1e5d578f4b62ba1cf7ac2bba1170a0\",\"name\":\"Redacci\u00f3n Aeronoticias\",\"url\":\"https:\/\/aeronoticias.com.pe\/noticiero\/author\/piloto\/\"}]}<\/script>\n<!-- \/ Yoast SEO plugin. -->","yoast_head_json":{"title":"\"Faro a Col\u00f3n multiplicar\u00e1 por diez su inversi\u00f3n\"","description":"Portal de noticias del Per\u00fa sobre el transporte a\u00e9reo, aviaci\u00f3n, turismo, hoteleria, actualidad.","robots":{"index":"index","follow":"follow","max-snippet":"max-snippet:-1","max-image-preview":"max-image-preview:large","max-video-preview":"max-video-preview:-1"},"canonical":"https:\/\/aeronoticias.com.pe\/noticiero\/historia-derecho-aero-peruano\/qfaro-a-colon-multiplicara-por-diez-su-inversionq\/","og_locale":"es_ES","og_type":"article","og_title":"\"Faro a Col\u00f3n multiplicar\u00e1 por diez su inversi\u00f3n\"","og_description":"Portal de noticias del Per\u00fa sobre el transporte a\u00e9reo, aviaci\u00f3n, turismo, hoteleria, actualidad.","og_url":"https:\/\/aeronoticias.com.pe\/noticiero\/historia-derecho-aero-peruano\/qfaro-a-colon-multiplicara-por-diez-su-inversionq\/","og_site_name":"Aeronoticias.com.pe","article_publisher":"https:\/\/www.facebook.com\/Aeronoticias.com.pe\/","article_published_time":"2016-06-26T15:56:00+00:00","article_modified_time":"2020-09-11T15:27:34+00:00","author":"Redacci\u00f3n Aeronoticias","twitter_card":"summary_large_image","twitter_creator":"@aeronoticias","twitter_site":"@aeronoticias","twitter_misc":{"Escrito por":"Redacci\u00f3n Aeronoticias","Tiempo de lectura":"3 minutos"},"schema":{"@context":"https:\/\/schema.org","@graph":[{"@type":"WebPage","@id":"https:\/\/aeronoticias.com.pe\/noticiero\/historia-derecho-aero-peruano\/qfaro-a-colon-multiplicara-por-diez-su-inversionq\/","url":"https:\/\/aeronoticias.com.pe\/noticiero\/historia-derecho-aero-peruano\/qfaro-a-colon-multiplicara-por-diez-su-inversionq\/","name":"\"Faro a Col\u00f3n multiplicar\u00e1 por diez su inversi\u00f3n\"","isPartOf":{"@id":"https:\/\/aeronoticias.com.pe\/noticiero\/#website"},"datePublished":"2016-06-26T15:56:00+00:00","dateModified":"2020-09-11T15:27:34+00:00","author":{"@id":"https:\/\/aeronoticias.com.pe\/noticiero\/#\/schema\/person\/fc1e5d578f4b62ba1cf7ac2bba1170a0"},"description":"Portal de noticias del Per\u00fa sobre el transporte a\u00e9reo, aviaci\u00f3n, turismo, hoteleria, actualidad.","breadcrumb":{"@id":"https:\/\/aeronoticias.com.pe\/noticiero\/historia-derecho-aero-peruano\/qfaro-a-colon-multiplicara-por-diez-su-inversionq\/#breadcrumb"},"inLanguage":"es","potentialAction":[{"@type":"ReadAction","target":["https:\/\/aeronoticias.com.pe\/noticiero\/historia-derecho-aero-peruano\/qfaro-a-colon-multiplicara-por-diez-su-inversionq\/"]}]},{"@type":"BreadcrumbList","@id":"https:\/\/aeronoticias.com.pe\/noticiero\/historia-derecho-aero-peruano\/qfaro-a-colon-multiplicara-por-diez-su-inversionq\/#breadcrumb","itemListElement":[{"@type":"ListItem","position":1,"name":"Portada","item":"https:\/\/aeronoticias.com.pe\/noticiero\/"},{"@type":"ListItem","position":2,"name":"\u00abFaro a Col\u00f3n multiplicar\u00e1 por diez su inversi\u00f3n\u00bb"}]},{"@type":"WebSite","@id":"https:\/\/aeronoticias.com.pe\/noticiero\/#website","url":"https:\/\/aeronoticias.com.pe\/noticiero\/","name":"Aeronoticias.com.pe","description":"Noticias de tranporte aereo, turismo, hoteles, gastronomia, actualidad, internacional","potentialAction":[{"@type":"SearchAction","target":{"@type":"EntryPoint","urlTemplate":"https:\/\/aeronoticias.com.pe\/noticiero\/?s={search_term_string}"},"query-input":{"@type":"PropertyValueSpecification","valueRequired":true,"valueName":"search_term_string"}}],"inLanguage":"es"},{"@type":"Person","@id":"https:\/\/aeronoticias.com.pe\/noticiero\/#\/schema\/person\/fc1e5d578f4b62ba1cf7ac2bba1170a0","name":"Redacci\u00f3n Aeronoticias","url":"https:\/\/aeronoticias.com.pe\/noticiero\/author\/piloto\/"}]}},"_links":{"self":[{"href":"https:\/\/aeronoticias.com.pe\/noticiero\/wp-json\/wp\/v2\/posts\/55254","targetHints":{"allow":["GET"]}}],"collection":[{"href":"https:\/\/aeronoticias.com.pe\/noticiero\/wp-json\/wp\/v2\/posts"}],"about":[{"href":"https:\/\/aeronoticias.com.pe\/noticiero\/wp-json\/wp\/v2\/types\/post"}],"author":[{"embeddable":true,"href":"https:\/\/aeronoticias.com.pe\/noticiero\/wp-json\/wp\/v2\/users\/1"}],"replies":[{"embeddable":true,"href":"https:\/\/aeronoticias.com.pe\/noticiero\/wp-json\/wp\/v2\/comments?post=55254"}],"version-history":[{"count":0,"href":"https:\/\/aeronoticias.com.pe\/noticiero\/wp-json\/wp\/v2\/posts\/55254\/revisions"}],"wp:attachment":[{"href":"https:\/\/aeronoticias.com.pe\/noticiero\/wp-json\/wp\/v2\/media?parent=55254"}],"wp:term":[{"taxonomy":"category","embeddable":true,"href":"https:\/\/aeronoticias.com.pe\/noticiero\/wp-json\/wp\/v2\/categories?post=55254"},{"taxonomy":"post_tag","embeddable":true,"href":"https:\/\/aeronoticias.com.pe\/noticiero\/wp-json\/wp\/v2\/tags?post=55254"}],"curies":[{"name":"wp","href":"https:\/\/api.w.org\/{rel}","templated":true}]}}