{"id":55255,"date":"2016-06-26T16:03:00","date_gmt":"2016-06-26T16:03:00","guid":{"rendered":"http:\/\/desarrollo.mcvicious.com\/aero2020\/2016\/06\/26\/latinoamerica-apoya-integracion-en-aviacion\/"},"modified":"2020-09-11T15:27:34","modified_gmt":"2020-09-11T15:27:34","slug":"latinoamerica-apoya-integracion-en-aviacion","status":"publish","type":"post","link":"https:\/\/aeronoticias.com.pe\/noticiero\/historia-derecho-aero-peruano\/latinoamerica-apoya-integracion-en-aviacion\/","title":{"rendered":"Latinoam\u00e9rica apoya integraci\u00f3n en aviaci\u00f3n"},"content":{"rendered":"<p style=\"text-align: justify;\"><span style=\"font-size: 12.16px; line-height: 1.3em;\"><strong>(Fuente: El Comercio \u2013 lunes 23 de noviembre de 1987, Institucionales C7)<\/strong>.- Con la participaci\u00f3n de 300 congresistas de doce pa\u00edses de Am\u00e9rica culmino con \u00e9xito la IV Reuni\u00f3n P\u00fablica Internacional de la Comisi\u00f3n Interamericana de Juristas Expertos en Derecho A\u00e9reo y Espacial, llevada a cabo en la ciudad de Buenos Aires, Argentina.<\/span><\/p>\n<p style=\"text-align: justify;\">Abri\u00f3 el acto inaugural el vicepresidente de la rep\u00fablica y presidente del Senado, Dr. V\u00edctor Mart\u00ednez, quien puso \u00e9nfasis en los principios que inspiran la carta de la referida comisi\u00f3n y en forma especial en los aspectos primordiales de la integraci\u00f3n latinoamericana, lo cual fue muy aplaudido por el auditorio pleno.<\/p>\n<p style=\"text-align: justify;\">Seguidamente, en el discurso de orden que estuvo a cargo del Dr. Juli\u00e1n Palac\u00edn Fern\u00e1ndez, del Per\u00fa, remarc\u00f3 la necesidad de afianzar los mecanismos que nos pueden orientar a una integraci\u00f3n que bien puede materializarse a trav\u00e9s de una conferencia diplom\u00e1tica internacional que siente las bases o principios de estos ideales.<\/p>\n<p style=\"text-align: justify;\">Sostuvo que \u201clos Estados Unidos, la Comunidad Europea y la Uni\u00f3n Sovi\u00e9tica, tienen status de regiones en materia Aeropol\u00edtica, pero que dichos centros de poder no consideran como tal a Latinoam\u00e9rica y por ello tenemos que renunciar a la fortaleza que significa ser y ejercer el poder de negociar los derechos aerocomerciales y la promoci\u00f3n tur\u00edstica como regi\u00f3n\u201d, indico entre otras cosas.<\/p>\n<p style=\"text-align: justify;\">Cabe se\u00f1alar que el tema de la \u201cIntegraci\u00f3n Latinoamericana\u201d fue un correlato de dos peruanos, los doctores Alfredo Gildemeister Mart\u00ednez y Juli\u00e1n Palac\u00edn, con un panel integrado por los\u00a0doctores Edgar Lanza Borja, de Bolivia, Gontran Eleizalde Petit, de Venezuela, R\u00f3mulo de la Cruz, del Per\u00fa y Eduardo Cosentino, de Argentina, cuyas conclusiones fueron la necesidad de implementar los mecanismos a fin que se sienten las bases de una estrategia de integraci\u00f3n de la pol\u00edtica a\u00e9rea latinoamericana a trav\u00e9s de un convenio multilateral.<\/p>\n<p style=\"text-align: justify;\">En el curso de este certamen se presentaron y debatieron valiosas ponencias que sentaron precedentes jurisprudenciales de suma importancia para las empresas a\u00e9reas latinoamericanas, sustentados por destacados juristas, hombres y mujeres, de nuestro continente.<\/p>\n<p style=\"text-align: justify;\">La clausura del evento estuvo a cargo del presidente de la Comisi\u00f3n de Transporte del Senado argentino, Dr. Pedro Alberto Conchez, quien posteriormente ofreci\u00f3 una cena a las numerosas personalidades congregadas en esta magna reuni\u00f3n acad\u00e9mica internacional.<\/p>\n<p style=\"text-align: justify;\"><img decoding=\"async\" src=\"images\/stories\/16\/06\/260616\/latinoamericaapoya.jpg\" border=\"0\" \/><\/p>\n<p style=\"text-align: justify;\">\u00a0<\/p>\n<p style=\"text-align: justify;\">\u00a0<\/p>\n","protected":false},"excerpt":{"rendered":"<p>(Fuente: El Comercio \u2013 lunes 23 de noviembre de 1987, Institucionales C7).- Con la participaci\u00f3n de 300 congresistas de doce pa\u00edses de Am\u00e9rica culmino con \u00e9xito la IV Reuni\u00f3n P\u00fablica Internacional de la Comisi\u00f3n Interamericana de Juristas Expertos en Derecho A\u00e9reo y Espacial, llevada a cabo en la ciudad de Buenos Aires, Argentina. Abri\u00f3 el [&hellip;]<\/p>\n","protected":false},"author":1,"featured_media":0,"comment_status":"open","ping_status":"open","sticky":false,"template":"","format":"standard","meta":{"tdm_status":"","tdm_grid_status":"","footnotes":""},"categories":[27],"tags":[],"class_list":{"0":"post-55255","1":"post","2":"type-post","3":"status-publish","4":"format-standard","6":"category-historia-derecho-aero-peruano"},"yoast_head":"<!-- This site is optimized with the Yoast SEO plugin v25.1 - https:\/\/yoast.com\/wordpress\/plugins\/seo\/ -->\n<title>Latinoam\u00e9rica apoya integraci\u00f3n en aviaci\u00f3n<\/title>\n<meta name=\"description\" content=\"Portal de noticias del Per\u00fa sobre el transporte a\u00e9reo, aviaci\u00f3n, turismo, hoteleria, actualidad.\" \/>\n<meta name=\"robots\" content=\"index, follow, max-snippet:-1, max-image-preview:large, max-video-preview:-1\" \/>\n<link rel=\"canonical\" href=\"https:\/\/aeronoticias.com.pe\/noticiero\/historia-derecho-aero-peruano\/latinoamerica-apoya-integracion-en-aviacion\/\" \/>\n<meta property=\"og:locale\" content=\"es_ES\" \/>\n<meta property=\"og:type\" content=\"article\" \/>\n<meta property=\"og:title\" content=\"Latinoam\u00e9rica apoya integraci\u00f3n en aviaci\u00f3n\" \/>\n<meta property=\"og:description\" content=\"Portal de noticias del Per\u00fa sobre el transporte a\u00e9reo, aviaci\u00f3n, turismo, hoteleria, actualidad.\" \/>\n<meta property=\"og:url\" content=\"https:\/\/aeronoticias.com.pe\/noticiero\/historia-derecho-aero-peruano\/latinoamerica-apoya-integracion-en-aviacion\/\" \/>\n<meta property=\"og:site_name\" content=\"Aeronoticias.com.pe\" \/>\n<meta property=\"article:publisher\" content=\"https:\/\/www.facebook.com\/Aeronoticias.com.pe\/\" \/>\n<meta property=\"article:published_time\" content=\"2016-06-26T16:03:00+00:00\" \/>\n<meta property=\"article:modified_time\" content=\"2020-09-11T15:27:34+00:00\" \/>\n<meta name=\"author\" content=\"Redacci\u00f3n Aeronoticias\" \/>\n<meta name=\"twitter:card\" content=\"summary_large_image\" \/>\n<meta name=\"twitter:creator\" content=\"@aeronoticias\" \/>\n<meta name=\"twitter:site\" content=\"@aeronoticias\" \/>\n<meta name=\"twitter:label1\" content=\"Escrito por\" \/>\n\t<meta name=\"twitter:data1\" content=\"Redacci\u00f3n Aeronoticias\" \/>\n\t<meta name=\"twitter:label2\" content=\"Tiempo de lectura\" \/>\n\t<meta name=\"twitter:data2\" content=\"2 minutos\" \/>\n<script type=\"application\/ld+json\" class=\"yoast-schema-graph\">{\"@context\":\"https:\/\/schema.org\",\"@graph\":[{\"@type\":\"WebPage\",\"@id\":\"https:\/\/aeronoticias.com.pe\/noticiero\/historia-derecho-aero-peruano\/latinoamerica-apoya-integracion-en-aviacion\/\",\"url\":\"https:\/\/aeronoticias.com.pe\/noticiero\/historia-derecho-aero-peruano\/latinoamerica-apoya-integracion-en-aviacion\/\",\"name\":\"Latinoam\u00e9rica apoya integraci\u00f3n en aviaci\u00f3n\",\"isPartOf\":{\"@id\":\"https:\/\/aeronoticias.com.pe\/noticiero\/#website\"},\"datePublished\":\"2016-06-26T16:03:00+00:00\",\"dateModified\":\"2020-09-11T15:27:34+00:00\",\"author\":{\"@id\":\"https:\/\/aeronoticias.com.pe\/noticiero\/#\/schema\/person\/fc1e5d578f4b62ba1cf7ac2bba1170a0\"},\"description\":\"Portal de noticias del Per\u00fa sobre el transporte a\u00e9reo, aviaci\u00f3n, turismo, hoteleria, actualidad.\",\"breadcrumb\":{\"@id\":\"https:\/\/aeronoticias.com.pe\/noticiero\/historia-derecho-aero-peruano\/latinoamerica-apoya-integracion-en-aviacion\/#breadcrumb\"},\"inLanguage\":\"es\",\"potentialAction\":[{\"@type\":\"ReadAction\",\"target\":[\"https:\/\/aeronoticias.com.pe\/noticiero\/historia-derecho-aero-peruano\/latinoamerica-apoya-integracion-en-aviacion\/\"]}]},{\"@type\":\"BreadcrumbList\",\"@id\":\"https:\/\/aeronoticias.com.pe\/noticiero\/historia-derecho-aero-peruano\/latinoamerica-apoya-integracion-en-aviacion\/#breadcrumb\",\"itemListElement\":[{\"@type\":\"ListItem\",\"position\":1,\"name\":\"Portada\",\"item\":\"https:\/\/aeronoticias.com.pe\/noticiero\/\"},{\"@type\":\"ListItem\",\"position\":2,\"name\":\"Latinoam\u00e9rica apoya integraci\u00f3n en aviaci\u00f3n\"}]},{\"@type\":\"WebSite\",\"@id\":\"https:\/\/aeronoticias.com.pe\/noticiero\/#website\",\"url\":\"https:\/\/aeronoticias.com.pe\/noticiero\/\",\"name\":\"Aeronoticias.com.pe\",\"description\":\"Noticias de tranporte aereo, turismo, hoteles, gastronomia, actualidad, internacional\",\"potentialAction\":[{\"@type\":\"SearchAction\",\"target\":{\"@type\":\"EntryPoint\",\"urlTemplate\":\"https:\/\/aeronoticias.com.pe\/noticiero\/?s={search_term_string}\"},\"query-input\":{\"@type\":\"PropertyValueSpecification\",\"valueRequired\":true,\"valueName\":\"search_term_string\"}}],\"inLanguage\":\"es\"},{\"@type\":\"Person\",\"@id\":\"https:\/\/aeronoticias.com.pe\/noticiero\/#\/schema\/person\/fc1e5d578f4b62ba1cf7ac2bba1170a0\",\"name\":\"Redacci\u00f3n Aeronoticias\",\"url\":\"https:\/\/aeronoticias.com.pe\/noticiero\/author\/piloto\/\"}]}<\/script>\n<!-- \/ Yoast SEO plugin. -->","yoast_head_json":{"title":"Latinoam\u00e9rica apoya integraci\u00f3n en aviaci\u00f3n","description":"Portal de noticias del Per\u00fa sobre el transporte a\u00e9reo, aviaci\u00f3n, turismo, hoteleria, actualidad.","robots":{"index":"index","follow":"follow","max-snippet":"max-snippet:-1","max-image-preview":"max-image-preview:large","max-video-preview":"max-video-preview:-1"},"canonical":"https:\/\/aeronoticias.com.pe\/noticiero\/historia-derecho-aero-peruano\/latinoamerica-apoya-integracion-en-aviacion\/","og_locale":"es_ES","og_type":"article","og_title":"Latinoam\u00e9rica apoya integraci\u00f3n en aviaci\u00f3n","og_description":"Portal de noticias del Per\u00fa sobre el transporte a\u00e9reo, aviaci\u00f3n, turismo, hoteleria, actualidad.","og_url":"https:\/\/aeronoticias.com.pe\/noticiero\/historia-derecho-aero-peruano\/latinoamerica-apoya-integracion-en-aviacion\/","og_site_name":"Aeronoticias.com.pe","article_publisher":"https:\/\/www.facebook.com\/Aeronoticias.com.pe\/","article_published_time":"2016-06-26T16:03:00+00:00","article_modified_time":"2020-09-11T15:27:34+00:00","author":"Redacci\u00f3n Aeronoticias","twitter_card":"summary_large_image","twitter_creator":"@aeronoticias","twitter_site":"@aeronoticias","twitter_misc":{"Escrito por":"Redacci\u00f3n Aeronoticias","Tiempo de lectura":"2 minutos"},"schema":{"@context":"https:\/\/schema.org","@graph":[{"@type":"WebPage","@id":"https:\/\/aeronoticias.com.pe\/noticiero\/historia-derecho-aero-peruano\/latinoamerica-apoya-integracion-en-aviacion\/","url":"https:\/\/aeronoticias.com.pe\/noticiero\/historia-derecho-aero-peruano\/latinoamerica-apoya-integracion-en-aviacion\/","name":"Latinoam\u00e9rica apoya integraci\u00f3n en aviaci\u00f3n","isPartOf":{"@id":"https:\/\/aeronoticias.com.pe\/noticiero\/#website"},"datePublished":"2016-06-26T16:03:00+00:00","dateModified":"2020-09-11T15:27:34+00:00","author":{"@id":"https:\/\/aeronoticias.com.pe\/noticiero\/#\/schema\/person\/fc1e5d578f4b62ba1cf7ac2bba1170a0"},"description":"Portal de noticias del Per\u00fa sobre el transporte a\u00e9reo, aviaci\u00f3n, turismo, hoteleria, actualidad.","breadcrumb":{"@id":"https:\/\/aeronoticias.com.pe\/noticiero\/historia-derecho-aero-peruano\/latinoamerica-apoya-integracion-en-aviacion\/#breadcrumb"},"inLanguage":"es","potentialAction":[{"@type":"ReadAction","target":["https:\/\/aeronoticias.com.pe\/noticiero\/historia-derecho-aero-peruano\/latinoamerica-apoya-integracion-en-aviacion\/"]}]},{"@type":"BreadcrumbList","@id":"https:\/\/aeronoticias.com.pe\/noticiero\/historia-derecho-aero-peruano\/latinoamerica-apoya-integracion-en-aviacion\/#breadcrumb","itemListElement":[{"@type":"ListItem","position":1,"name":"Portada","item":"https:\/\/aeronoticias.com.pe\/noticiero\/"},{"@type":"ListItem","position":2,"name":"Latinoam\u00e9rica apoya integraci\u00f3n en aviaci\u00f3n"}]},{"@type":"WebSite","@id":"https:\/\/aeronoticias.com.pe\/noticiero\/#website","url":"https:\/\/aeronoticias.com.pe\/noticiero\/","name":"Aeronoticias.com.pe","description":"Noticias de tranporte aereo, turismo, hoteles, gastronomia, actualidad, internacional","potentialAction":[{"@type":"SearchAction","target":{"@type":"EntryPoint","urlTemplate":"https:\/\/aeronoticias.com.pe\/noticiero\/?s={search_term_string}"},"query-input":{"@type":"PropertyValueSpecification","valueRequired":true,"valueName":"search_term_string"}}],"inLanguage":"es"},{"@type":"Person","@id":"https:\/\/aeronoticias.com.pe\/noticiero\/#\/schema\/person\/fc1e5d578f4b62ba1cf7ac2bba1170a0","name":"Redacci\u00f3n Aeronoticias","url":"https:\/\/aeronoticias.com.pe\/noticiero\/author\/piloto\/"}]}},"_links":{"self":[{"href":"https:\/\/aeronoticias.com.pe\/noticiero\/wp-json\/wp\/v2\/posts\/55255","targetHints":{"allow":["GET"]}}],"collection":[{"href":"https:\/\/aeronoticias.com.pe\/noticiero\/wp-json\/wp\/v2\/posts"}],"about":[{"href":"https:\/\/aeronoticias.com.pe\/noticiero\/wp-json\/wp\/v2\/types\/post"}],"author":[{"embeddable":true,"href":"https:\/\/aeronoticias.com.pe\/noticiero\/wp-json\/wp\/v2\/users\/1"}],"replies":[{"embeddable":true,"href":"https:\/\/aeronoticias.com.pe\/noticiero\/wp-json\/wp\/v2\/comments?post=55255"}],"version-history":[{"count":0,"href":"https:\/\/aeronoticias.com.pe\/noticiero\/wp-json\/wp\/v2\/posts\/55255\/revisions"}],"wp:attachment":[{"href":"https:\/\/aeronoticias.com.pe\/noticiero\/wp-json\/wp\/v2\/media?parent=55255"}],"wp:term":[{"taxonomy":"category","embeddable":true,"href":"https:\/\/aeronoticias.com.pe\/noticiero\/wp-json\/wp\/v2\/categories?post=55255"},{"taxonomy":"post_tag","embeddable":true,"href":"https:\/\/aeronoticias.com.pe\/noticiero\/wp-json\/wp\/v2\/tags?post=55255"}],"curies":[{"name":"wp","href":"https:\/\/api.w.org\/{rel}","templated":true}]}}