{"id":55256,"date":"2016-06-26T16:11:00","date_gmt":"2016-06-26T16:11:00","guid":{"rendered":"http:\/\/desarrollo.mcvicious.com\/aero2020\/2016\/06\/26\/reunion-de-juristas-expertos-en-derecho-aereo-y-espacial\/"},"modified":"2020-09-11T15:27:34","modified_gmt":"2020-09-11T15:27:34","slug":"reunion-de-juristas-expertos-en-derecho-aereo-y-espacial","status":"publish","type":"post","link":"https:\/\/aeronoticias.com.pe\/noticiero\/historia-derecho-aero-peruano\/reunion-de-juristas-expertos-en-derecho-aereo-y-espacial\/","title":{"rendered":"Reuni\u00f3n de juristas expertos en Derecho A\u00e9reo y Espacial"},"content":{"rendered":"<p style=\"text-align: justify;\"><strong>(Fuente: Diario La Prensa &#8211; 4 de Noviembre de 1987, Buenos Aires)<\/strong>.- El vicepresidente de la Naci\u00f3n, doctor V\u00edctor Mart\u00ednez, inaugurara hoy, a las 10, las deliberaciones de la IV Reuni\u00f3n P\u00fablica Internacional de la Comisi\u00f3n Interamericana de Juristas Expertos en Derecho A\u00e9reo y Espacial, que se efectuara en el sal\u00f3n auditorio de la C\u00e1mara de Diputados de la Naci\u00f3n, Rivadavia y Riobamba.<\/p>\n<p style=\"text-align: justify;\">El encuentro se prolongara hasta pasado ma\u00f1ana y, en la ocasi\u00f3n, especialistas de los Estados Unidos, Brasil, Bolivia, Colombia, M\u00e9xico, Panam\u00e1, Paraguay, Per\u00fa, Venezuela, Uruguay y de nuestro pa\u00eds, consideraran el tema \u201cPropuestas para una integraci\u00f3n latinoamericana\u201d.<\/p>\n<p style=\"text-align: justify;\">OBJETIVOS: Sobre los alcances de la reuni\u00f3n informo el presidente del consejo acad\u00e9mico de la citada comisi\u00f3n, doctor Juli\u00e1n Palac\u00edn Fern\u00e1ndez, del Per\u00fa, quien, acompa\u00f1ado por Tomas Carmelo Diez, preciso:<\/p>\n<p style=\"text-align: justify;\">\u201cLa realidad econ\u00f3mica, pol\u00edtica, y social por la que atraviesan los pa\u00edses latinoamericanos nos llevan a conclusiones muy claras respecto al futuro de la humanidad. En lo que se refiere al movimiento econ\u00f3mico mundial, de aqu\u00ed al a\u00f1o 2000, generara, en concepto de trasporte a\u00e9reo y turismo internacional, un equivalente a 900.000 millones de d\u00f3lares anuales, de gastos, lo que representa la deuda externa de todas las naciones en v\u00edas de desarrollo.<\/p>\n<p style=\"text-align: justify;\">Afirmo que se hace necesario entonces, establecer una estrategia regional para poder tener la posibilidad de obtener los beneficios por la explotaci\u00f3n de esas actividades. \u201cEs necesario concebir una estrategia d desarrollo com\u00fan prosigui\u00f3, para mitigar las medidas unilaterales de las grandes potencias, que afectan al trasporte a\u00e9reo internacional, as\u00ed como tambi\u00e9n concretar objetivos que permitan a las naciones de Am\u00e9rica Latina obtener una parte de la al\u00edcuota de gastos, que bien puede convertirse en una ayuda para los pa\u00edses latinoamericanos y en un instrumento para el despegue y el mejoramiento de las condiciones de vida de los millones de habitantes de la regi\u00f3n\u201d.<\/p>\n<p style=\"text-align: justify;\">LOS TEMAS: Entre otros, se consideraran, a trav\u00e9s del trabajo de diferentes comisiones, aspectos vinculados con las \u201cperspectivas de la integraci\u00f3n en la industria a\u00e9rea de Am\u00e9rica Latina\u201d; \u201cF\u00f3rmulas de colaboraci\u00f3n interempresarial en el trasporte a\u00e9reo\u201d; \u201cPol\u00edtica de turismo social internacional de trasporte a\u00e9reo: promoci\u00f3n y comercializaci\u00f3n\u201d: \u201cComunicaciones y sat\u00e9lite\u201d, y \u201cEl caso Hercaire Internacional Inc. Versus Argentina, precedente jurisprudencial importante para las empresas a\u00e9reas latinoamericanas\u201d.<\/p>\n<p style=\"text-align: justify;\">En el acto de clausura, a efectuarse el viernes, a las 20.30, hablara el senador Pedro Alberto Conchez, presidente de la comisi\u00f3n de trasporte del Senado.<\/p>\n<p style=\"text-align: justify;\"><img decoding=\"async\" src=\"images\/stories\/16\/06\/260616\/laprensa.jpg\" border=\"0\" \/><\/p>\n<p style=\"text-align: justify;\">\u00a0<\/p>\n","protected":false},"excerpt":{"rendered":"<p>(Fuente: Diario La Prensa &#8211; 4 de Noviembre de 1987, Buenos Aires).- El vicepresidente de la Naci\u00f3n, doctor V\u00edctor Mart\u00ednez, inaugurara hoy, a las 10, las deliberaciones de la IV Reuni\u00f3n P\u00fablica Internacional de la Comisi\u00f3n Interamericana de Juristas Expertos en Derecho A\u00e9reo y Espacial, que se efectuara en el sal\u00f3n auditorio de la C\u00e1mara [&hellip;]<\/p>\n","protected":false},"author":1,"featured_media":0,"comment_status":"open","ping_status":"open","sticky":false,"template":"","format":"standard","meta":{"tdm_status":"","tdm_grid_status":"","footnotes":""},"categories":[27],"tags":[],"class_list":{"0":"post-55256","1":"post","2":"type-post","3":"status-publish","4":"format-standard","6":"category-historia-derecho-aero-peruano"},"yoast_head":"<!-- This site is optimized with the Yoast SEO plugin v25.1 - https:\/\/yoast.com\/wordpress\/plugins\/seo\/ -->\n<title>Reuni\u00f3n de juristas expertos en Derecho A\u00e9reo y Espacial<\/title>\n<meta name=\"description\" content=\"Portal de noticias del Per\u00fa sobre el transporte a\u00e9reo, aviaci\u00f3n, turismo, hoteleria, actualidad.\" \/>\n<meta name=\"robots\" content=\"index, follow, max-snippet:-1, max-image-preview:large, max-video-preview:-1\" \/>\n<link rel=\"canonical\" href=\"https:\/\/aeronoticias.com.pe\/noticiero\/historia-derecho-aero-peruano\/reunion-de-juristas-expertos-en-derecho-aereo-y-espacial\/\" \/>\n<meta property=\"og:locale\" content=\"es_ES\" \/>\n<meta property=\"og:type\" content=\"article\" \/>\n<meta property=\"og:title\" content=\"Reuni\u00f3n de juristas expertos en Derecho A\u00e9reo y Espacial\" \/>\n<meta property=\"og:description\" content=\"Portal de noticias del Per\u00fa sobre el transporte a\u00e9reo, aviaci\u00f3n, turismo, hoteleria, actualidad.\" \/>\n<meta property=\"og:url\" content=\"https:\/\/aeronoticias.com.pe\/noticiero\/historia-derecho-aero-peruano\/reunion-de-juristas-expertos-en-derecho-aereo-y-espacial\/\" \/>\n<meta property=\"og:site_name\" content=\"Aeronoticias.com.pe\" \/>\n<meta property=\"article:publisher\" content=\"https:\/\/www.facebook.com\/Aeronoticias.com.pe\/\" \/>\n<meta property=\"article:published_time\" content=\"2016-06-26T16:11:00+00:00\" \/>\n<meta property=\"article:modified_time\" content=\"2020-09-11T15:27:34+00:00\" \/>\n<meta name=\"author\" content=\"Redacci\u00f3n Aeronoticias\" \/>\n<meta name=\"twitter:card\" content=\"summary_large_image\" \/>\n<meta name=\"twitter:creator\" content=\"@aeronoticias\" \/>\n<meta name=\"twitter:site\" content=\"@aeronoticias\" \/>\n<meta name=\"twitter:label1\" content=\"Escrito por\" \/>\n\t<meta name=\"twitter:data1\" content=\"Redacci\u00f3n Aeronoticias\" \/>\n\t<meta name=\"twitter:label2\" content=\"Tiempo de lectura\" \/>\n\t<meta name=\"twitter:data2\" content=\"2 minutos\" \/>\n<script type=\"application\/ld+json\" class=\"yoast-schema-graph\">{\"@context\":\"https:\/\/schema.org\",\"@graph\":[{\"@type\":\"WebPage\",\"@id\":\"https:\/\/aeronoticias.com.pe\/noticiero\/historia-derecho-aero-peruano\/reunion-de-juristas-expertos-en-derecho-aereo-y-espacial\/\",\"url\":\"https:\/\/aeronoticias.com.pe\/noticiero\/historia-derecho-aero-peruano\/reunion-de-juristas-expertos-en-derecho-aereo-y-espacial\/\",\"name\":\"Reuni\u00f3n de juristas expertos en Derecho A\u00e9reo y Espacial\",\"isPartOf\":{\"@id\":\"https:\/\/aeronoticias.com.pe\/noticiero\/#website\"},\"datePublished\":\"2016-06-26T16:11:00+00:00\",\"dateModified\":\"2020-09-11T15:27:34+00:00\",\"author\":{\"@id\":\"https:\/\/aeronoticias.com.pe\/noticiero\/#\/schema\/person\/fc1e5d578f4b62ba1cf7ac2bba1170a0\"},\"description\":\"Portal de noticias del Per\u00fa sobre el transporte a\u00e9reo, aviaci\u00f3n, turismo, hoteleria, actualidad.\",\"breadcrumb\":{\"@id\":\"https:\/\/aeronoticias.com.pe\/noticiero\/historia-derecho-aero-peruano\/reunion-de-juristas-expertos-en-derecho-aereo-y-espacial\/#breadcrumb\"},\"inLanguage\":\"es\",\"potentialAction\":[{\"@type\":\"ReadAction\",\"target\":[\"https:\/\/aeronoticias.com.pe\/noticiero\/historia-derecho-aero-peruano\/reunion-de-juristas-expertos-en-derecho-aereo-y-espacial\/\"]}]},{\"@type\":\"BreadcrumbList\",\"@id\":\"https:\/\/aeronoticias.com.pe\/noticiero\/historia-derecho-aero-peruano\/reunion-de-juristas-expertos-en-derecho-aereo-y-espacial\/#breadcrumb\",\"itemListElement\":[{\"@type\":\"ListItem\",\"position\":1,\"name\":\"Portada\",\"item\":\"https:\/\/aeronoticias.com.pe\/noticiero\/\"},{\"@type\":\"ListItem\",\"position\":2,\"name\":\"Reuni\u00f3n de juristas expertos en Derecho A\u00e9reo y Espacial\"}]},{\"@type\":\"WebSite\",\"@id\":\"https:\/\/aeronoticias.com.pe\/noticiero\/#website\",\"url\":\"https:\/\/aeronoticias.com.pe\/noticiero\/\",\"name\":\"Aeronoticias.com.pe\",\"description\":\"Noticias de tranporte aereo, turismo, hoteles, gastronomia, actualidad, internacional\",\"potentialAction\":[{\"@type\":\"SearchAction\",\"target\":{\"@type\":\"EntryPoint\",\"urlTemplate\":\"https:\/\/aeronoticias.com.pe\/noticiero\/?s={search_term_string}\"},\"query-input\":{\"@type\":\"PropertyValueSpecification\",\"valueRequired\":true,\"valueName\":\"search_term_string\"}}],\"inLanguage\":\"es\"},{\"@type\":\"Person\",\"@id\":\"https:\/\/aeronoticias.com.pe\/noticiero\/#\/schema\/person\/fc1e5d578f4b62ba1cf7ac2bba1170a0\",\"name\":\"Redacci\u00f3n Aeronoticias\",\"url\":\"https:\/\/aeronoticias.com.pe\/noticiero\/author\/piloto\/\"}]}<\/script>\n<!-- \/ Yoast SEO plugin. -->","yoast_head_json":{"title":"Reuni\u00f3n de juristas expertos en Derecho A\u00e9reo y Espacial","description":"Portal de noticias del Per\u00fa sobre el transporte a\u00e9reo, aviaci\u00f3n, turismo, hoteleria, actualidad.","robots":{"index":"index","follow":"follow","max-snippet":"max-snippet:-1","max-image-preview":"max-image-preview:large","max-video-preview":"max-video-preview:-1"},"canonical":"https:\/\/aeronoticias.com.pe\/noticiero\/historia-derecho-aero-peruano\/reunion-de-juristas-expertos-en-derecho-aereo-y-espacial\/","og_locale":"es_ES","og_type":"article","og_title":"Reuni\u00f3n de juristas expertos en Derecho A\u00e9reo y Espacial","og_description":"Portal de noticias del Per\u00fa sobre el transporte a\u00e9reo, aviaci\u00f3n, turismo, hoteleria, actualidad.","og_url":"https:\/\/aeronoticias.com.pe\/noticiero\/historia-derecho-aero-peruano\/reunion-de-juristas-expertos-en-derecho-aereo-y-espacial\/","og_site_name":"Aeronoticias.com.pe","article_publisher":"https:\/\/www.facebook.com\/Aeronoticias.com.pe\/","article_published_time":"2016-06-26T16:11:00+00:00","article_modified_time":"2020-09-11T15:27:34+00:00","author":"Redacci\u00f3n Aeronoticias","twitter_card":"summary_large_image","twitter_creator":"@aeronoticias","twitter_site":"@aeronoticias","twitter_misc":{"Escrito por":"Redacci\u00f3n Aeronoticias","Tiempo de lectura":"2 minutos"},"schema":{"@context":"https:\/\/schema.org","@graph":[{"@type":"WebPage","@id":"https:\/\/aeronoticias.com.pe\/noticiero\/historia-derecho-aero-peruano\/reunion-de-juristas-expertos-en-derecho-aereo-y-espacial\/","url":"https:\/\/aeronoticias.com.pe\/noticiero\/historia-derecho-aero-peruano\/reunion-de-juristas-expertos-en-derecho-aereo-y-espacial\/","name":"Reuni\u00f3n de juristas expertos en Derecho A\u00e9reo y Espacial","isPartOf":{"@id":"https:\/\/aeronoticias.com.pe\/noticiero\/#website"},"datePublished":"2016-06-26T16:11:00+00:00","dateModified":"2020-09-11T15:27:34+00:00","author":{"@id":"https:\/\/aeronoticias.com.pe\/noticiero\/#\/schema\/person\/fc1e5d578f4b62ba1cf7ac2bba1170a0"},"description":"Portal de noticias del Per\u00fa sobre el transporte a\u00e9reo, aviaci\u00f3n, turismo, hoteleria, actualidad.","breadcrumb":{"@id":"https:\/\/aeronoticias.com.pe\/noticiero\/historia-derecho-aero-peruano\/reunion-de-juristas-expertos-en-derecho-aereo-y-espacial\/#breadcrumb"},"inLanguage":"es","potentialAction":[{"@type":"ReadAction","target":["https:\/\/aeronoticias.com.pe\/noticiero\/historia-derecho-aero-peruano\/reunion-de-juristas-expertos-en-derecho-aereo-y-espacial\/"]}]},{"@type":"BreadcrumbList","@id":"https:\/\/aeronoticias.com.pe\/noticiero\/historia-derecho-aero-peruano\/reunion-de-juristas-expertos-en-derecho-aereo-y-espacial\/#breadcrumb","itemListElement":[{"@type":"ListItem","position":1,"name":"Portada","item":"https:\/\/aeronoticias.com.pe\/noticiero\/"},{"@type":"ListItem","position":2,"name":"Reuni\u00f3n de juristas expertos en Derecho A\u00e9reo y Espacial"}]},{"@type":"WebSite","@id":"https:\/\/aeronoticias.com.pe\/noticiero\/#website","url":"https:\/\/aeronoticias.com.pe\/noticiero\/","name":"Aeronoticias.com.pe","description":"Noticias de tranporte aereo, turismo, hoteles, gastronomia, actualidad, internacional","potentialAction":[{"@type":"SearchAction","target":{"@type":"EntryPoint","urlTemplate":"https:\/\/aeronoticias.com.pe\/noticiero\/?s={search_term_string}"},"query-input":{"@type":"PropertyValueSpecification","valueRequired":true,"valueName":"search_term_string"}}],"inLanguage":"es"},{"@type":"Person","@id":"https:\/\/aeronoticias.com.pe\/noticiero\/#\/schema\/person\/fc1e5d578f4b62ba1cf7ac2bba1170a0","name":"Redacci\u00f3n Aeronoticias","url":"https:\/\/aeronoticias.com.pe\/noticiero\/author\/piloto\/"}]}},"_links":{"self":[{"href":"https:\/\/aeronoticias.com.pe\/noticiero\/wp-json\/wp\/v2\/posts\/55256","targetHints":{"allow":["GET"]}}],"collection":[{"href":"https:\/\/aeronoticias.com.pe\/noticiero\/wp-json\/wp\/v2\/posts"}],"about":[{"href":"https:\/\/aeronoticias.com.pe\/noticiero\/wp-json\/wp\/v2\/types\/post"}],"author":[{"embeddable":true,"href":"https:\/\/aeronoticias.com.pe\/noticiero\/wp-json\/wp\/v2\/users\/1"}],"replies":[{"embeddable":true,"href":"https:\/\/aeronoticias.com.pe\/noticiero\/wp-json\/wp\/v2\/comments?post=55256"}],"version-history":[{"count":0,"href":"https:\/\/aeronoticias.com.pe\/noticiero\/wp-json\/wp\/v2\/posts\/55256\/revisions"}],"wp:attachment":[{"href":"https:\/\/aeronoticias.com.pe\/noticiero\/wp-json\/wp\/v2\/media?parent=55256"}],"wp:term":[{"taxonomy":"category","embeddable":true,"href":"https:\/\/aeronoticias.com.pe\/noticiero\/wp-json\/wp\/v2\/categories?post=55256"},{"taxonomy":"post_tag","embeddable":true,"href":"https:\/\/aeronoticias.com.pe\/noticiero\/wp-json\/wp\/v2\/tags?post=55256"}],"curies":[{"name":"wp","href":"https:\/\/api.w.org\/{rel}","templated":true}]}}