{"id":55258,"date":"2016-06-26T15:35:30","date_gmt":"2016-06-26T15:35:30","guid":{"rendered":"http:\/\/desarrollo.mcvicious.com\/aero2020\/2016\/06\/26\/condenan-a-un-ano-de-carcel-a-victor-girao-alatrista\/"},"modified":"2016-06-26T15:35:30","modified_gmt":"2016-06-26T15:35:30","slug":"condenan-a-un-ano-de-carcel-a-victor-girao-alatrista","status":"publish","type":"post","link":"https:\/\/aeronoticias.com.pe\/noticiero\/49\/condenan-a-un-ano-de-carcel-a-victor-girao-alatrista\/","title":{"rendered":"Condenan a un a\u00f1o de c\u00e1rcel a V\u00edctor Girao Alatrista"},"content":{"rendered":"<p style=\"text-align: justify;\"><strong>(Aeronoticias)<\/strong> El 34\u00ba Juzgado Penal para procesos con reos conden\u00f3 a un a\u00f1o de pena de c\u00e1rcel -privativa de la libertad- al se\u00f1or V\u00edctor Octavio Girao Alatrista y le impuso una indemnizaci\u00f3n de S\/. 50,000.oo y una multa de S\/. 365 a favor del tesoro p\u00fablico por el delito de injuria, calumnia y difamaci\u00f3n por medio de prensa en agravio de July Garc\u00eda Paredes, la madre de la joven asesinada Juliana Villacorta Garc\u00eda. Trascendi\u00f3 que los agraviados pedir\u00edan que la pena sea efectiva y que V\u00edctor Octavio Girao Alatrista sea internado en el Penal de Piedras Gordas, en raz\u00f3n a que no ha pagado hasta la fecha la reparaci\u00f3n civil de S\/. 50,000.oo.<\/p>\n<p style=\"text-align: justify;\">La sentencia contempla la posibilidad de detenci\u00f3n efectiva si el reo a\u00fan en libertad no cumple con:<\/p>\n<p style=\"text-align: justify;\"><span style=\"font-size: 12.16px; line-height: 1.3em;\">a) No variar de domicilio sin autorizaci\u00f3n del Juzgado.<\/span><\/p>\n<p style=\"text-align: justify;\">b) No abandonar la ciudad sin comunicaci\u00f3n por escrito al Juzgado.<\/p>\n<p style=\"text-align: justify;\">c) Comparecer a la sede judicial a fin de registrarse cada sesenta d\u00edas en el Registro Biom\u00e9trico.<\/p>\n<p style=\"text-align: justify;\">d) Resarcir el da\u00f1o ocasionado por el delito debiendo pagar la reparaci\u00f3n civil.<\/p>\n<p style=\"text-align: justify;\">e) No volver a cometer il\u00edcito penal de la misma modalidad.<\/p>\n<p style=\"text-align: justify;\">Cabe destacar que el caso Victor Girao Alatrista es el precedente anti\u00e9tico m\u00e1s grave en la historia de la abogac\u00eda peruana, en raz\u00f3n a que este letrado que obtuvo su t\u00edtulo a los 62 a\u00f1os, tiene r\u00e9cord de sanciones \u00e9ticas, hist\u00f3ricas en el Ilustre Colegio de Abogados de Lima por maltratar \u00e9ticamente a la madre de una joven asesinada, dos veces fue expulsado por el Consejo de \u00c9tica del CAL y el Tribunal de Honor del CAL que preside Fernando Vidal Ram\u00edrez le impuso una sanci\u00f3n \u00e9tica efectiva por 5 a\u00f1os hasta diciembre del 2020, estando imposibilitado de ejercer la profesi\u00f3n de abogado en todo el territorio nacional, sin embargo el letrado violando el C\u00f3digo de \u00c9tica de los Colegio de Abogados del Per\u00fa obtuvo una colegiatura irregular en el Colegio de Abogados de Huancavelica y seguir\u00eda ejerciendo.<\/p>\n<p style=\"text-align: justify;\">El Colegio de Abogados del Callao tambi\u00e9n lo sancion\u00f3 \u00e9ticamente hasta el 2018 y tiene otra sanci\u00f3n \u00e9tica de 2 a\u00f1os impuesta por el Tribunal de Honor del CAL hasta fines del 2017 en agravio del ciudadano Pablo Castillo Bardales, quien denunci\u00f3 que Girao se apropi\u00f3 de su indemnizaci\u00f3n.<\/p>\n<p style=\"text-align: justify;\"><img decoding=\"async\" src=\"images\/stories\/16\/06\/260616\/condenagirao.jpg\" border=\"0\" \/><\/p>\n<p style=\"text-align: justify;\">\u00a0<\/p>\n<p style=\"text-align: justify;\">\u00a0<\/p>\n","protected":false},"excerpt":{"rendered":"<p>(Aeronoticias) El 34\u00ba Juzgado Penal para procesos con reos conden\u00f3 a un a\u00f1o de pena de c\u00e1rcel -privativa de la libertad- al se\u00f1or V\u00edctor Octavio Girao Alatrista y le impuso una indemnizaci\u00f3n de S\/. 50,000.oo y una multa de S\/. 365 a favor del tesoro p\u00fablico por el delito de injuria, calumnia y difamaci\u00f3n por [&hellip;]<\/p>\n","protected":false},"author":1,"featured_media":0,"comment_status":"open","ping_status":"open","sticky":false,"template":"","format":"standard","meta":{"tdm_status":"","tdm_grid_status":"","footnotes":""},"categories":[39],"tags":[],"class_list":{"0":"post-55258","1":"post","2":"type-post","3":"status-publish","4":"format-standard","6":"category-39"},"yoast_head":"<!-- This site is optimized with the Yoast SEO plugin v25.1 - https:\/\/yoast.com\/wordpress\/plugins\/seo\/ -->\n<title>Condenan a un a\u00f1o de c\u00e1rcel a V\u00edctor Girao Alatrista<\/title>\n<meta name=\"description\" content=\"Portal de noticias del Per\u00fa sobre el transporte a\u00e9reo, aviaci\u00f3n, turismo, hoteleria, actualidad.\" \/>\n<meta name=\"robots\" content=\"index, follow, max-snippet:-1, max-image-preview:large, max-video-preview:-1\" \/>\n<link rel=\"canonical\" href=\"https:\/\/aeronoticias.com.pe\/noticiero\/49\/condenan-a-un-ano-de-carcel-a-victor-girao-alatrista\/\" \/>\n<meta property=\"og:locale\" content=\"es_ES\" \/>\n<meta property=\"og:type\" content=\"article\" \/>\n<meta property=\"og:title\" content=\"Condenan a un a\u00f1o de c\u00e1rcel a V\u00edctor Girao Alatrista\" \/>\n<meta property=\"og:description\" content=\"Portal de noticias del Per\u00fa sobre el transporte a\u00e9reo, aviaci\u00f3n, turismo, hoteleria, actualidad.\" \/>\n<meta property=\"og:url\" content=\"https:\/\/aeronoticias.com.pe\/noticiero\/49\/condenan-a-un-ano-de-carcel-a-victor-girao-alatrista\/\" \/>\n<meta property=\"og:site_name\" content=\"Aeronoticias.com.pe\" \/>\n<meta property=\"article:publisher\" content=\"https:\/\/www.facebook.com\/Aeronoticias.com.pe\/\" \/>\n<meta property=\"article:published_time\" content=\"2016-06-26T15:35:30+00:00\" \/>\n<meta name=\"author\" content=\"Redacci\u00f3n Aeronoticias\" \/>\n<meta name=\"twitter:card\" content=\"summary_large_image\" \/>\n<meta name=\"twitter:creator\" content=\"@aeronoticias\" \/>\n<meta name=\"twitter:site\" content=\"@aeronoticias\" \/>\n<meta name=\"twitter:label1\" content=\"Escrito por\" \/>\n\t<meta name=\"twitter:data1\" content=\"Redacci\u00f3n Aeronoticias\" \/>\n\t<meta name=\"twitter:label2\" content=\"Tiempo de lectura\" \/>\n\t<meta name=\"twitter:data2\" content=\"2 minutos\" \/>\n<script type=\"application\/ld+json\" class=\"yoast-schema-graph\">{\"@context\":\"https:\/\/schema.org\",\"@graph\":[{\"@type\":\"WebPage\",\"@id\":\"https:\/\/aeronoticias.com.pe\/noticiero\/49\/condenan-a-un-ano-de-carcel-a-victor-girao-alatrista\/\",\"url\":\"https:\/\/aeronoticias.com.pe\/noticiero\/49\/condenan-a-un-ano-de-carcel-a-victor-girao-alatrista\/\",\"name\":\"Condenan a un a\u00f1o de c\u00e1rcel a V\u00edctor Girao Alatrista\",\"isPartOf\":{\"@id\":\"https:\/\/aeronoticias.com.pe\/noticiero\/#website\"},\"datePublished\":\"2016-06-26T15:35:30+00:00\",\"author\":{\"@id\":\"https:\/\/aeronoticias.com.pe\/noticiero\/#\/schema\/person\/fc1e5d578f4b62ba1cf7ac2bba1170a0\"},\"description\":\"Portal de noticias del Per\u00fa sobre el transporte a\u00e9reo, aviaci\u00f3n, turismo, hoteleria, actualidad.\",\"breadcrumb\":{\"@id\":\"https:\/\/aeronoticias.com.pe\/noticiero\/49\/condenan-a-un-ano-de-carcel-a-victor-girao-alatrista\/#breadcrumb\"},\"inLanguage\":\"es\",\"potentialAction\":[{\"@type\":\"ReadAction\",\"target\":[\"https:\/\/aeronoticias.com.pe\/noticiero\/49\/condenan-a-un-ano-de-carcel-a-victor-girao-alatrista\/\"]}]},{\"@type\":\"BreadcrumbList\",\"@id\":\"https:\/\/aeronoticias.com.pe\/noticiero\/49\/condenan-a-un-ano-de-carcel-a-victor-girao-alatrista\/#breadcrumb\",\"itemListElement\":[{\"@type\":\"ListItem\",\"position\":1,\"name\":\"Portada\",\"item\":\"https:\/\/aeronoticias.com.pe\/noticiero\/\"},{\"@type\":\"ListItem\",\"position\":2,\"name\":\"Condenan a un a\u00f1o de c\u00e1rcel a V\u00edctor Girao Alatrista\"}]},{\"@type\":\"WebSite\",\"@id\":\"https:\/\/aeronoticias.com.pe\/noticiero\/#website\",\"url\":\"https:\/\/aeronoticias.com.pe\/noticiero\/\",\"name\":\"Aeronoticias.com.pe\",\"description\":\"Noticias de tranporte aereo, turismo, hoteles, gastronomia, actualidad, internacional\",\"potentialAction\":[{\"@type\":\"SearchAction\",\"target\":{\"@type\":\"EntryPoint\",\"urlTemplate\":\"https:\/\/aeronoticias.com.pe\/noticiero\/?s={search_term_string}\"},\"query-input\":{\"@type\":\"PropertyValueSpecification\",\"valueRequired\":true,\"valueName\":\"search_term_string\"}}],\"inLanguage\":\"es\"},{\"@type\":\"Person\",\"@id\":\"https:\/\/aeronoticias.com.pe\/noticiero\/#\/schema\/person\/fc1e5d578f4b62ba1cf7ac2bba1170a0\",\"name\":\"Redacci\u00f3n Aeronoticias\",\"url\":\"https:\/\/aeronoticias.com.pe\/noticiero\/author\/piloto\/\"}]}<\/script>\n<!-- \/ Yoast SEO plugin. -->","yoast_head_json":{"title":"Condenan a un a\u00f1o de c\u00e1rcel a V\u00edctor Girao Alatrista","description":"Portal de noticias del Per\u00fa sobre el transporte a\u00e9reo, aviaci\u00f3n, turismo, hoteleria, actualidad.","robots":{"index":"index","follow":"follow","max-snippet":"max-snippet:-1","max-image-preview":"max-image-preview:large","max-video-preview":"max-video-preview:-1"},"canonical":"https:\/\/aeronoticias.com.pe\/noticiero\/49\/condenan-a-un-ano-de-carcel-a-victor-girao-alatrista\/","og_locale":"es_ES","og_type":"article","og_title":"Condenan a un a\u00f1o de c\u00e1rcel a V\u00edctor Girao Alatrista","og_description":"Portal de noticias del Per\u00fa sobre el transporte a\u00e9reo, aviaci\u00f3n, turismo, hoteleria, actualidad.","og_url":"https:\/\/aeronoticias.com.pe\/noticiero\/49\/condenan-a-un-ano-de-carcel-a-victor-girao-alatrista\/","og_site_name":"Aeronoticias.com.pe","article_publisher":"https:\/\/www.facebook.com\/Aeronoticias.com.pe\/","article_published_time":"2016-06-26T15:35:30+00:00","author":"Redacci\u00f3n Aeronoticias","twitter_card":"summary_large_image","twitter_creator":"@aeronoticias","twitter_site":"@aeronoticias","twitter_misc":{"Escrito por":"Redacci\u00f3n Aeronoticias","Tiempo de lectura":"2 minutos"},"schema":{"@context":"https:\/\/schema.org","@graph":[{"@type":"WebPage","@id":"https:\/\/aeronoticias.com.pe\/noticiero\/49\/condenan-a-un-ano-de-carcel-a-victor-girao-alatrista\/","url":"https:\/\/aeronoticias.com.pe\/noticiero\/49\/condenan-a-un-ano-de-carcel-a-victor-girao-alatrista\/","name":"Condenan a un a\u00f1o de c\u00e1rcel a V\u00edctor Girao Alatrista","isPartOf":{"@id":"https:\/\/aeronoticias.com.pe\/noticiero\/#website"},"datePublished":"2016-06-26T15:35:30+00:00","author":{"@id":"https:\/\/aeronoticias.com.pe\/noticiero\/#\/schema\/person\/fc1e5d578f4b62ba1cf7ac2bba1170a0"},"description":"Portal de noticias del Per\u00fa sobre el transporte a\u00e9reo, aviaci\u00f3n, turismo, hoteleria, actualidad.","breadcrumb":{"@id":"https:\/\/aeronoticias.com.pe\/noticiero\/49\/condenan-a-un-ano-de-carcel-a-victor-girao-alatrista\/#breadcrumb"},"inLanguage":"es","potentialAction":[{"@type":"ReadAction","target":["https:\/\/aeronoticias.com.pe\/noticiero\/49\/condenan-a-un-ano-de-carcel-a-victor-girao-alatrista\/"]}]},{"@type":"BreadcrumbList","@id":"https:\/\/aeronoticias.com.pe\/noticiero\/49\/condenan-a-un-ano-de-carcel-a-victor-girao-alatrista\/#breadcrumb","itemListElement":[{"@type":"ListItem","position":1,"name":"Portada","item":"https:\/\/aeronoticias.com.pe\/noticiero\/"},{"@type":"ListItem","position":2,"name":"Condenan a un a\u00f1o de c\u00e1rcel a V\u00edctor Girao Alatrista"}]},{"@type":"WebSite","@id":"https:\/\/aeronoticias.com.pe\/noticiero\/#website","url":"https:\/\/aeronoticias.com.pe\/noticiero\/","name":"Aeronoticias.com.pe","description":"Noticias de tranporte aereo, turismo, hoteles, gastronomia, actualidad, internacional","potentialAction":[{"@type":"SearchAction","target":{"@type":"EntryPoint","urlTemplate":"https:\/\/aeronoticias.com.pe\/noticiero\/?s={search_term_string}"},"query-input":{"@type":"PropertyValueSpecification","valueRequired":true,"valueName":"search_term_string"}}],"inLanguage":"es"},{"@type":"Person","@id":"https:\/\/aeronoticias.com.pe\/noticiero\/#\/schema\/person\/fc1e5d578f4b62ba1cf7ac2bba1170a0","name":"Redacci\u00f3n Aeronoticias","url":"https:\/\/aeronoticias.com.pe\/noticiero\/author\/piloto\/"}]}},"_links":{"self":[{"href":"https:\/\/aeronoticias.com.pe\/noticiero\/wp-json\/wp\/v2\/posts\/55258","targetHints":{"allow":["GET"]}}],"collection":[{"href":"https:\/\/aeronoticias.com.pe\/noticiero\/wp-json\/wp\/v2\/posts"}],"about":[{"href":"https:\/\/aeronoticias.com.pe\/noticiero\/wp-json\/wp\/v2\/types\/post"}],"author":[{"embeddable":true,"href":"https:\/\/aeronoticias.com.pe\/noticiero\/wp-json\/wp\/v2\/users\/1"}],"replies":[{"embeddable":true,"href":"https:\/\/aeronoticias.com.pe\/noticiero\/wp-json\/wp\/v2\/comments?post=55258"}],"version-history":[{"count":0,"href":"https:\/\/aeronoticias.com.pe\/noticiero\/wp-json\/wp\/v2\/posts\/55258\/revisions"}],"wp:attachment":[{"href":"https:\/\/aeronoticias.com.pe\/noticiero\/wp-json\/wp\/v2\/media?parent=55258"}],"wp:term":[{"taxonomy":"category","embeddable":true,"href":"https:\/\/aeronoticias.com.pe\/noticiero\/wp-json\/wp\/v2\/categories?post=55258"},{"taxonomy":"post_tag","embeddable":true,"href":"https:\/\/aeronoticias.com.pe\/noticiero\/wp-json\/wp\/v2\/tags?post=55258"}],"curies":[{"name":"wp","href":"https:\/\/api.w.org\/{rel}","templated":true}]}}