{"id":55262,"date":"2016-06-27T15:05:52","date_gmt":"2016-06-27T15:05:52","guid":{"rendered":"http:\/\/desarrollo.mcvicious.com\/aero2020\/2016\/06\/27\/chiclayo-empresarios-expectantes-ante-inicio-de-modernizacion-de-aeropuerto\/"},"modified":"2016-06-27T15:05:52","modified_gmt":"2016-06-27T15:05:52","slug":"chiclayo-empresarios-expectantes-ante-inicio-de-modernizacion-de-aeropuerto","status":"publish","type":"post","link":"https:\/\/aeronoticias.com.pe\/noticiero\/economia\/chiclayo-empresarios-expectantes-ante-inicio-de-modernizacion-de-aeropuerto\/","title":{"rendered":"Chiclayo: empresarios expectantes ante inicio de modernizaci\u00f3n de aeropuerto"},"content":{"rendered":"<p style=\"text-align: justify;\"><strong>(Aeronoticias)<\/strong> Los empresarios de la regi\u00f3n Lambayeque se mostraron expectantes ante el pr\u00f3ximo inicio de los trabajos de ampliaci\u00f3n de la pista de aterrizaje y mejora del aeropuerto internacional Jos\u00e9 Qui\u00f1onez Gonz\u00e1les, lo que generar\u00e1 un mayor flujo de pasajeros y potenciar\u00e1 el comercio exterior.<\/p>\n<p style=\"text-align: justify;\"><span style=\"font-size: 12.16px; line-height: 1.3em;\">Olivio Huancaruna Perales, presidente de la C\u00e1mara de Comercio y Producci\u00f3n de Lambayeque, manifest\u00f3 que en julio pr\u00f3ximo se iniciar\u00e1 la ampliaci\u00f3n de la pista de aterrizaje a fin de poder concentrar simult\u00e1neamente un mayor n\u00famero de aeronaves que realicen vuelos nacionales e internacionales.<\/span><\/p>\n<p style=\"text-align: justify;\"><span style=\"font-size: 12.16px; line-height: 1.3em;\">Mencion\u00f3 que la ejecuci\u00f3n de los trabajos de ampliaci\u00f3n de la pista demandar\u00e1 un plazo de 12 meses y el concesionario Aeropuertos del Per\u00fa invertir\u00e1 alrededor de 120 millones de soles. Al a\u00f1o siguiente se modernizar\u00e1 el terminal de pasajeros con una inversi\u00f3n de 164 millones de soles, agreg\u00f3.<\/span><\/p>\n<p style=\"text-align: justify;\"><span style=\"font-size: 12.16px; line-height: 1.3em;\">Sostuvo que se mejorar\u00e1 la infraestructura para el acondicionamiento de una planta de fr\u00edo que permita el env\u00edo de productos frescos hacia el exterior. \u201cCon esta infraestructura, ni bien se cosecha se enviar\u00e1 la producci\u00f3n hacia diferentes mercados de destino. Esto significar\u00e1 una enorme oportunidad para los empresarios locales\u201d, expres\u00f3 en declaraciones a la Agencia Andina.<\/span><\/p>\n<p style=\"text-align: justify;\"><span style=\"font-size: 12.16px; line-height: 1.3em;\">Huancaruna sostuvo, adem\u00e1s, que con el remozamiento del terminal a\u00e9reo de Chiclayo se permitir\u00e1 que pasajeros de la macrorregi\u00f3n norte, como Cajamarca, Amazonas, San Mart\u00edn, Piura y Trujillo, lleguen a Chiclayo para continuar su viaje hacia el exterior y no necesitar\u00e1n dirigirse al aeropuerto Jorge Ch\u00e1vez de Lima.<\/span><\/p>\n<p style=\"text-align: justify;\"><span style=\"font-size: 12.16px; line-height: 1.3em;\">Agreg\u00f3 que en Chiclayo se incrementar\u00e1n los flujos comerciales. \u201cChiclayo es un punto estrat\u00e9gico desde donde se puede llegar a muchas regiones del pa\u00eds\u201d, destac\u00f3.<\/span><\/p>\n<p style=\"text-align: justify;\"><span style=\"font-size: 12.16px; line-height: 1.3em;\">El presidente de la C\u00e1mara de Comercio subray\u00f3 que esta modernizaci\u00f3n en la pista de aterrizaje y despegue generar\u00e1 las condiciones para mejorar la llegada de los turistas y para que aviones tipo h\u00e9rcules, que destacan por su gran tama\u00f1o, puedan aterrizar sin inconvenientes.<\/span><\/p>\n<p style=\"text-align: justify;\"><span style=\"font-size: 12.16px; line-height: 1.3em;\">Por otro lado, manifest\u00f3 que existe mucho inter\u00e9s de consorcios empresariales for\u00e1neos de invertir en la regi\u00f3n Lambayeque, especialmente en agroexportaci\u00f3n, as\u00ed como en infraestructura vial que permita sacar los alimentos frescos desde los centros de producci\u00f3n, sin sufrir ning\u00fan percance.<\/span><\/p>\n<p style=\"text-align: justify;\"><span style=\"font-size: 12.16px; line-height: 1.3em;\"><img decoding=\"async\" src=\"images\/stories\/16\/06\/270616\/achiclayo.jpg\" border=\"0\" \/><br \/><\/span><\/p>\n<p style=\"text-align: justify;\"><span style=\"font-size: 12.16px; line-height: 1.3em;\">El directivo empresarial, sostuvo que en noviembre pr\u00f3ximo, tras la realizaci\u00f3n de la Cumbre del Foro Econ\u00f3mico Asia Pac\u00edfico (APEC) 2016 que se realizar\u00e1 en Lima, se tendr\u00e1n muchas novedades para esta regi\u00f3n.<\/span><\/p>\n<p style=\"text-align: justify;\"><span style=\"font-size: 12.16px; line-height: 1.3em;\"><strong><em>Fuente: Andina<\/em><\/strong><\/span><\/p>\n<p>\u00a0<\/p>\n","protected":false},"excerpt":{"rendered":"<p>(Aeronoticias) Los empresarios de la regi\u00f3n Lambayeque se mostraron expectantes ante el pr\u00f3ximo inicio de los trabajos de ampliaci\u00f3n de la pista de aterrizaje y mejora del aeropuerto internacional Jos\u00e9 Qui\u00f1onez Gonz\u00e1les, lo que generar\u00e1 un mayor flujo de pasajeros y potenciar\u00e1 el comercio exterior. Olivio Huancaruna Perales, presidente de la C\u00e1mara de Comercio y [&hellip;]<\/p>\n","protected":false},"author":1,"featured_media":0,"comment_status":"open","ping_status":"open","sticky":false,"template":"","format":"standard","meta":{"tdm_status":"","tdm_grid_status":"","footnotes":""},"categories":[33],"tags":[],"class_list":{"0":"post-55262","1":"post","2":"type-post","3":"status-publish","4":"format-standard","6":"category-economia"},"yoast_head":"<!-- This site is optimized with the Yoast SEO plugin v25.1 - https:\/\/yoast.com\/wordpress\/plugins\/seo\/ -->\n<title>Chiclayo: empresarios expectantes ante inicio de modernizaci\u00f3n de aeropuerto<\/title>\n<meta name=\"description\" content=\"Portal de noticias del Per\u00fa sobre el transporte a\u00e9reo, aviaci\u00f3n, turismo, hoteleria, actualidad.\" \/>\n<meta name=\"robots\" content=\"index, follow, max-snippet:-1, max-image-preview:large, max-video-preview:-1\" \/>\n<link rel=\"canonical\" href=\"https:\/\/aeronoticias.com.pe\/noticiero\/economia\/chiclayo-empresarios-expectantes-ante-inicio-de-modernizacion-de-aeropuerto\/\" \/>\n<meta property=\"og:locale\" content=\"es_ES\" \/>\n<meta property=\"og:type\" content=\"article\" \/>\n<meta property=\"og:title\" content=\"Chiclayo: empresarios expectantes ante inicio de modernizaci\u00f3n de aeropuerto\" \/>\n<meta property=\"og:description\" content=\"Portal de noticias del Per\u00fa sobre el transporte a\u00e9reo, aviaci\u00f3n, turismo, hoteleria, actualidad.\" \/>\n<meta property=\"og:url\" content=\"https:\/\/aeronoticias.com.pe\/noticiero\/economia\/chiclayo-empresarios-expectantes-ante-inicio-de-modernizacion-de-aeropuerto\/\" \/>\n<meta property=\"og:site_name\" content=\"Aeronoticias.com.pe\" \/>\n<meta property=\"article:publisher\" content=\"https:\/\/www.facebook.com\/Aeronoticias.com.pe\/\" \/>\n<meta property=\"article:published_time\" content=\"2016-06-27T15:05:52+00:00\" \/>\n<meta name=\"author\" content=\"Redacci\u00f3n Aeronoticias\" \/>\n<meta name=\"twitter:card\" content=\"summary_large_image\" \/>\n<meta name=\"twitter:creator\" content=\"@aeronoticias\" \/>\n<meta name=\"twitter:site\" content=\"@aeronoticias\" \/>\n<meta name=\"twitter:label1\" content=\"Escrito por\" \/>\n\t<meta name=\"twitter:data1\" content=\"Redacci\u00f3n Aeronoticias\" \/>\n\t<meta name=\"twitter:label2\" content=\"Tiempo de lectura\" \/>\n\t<meta name=\"twitter:data2\" content=\"2 minutos\" \/>\n<script type=\"application\/ld+json\" class=\"yoast-schema-graph\">{\"@context\":\"https:\/\/schema.org\",\"@graph\":[{\"@type\":\"WebPage\",\"@id\":\"https:\/\/aeronoticias.com.pe\/noticiero\/economia\/chiclayo-empresarios-expectantes-ante-inicio-de-modernizacion-de-aeropuerto\/\",\"url\":\"https:\/\/aeronoticias.com.pe\/noticiero\/economia\/chiclayo-empresarios-expectantes-ante-inicio-de-modernizacion-de-aeropuerto\/\",\"name\":\"Chiclayo: empresarios expectantes ante inicio de modernizaci\u00f3n de aeropuerto\",\"isPartOf\":{\"@id\":\"https:\/\/aeronoticias.com.pe\/noticiero\/#website\"},\"datePublished\":\"2016-06-27T15:05:52+00:00\",\"author\":{\"@id\":\"https:\/\/aeronoticias.com.pe\/noticiero\/#\/schema\/person\/fc1e5d578f4b62ba1cf7ac2bba1170a0\"},\"description\":\"Portal de noticias del Per\u00fa sobre el transporte a\u00e9reo, aviaci\u00f3n, turismo, hoteleria, actualidad.\",\"breadcrumb\":{\"@id\":\"https:\/\/aeronoticias.com.pe\/noticiero\/economia\/chiclayo-empresarios-expectantes-ante-inicio-de-modernizacion-de-aeropuerto\/#breadcrumb\"},\"inLanguage\":\"es\",\"potentialAction\":[{\"@type\":\"ReadAction\",\"target\":[\"https:\/\/aeronoticias.com.pe\/noticiero\/economia\/chiclayo-empresarios-expectantes-ante-inicio-de-modernizacion-de-aeropuerto\/\"]}]},{\"@type\":\"BreadcrumbList\",\"@id\":\"https:\/\/aeronoticias.com.pe\/noticiero\/economia\/chiclayo-empresarios-expectantes-ante-inicio-de-modernizacion-de-aeropuerto\/#breadcrumb\",\"itemListElement\":[{\"@type\":\"ListItem\",\"position\":1,\"name\":\"Portada\",\"item\":\"https:\/\/aeronoticias.com.pe\/noticiero\/\"},{\"@type\":\"ListItem\",\"position\":2,\"name\":\"Chiclayo: empresarios expectantes ante inicio de modernizaci\u00f3n de aeropuerto\"}]},{\"@type\":\"WebSite\",\"@id\":\"https:\/\/aeronoticias.com.pe\/noticiero\/#website\",\"url\":\"https:\/\/aeronoticias.com.pe\/noticiero\/\",\"name\":\"Aeronoticias.com.pe\",\"description\":\"Noticias de tranporte aereo, turismo, hoteles, gastronomia, actualidad, internacional\",\"potentialAction\":[{\"@type\":\"SearchAction\",\"target\":{\"@type\":\"EntryPoint\",\"urlTemplate\":\"https:\/\/aeronoticias.com.pe\/noticiero\/?s={search_term_string}\"},\"query-input\":{\"@type\":\"PropertyValueSpecification\",\"valueRequired\":true,\"valueName\":\"search_term_string\"}}],\"inLanguage\":\"es\"},{\"@type\":\"Person\",\"@id\":\"https:\/\/aeronoticias.com.pe\/noticiero\/#\/schema\/person\/fc1e5d578f4b62ba1cf7ac2bba1170a0\",\"name\":\"Redacci\u00f3n Aeronoticias\",\"url\":\"https:\/\/aeronoticias.com.pe\/noticiero\/author\/piloto\/\"}]}<\/script>\n<!-- \/ Yoast SEO plugin. -->","yoast_head_json":{"title":"Chiclayo: empresarios expectantes ante inicio de modernizaci\u00f3n de aeropuerto","description":"Portal de noticias del Per\u00fa sobre el transporte a\u00e9reo, aviaci\u00f3n, turismo, hoteleria, actualidad.","robots":{"index":"index","follow":"follow","max-snippet":"max-snippet:-1","max-image-preview":"max-image-preview:large","max-video-preview":"max-video-preview:-1"},"canonical":"https:\/\/aeronoticias.com.pe\/noticiero\/economia\/chiclayo-empresarios-expectantes-ante-inicio-de-modernizacion-de-aeropuerto\/","og_locale":"es_ES","og_type":"article","og_title":"Chiclayo: empresarios expectantes ante inicio de modernizaci\u00f3n de aeropuerto","og_description":"Portal de noticias del Per\u00fa sobre el transporte a\u00e9reo, aviaci\u00f3n, turismo, hoteleria, actualidad.","og_url":"https:\/\/aeronoticias.com.pe\/noticiero\/economia\/chiclayo-empresarios-expectantes-ante-inicio-de-modernizacion-de-aeropuerto\/","og_site_name":"Aeronoticias.com.pe","article_publisher":"https:\/\/www.facebook.com\/Aeronoticias.com.pe\/","article_published_time":"2016-06-27T15:05:52+00:00","author":"Redacci\u00f3n Aeronoticias","twitter_card":"summary_large_image","twitter_creator":"@aeronoticias","twitter_site":"@aeronoticias","twitter_misc":{"Escrito por":"Redacci\u00f3n Aeronoticias","Tiempo de lectura":"2 minutos"},"schema":{"@context":"https:\/\/schema.org","@graph":[{"@type":"WebPage","@id":"https:\/\/aeronoticias.com.pe\/noticiero\/economia\/chiclayo-empresarios-expectantes-ante-inicio-de-modernizacion-de-aeropuerto\/","url":"https:\/\/aeronoticias.com.pe\/noticiero\/economia\/chiclayo-empresarios-expectantes-ante-inicio-de-modernizacion-de-aeropuerto\/","name":"Chiclayo: empresarios expectantes ante inicio de modernizaci\u00f3n de aeropuerto","isPartOf":{"@id":"https:\/\/aeronoticias.com.pe\/noticiero\/#website"},"datePublished":"2016-06-27T15:05:52+00:00","author":{"@id":"https:\/\/aeronoticias.com.pe\/noticiero\/#\/schema\/person\/fc1e5d578f4b62ba1cf7ac2bba1170a0"},"description":"Portal de noticias del Per\u00fa sobre el transporte a\u00e9reo, aviaci\u00f3n, turismo, hoteleria, actualidad.","breadcrumb":{"@id":"https:\/\/aeronoticias.com.pe\/noticiero\/economia\/chiclayo-empresarios-expectantes-ante-inicio-de-modernizacion-de-aeropuerto\/#breadcrumb"},"inLanguage":"es","potentialAction":[{"@type":"ReadAction","target":["https:\/\/aeronoticias.com.pe\/noticiero\/economia\/chiclayo-empresarios-expectantes-ante-inicio-de-modernizacion-de-aeropuerto\/"]}]},{"@type":"BreadcrumbList","@id":"https:\/\/aeronoticias.com.pe\/noticiero\/economia\/chiclayo-empresarios-expectantes-ante-inicio-de-modernizacion-de-aeropuerto\/#breadcrumb","itemListElement":[{"@type":"ListItem","position":1,"name":"Portada","item":"https:\/\/aeronoticias.com.pe\/noticiero\/"},{"@type":"ListItem","position":2,"name":"Chiclayo: empresarios expectantes ante inicio de modernizaci\u00f3n de aeropuerto"}]},{"@type":"WebSite","@id":"https:\/\/aeronoticias.com.pe\/noticiero\/#website","url":"https:\/\/aeronoticias.com.pe\/noticiero\/","name":"Aeronoticias.com.pe","description":"Noticias de tranporte aereo, turismo, hoteles, gastronomia, actualidad, internacional","potentialAction":[{"@type":"SearchAction","target":{"@type":"EntryPoint","urlTemplate":"https:\/\/aeronoticias.com.pe\/noticiero\/?s={search_term_string}"},"query-input":{"@type":"PropertyValueSpecification","valueRequired":true,"valueName":"search_term_string"}}],"inLanguage":"es"},{"@type":"Person","@id":"https:\/\/aeronoticias.com.pe\/noticiero\/#\/schema\/person\/fc1e5d578f4b62ba1cf7ac2bba1170a0","name":"Redacci\u00f3n Aeronoticias","url":"https:\/\/aeronoticias.com.pe\/noticiero\/author\/piloto\/"}]}},"_links":{"self":[{"href":"https:\/\/aeronoticias.com.pe\/noticiero\/wp-json\/wp\/v2\/posts\/55262","targetHints":{"allow":["GET"]}}],"collection":[{"href":"https:\/\/aeronoticias.com.pe\/noticiero\/wp-json\/wp\/v2\/posts"}],"about":[{"href":"https:\/\/aeronoticias.com.pe\/noticiero\/wp-json\/wp\/v2\/types\/post"}],"author":[{"embeddable":true,"href":"https:\/\/aeronoticias.com.pe\/noticiero\/wp-json\/wp\/v2\/users\/1"}],"replies":[{"embeddable":true,"href":"https:\/\/aeronoticias.com.pe\/noticiero\/wp-json\/wp\/v2\/comments?post=55262"}],"version-history":[{"count":0,"href":"https:\/\/aeronoticias.com.pe\/noticiero\/wp-json\/wp\/v2\/posts\/55262\/revisions"}],"wp:attachment":[{"href":"https:\/\/aeronoticias.com.pe\/noticiero\/wp-json\/wp\/v2\/media?parent=55262"}],"wp:term":[{"taxonomy":"category","embeddable":true,"href":"https:\/\/aeronoticias.com.pe\/noticiero\/wp-json\/wp\/v2\/categories?post=55262"},{"taxonomy":"post_tag","embeddable":true,"href":"https:\/\/aeronoticias.com.pe\/noticiero\/wp-json\/wp\/v2\/tags?post=55262"}],"curies":[{"name":"wp","href":"https:\/\/api.w.org\/{rel}","templated":true}]}}