{"id":55263,"date":"2016-06-27T15:07:10","date_gmt":"2016-06-27T15:07:10","guid":{"rendered":"http:\/\/desarrollo.mcvicious.com\/aero2020\/2016\/06\/27\/en-julio-se-implementaran-en-todo-el-pais-20-puntos-de-emision-de-pasaporte-electronico\/"},"modified":"2016-06-27T15:07:10","modified_gmt":"2016-06-27T15:07:10","slug":"en-julio-se-implementaran-en-todo-el-pais-20-puntos-de-emision-de-pasaporte-electronico","status":"publish","type":"post","link":"https:\/\/aeronoticias.com.pe\/noticiero\/nacionales\/en-julio-se-implementaran-en-todo-el-pais-20-puntos-de-emision-de-pasaporte-electronico\/","title":{"rendered":"En julio se implementar\u00e1n en todo el pa\u00eds 20 puntos de emisi\u00f3n de pasaporte electr\u00f3nico"},"content":{"rendered":"<p style=\"text-align: justify;\"><strong>(Aeronoticias) <\/strong><span style=\"font-size: 12.16px; line-height: 1.3em;\">Durante julio de este a\u00f1o se implementar\u00e1n 20 puntos de emisi\u00f3n del pasaporte electr\u00f3nico a nivel nacional, se inform\u00f3 durante la presentaci\u00f3n del premio al mejor documento de identidad del 2016 de Am\u00e9rica Latina obtenido por el pasaporte peruano.<\/span><\/p>\n<p style=\"text-align: justify;\"><span style=\"font-size: 12.16px; line-height: 1.3em;\">En este evento, donde particip\u00f3 el ministro del Interior, Jos\u00e9 Luis P\u00e9rez Guadalupe y el superintendente nacional de Migraciones, Boris Potoz\u00e9n Braco, se present\u00f3 el premio obtenido el 21 de este mes en M\u00e9xico.<\/span><\/p>\n<p style=\"text-align: justify;\"><span style=\"font-size: 12.16px; line-height: 1.3em;\">\u201cEs un reconocimiento a este pasaporte que, internamente, lo llamamos \u2018pasaporte SER\u2019 porque es seguro, con 88 mecanismos de seguridad; es econ\u00f3mico, el m\u00e1s econ\u00f3mico de la regi\u00f3n; y se emite con rapidez, con un promedio de media hora en el proceso de entrega, cuando en pa\u00edses vecinos la demora es de dos o tres d\u00edas o una semana\u201d, expres\u00f3 el ministro.<\/span><\/p>\n<p style=\"text-align: justify;\"><span style=\"font-size: 12.16px; line-height: 1.3em;\">Felicit\u00f3 a todo el equipo de Migraciones y al consorcio que hizo posible la emisi\u00f3n del pasaporte por el logro alcanzado, gracias a una pol\u00edtica de seguridad integral de este gobierno que ha llevado incluso a una exoneraci\u00f3n de la Visa Schengen en Europa.<\/span><\/p>\n<p style=\"text-align: justify;\"><span style=\"font-size: 12.16px; line-height: 1.3em;\">Indic\u00f3 que los peruanos pueden sentirse tranquilos porque desde el pr\u00f3ximo mes podr\u00e1n tramitar de manera directa el pasaporte a nivel nacional, a diferencia de ahora en que solo se emite en la sede central de Migraciones, en Lima.<\/span><\/p>\n<p style=\"text-align: justify;\"><span style=\"font-size: 12.16px; line-height: 1.3em;\">Hasta el momento, Migraciones ha emitido m\u00e1s de 22 mil pasaportes electr\u00f3nicos. Desde julio, la Superintendencia tiene planificado entregar a nivel nacional este documento basado en la biometr\u00eda, que tiene un costo de S\/ 98.50 y una vigencia de cinco a\u00f1os y de tres para menores de 12 a\u00f1os de edad.<\/span><\/p>\n<p style=\"text-align: justify;\"><span style=\"font-size: 12.16px; line-height: 1.3em;\">El superintendente de Migraciones, quien recibi\u00f3 el premio en la capital mexicana en el evento High Security Printing Latinoam\u00e9rica, organizado por la entidad Reconnaissance International, inform\u00f3 que la seguridad que brinda el pasaporte electr\u00f3nico peruano fue fundamental para la obtenci\u00f3n del galard\u00f3n.<\/span><\/p>\n<p style=\"text-align: justify;\"><span style=\"font-size: 12.16px; line-height: 1.3em;\">El documento de viaje tiene 88 medidas de seguridad de hasta tres niveles: 35 en el primer nivel, que se ven a simple vista; 34 en el segundo nivel, que se aprecian con luz ultravioleta; y 19 en el tercer nivel, que se pueden ver en laboratorio con microscopio y luz infrarroja.<\/span><\/p>\n<p style=\"text-align: justify;\"><span style=\"font-size: 12.16px; line-height: 1.3em;\"><strong><em>Fuente: Andina<\/em><\/strong><\/span><\/p>\n<p style=\"text-align: justify;\"><span style=\"font-size: 12.16px; line-height: 1.3em;\"><strong><em><img decoding=\"async\" src=\"images\/stories\/16\/06\/270616\/pelectronico.jpg\" border=\"0\" \/><br \/><\/em><\/strong><\/span><\/p>\n","protected":false},"excerpt":{"rendered":"<p>(Aeronoticias) Durante julio de este a\u00f1o se implementar\u00e1n 20 puntos de emisi\u00f3n del pasaporte electr\u00f3nico a nivel nacional, se inform\u00f3 durante la presentaci\u00f3n del premio al mejor documento de identidad del 2016 de Am\u00e9rica Latina obtenido por el pasaporte peruano. En este evento, donde particip\u00f3 el ministro del Interior, Jos\u00e9 Luis P\u00e9rez Guadalupe y el [&hellip;]<\/p>\n","protected":false},"author":1,"featured_media":0,"comment_status":"open","ping_status":"open","sticky":false,"template":"","format":"standard","meta":{"tdm_status":"","tdm_grid_status":"","footnotes":""},"categories":[38],"tags":[],"class_list":{"0":"post-55263","1":"post","2":"type-post","3":"status-publish","4":"format-standard","6":"category-nacionales"},"yoast_head":"<!-- This site is optimized with the Yoast SEO plugin v25.1 - https:\/\/yoast.com\/wordpress\/plugins\/seo\/ -->\n<title>En julio se implementar\u00e1n en todo el pa\u00eds 20 puntos de emisi\u00f3n de pasaporte electr\u00f3nico<\/title>\n<meta name=\"description\" content=\"Portal de noticias del Per\u00fa sobre el transporte a\u00e9reo, aviaci\u00f3n, turismo, hoteleria, actualidad.\" \/>\n<meta name=\"robots\" content=\"index, follow, max-snippet:-1, max-image-preview:large, max-video-preview:-1\" \/>\n<link rel=\"canonical\" href=\"https:\/\/aeronoticias.com.pe\/noticiero\/nacionales\/en-julio-se-implementaran-en-todo-el-pais-20-puntos-de-emision-de-pasaporte-electronico\/\" \/>\n<meta property=\"og:locale\" content=\"es_ES\" \/>\n<meta property=\"og:type\" content=\"article\" \/>\n<meta property=\"og:title\" content=\"En julio se implementar\u00e1n en todo el pa\u00eds 20 puntos de emisi\u00f3n de pasaporte electr\u00f3nico\" \/>\n<meta property=\"og:description\" content=\"Portal de noticias del Per\u00fa sobre el transporte a\u00e9reo, aviaci\u00f3n, turismo, hoteleria, actualidad.\" \/>\n<meta property=\"og:url\" content=\"https:\/\/aeronoticias.com.pe\/noticiero\/nacionales\/en-julio-se-implementaran-en-todo-el-pais-20-puntos-de-emision-de-pasaporte-electronico\/\" \/>\n<meta property=\"og:site_name\" content=\"Aeronoticias.com.pe\" \/>\n<meta property=\"article:publisher\" content=\"https:\/\/www.facebook.com\/Aeronoticias.com.pe\/\" \/>\n<meta property=\"article:published_time\" content=\"2016-06-27T15:07:10+00:00\" \/>\n<meta name=\"author\" content=\"Redacci\u00f3n Aeronoticias\" \/>\n<meta name=\"twitter:card\" content=\"summary_large_image\" \/>\n<meta name=\"twitter:creator\" content=\"@aeronoticias\" \/>\n<meta name=\"twitter:site\" content=\"@aeronoticias\" \/>\n<meta name=\"twitter:label1\" content=\"Escrito por\" \/>\n\t<meta name=\"twitter:data1\" content=\"Redacci\u00f3n Aeronoticias\" \/>\n\t<meta name=\"twitter:label2\" content=\"Tiempo de lectura\" \/>\n\t<meta name=\"twitter:data2\" content=\"2 minutos\" \/>\n<script type=\"application\/ld+json\" class=\"yoast-schema-graph\">{\"@context\":\"https:\/\/schema.org\",\"@graph\":[{\"@type\":\"WebPage\",\"@id\":\"https:\/\/aeronoticias.com.pe\/noticiero\/nacionales\/en-julio-se-implementaran-en-todo-el-pais-20-puntos-de-emision-de-pasaporte-electronico\/\",\"url\":\"https:\/\/aeronoticias.com.pe\/noticiero\/nacionales\/en-julio-se-implementaran-en-todo-el-pais-20-puntos-de-emision-de-pasaporte-electronico\/\",\"name\":\"En julio se implementar\u00e1n en todo el pa\u00eds 20 puntos de emisi\u00f3n de pasaporte electr\u00f3nico\",\"isPartOf\":{\"@id\":\"https:\/\/aeronoticias.com.pe\/noticiero\/#website\"},\"datePublished\":\"2016-06-27T15:07:10+00:00\",\"author\":{\"@id\":\"https:\/\/aeronoticias.com.pe\/noticiero\/#\/schema\/person\/fc1e5d578f4b62ba1cf7ac2bba1170a0\"},\"description\":\"Portal de noticias del Per\u00fa sobre el transporte a\u00e9reo, aviaci\u00f3n, turismo, hoteleria, actualidad.\",\"breadcrumb\":{\"@id\":\"https:\/\/aeronoticias.com.pe\/noticiero\/nacionales\/en-julio-se-implementaran-en-todo-el-pais-20-puntos-de-emision-de-pasaporte-electronico\/#breadcrumb\"},\"inLanguage\":\"es\",\"potentialAction\":[{\"@type\":\"ReadAction\",\"target\":[\"https:\/\/aeronoticias.com.pe\/noticiero\/nacionales\/en-julio-se-implementaran-en-todo-el-pais-20-puntos-de-emision-de-pasaporte-electronico\/\"]}]},{\"@type\":\"BreadcrumbList\",\"@id\":\"https:\/\/aeronoticias.com.pe\/noticiero\/nacionales\/en-julio-se-implementaran-en-todo-el-pais-20-puntos-de-emision-de-pasaporte-electronico\/#breadcrumb\",\"itemListElement\":[{\"@type\":\"ListItem\",\"position\":1,\"name\":\"Portada\",\"item\":\"https:\/\/aeronoticias.com.pe\/noticiero\/\"},{\"@type\":\"ListItem\",\"position\":2,\"name\":\"En julio se implementar\u00e1n en todo el pa\u00eds 20 puntos de emisi\u00f3n de pasaporte electr\u00f3nico\"}]},{\"@type\":\"WebSite\",\"@id\":\"https:\/\/aeronoticias.com.pe\/noticiero\/#website\",\"url\":\"https:\/\/aeronoticias.com.pe\/noticiero\/\",\"name\":\"Aeronoticias.com.pe\",\"description\":\"Noticias de tranporte aereo, turismo, hoteles, gastronomia, actualidad, internacional\",\"potentialAction\":[{\"@type\":\"SearchAction\",\"target\":{\"@type\":\"EntryPoint\",\"urlTemplate\":\"https:\/\/aeronoticias.com.pe\/noticiero\/?s={search_term_string}\"},\"query-input\":{\"@type\":\"PropertyValueSpecification\",\"valueRequired\":true,\"valueName\":\"search_term_string\"}}],\"inLanguage\":\"es\"},{\"@type\":\"Person\",\"@id\":\"https:\/\/aeronoticias.com.pe\/noticiero\/#\/schema\/person\/fc1e5d578f4b62ba1cf7ac2bba1170a0\",\"name\":\"Redacci\u00f3n Aeronoticias\",\"url\":\"https:\/\/aeronoticias.com.pe\/noticiero\/author\/piloto\/\"}]}<\/script>\n<!-- \/ Yoast SEO plugin. -->","yoast_head_json":{"title":"En julio se implementar\u00e1n en todo el pa\u00eds 20 puntos de emisi\u00f3n de pasaporte electr\u00f3nico","description":"Portal de noticias del Per\u00fa sobre el transporte a\u00e9reo, aviaci\u00f3n, turismo, hoteleria, actualidad.","robots":{"index":"index","follow":"follow","max-snippet":"max-snippet:-1","max-image-preview":"max-image-preview:large","max-video-preview":"max-video-preview:-1"},"canonical":"https:\/\/aeronoticias.com.pe\/noticiero\/nacionales\/en-julio-se-implementaran-en-todo-el-pais-20-puntos-de-emision-de-pasaporte-electronico\/","og_locale":"es_ES","og_type":"article","og_title":"En julio se implementar\u00e1n en todo el pa\u00eds 20 puntos de emisi\u00f3n de pasaporte electr\u00f3nico","og_description":"Portal de noticias del Per\u00fa sobre el transporte a\u00e9reo, aviaci\u00f3n, turismo, hoteleria, actualidad.","og_url":"https:\/\/aeronoticias.com.pe\/noticiero\/nacionales\/en-julio-se-implementaran-en-todo-el-pais-20-puntos-de-emision-de-pasaporte-electronico\/","og_site_name":"Aeronoticias.com.pe","article_publisher":"https:\/\/www.facebook.com\/Aeronoticias.com.pe\/","article_published_time":"2016-06-27T15:07:10+00:00","author":"Redacci\u00f3n Aeronoticias","twitter_card":"summary_large_image","twitter_creator":"@aeronoticias","twitter_site":"@aeronoticias","twitter_misc":{"Escrito por":"Redacci\u00f3n Aeronoticias","Tiempo de lectura":"2 minutos"},"schema":{"@context":"https:\/\/schema.org","@graph":[{"@type":"WebPage","@id":"https:\/\/aeronoticias.com.pe\/noticiero\/nacionales\/en-julio-se-implementaran-en-todo-el-pais-20-puntos-de-emision-de-pasaporte-electronico\/","url":"https:\/\/aeronoticias.com.pe\/noticiero\/nacionales\/en-julio-se-implementaran-en-todo-el-pais-20-puntos-de-emision-de-pasaporte-electronico\/","name":"En julio se implementar\u00e1n en todo el pa\u00eds 20 puntos de emisi\u00f3n de pasaporte electr\u00f3nico","isPartOf":{"@id":"https:\/\/aeronoticias.com.pe\/noticiero\/#website"},"datePublished":"2016-06-27T15:07:10+00:00","author":{"@id":"https:\/\/aeronoticias.com.pe\/noticiero\/#\/schema\/person\/fc1e5d578f4b62ba1cf7ac2bba1170a0"},"description":"Portal de noticias del Per\u00fa sobre el transporte a\u00e9reo, aviaci\u00f3n, turismo, hoteleria, actualidad.","breadcrumb":{"@id":"https:\/\/aeronoticias.com.pe\/noticiero\/nacionales\/en-julio-se-implementaran-en-todo-el-pais-20-puntos-de-emision-de-pasaporte-electronico\/#breadcrumb"},"inLanguage":"es","potentialAction":[{"@type":"ReadAction","target":["https:\/\/aeronoticias.com.pe\/noticiero\/nacionales\/en-julio-se-implementaran-en-todo-el-pais-20-puntos-de-emision-de-pasaporte-electronico\/"]}]},{"@type":"BreadcrumbList","@id":"https:\/\/aeronoticias.com.pe\/noticiero\/nacionales\/en-julio-se-implementaran-en-todo-el-pais-20-puntos-de-emision-de-pasaporte-electronico\/#breadcrumb","itemListElement":[{"@type":"ListItem","position":1,"name":"Portada","item":"https:\/\/aeronoticias.com.pe\/noticiero\/"},{"@type":"ListItem","position":2,"name":"En julio se implementar\u00e1n en todo el pa\u00eds 20 puntos de emisi\u00f3n de pasaporte electr\u00f3nico"}]},{"@type":"WebSite","@id":"https:\/\/aeronoticias.com.pe\/noticiero\/#website","url":"https:\/\/aeronoticias.com.pe\/noticiero\/","name":"Aeronoticias.com.pe","description":"Noticias de tranporte aereo, turismo, hoteles, gastronomia, actualidad, internacional","potentialAction":[{"@type":"SearchAction","target":{"@type":"EntryPoint","urlTemplate":"https:\/\/aeronoticias.com.pe\/noticiero\/?s={search_term_string}"},"query-input":{"@type":"PropertyValueSpecification","valueRequired":true,"valueName":"search_term_string"}}],"inLanguage":"es"},{"@type":"Person","@id":"https:\/\/aeronoticias.com.pe\/noticiero\/#\/schema\/person\/fc1e5d578f4b62ba1cf7ac2bba1170a0","name":"Redacci\u00f3n Aeronoticias","url":"https:\/\/aeronoticias.com.pe\/noticiero\/author\/piloto\/"}]}},"_links":{"self":[{"href":"https:\/\/aeronoticias.com.pe\/noticiero\/wp-json\/wp\/v2\/posts\/55263","targetHints":{"allow":["GET"]}}],"collection":[{"href":"https:\/\/aeronoticias.com.pe\/noticiero\/wp-json\/wp\/v2\/posts"}],"about":[{"href":"https:\/\/aeronoticias.com.pe\/noticiero\/wp-json\/wp\/v2\/types\/post"}],"author":[{"embeddable":true,"href":"https:\/\/aeronoticias.com.pe\/noticiero\/wp-json\/wp\/v2\/users\/1"}],"replies":[{"embeddable":true,"href":"https:\/\/aeronoticias.com.pe\/noticiero\/wp-json\/wp\/v2\/comments?post=55263"}],"version-history":[{"count":0,"href":"https:\/\/aeronoticias.com.pe\/noticiero\/wp-json\/wp\/v2\/posts\/55263\/revisions"}],"wp:attachment":[{"href":"https:\/\/aeronoticias.com.pe\/noticiero\/wp-json\/wp\/v2\/media?parent=55263"}],"wp:term":[{"taxonomy":"category","embeddable":true,"href":"https:\/\/aeronoticias.com.pe\/noticiero\/wp-json\/wp\/v2\/categories?post=55263"},{"taxonomy":"post_tag","embeddable":true,"href":"https:\/\/aeronoticias.com.pe\/noticiero\/wp-json\/wp\/v2\/tags?post=55263"}],"curies":[{"name":"wp","href":"https:\/\/api.w.org\/{rel}","templated":true}]}}