{"id":5527,"date":"2009-09-29T19:45:01","date_gmt":"2009-09-29T19:45:01","guid":{"rendered":"http:\/\/desarrollo.mcvicious.com\/aero2020\/2009\/09\/29\/senor-de-los-milagros-recorrera-calles-de-roma-y-ciudad-del-vaticano\/"},"modified":"2009-09-29T19:45:01","modified_gmt":"2009-09-29T19:45:01","slug":"senor-de-los-milagros-recorrera-calles-de-roma-y-ciudad-del-vaticano","status":"publish","type":"post","link":"https:\/\/aeronoticias.com.pe\/noticiero\/ultimas\/1\/senor-de-los-milagros-recorrera-calles-de-roma-y-ciudad-del-vaticano\/","title":{"rendered":"SE\u00d1OR DE LOS MILAGROS RECORRER\u00c1 CALLES DE ROMA Y CIUDAD DEL VATICANO"},"content":{"rendered":"<div align=\"justify\">Miles de fieles peruanos residentes en Italia acompa\u00f1ar\u00e1n en su recorrido por las calles de Roma y Ciudad del Vaticano a la venerada imagen del Se\u00f1or de los Milagros en los d\u00edas 11 y 18 de octubre.<\/p>\n<p>El Se\u00f1or de los Milagros cuenta con el reconocimiento de El Vaticano, que ya le asign\u00f3 un lugar en la di\u00f3cesis y estar\u00e1 presente en el Angelus que rezar\u00e1 el Papa Benedicto XVI que oficiar\u00e1 una misa en su honor en la bas\u00edlica San Pedro, con concurrencia de los representantes diplom\u00e1ticos peruanos de Roma y la Santa Sede. <\/p>\n<div style=\"text-align: center\"><img decoding=\"async\" src=\"images\/stories\/09\/09\/290909\/smilagros.jpg\" border=\"0\" alt=\"SE\u00d1OR DE LOS MILAGROS RECORRER\u00c1 CALLES DE ROMA Y CIUDAD DEL VATICANO\" title=\"SE\u00d1OR DE LOS MILAGROS RECORRER\u00c1 CALLES DE ROMA Y CIUDAD DEL VATICANO\" \/><\/div>\n<p>En estas celebraciones participar\u00e1n las hermandades del Cristo Moreno de las ciudades de Firenze, N\u00e1poli, Perugia.<\/div>\n","protected":false},"excerpt":{"rendered":"<p>Miles de fieles peruanos residentes en Italia acompa\u00f1ar\u00e1n en su recorrido por las calles de Roma y Ciudad del Vaticano a la venerada imagen del Se\u00f1or de los Milagros en los d\u00edas 11 y 18 de octubre. El Se\u00f1or de los Milagros cuenta con el reconocimiento de El Vaticano, que ya le asign\u00f3 un lugar [&hellip;]<\/p>\n","protected":false},"author":1,"featured_media":0,"comment_status":"open","ping_status":"open","sticky":false,"template":"","format":"standard","meta":{"tdm_status":"","tdm_grid_status":"","footnotes":""},"categories":[30],"tags":[],"class_list":{"0":"post-5527","1":"post","2":"type-post","3":"status-publish","4":"format-standard","6":"category-30"},"yoast_head":"<!-- This site is optimized with the Yoast SEO plugin v25.1 - https:\/\/yoast.com\/wordpress\/plugins\/seo\/ -->\n<title>SE\u00d1OR DE LOS MILAGROS RECORRER\u00c1 CALLES DE ROMA Y CIUDAD DEL VATICANO<\/title>\n<meta name=\"description\" content=\"Portal de noticias del Per\u00fa sobre el transporte a\u00e9reo, aviaci\u00f3n, turismo, hoteleria, actualidad.\" \/>\n<meta name=\"robots\" content=\"index, follow, max-snippet:-1, max-image-preview:large, max-video-preview:-1\" \/>\n<link rel=\"canonical\" href=\"https:\/\/aeronoticias.com.pe\/noticiero\/ultimas\/1\/senor-de-los-milagros-recorrera-calles-de-roma-y-ciudad-del-vaticano\/\" \/>\n<meta property=\"og:locale\" content=\"es_ES\" \/>\n<meta property=\"og:type\" content=\"article\" \/>\n<meta property=\"og:title\" content=\"SE\u00d1OR DE LOS MILAGROS RECORRER\u00c1 CALLES DE ROMA Y CIUDAD DEL VATICANO\" \/>\n<meta property=\"og:description\" content=\"Portal de noticias del Per\u00fa sobre el transporte a\u00e9reo, aviaci\u00f3n, turismo, hoteleria, actualidad.\" \/>\n<meta property=\"og:url\" content=\"https:\/\/aeronoticias.com.pe\/noticiero\/ultimas\/1\/senor-de-los-milagros-recorrera-calles-de-roma-y-ciudad-del-vaticano\/\" \/>\n<meta property=\"og:site_name\" content=\"Aeronoticias.com.pe\" \/>\n<meta property=\"article:publisher\" content=\"https:\/\/www.facebook.com\/Aeronoticias.com.pe\/\" \/>\n<meta property=\"article:published_time\" content=\"2009-09-29T19:45:01+00:00\" \/>\n<meta name=\"author\" content=\"Redacci\u00f3n Aeronoticias\" \/>\n<meta name=\"twitter:card\" content=\"summary_large_image\" \/>\n<meta name=\"twitter:creator\" content=\"@aeronoticias\" \/>\n<meta name=\"twitter:site\" content=\"@aeronoticias\" \/>\n<meta name=\"twitter:label1\" content=\"Escrito por\" \/>\n\t<meta name=\"twitter:data1\" content=\"Redacci\u00f3n Aeronoticias\" \/>\n\t<meta name=\"twitter:label2\" content=\"Tiempo de lectura\" \/>\n\t<meta name=\"twitter:data2\" content=\"1 minuto\" \/>\n<script type=\"application\/ld+json\" class=\"yoast-schema-graph\">{\"@context\":\"https:\/\/schema.org\",\"@graph\":[{\"@type\":\"WebPage\",\"@id\":\"https:\/\/aeronoticias.com.pe\/noticiero\/ultimas\/1\/senor-de-los-milagros-recorrera-calles-de-roma-y-ciudad-del-vaticano\/\",\"url\":\"https:\/\/aeronoticias.com.pe\/noticiero\/ultimas\/1\/senor-de-los-milagros-recorrera-calles-de-roma-y-ciudad-del-vaticano\/\",\"name\":\"SE\u00d1OR DE LOS MILAGROS RECORRER\u00c1 CALLES DE ROMA Y CIUDAD DEL VATICANO\",\"isPartOf\":{\"@id\":\"https:\/\/aeronoticias.com.pe\/noticiero\/#website\"},\"datePublished\":\"2009-09-29T19:45:01+00:00\",\"author\":{\"@id\":\"https:\/\/aeronoticias.com.pe\/noticiero\/#\/schema\/person\/fc1e5d578f4b62ba1cf7ac2bba1170a0\"},\"description\":\"Portal de noticias del Per\u00fa sobre el transporte a\u00e9reo, aviaci\u00f3n, turismo, hoteleria, actualidad.\",\"breadcrumb\":{\"@id\":\"https:\/\/aeronoticias.com.pe\/noticiero\/ultimas\/1\/senor-de-los-milagros-recorrera-calles-de-roma-y-ciudad-del-vaticano\/#breadcrumb\"},\"inLanguage\":\"es\",\"potentialAction\":[{\"@type\":\"ReadAction\",\"target\":[\"https:\/\/aeronoticias.com.pe\/noticiero\/ultimas\/1\/senor-de-los-milagros-recorrera-calles-de-roma-y-ciudad-del-vaticano\/\"]}]},{\"@type\":\"BreadcrumbList\",\"@id\":\"https:\/\/aeronoticias.com.pe\/noticiero\/ultimas\/1\/senor-de-los-milagros-recorrera-calles-de-roma-y-ciudad-del-vaticano\/#breadcrumb\",\"itemListElement\":[{\"@type\":\"ListItem\",\"position\":1,\"name\":\"Portada\",\"item\":\"https:\/\/aeronoticias.com.pe\/noticiero\/\"},{\"@type\":\"ListItem\",\"position\":2,\"name\":\"SE\u00d1OR DE LOS MILAGROS RECORRER\u00c1 CALLES DE ROMA Y CIUDAD DEL VATICANO\"}]},{\"@type\":\"WebSite\",\"@id\":\"https:\/\/aeronoticias.com.pe\/noticiero\/#website\",\"url\":\"https:\/\/aeronoticias.com.pe\/noticiero\/\",\"name\":\"Aeronoticias.com.pe\",\"description\":\"Noticias de tranporte aereo, turismo, hoteles, gastronomia, actualidad, internacional\",\"potentialAction\":[{\"@type\":\"SearchAction\",\"target\":{\"@type\":\"EntryPoint\",\"urlTemplate\":\"https:\/\/aeronoticias.com.pe\/noticiero\/?s={search_term_string}\"},\"query-input\":{\"@type\":\"PropertyValueSpecification\",\"valueRequired\":true,\"valueName\":\"search_term_string\"}}],\"inLanguage\":\"es\"},{\"@type\":\"Person\",\"@id\":\"https:\/\/aeronoticias.com.pe\/noticiero\/#\/schema\/person\/fc1e5d578f4b62ba1cf7ac2bba1170a0\",\"name\":\"Redacci\u00f3n Aeronoticias\",\"url\":\"https:\/\/aeronoticias.com.pe\/noticiero\/author\/piloto\/\"}]}<\/script>\n<!-- \/ Yoast SEO plugin. -->","yoast_head_json":{"title":"SE\u00d1OR DE LOS MILAGROS RECORRER\u00c1 CALLES DE ROMA Y CIUDAD DEL VATICANO","description":"Portal de noticias del Per\u00fa sobre el transporte a\u00e9reo, aviaci\u00f3n, turismo, hoteleria, actualidad.","robots":{"index":"index","follow":"follow","max-snippet":"max-snippet:-1","max-image-preview":"max-image-preview:large","max-video-preview":"max-video-preview:-1"},"canonical":"https:\/\/aeronoticias.com.pe\/noticiero\/ultimas\/1\/senor-de-los-milagros-recorrera-calles-de-roma-y-ciudad-del-vaticano\/","og_locale":"es_ES","og_type":"article","og_title":"SE\u00d1OR DE LOS MILAGROS RECORRER\u00c1 CALLES DE ROMA Y CIUDAD DEL VATICANO","og_description":"Portal de noticias del Per\u00fa sobre el transporte a\u00e9reo, aviaci\u00f3n, turismo, hoteleria, actualidad.","og_url":"https:\/\/aeronoticias.com.pe\/noticiero\/ultimas\/1\/senor-de-los-milagros-recorrera-calles-de-roma-y-ciudad-del-vaticano\/","og_site_name":"Aeronoticias.com.pe","article_publisher":"https:\/\/www.facebook.com\/Aeronoticias.com.pe\/","article_published_time":"2009-09-29T19:45:01+00:00","author":"Redacci\u00f3n Aeronoticias","twitter_card":"summary_large_image","twitter_creator":"@aeronoticias","twitter_site":"@aeronoticias","twitter_misc":{"Escrito por":"Redacci\u00f3n Aeronoticias","Tiempo de lectura":"1 minuto"},"schema":{"@context":"https:\/\/schema.org","@graph":[{"@type":"WebPage","@id":"https:\/\/aeronoticias.com.pe\/noticiero\/ultimas\/1\/senor-de-los-milagros-recorrera-calles-de-roma-y-ciudad-del-vaticano\/","url":"https:\/\/aeronoticias.com.pe\/noticiero\/ultimas\/1\/senor-de-los-milagros-recorrera-calles-de-roma-y-ciudad-del-vaticano\/","name":"SE\u00d1OR DE LOS MILAGROS RECORRER\u00c1 CALLES DE ROMA Y CIUDAD DEL VATICANO","isPartOf":{"@id":"https:\/\/aeronoticias.com.pe\/noticiero\/#website"},"datePublished":"2009-09-29T19:45:01+00:00","author":{"@id":"https:\/\/aeronoticias.com.pe\/noticiero\/#\/schema\/person\/fc1e5d578f4b62ba1cf7ac2bba1170a0"},"description":"Portal de noticias del Per\u00fa sobre el transporte a\u00e9reo, aviaci\u00f3n, turismo, hoteleria, actualidad.","breadcrumb":{"@id":"https:\/\/aeronoticias.com.pe\/noticiero\/ultimas\/1\/senor-de-los-milagros-recorrera-calles-de-roma-y-ciudad-del-vaticano\/#breadcrumb"},"inLanguage":"es","potentialAction":[{"@type":"ReadAction","target":["https:\/\/aeronoticias.com.pe\/noticiero\/ultimas\/1\/senor-de-los-milagros-recorrera-calles-de-roma-y-ciudad-del-vaticano\/"]}]},{"@type":"BreadcrumbList","@id":"https:\/\/aeronoticias.com.pe\/noticiero\/ultimas\/1\/senor-de-los-milagros-recorrera-calles-de-roma-y-ciudad-del-vaticano\/#breadcrumb","itemListElement":[{"@type":"ListItem","position":1,"name":"Portada","item":"https:\/\/aeronoticias.com.pe\/noticiero\/"},{"@type":"ListItem","position":2,"name":"SE\u00d1OR DE LOS MILAGROS RECORRER\u00c1 CALLES DE ROMA Y CIUDAD DEL VATICANO"}]},{"@type":"WebSite","@id":"https:\/\/aeronoticias.com.pe\/noticiero\/#website","url":"https:\/\/aeronoticias.com.pe\/noticiero\/","name":"Aeronoticias.com.pe","description":"Noticias de tranporte aereo, turismo, hoteles, gastronomia, actualidad, internacional","potentialAction":[{"@type":"SearchAction","target":{"@type":"EntryPoint","urlTemplate":"https:\/\/aeronoticias.com.pe\/noticiero\/?s={search_term_string}"},"query-input":{"@type":"PropertyValueSpecification","valueRequired":true,"valueName":"search_term_string"}}],"inLanguage":"es"},{"@type":"Person","@id":"https:\/\/aeronoticias.com.pe\/noticiero\/#\/schema\/person\/fc1e5d578f4b62ba1cf7ac2bba1170a0","name":"Redacci\u00f3n Aeronoticias","url":"https:\/\/aeronoticias.com.pe\/noticiero\/author\/piloto\/"}]}},"_links":{"self":[{"href":"https:\/\/aeronoticias.com.pe\/noticiero\/wp-json\/wp\/v2\/posts\/5527","targetHints":{"allow":["GET"]}}],"collection":[{"href":"https:\/\/aeronoticias.com.pe\/noticiero\/wp-json\/wp\/v2\/posts"}],"about":[{"href":"https:\/\/aeronoticias.com.pe\/noticiero\/wp-json\/wp\/v2\/types\/post"}],"author":[{"embeddable":true,"href":"https:\/\/aeronoticias.com.pe\/noticiero\/wp-json\/wp\/v2\/users\/1"}],"replies":[{"embeddable":true,"href":"https:\/\/aeronoticias.com.pe\/noticiero\/wp-json\/wp\/v2\/comments?post=5527"}],"version-history":[{"count":0,"href":"https:\/\/aeronoticias.com.pe\/noticiero\/wp-json\/wp\/v2\/posts\/5527\/revisions"}],"wp:attachment":[{"href":"https:\/\/aeronoticias.com.pe\/noticiero\/wp-json\/wp\/v2\/media?parent=5527"}],"wp:term":[{"taxonomy":"category","embeddable":true,"href":"https:\/\/aeronoticias.com.pe\/noticiero\/wp-json\/wp\/v2\/categories?post=5527"},{"taxonomy":"post_tag","embeddable":true,"href":"https:\/\/aeronoticias.com.pe\/noticiero\/wp-json\/wp\/v2\/tags?post=5527"}],"curies":[{"name":"wp","href":"https:\/\/api.w.org\/{rel}","templated":true}]}}