{"id":5531,"date":"2009-09-30T13:25:07","date_gmt":"2009-09-30T13:25:07","guid":{"rendered":"http:\/\/desarrollo.mcvicious.com\/aero2020\/2009\/09\/30\/el-tango-argentino-ya-es-patrimonio-de-la-humanidad-de-la-unesco\/"},"modified":"2009-09-30T13:25:07","modified_gmt":"2009-09-30T13:25:07","slug":"el-tango-argentino-ya-es-patrimonio-de-la-humanidad-de-la-unesco","status":"publish","type":"post","link":"https:\/\/aeronoticias.com.pe\/noticiero\/turismo\/13\/el-tango-argentino-ya-es-patrimonio-de-la-humanidad-de-la-unesco\/","title":{"rendered":"EL TANGO ARGENTINO YA ES PATRIMONIO DE LA HUMANIDAD DE LA UNESCO"},"content":{"rendered":"<div align=\"justify\">La candidatura fue presentada en conjunto por Buenos Aires y Montevideo al considerar al tango como una de las principales manifestaciones de la identidad de los habitantes rioplatenses, inform\u00f3 el gobierno porte\u00f1o.<\/p>\n<p>La Unesco declar\u00f3 hoy al tango Patrimonio Cultural Inmaterial de la Humanidad, durante la cuarta reuni\u00f3n de expertos del Comit\u00e9 Intergubernamental que se realiza en los Emiratos Arabes. Una gran milonga para celebrar.<\/p>\n<div style=\"text-align: center\"><img decoding=\"async\" src=\"images\/stories\/09\/09\/300909\/tango.jpg\" border=\"0\" alt=\"EL TANGO ARGENTINO YA ES PATRIMONIO DE LA HUMANIDAD DE LA UNESCO\" title=\"EL TANGO ARGENTINO YA ES PATRIMONIO DE LA HUMANIDAD DE LA UNESCO\" \/><\/div>\n<p>Desde Abu Dhabi, el ministro de Cultura porte\u00f1o, Hern\u00e1n Lombardi, dijo que \u00abesta proclamaci\u00f3n significa un reconocimiento y a la vez un compromiso para seguir fomentando la difusi\u00f3n del tango en sus diferentes estilos y estimulando la producci\u00f3n a trav\u00e9s de concursos de m\u00fasica, canto, baile y poes\u00eda\u00bb.<\/p>\n<p>La declaraci\u00f3n para la salvaguardia del patrimonio cultural inmaterial del g\u00e9nero se dio a conocer hoy ante la presencia de 400 delegados de todo el mundo reunidos en los Emiratos Arabes.<\/p>\n<p>El documento hab\u00eda sido presentado ante la UNESCO en octubre de 2008 e incluido para su evaluaci\u00f3n, mientras que en marzo \u00faltimo pas\u00f3 la aprobaci\u00f3n de los expertos externos. <\/p>\n<p><strong>Aeronoticias<\/strong> considera que este reconocimiento especial es positivo para este arte que es una de las expresiones m\u00e1s representativas del baile t\u00edpico de un pa\u00eds, a lo largo de la historia no existe casi lugar donde no haya sonado un bandone\u00f3n y se haya visto demostraci\u00f3n de esta apasionada danza.<br \/>\u00a0 <\/div>\n","protected":false},"excerpt":{"rendered":"<p>La candidatura fue presentada en conjunto por Buenos Aires y Montevideo al considerar al tango como una de las principales manifestaciones de la identidad de los habitantes rioplatenses, inform\u00f3 el gobierno porte\u00f1o. La Unesco declar\u00f3 hoy al tango Patrimonio Cultural Inmaterial de la Humanidad, durante la cuarta reuni\u00f3n de expertos del Comit\u00e9 Intergubernamental que se [&hellip;]<\/p>\n","protected":false},"author":1,"featured_media":0,"comment_status":"open","ping_status":"open","sticky":false,"template":"","format":"standard","meta":{"tdm_status":"","tdm_grid_status":"","footnotes":""},"categories":[31],"tags":[],"class_list":{"0":"post-5531","1":"post","2":"type-post","3":"status-publish","4":"format-standard","6":"category-31"},"yoast_head":"<!-- This site is optimized with the Yoast SEO plugin v25.1 - https:\/\/yoast.com\/wordpress\/plugins\/seo\/ -->\n<title>EL TANGO ARGENTINO YA ES PATRIMONIO DE LA HUMANIDAD DE LA UNESCO<\/title>\n<meta name=\"description\" content=\"Portal de noticias del Per\u00fa sobre el transporte a\u00e9reo, aviaci\u00f3n, turismo, hoteleria, actualidad.\" \/>\n<meta name=\"robots\" content=\"index, follow, max-snippet:-1, max-image-preview:large, max-video-preview:-1\" \/>\n<link rel=\"canonical\" href=\"https:\/\/aeronoticias.com.pe\/noticiero\/turismo\/13\/el-tango-argentino-ya-es-patrimonio-de-la-humanidad-de-la-unesco\/\" \/>\n<meta property=\"og:locale\" content=\"es_ES\" \/>\n<meta property=\"og:type\" content=\"article\" \/>\n<meta property=\"og:title\" content=\"EL TANGO ARGENTINO YA ES PATRIMONIO DE LA HUMANIDAD DE LA UNESCO\" \/>\n<meta property=\"og:description\" content=\"Portal de noticias del Per\u00fa sobre el transporte a\u00e9reo, aviaci\u00f3n, turismo, hoteleria, actualidad.\" \/>\n<meta property=\"og:url\" content=\"https:\/\/aeronoticias.com.pe\/noticiero\/turismo\/13\/el-tango-argentino-ya-es-patrimonio-de-la-humanidad-de-la-unesco\/\" \/>\n<meta property=\"og:site_name\" content=\"Aeronoticias.com.pe\" \/>\n<meta property=\"article:publisher\" content=\"https:\/\/www.facebook.com\/Aeronoticias.com.pe\/\" \/>\n<meta property=\"article:published_time\" content=\"2009-09-30T13:25:07+00:00\" \/>\n<meta name=\"author\" content=\"Redacci\u00f3n Aeronoticias\" \/>\n<meta name=\"twitter:card\" content=\"summary_large_image\" \/>\n<meta name=\"twitter:creator\" content=\"@aeronoticias\" \/>\n<meta name=\"twitter:site\" content=\"@aeronoticias\" \/>\n<meta name=\"twitter:label1\" content=\"Escrito por\" \/>\n\t<meta name=\"twitter:data1\" content=\"Redacci\u00f3n Aeronoticias\" \/>\n\t<meta name=\"twitter:label2\" content=\"Tiempo de lectura\" \/>\n\t<meta name=\"twitter:data2\" content=\"1 minuto\" \/>\n<script type=\"application\/ld+json\" class=\"yoast-schema-graph\">{\"@context\":\"https:\/\/schema.org\",\"@graph\":[{\"@type\":\"WebPage\",\"@id\":\"https:\/\/aeronoticias.com.pe\/noticiero\/turismo\/13\/el-tango-argentino-ya-es-patrimonio-de-la-humanidad-de-la-unesco\/\",\"url\":\"https:\/\/aeronoticias.com.pe\/noticiero\/turismo\/13\/el-tango-argentino-ya-es-patrimonio-de-la-humanidad-de-la-unesco\/\",\"name\":\"EL TANGO ARGENTINO YA ES PATRIMONIO DE LA HUMANIDAD DE LA UNESCO\",\"isPartOf\":{\"@id\":\"https:\/\/aeronoticias.com.pe\/noticiero\/#website\"},\"datePublished\":\"2009-09-30T13:25:07+00:00\",\"author\":{\"@id\":\"https:\/\/aeronoticias.com.pe\/noticiero\/#\/schema\/person\/fc1e5d578f4b62ba1cf7ac2bba1170a0\"},\"description\":\"Portal de noticias del Per\u00fa sobre el transporte a\u00e9reo, aviaci\u00f3n, turismo, hoteleria, actualidad.\",\"breadcrumb\":{\"@id\":\"https:\/\/aeronoticias.com.pe\/noticiero\/turismo\/13\/el-tango-argentino-ya-es-patrimonio-de-la-humanidad-de-la-unesco\/#breadcrumb\"},\"inLanguage\":\"es\",\"potentialAction\":[{\"@type\":\"ReadAction\",\"target\":[\"https:\/\/aeronoticias.com.pe\/noticiero\/turismo\/13\/el-tango-argentino-ya-es-patrimonio-de-la-humanidad-de-la-unesco\/\"]}]},{\"@type\":\"BreadcrumbList\",\"@id\":\"https:\/\/aeronoticias.com.pe\/noticiero\/turismo\/13\/el-tango-argentino-ya-es-patrimonio-de-la-humanidad-de-la-unesco\/#breadcrumb\",\"itemListElement\":[{\"@type\":\"ListItem\",\"position\":1,\"name\":\"Portada\",\"item\":\"https:\/\/aeronoticias.com.pe\/noticiero\/\"},{\"@type\":\"ListItem\",\"position\":2,\"name\":\"EL TANGO ARGENTINO YA ES PATRIMONIO DE LA HUMANIDAD DE LA UNESCO\"}]},{\"@type\":\"WebSite\",\"@id\":\"https:\/\/aeronoticias.com.pe\/noticiero\/#website\",\"url\":\"https:\/\/aeronoticias.com.pe\/noticiero\/\",\"name\":\"Aeronoticias.com.pe\",\"description\":\"Noticias de tranporte aereo, turismo, hoteles, gastronomia, actualidad, internacional\",\"potentialAction\":[{\"@type\":\"SearchAction\",\"target\":{\"@type\":\"EntryPoint\",\"urlTemplate\":\"https:\/\/aeronoticias.com.pe\/noticiero\/?s={search_term_string}\"},\"query-input\":{\"@type\":\"PropertyValueSpecification\",\"valueRequired\":true,\"valueName\":\"search_term_string\"}}],\"inLanguage\":\"es\"},{\"@type\":\"Person\",\"@id\":\"https:\/\/aeronoticias.com.pe\/noticiero\/#\/schema\/person\/fc1e5d578f4b62ba1cf7ac2bba1170a0\",\"name\":\"Redacci\u00f3n Aeronoticias\",\"url\":\"https:\/\/aeronoticias.com.pe\/noticiero\/author\/piloto\/\"}]}<\/script>\n<!-- \/ Yoast SEO plugin. -->","yoast_head_json":{"title":"EL TANGO ARGENTINO YA ES PATRIMONIO DE LA HUMANIDAD DE LA UNESCO","description":"Portal de noticias del Per\u00fa sobre el transporte a\u00e9reo, aviaci\u00f3n, turismo, hoteleria, actualidad.","robots":{"index":"index","follow":"follow","max-snippet":"max-snippet:-1","max-image-preview":"max-image-preview:large","max-video-preview":"max-video-preview:-1"},"canonical":"https:\/\/aeronoticias.com.pe\/noticiero\/turismo\/13\/el-tango-argentino-ya-es-patrimonio-de-la-humanidad-de-la-unesco\/","og_locale":"es_ES","og_type":"article","og_title":"EL TANGO ARGENTINO YA ES PATRIMONIO DE LA HUMANIDAD DE LA UNESCO","og_description":"Portal de noticias del Per\u00fa sobre el transporte a\u00e9reo, aviaci\u00f3n, turismo, hoteleria, actualidad.","og_url":"https:\/\/aeronoticias.com.pe\/noticiero\/turismo\/13\/el-tango-argentino-ya-es-patrimonio-de-la-humanidad-de-la-unesco\/","og_site_name":"Aeronoticias.com.pe","article_publisher":"https:\/\/www.facebook.com\/Aeronoticias.com.pe\/","article_published_time":"2009-09-30T13:25:07+00:00","author":"Redacci\u00f3n Aeronoticias","twitter_card":"summary_large_image","twitter_creator":"@aeronoticias","twitter_site":"@aeronoticias","twitter_misc":{"Escrito por":"Redacci\u00f3n Aeronoticias","Tiempo de lectura":"1 minuto"},"schema":{"@context":"https:\/\/schema.org","@graph":[{"@type":"WebPage","@id":"https:\/\/aeronoticias.com.pe\/noticiero\/turismo\/13\/el-tango-argentino-ya-es-patrimonio-de-la-humanidad-de-la-unesco\/","url":"https:\/\/aeronoticias.com.pe\/noticiero\/turismo\/13\/el-tango-argentino-ya-es-patrimonio-de-la-humanidad-de-la-unesco\/","name":"EL TANGO ARGENTINO YA ES PATRIMONIO DE LA HUMANIDAD DE LA UNESCO","isPartOf":{"@id":"https:\/\/aeronoticias.com.pe\/noticiero\/#website"},"datePublished":"2009-09-30T13:25:07+00:00","author":{"@id":"https:\/\/aeronoticias.com.pe\/noticiero\/#\/schema\/person\/fc1e5d578f4b62ba1cf7ac2bba1170a0"},"description":"Portal de noticias del Per\u00fa sobre el transporte a\u00e9reo, aviaci\u00f3n, turismo, hoteleria, actualidad.","breadcrumb":{"@id":"https:\/\/aeronoticias.com.pe\/noticiero\/turismo\/13\/el-tango-argentino-ya-es-patrimonio-de-la-humanidad-de-la-unesco\/#breadcrumb"},"inLanguage":"es","potentialAction":[{"@type":"ReadAction","target":["https:\/\/aeronoticias.com.pe\/noticiero\/turismo\/13\/el-tango-argentino-ya-es-patrimonio-de-la-humanidad-de-la-unesco\/"]}]},{"@type":"BreadcrumbList","@id":"https:\/\/aeronoticias.com.pe\/noticiero\/turismo\/13\/el-tango-argentino-ya-es-patrimonio-de-la-humanidad-de-la-unesco\/#breadcrumb","itemListElement":[{"@type":"ListItem","position":1,"name":"Portada","item":"https:\/\/aeronoticias.com.pe\/noticiero\/"},{"@type":"ListItem","position":2,"name":"EL TANGO ARGENTINO YA ES PATRIMONIO DE LA HUMANIDAD DE LA UNESCO"}]},{"@type":"WebSite","@id":"https:\/\/aeronoticias.com.pe\/noticiero\/#website","url":"https:\/\/aeronoticias.com.pe\/noticiero\/","name":"Aeronoticias.com.pe","description":"Noticias de tranporte aereo, turismo, hoteles, gastronomia, actualidad, internacional","potentialAction":[{"@type":"SearchAction","target":{"@type":"EntryPoint","urlTemplate":"https:\/\/aeronoticias.com.pe\/noticiero\/?s={search_term_string}"},"query-input":{"@type":"PropertyValueSpecification","valueRequired":true,"valueName":"search_term_string"}}],"inLanguage":"es"},{"@type":"Person","@id":"https:\/\/aeronoticias.com.pe\/noticiero\/#\/schema\/person\/fc1e5d578f4b62ba1cf7ac2bba1170a0","name":"Redacci\u00f3n Aeronoticias","url":"https:\/\/aeronoticias.com.pe\/noticiero\/author\/piloto\/"}]}},"_links":{"self":[{"href":"https:\/\/aeronoticias.com.pe\/noticiero\/wp-json\/wp\/v2\/posts\/5531","targetHints":{"allow":["GET"]}}],"collection":[{"href":"https:\/\/aeronoticias.com.pe\/noticiero\/wp-json\/wp\/v2\/posts"}],"about":[{"href":"https:\/\/aeronoticias.com.pe\/noticiero\/wp-json\/wp\/v2\/types\/post"}],"author":[{"embeddable":true,"href":"https:\/\/aeronoticias.com.pe\/noticiero\/wp-json\/wp\/v2\/users\/1"}],"replies":[{"embeddable":true,"href":"https:\/\/aeronoticias.com.pe\/noticiero\/wp-json\/wp\/v2\/comments?post=5531"}],"version-history":[{"count":0,"href":"https:\/\/aeronoticias.com.pe\/noticiero\/wp-json\/wp\/v2\/posts\/5531\/revisions"}],"wp:attachment":[{"href":"https:\/\/aeronoticias.com.pe\/noticiero\/wp-json\/wp\/v2\/media?parent=5531"}],"wp:term":[{"taxonomy":"category","embeddable":true,"href":"https:\/\/aeronoticias.com.pe\/noticiero\/wp-json\/wp\/v2\/categories?post=5531"},{"taxonomy":"post_tag","embeddable":true,"href":"https:\/\/aeronoticias.com.pe\/noticiero\/wp-json\/wp\/v2\/tags?post=5531"}],"curies":[{"name":"wp","href":"https:\/\/api.w.org\/{rel}","templated":true}]}}