{"id":5532,"date":"2009-09-30T13:26:46","date_gmt":"2009-09-30T13:26:46","guid":{"rendered":"http:\/\/desarrollo.mcvicious.com\/aero2020\/2009\/09\/30\/gordon-brown-primer-ministro-britanico-pierde-el-apoyo-del-diario-the-sun\/"},"modified":"2009-09-30T13:26:46","modified_gmt":"2009-09-30T13:26:46","slug":"gordon-brown-primer-ministro-britanico-pierde-el-apoyo-del-diario-the-sun","status":"publish","type":"post","link":"https:\/\/aeronoticias.com.pe\/noticiero\/internacionales\/gordon-brown-primer-ministro-britanico-pierde-el-apoyo-del-diario-the-sun\/","title":{"rendered":"GORDON BROWN, PRIMER MINISTRO BRITANICO PIERDE EL APOYO DEL DIARIO THE SUN"},"content":{"rendered":"<div align=\"justify\">El primer ministro brit\u00e1nico recibi\u00f3 hoy un nuevo golpe al perder el apoyo del peri\u00f3dico de mayor tirada de su pa\u00eds, de cara a las elecciones generales del pr\u00f3ximo a\u00f1o. El popular diario apuesta a partir de ahora por David Cameron, el candidato conservador.<\/p>\n<p>\u00abDespu\u00e9s de doce largos a\u00f1os en el poder, el gobierno ha perdido la direcci\u00f3n y ahora tambi\u00e9n ha perdido el apoyo del \u2019Sun\u2019\u00bb titula el rotativo, que vende cerca de tres millones de ejemplares diarios. <\/p>\n<div style=\"text-align: center\"><img decoding=\"async\" src=\"images\/stories\/09\/09\/300909\/gordon.jpg\" border=\"0\" alt=\"GORDON BROWN, PRIMER MINISTRO BRITANICO PIERDE EL APOYO DEL DIARIO THE SUN \" title=\"GORDON BROWN, PRIMER MINISTRO BRITANICO PIERDE EL APOYO DEL DIARIO THE SUN \" \/><\/div>\n<p>Seg\u00fan DPA, \u00abThe Sun\u00bb apostar\u00e1 ahora por el candidato conservador y principal rival de Brown en los comicios que se celebrar\u00e1n antes de mayo de 2010. El primer ministro laborista, que afronta una ca\u00edda de popularidad, se mostr\u00f3 impasible ante el anuncio. Los diarios no determinan las elecciones, sostuvo. <\/p>\n<p>\u00abEl pueblo brit\u00e1nico es el que decide; a m\u00ed me interesa la opini\u00f3n de la gente en el Reino Unido\u00bb, subray\u00f3.\u00a0\u00a0 \u00a0<\/div>\n","protected":false},"excerpt":{"rendered":"<p>El primer ministro brit\u00e1nico recibi\u00f3 hoy un nuevo golpe al perder el apoyo del peri\u00f3dico de mayor tirada de su pa\u00eds, de cara a las elecciones generales del pr\u00f3ximo a\u00f1o. El popular diario apuesta a partir de ahora por David Cameron, el candidato conservador. \u00abDespu\u00e9s de doce largos a\u00f1os en el poder, el gobierno ha [&hellip;]<\/p>\n","protected":false},"author":1,"featured_media":0,"comment_status":"open","ping_status":"open","sticky":false,"template":"","format":"standard","meta":{"tdm_status":"","tdm_grid_status":"","footnotes":""},"categories":[34],"tags":[],"class_list":{"0":"post-5532","1":"post","2":"type-post","3":"status-publish","4":"format-standard","6":"category-internacionales"},"yoast_head":"<!-- This site is optimized with the Yoast SEO plugin v25.1 - https:\/\/yoast.com\/wordpress\/plugins\/seo\/ -->\n<title>GORDON BROWN, PRIMER MINISTRO BRITANICO PIERDE EL APOYO DEL DIARIO THE SUN<\/title>\n<meta name=\"description\" content=\"Portal de noticias del Per\u00fa sobre el transporte a\u00e9reo, aviaci\u00f3n, turismo, hoteleria, actualidad.\" \/>\n<meta name=\"robots\" content=\"index, follow, max-snippet:-1, max-image-preview:large, max-video-preview:-1\" \/>\n<link rel=\"canonical\" href=\"https:\/\/aeronoticias.com.pe\/noticiero\/internacionales\/gordon-brown-primer-ministro-britanico-pierde-el-apoyo-del-diario-the-sun\/\" \/>\n<meta property=\"og:locale\" content=\"es_ES\" \/>\n<meta property=\"og:type\" content=\"article\" \/>\n<meta property=\"og:title\" content=\"GORDON BROWN, PRIMER MINISTRO BRITANICO PIERDE EL APOYO DEL DIARIO THE SUN\" \/>\n<meta property=\"og:description\" content=\"Portal de noticias del Per\u00fa sobre el transporte a\u00e9reo, aviaci\u00f3n, turismo, hoteleria, actualidad.\" \/>\n<meta property=\"og:url\" content=\"https:\/\/aeronoticias.com.pe\/noticiero\/internacionales\/gordon-brown-primer-ministro-britanico-pierde-el-apoyo-del-diario-the-sun\/\" \/>\n<meta property=\"og:site_name\" content=\"Aeronoticias.com.pe\" \/>\n<meta property=\"article:publisher\" content=\"https:\/\/www.facebook.com\/Aeronoticias.com.pe\/\" \/>\n<meta property=\"article:published_time\" content=\"2009-09-30T13:26:46+00:00\" \/>\n<meta name=\"author\" content=\"Redacci\u00f3n Aeronoticias\" \/>\n<meta name=\"twitter:card\" content=\"summary_large_image\" \/>\n<meta name=\"twitter:creator\" content=\"@aeronoticias\" \/>\n<meta name=\"twitter:site\" content=\"@aeronoticias\" \/>\n<meta name=\"twitter:label1\" content=\"Escrito por\" \/>\n\t<meta name=\"twitter:data1\" content=\"Redacci\u00f3n Aeronoticias\" \/>\n\t<meta name=\"twitter:label2\" content=\"Tiempo de lectura\" \/>\n\t<meta name=\"twitter:data2\" content=\"1 minuto\" \/>\n<script type=\"application\/ld+json\" class=\"yoast-schema-graph\">{\"@context\":\"https:\/\/schema.org\",\"@graph\":[{\"@type\":\"WebPage\",\"@id\":\"https:\/\/aeronoticias.com.pe\/noticiero\/internacionales\/gordon-brown-primer-ministro-britanico-pierde-el-apoyo-del-diario-the-sun\/\",\"url\":\"https:\/\/aeronoticias.com.pe\/noticiero\/internacionales\/gordon-brown-primer-ministro-britanico-pierde-el-apoyo-del-diario-the-sun\/\",\"name\":\"GORDON BROWN, PRIMER MINISTRO BRITANICO PIERDE EL APOYO DEL DIARIO THE SUN\",\"isPartOf\":{\"@id\":\"https:\/\/aeronoticias.com.pe\/noticiero\/#website\"},\"datePublished\":\"2009-09-30T13:26:46+00:00\",\"author\":{\"@id\":\"https:\/\/aeronoticias.com.pe\/noticiero\/#\/schema\/person\/fc1e5d578f4b62ba1cf7ac2bba1170a0\"},\"description\":\"Portal de noticias del Per\u00fa sobre el transporte a\u00e9reo, aviaci\u00f3n, turismo, hoteleria, actualidad.\",\"breadcrumb\":{\"@id\":\"https:\/\/aeronoticias.com.pe\/noticiero\/internacionales\/gordon-brown-primer-ministro-britanico-pierde-el-apoyo-del-diario-the-sun\/#breadcrumb\"},\"inLanguage\":\"es\",\"potentialAction\":[{\"@type\":\"ReadAction\",\"target\":[\"https:\/\/aeronoticias.com.pe\/noticiero\/internacionales\/gordon-brown-primer-ministro-britanico-pierde-el-apoyo-del-diario-the-sun\/\"]}]},{\"@type\":\"BreadcrumbList\",\"@id\":\"https:\/\/aeronoticias.com.pe\/noticiero\/internacionales\/gordon-brown-primer-ministro-britanico-pierde-el-apoyo-del-diario-the-sun\/#breadcrumb\",\"itemListElement\":[{\"@type\":\"ListItem\",\"position\":1,\"name\":\"Portada\",\"item\":\"https:\/\/aeronoticias.com.pe\/noticiero\/\"},{\"@type\":\"ListItem\",\"position\":2,\"name\":\"GORDON BROWN, PRIMER MINISTRO BRITANICO PIERDE EL APOYO DEL DIARIO THE SUN\"}]},{\"@type\":\"WebSite\",\"@id\":\"https:\/\/aeronoticias.com.pe\/noticiero\/#website\",\"url\":\"https:\/\/aeronoticias.com.pe\/noticiero\/\",\"name\":\"Aeronoticias.com.pe\",\"description\":\"Noticias de tranporte aereo, turismo, hoteles, gastronomia, actualidad, internacional\",\"potentialAction\":[{\"@type\":\"SearchAction\",\"target\":{\"@type\":\"EntryPoint\",\"urlTemplate\":\"https:\/\/aeronoticias.com.pe\/noticiero\/?s={search_term_string}\"},\"query-input\":{\"@type\":\"PropertyValueSpecification\",\"valueRequired\":true,\"valueName\":\"search_term_string\"}}],\"inLanguage\":\"es\"},{\"@type\":\"Person\",\"@id\":\"https:\/\/aeronoticias.com.pe\/noticiero\/#\/schema\/person\/fc1e5d578f4b62ba1cf7ac2bba1170a0\",\"name\":\"Redacci\u00f3n Aeronoticias\",\"url\":\"https:\/\/aeronoticias.com.pe\/noticiero\/author\/piloto\/\"}]}<\/script>\n<!-- \/ Yoast SEO plugin. -->","yoast_head_json":{"title":"GORDON BROWN, PRIMER MINISTRO BRITANICO PIERDE EL APOYO DEL DIARIO THE SUN","description":"Portal de noticias del Per\u00fa sobre el transporte a\u00e9reo, aviaci\u00f3n, turismo, hoteleria, actualidad.","robots":{"index":"index","follow":"follow","max-snippet":"max-snippet:-1","max-image-preview":"max-image-preview:large","max-video-preview":"max-video-preview:-1"},"canonical":"https:\/\/aeronoticias.com.pe\/noticiero\/internacionales\/gordon-brown-primer-ministro-britanico-pierde-el-apoyo-del-diario-the-sun\/","og_locale":"es_ES","og_type":"article","og_title":"GORDON BROWN, PRIMER MINISTRO BRITANICO PIERDE EL APOYO DEL DIARIO THE SUN","og_description":"Portal de noticias del Per\u00fa sobre el transporte a\u00e9reo, aviaci\u00f3n, turismo, hoteleria, actualidad.","og_url":"https:\/\/aeronoticias.com.pe\/noticiero\/internacionales\/gordon-brown-primer-ministro-britanico-pierde-el-apoyo-del-diario-the-sun\/","og_site_name":"Aeronoticias.com.pe","article_publisher":"https:\/\/www.facebook.com\/Aeronoticias.com.pe\/","article_published_time":"2009-09-30T13:26:46+00:00","author":"Redacci\u00f3n Aeronoticias","twitter_card":"summary_large_image","twitter_creator":"@aeronoticias","twitter_site":"@aeronoticias","twitter_misc":{"Escrito por":"Redacci\u00f3n Aeronoticias","Tiempo de lectura":"1 minuto"},"schema":{"@context":"https:\/\/schema.org","@graph":[{"@type":"WebPage","@id":"https:\/\/aeronoticias.com.pe\/noticiero\/internacionales\/gordon-brown-primer-ministro-britanico-pierde-el-apoyo-del-diario-the-sun\/","url":"https:\/\/aeronoticias.com.pe\/noticiero\/internacionales\/gordon-brown-primer-ministro-britanico-pierde-el-apoyo-del-diario-the-sun\/","name":"GORDON BROWN, PRIMER MINISTRO BRITANICO PIERDE EL APOYO DEL DIARIO THE SUN","isPartOf":{"@id":"https:\/\/aeronoticias.com.pe\/noticiero\/#website"},"datePublished":"2009-09-30T13:26:46+00:00","author":{"@id":"https:\/\/aeronoticias.com.pe\/noticiero\/#\/schema\/person\/fc1e5d578f4b62ba1cf7ac2bba1170a0"},"description":"Portal de noticias del Per\u00fa sobre el transporte a\u00e9reo, aviaci\u00f3n, turismo, hoteleria, actualidad.","breadcrumb":{"@id":"https:\/\/aeronoticias.com.pe\/noticiero\/internacionales\/gordon-brown-primer-ministro-britanico-pierde-el-apoyo-del-diario-the-sun\/#breadcrumb"},"inLanguage":"es","potentialAction":[{"@type":"ReadAction","target":["https:\/\/aeronoticias.com.pe\/noticiero\/internacionales\/gordon-brown-primer-ministro-britanico-pierde-el-apoyo-del-diario-the-sun\/"]}]},{"@type":"BreadcrumbList","@id":"https:\/\/aeronoticias.com.pe\/noticiero\/internacionales\/gordon-brown-primer-ministro-britanico-pierde-el-apoyo-del-diario-the-sun\/#breadcrumb","itemListElement":[{"@type":"ListItem","position":1,"name":"Portada","item":"https:\/\/aeronoticias.com.pe\/noticiero\/"},{"@type":"ListItem","position":2,"name":"GORDON BROWN, PRIMER MINISTRO BRITANICO PIERDE EL APOYO DEL DIARIO THE SUN"}]},{"@type":"WebSite","@id":"https:\/\/aeronoticias.com.pe\/noticiero\/#website","url":"https:\/\/aeronoticias.com.pe\/noticiero\/","name":"Aeronoticias.com.pe","description":"Noticias de tranporte aereo, turismo, hoteles, gastronomia, actualidad, internacional","potentialAction":[{"@type":"SearchAction","target":{"@type":"EntryPoint","urlTemplate":"https:\/\/aeronoticias.com.pe\/noticiero\/?s={search_term_string}"},"query-input":{"@type":"PropertyValueSpecification","valueRequired":true,"valueName":"search_term_string"}}],"inLanguage":"es"},{"@type":"Person","@id":"https:\/\/aeronoticias.com.pe\/noticiero\/#\/schema\/person\/fc1e5d578f4b62ba1cf7ac2bba1170a0","name":"Redacci\u00f3n Aeronoticias","url":"https:\/\/aeronoticias.com.pe\/noticiero\/author\/piloto\/"}]}},"_links":{"self":[{"href":"https:\/\/aeronoticias.com.pe\/noticiero\/wp-json\/wp\/v2\/posts\/5532","targetHints":{"allow":["GET"]}}],"collection":[{"href":"https:\/\/aeronoticias.com.pe\/noticiero\/wp-json\/wp\/v2\/posts"}],"about":[{"href":"https:\/\/aeronoticias.com.pe\/noticiero\/wp-json\/wp\/v2\/types\/post"}],"author":[{"embeddable":true,"href":"https:\/\/aeronoticias.com.pe\/noticiero\/wp-json\/wp\/v2\/users\/1"}],"replies":[{"embeddable":true,"href":"https:\/\/aeronoticias.com.pe\/noticiero\/wp-json\/wp\/v2\/comments?post=5532"}],"version-history":[{"count":0,"href":"https:\/\/aeronoticias.com.pe\/noticiero\/wp-json\/wp\/v2\/posts\/5532\/revisions"}],"wp:attachment":[{"href":"https:\/\/aeronoticias.com.pe\/noticiero\/wp-json\/wp\/v2\/media?parent=5532"}],"wp:term":[{"taxonomy":"category","embeddable":true,"href":"https:\/\/aeronoticias.com.pe\/noticiero\/wp-json\/wp\/v2\/categories?post=5532"},{"taxonomy":"post_tag","embeddable":true,"href":"https:\/\/aeronoticias.com.pe\/noticiero\/wp-json\/wp\/v2\/tags?post=5532"}],"curies":[{"name":"wp","href":"https:\/\/api.w.org\/{rel}","templated":true}]}}