{"id":55328,"date":"2016-07-08T14:16:57","date_gmt":"2016-07-08T14:16:57","guid":{"rendered":"http:\/\/desarrollo.mcvicious.com\/aero2020\/2016\/07\/08\/asi-lucira-el-aeropuerto-internacional-de-chiclayo-cuando-concluya-su-remodelacion\/"},"modified":"2016-07-08T14:16:57","modified_gmt":"2016-07-08T14:16:57","slug":"asi-lucira-el-aeropuerto-internacional-de-chiclayo-cuando-concluya-su-remodelacion","status":"publish","type":"post","link":"https:\/\/aeronoticias.com.pe\/noticiero\/turismo\/13\/asi-lucira-el-aeropuerto-internacional-de-chiclayo-cuando-concluya-su-remodelacion\/","title":{"rendered":"As\u00ed lucir\u00e1 el aeropuerto internacional de Chiclayo cuando concluya su remodelaci\u00f3n"},"content":{"rendered":"<p style=\"text-align: justify;\"><strong>(Aeronoticias) <\/strong><span style=\"font-size: 12.16px; line-height: 1.3em;\">Aeropuertos del Per\u00fa (AdP) anunci\u00f3 que iniciar\u00e1 dentro de algunos meses las obras de rehabilitaci\u00f3n integral de la pista de aterrizaje, calles de rodaje, plataforma de estacionamiento de aeronaves y la construcci\u00f3n del cerco perim\u00e9trico del Aeropuerto Internacional Jos\u00e9 A. Qui\u00f1ones de Chiclayo, en la regi\u00f3n Lambayeque.<\/span><\/p>\n<p style=\"text-align: justify;\"><span style=\"font-size: 12.16px; line-height: 1.3em;\">Para la ejecuci\u00f3n de estas obras, que forman parte del Programa de Rehabilitaci\u00f3n y Mejoramiento del Lado Aire (PRMLA) y que demandar\u00e1n una inversi\u00f3n de US$ 64 millones, no ser\u00e1 necesario suspender el tr\u00e1fico a\u00e9reo en el terminal.<\/span><\/p>\n<p style=\"text-align: justify;\"><span style=\"font-size: 12.16px; line-height: 1.3em;\">El aeropuerto de Chiclayo contar\u00e1 en el futuro con dos niveles y con siete puertas de embarque, desde donde se acceder\u00e1 a los aviones a trav\u00e9s de mangas, como las que se utilizan actualmente en el Aeropuerto Internacional Jorge Ch\u00e1vez.<\/span><\/p>\n<p style=\"text-align: justify;\"><span style=\"font-size: 12.16px; line-height: 1.3em;\">\u201cEste proyecto de modernizaci\u00f3n rescatar\u00e1 los elementos iconogr\u00e1ficos de la cultura Mochica, que caracterizan a la regi\u00f3n de Lambayeque, y que podr\u00e1n observarse desde el aire, a la llegada y salida de los vuelos\u201d, indic\u00f3.<\/span><\/p>\n<p style=\"text-align: justify;\"><span style=\"font-size: 12.16px; line-height: 1.3em;\">Adem\u00e1s, para dar mayores facilidades al transporte de productos de agroexportaci\u00f3n, especialmente esp\u00e1rragos, se contar\u00e1 con una c\u00e1mara de fr\u00edo para conservar su calidad, precis\u00f3.<\/span><\/p>\n<p style=\"text-align: justify;\"><span style=\"font-size: 12.16px; line-height: 1.3em;\">Finalmente, coment\u00f3 que espera que los plazos de aprobaci\u00f3n en el Sistema Nacional de Inversi\u00f3n P\u00fablica (SNIP) puedan reducirse con el pr\u00f3ximo gobierno del presidente electo Pedro Pablo Kuczynski, para dar mayor viabilidad a los proyectos en los aeropuertos que tienen concesi\u00f3n cofinanciada.<\/span><\/p>\n<p><span style=\"font-size: 12.16px; line-height: 1.3em;\"><strong><em>Fuente: Gesti\u00f3n<\/em><\/strong><\/span><\/p>\n<p><span style=\"font-size: 12.16px; line-height: 1.3em;\"><strong><em><img decoding=\"async\" src=\"images\/stories\/16\/07\/080716\/chiclayo.jpg\" border=\"0\" \/><br \/><\/em><\/strong><\/span><\/p>\n","protected":false},"excerpt":{"rendered":"<p>(Aeronoticias) Aeropuertos del Per\u00fa (AdP) anunci\u00f3 que iniciar\u00e1 dentro de algunos meses las obras de rehabilitaci\u00f3n integral de la pista de aterrizaje, calles de rodaje, plataforma de estacionamiento de aeronaves y la construcci\u00f3n del cerco perim\u00e9trico del Aeropuerto Internacional Jos\u00e9 A. Qui\u00f1ones de Chiclayo, en la regi\u00f3n Lambayeque. Para la ejecuci\u00f3n de estas obras, que [&hellip;]<\/p>\n","protected":false},"author":1,"featured_media":0,"comment_status":"open","ping_status":"open","sticky":false,"template":"","format":"standard","meta":{"tdm_status":"","tdm_grid_status":"","footnotes":""},"categories":[31],"tags":[],"class_list":{"0":"post-55328","1":"post","2":"type-post","3":"status-publish","4":"format-standard","6":"category-31"},"yoast_head":"<!-- This site is optimized with the Yoast SEO plugin v25.1 - https:\/\/yoast.com\/wordpress\/plugins\/seo\/ -->\n<title>As\u00ed lucir\u00e1 el aeropuerto internacional de Chiclayo cuando concluya su remodelaci\u00f3n<\/title>\n<meta name=\"description\" content=\"Portal de noticias del Per\u00fa sobre el transporte a\u00e9reo, aviaci\u00f3n, turismo, hoteleria, actualidad.\" \/>\n<meta name=\"robots\" content=\"index, follow, max-snippet:-1, max-image-preview:large, max-video-preview:-1\" \/>\n<link rel=\"canonical\" href=\"https:\/\/aeronoticias.com.pe\/noticiero\/turismo\/13\/asi-lucira-el-aeropuerto-internacional-de-chiclayo-cuando-concluya-su-remodelacion\/\" \/>\n<meta property=\"og:locale\" content=\"es_ES\" \/>\n<meta property=\"og:type\" content=\"article\" \/>\n<meta property=\"og:title\" content=\"As\u00ed lucir\u00e1 el aeropuerto internacional de Chiclayo cuando concluya su remodelaci\u00f3n\" \/>\n<meta property=\"og:description\" content=\"Portal de noticias del Per\u00fa sobre el transporte a\u00e9reo, aviaci\u00f3n, turismo, hoteleria, actualidad.\" \/>\n<meta property=\"og:url\" content=\"https:\/\/aeronoticias.com.pe\/noticiero\/turismo\/13\/asi-lucira-el-aeropuerto-internacional-de-chiclayo-cuando-concluya-su-remodelacion\/\" \/>\n<meta property=\"og:site_name\" content=\"Aeronoticias.com.pe\" \/>\n<meta property=\"article:publisher\" content=\"https:\/\/www.facebook.com\/Aeronoticias.com.pe\/\" \/>\n<meta property=\"article:published_time\" content=\"2016-07-08T14:16:57+00:00\" \/>\n<meta name=\"author\" content=\"Redacci\u00f3n Aeronoticias\" \/>\n<meta name=\"twitter:card\" content=\"summary_large_image\" \/>\n<meta name=\"twitter:creator\" content=\"@aeronoticias\" \/>\n<meta name=\"twitter:site\" content=\"@aeronoticias\" \/>\n<meta name=\"twitter:label1\" content=\"Escrito por\" \/>\n\t<meta name=\"twitter:data1\" content=\"Redacci\u00f3n Aeronoticias\" \/>\n\t<meta name=\"twitter:label2\" content=\"Tiempo de lectura\" \/>\n\t<meta name=\"twitter:data2\" content=\"1 minuto\" \/>\n<script type=\"application\/ld+json\" class=\"yoast-schema-graph\">{\"@context\":\"https:\/\/schema.org\",\"@graph\":[{\"@type\":\"WebPage\",\"@id\":\"https:\/\/aeronoticias.com.pe\/noticiero\/turismo\/13\/asi-lucira-el-aeropuerto-internacional-de-chiclayo-cuando-concluya-su-remodelacion\/\",\"url\":\"https:\/\/aeronoticias.com.pe\/noticiero\/turismo\/13\/asi-lucira-el-aeropuerto-internacional-de-chiclayo-cuando-concluya-su-remodelacion\/\",\"name\":\"As\u00ed lucir\u00e1 el aeropuerto internacional de Chiclayo cuando concluya su remodelaci\u00f3n\",\"isPartOf\":{\"@id\":\"https:\/\/aeronoticias.com.pe\/noticiero\/#website\"},\"datePublished\":\"2016-07-08T14:16:57+00:00\",\"author\":{\"@id\":\"https:\/\/aeronoticias.com.pe\/noticiero\/#\/schema\/person\/fc1e5d578f4b62ba1cf7ac2bba1170a0\"},\"description\":\"Portal de noticias del Per\u00fa sobre el transporte a\u00e9reo, aviaci\u00f3n, turismo, hoteleria, actualidad.\",\"breadcrumb\":{\"@id\":\"https:\/\/aeronoticias.com.pe\/noticiero\/turismo\/13\/asi-lucira-el-aeropuerto-internacional-de-chiclayo-cuando-concluya-su-remodelacion\/#breadcrumb\"},\"inLanguage\":\"es\",\"potentialAction\":[{\"@type\":\"ReadAction\",\"target\":[\"https:\/\/aeronoticias.com.pe\/noticiero\/turismo\/13\/asi-lucira-el-aeropuerto-internacional-de-chiclayo-cuando-concluya-su-remodelacion\/\"]}]},{\"@type\":\"BreadcrumbList\",\"@id\":\"https:\/\/aeronoticias.com.pe\/noticiero\/turismo\/13\/asi-lucira-el-aeropuerto-internacional-de-chiclayo-cuando-concluya-su-remodelacion\/#breadcrumb\",\"itemListElement\":[{\"@type\":\"ListItem\",\"position\":1,\"name\":\"Portada\",\"item\":\"https:\/\/aeronoticias.com.pe\/noticiero\/\"},{\"@type\":\"ListItem\",\"position\":2,\"name\":\"As\u00ed lucir\u00e1 el aeropuerto internacional de Chiclayo cuando concluya su remodelaci\u00f3n\"}]},{\"@type\":\"WebSite\",\"@id\":\"https:\/\/aeronoticias.com.pe\/noticiero\/#website\",\"url\":\"https:\/\/aeronoticias.com.pe\/noticiero\/\",\"name\":\"Aeronoticias.com.pe\",\"description\":\"Noticias de tranporte aereo, turismo, hoteles, gastronomia, actualidad, internacional\",\"potentialAction\":[{\"@type\":\"SearchAction\",\"target\":{\"@type\":\"EntryPoint\",\"urlTemplate\":\"https:\/\/aeronoticias.com.pe\/noticiero\/?s={search_term_string}\"},\"query-input\":{\"@type\":\"PropertyValueSpecification\",\"valueRequired\":true,\"valueName\":\"search_term_string\"}}],\"inLanguage\":\"es\"},{\"@type\":\"Person\",\"@id\":\"https:\/\/aeronoticias.com.pe\/noticiero\/#\/schema\/person\/fc1e5d578f4b62ba1cf7ac2bba1170a0\",\"name\":\"Redacci\u00f3n Aeronoticias\",\"url\":\"https:\/\/aeronoticias.com.pe\/noticiero\/author\/piloto\/\"}]}<\/script>\n<!-- \/ Yoast SEO plugin. -->","yoast_head_json":{"title":"As\u00ed lucir\u00e1 el aeropuerto internacional de Chiclayo cuando concluya su remodelaci\u00f3n","description":"Portal de noticias del Per\u00fa sobre el transporte a\u00e9reo, aviaci\u00f3n, turismo, hoteleria, actualidad.","robots":{"index":"index","follow":"follow","max-snippet":"max-snippet:-1","max-image-preview":"max-image-preview:large","max-video-preview":"max-video-preview:-1"},"canonical":"https:\/\/aeronoticias.com.pe\/noticiero\/turismo\/13\/asi-lucira-el-aeropuerto-internacional-de-chiclayo-cuando-concluya-su-remodelacion\/","og_locale":"es_ES","og_type":"article","og_title":"As\u00ed lucir\u00e1 el aeropuerto internacional de Chiclayo cuando concluya su remodelaci\u00f3n","og_description":"Portal de noticias del Per\u00fa sobre el transporte a\u00e9reo, aviaci\u00f3n, turismo, hoteleria, actualidad.","og_url":"https:\/\/aeronoticias.com.pe\/noticiero\/turismo\/13\/asi-lucira-el-aeropuerto-internacional-de-chiclayo-cuando-concluya-su-remodelacion\/","og_site_name":"Aeronoticias.com.pe","article_publisher":"https:\/\/www.facebook.com\/Aeronoticias.com.pe\/","article_published_time":"2016-07-08T14:16:57+00:00","author":"Redacci\u00f3n Aeronoticias","twitter_card":"summary_large_image","twitter_creator":"@aeronoticias","twitter_site":"@aeronoticias","twitter_misc":{"Escrito por":"Redacci\u00f3n Aeronoticias","Tiempo de lectura":"1 minuto"},"schema":{"@context":"https:\/\/schema.org","@graph":[{"@type":"WebPage","@id":"https:\/\/aeronoticias.com.pe\/noticiero\/turismo\/13\/asi-lucira-el-aeropuerto-internacional-de-chiclayo-cuando-concluya-su-remodelacion\/","url":"https:\/\/aeronoticias.com.pe\/noticiero\/turismo\/13\/asi-lucira-el-aeropuerto-internacional-de-chiclayo-cuando-concluya-su-remodelacion\/","name":"As\u00ed lucir\u00e1 el aeropuerto internacional de Chiclayo cuando concluya su remodelaci\u00f3n","isPartOf":{"@id":"https:\/\/aeronoticias.com.pe\/noticiero\/#website"},"datePublished":"2016-07-08T14:16:57+00:00","author":{"@id":"https:\/\/aeronoticias.com.pe\/noticiero\/#\/schema\/person\/fc1e5d578f4b62ba1cf7ac2bba1170a0"},"description":"Portal de noticias del Per\u00fa sobre el transporte a\u00e9reo, aviaci\u00f3n, turismo, hoteleria, actualidad.","breadcrumb":{"@id":"https:\/\/aeronoticias.com.pe\/noticiero\/turismo\/13\/asi-lucira-el-aeropuerto-internacional-de-chiclayo-cuando-concluya-su-remodelacion\/#breadcrumb"},"inLanguage":"es","potentialAction":[{"@type":"ReadAction","target":["https:\/\/aeronoticias.com.pe\/noticiero\/turismo\/13\/asi-lucira-el-aeropuerto-internacional-de-chiclayo-cuando-concluya-su-remodelacion\/"]}]},{"@type":"BreadcrumbList","@id":"https:\/\/aeronoticias.com.pe\/noticiero\/turismo\/13\/asi-lucira-el-aeropuerto-internacional-de-chiclayo-cuando-concluya-su-remodelacion\/#breadcrumb","itemListElement":[{"@type":"ListItem","position":1,"name":"Portada","item":"https:\/\/aeronoticias.com.pe\/noticiero\/"},{"@type":"ListItem","position":2,"name":"As\u00ed lucir\u00e1 el aeropuerto internacional de Chiclayo cuando concluya su remodelaci\u00f3n"}]},{"@type":"WebSite","@id":"https:\/\/aeronoticias.com.pe\/noticiero\/#website","url":"https:\/\/aeronoticias.com.pe\/noticiero\/","name":"Aeronoticias.com.pe","description":"Noticias de tranporte aereo, turismo, hoteles, gastronomia, actualidad, internacional","potentialAction":[{"@type":"SearchAction","target":{"@type":"EntryPoint","urlTemplate":"https:\/\/aeronoticias.com.pe\/noticiero\/?s={search_term_string}"},"query-input":{"@type":"PropertyValueSpecification","valueRequired":true,"valueName":"search_term_string"}}],"inLanguage":"es"},{"@type":"Person","@id":"https:\/\/aeronoticias.com.pe\/noticiero\/#\/schema\/person\/fc1e5d578f4b62ba1cf7ac2bba1170a0","name":"Redacci\u00f3n Aeronoticias","url":"https:\/\/aeronoticias.com.pe\/noticiero\/author\/piloto\/"}]}},"_links":{"self":[{"href":"https:\/\/aeronoticias.com.pe\/noticiero\/wp-json\/wp\/v2\/posts\/55328","targetHints":{"allow":["GET"]}}],"collection":[{"href":"https:\/\/aeronoticias.com.pe\/noticiero\/wp-json\/wp\/v2\/posts"}],"about":[{"href":"https:\/\/aeronoticias.com.pe\/noticiero\/wp-json\/wp\/v2\/types\/post"}],"author":[{"embeddable":true,"href":"https:\/\/aeronoticias.com.pe\/noticiero\/wp-json\/wp\/v2\/users\/1"}],"replies":[{"embeddable":true,"href":"https:\/\/aeronoticias.com.pe\/noticiero\/wp-json\/wp\/v2\/comments?post=55328"}],"version-history":[{"count":0,"href":"https:\/\/aeronoticias.com.pe\/noticiero\/wp-json\/wp\/v2\/posts\/55328\/revisions"}],"wp:attachment":[{"href":"https:\/\/aeronoticias.com.pe\/noticiero\/wp-json\/wp\/v2\/media?parent=55328"}],"wp:term":[{"taxonomy":"category","embeddable":true,"href":"https:\/\/aeronoticias.com.pe\/noticiero\/wp-json\/wp\/v2\/categories?post=55328"},{"taxonomy":"post_tag","embeddable":true,"href":"https:\/\/aeronoticias.com.pe\/noticiero\/wp-json\/wp\/v2\/tags?post=55328"}],"curies":[{"name":"wp","href":"https:\/\/api.w.org\/{rel}","templated":true}]}}