{"id":55329,"date":"2016-07-09T17:56:28","date_gmt":"2016-07-09T17:56:28","guid":{"rendered":"http:\/\/desarrollo.mcvicious.com\/aero2020\/2016\/07\/09\/200-anos-de-la-independencia-argentina-en-el-peru\/"},"modified":"2016-07-09T17:56:28","modified_gmt":"2016-07-09T17:56:28","slug":"200-anos-de-la-independencia-argentina-en-el-peru","status":"publish","type":"post","link":"https:\/\/aeronoticias.com.pe\/noticiero\/ultimas\/1\/200-anos-de-la-independencia-argentina-en-el-peru\/","title":{"rendered":"200 a\u00f1os de la Independencia Argentina en el Per\u00fa"},"content":{"rendered":"<p style=\"text-align: justify;\"><strong style=\"font-size: 12.16px; line-height: 1.3em;\">(Aeronoticias)<\/strong><span style=\"font-size: 12.16px; line-height: 1.3em;\"> La Embajada de la Rep\u00fablica Argentina en el Per\u00fa a cargo <\/span><span style=\"font-size: 12.16px; line-height: 1.3em;\">del Dr. Francisco Miguel Ferro Alonso, \u00a0llev\u00f3 a cabo el d\u00eda de ayer <\/span><span style=\"font-size: 12.16px; line-height: 1.3em;\">viernes 8 de julio a las 19:30 horas, el cocktail por el 200 aniversario <\/span><span style=\"font-size: 12.16px; line-height: 1.3em;\">de la Independencia Argentina.<\/span><\/p>\n<p style=\"text-align: justify;\"><span style=\"font-size: 12.16px; line-height: 1.3em;\">Participaron 400 personalidades del Poder Ejecutivo, Legislativo y <\/span><span style=\"font-size: 12.16px; line-height: 1.3em;\">Judicial del Per\u00fa, el Presidente electo 2016-2021 Pedro Pablo Kuczunsky, <\/span><span style=\"font-size: 12.16px; line-height: 1.3em;\">Congresistas electos de todas las bancadas, el l\u00edder de <a href=\"http:\/\/www.abogadosconelcambio.pe\/\" target=\"_blank\" rel=\"noopener noreferrer\">Abogados con el <\/a><\/span><span style=\"font-size: 12.16px; line-height: 1.3em;\"><a href=\"http:\/\/www.abogadosconelcambio.pe\/\" target=\"_blank\" rel=\"noopener noreferrer\">cambio<\/a>, Juli\u00e1n Palacin Fern\u00e1ndez, l\u00edderes del sector empresarial y <\/span><span style=\"font-size: 12.16px; line-height: 1.3em;\">sectores sociales, y distinguidas personalidades argentinas recidentes en <\/span><span style=\"font-size: 12.16px; line-height: 1.3em;\">el Per\u00fa.<\/span><\/p>\n<p style=\"text-align: justify;\"><span style=\"font-size: 12.16px; line-height: 1.3em;\">El discurso de orden por el 200 aniversario de la Independencia Argentina, <\/span><span style=\"font-size: 12.16px; line-height: 1.3em;\">estuvo a cargo del Dr. Francisco Miguel Ferro Alonso, quien expres\u00f3 en las <\/span><span style=\"font-size: 12.16px; line-height: 1.3em;\">profundidades de la historia el legado de Tucum\u00e1n de 1816, resaltando la <\/span><span style=\"font-size: 12.16px; line-height: 1.3em;\">integraci\u00f3n hist\u00f3rica y el futuro com\u00fan de Per\u00fa y Argentina, acto seguido <\/span><span style=\"font-size: 12.16px; line-height: 1.3em;\">el Presidente electo del Per\u00fa Pedro Pablo Kucznsky manifest\u00f3 que en 1961 <\/span><span style=\"font-size: 12.16px; line-height: 1.3em;\">cuando ten\u00eda 24 a\u00f1os y era un joven consultor del Banco Mundial, su <\/span><span style=\"font-size: 12.16px; line-height: 1.3em;\">primera misi\u00f3n fue en Argentina en donde hicieron la consultor\u00eda para <\/span><span style=\"font-size: 12.16px; line-height: 1.3em;\">reflotar una hidroel\u00e9ctrica en Docsur, que funciona hasta la fecha, dijo <\/span><span style=\"font-size: 12.16px; line-height: 1.3em;\">que ama Argentina y que reconoce su rol de liderazgo, su cultura y su <\/span><span style=\"font-size: 12.16px; line-height: 1.3em;\">futuro y detall\u00f3 los profundos lazos y agenda com\u00fan que se trazar\u00e1 durante <\/span><span style=\"font-size: 12.16px; line-height: 1.3em;\">su gobierno con este pa\u00eds, dentro de un contexto en que Per\u00fa tiene gas <\/span><span style=\"font-size: 12.16px; line-height: 1.3em;\">barato y Argentina lo necesita.<\/span><\/p>\n<p style=\"text-align: justify;\"><span style=\"font-size: 12.16px; line-height: 1.3em;\">Pudimos ver en el cocktail a la ex esposa del ex Presidente del Per\u00fa, Alan <\/span><span style=\"font-size: 12.16px; line-height: 1.3em;\">Garc\u00eda P\u00e9rez, Do\u00f1a Piar Nores de Garc\u00eda que ilustra la foto al lado de <\/span><span style=\"font-size: 12.16px; line-height: 1.3em;\">Juli\u00e1n Palacin Fern\u00e1ndez, dos peruanos de gran val\u00eda en la historia del <\/span><span style=\"font-size: 12.16px; line-height: 1.3em;\">Per\u00fa de origen argentino.<\/span><\/p>\n<p style=\"text-align: justify;\"><span style=\"font-size: 12.16px; line-height: 1.3em;\"><a href=\"https:\/\/www.facebook.com\/abogadosconelcambio1\/photos\/?tab=album&amp;album_id=566235763558692\" target=\"_blank\" rel=\"noopener noreferrer\">VER FOTOS<\/a><\/span><\/p>\n<p style=\"text-align: justify;\"><span style=\"font-size: 12.16px; line-height: 1.3em;\"><img decoding=\"async\" src=\"images\/stories\/16\/07\/090716\/pnores.jpg\" border=\"0\" \/><br \/><\/span><\/p>\n","protected":false},"excerpt":{"rendered":"<p>(Aeronoticias) La Embajada de la Rep\u00fablica Argentina en el Per\u00fa a cargo del Dr. Francisco Miguel Ferro Alonso, \u00a0llev\u00f3 a cabo el d\u00eda de ayer viernes 8 de julio a las 19:30 horas, el cocktail por el 200 aniversario de la Independencia Argentina. Participaron 400 personalidades del Poder Ejecutivo, Legislativo y Judicial del Per\u00fa, el [&hellip;]<\/p>\n","protected":false},"author":1,"featured_media":0,"comment_status":"open","ping_status":"open","sticky":false,"template":"","format":"standard","meta":{"tdm_status":"","tdm_grid_status":"","footnotes":""},"categories":[30],"tags":[],"class_list":{"0":"post-55329","1":"post","2":"type-post","3":"status-publish","4":"format-standard","6":"category-30"},"yoast_head":"<!-- This site is optimized with the Yoast SEO plugin v25.1 - https:\/\/yoast.com\/wordpress\/plugins\/seo\/ -->\n<title>200 a\u00f1os de la Independencia Argentina en el Per\u00fa<\/title>\n<meta name=\"description\" content=\"Portal de noticias del Per\u00fa sobre el transporte a\u00e9reo, aviaci\u00f3n, turismo, hoteleria, actualidad.\" \/>\n<meta name=\"robots\" content=\"index, follow, max-snippet:-1, max-image-preview:large, max-video-preview:-1\" \/>\n<link rel=\"canonical\" href=\"https:\/\/aeronoticias.com.pe\/noticiero\/ultimas\/1\/200-anos-de-la-independencia-argentina-en-el-peru\/\" \/>\n<meta property=\"og:locale\" content=\"es_ES\" \/>\n<meta property=\"og:type\" content=\"article\" \/>\n<meta property=\"og:title\" content=\"200 a\u00f1os de la Independencia Argentina en el Per\u00fa\" \/>\n<meta property=\"og:description\" content=\"Portal de noticias del Per\u00fa sobre el transporte a\u00e9reo, aviaci\u00f3n, turismo, hoteleria, actualidad.\" \/>\n<meta property=\"og:url\" content=\"https:\/\/aeronoticias.com.pe\/noticiero\/ultimas\/1\/200-anos-de-la-independencia-argentina-en-el-peru\/\" \/>\n<meta property=\"og:site_name\" content=\"Aeronoticias.com.pe\" \/>\n<meta property=\"article:publisher\" content=\"https:\/\/www.facebook.com\/Aeronoticias.com.pe\/\" \/>\n<meta property=\"article:published_time\" content=\"2016-07-09T17:56:28+00:00\" \/>\n<meta name=\"author\" content=\"Redacci\u00f3n Aeronoticias\" \/>\n<meta name=\"twitter:card\" content=\"summary_large_image\" \/>\n<meta name=\"twitter:creator\" content=\"@aeronoticias\" \/>\n<meta name=\"twitter:site\" content=\"@aeronoticias\" \/>\n<meta name=\"twitter:label1\" content=\"Escrito por\" \/>\n\t<meta name=\"twitter:data1\" content=\"Redacci\u00f3n Aeronoticias\" \/>\n\t<meta name=\"twitter:label2\" content=\"Tiempo de lectura\" \/>\n\t<meta name=\"twitter:data2\" content=\"1 minuto\" \/>\n<script type=\"application\/ld+json\" class=\"yoast-schema-graph\">{\"@context\":\"https:\/\/schema.org\",\"@graph\":[{\"@type\":\"WebPage\",\"@id\":\"https:\/\/aeronoticias.com.pe\/noticiero\/ultimas\/1\/200-anos-de-la-independencia-argentina-en-el-peru\/\",\"url\":\"https:\/\/aeronoticias.com.pe\/noticiero\/ultimas\/1\/200-anos-de-la-independencia-argentina-en-el-peru\/\",\"name\":\"200 a\u00f1os de la Independencia Argentina en el Per\u00fa\",\"isPartOf\":{\"@id\":\"https:\/\/aeronoticias.com.pe\/noticiero\/#website\"},\"datePublished\":\"2016-07-09T17:56:28+00:00\",\"author\":{\"@id\":\"https:\/\/aeronoticias.com.pe\/noticiero\/#\/schema\/person\/fc1e5d578f4b62ba1cf7ac2bba1170a0\"},\"description\":\"Portal de noticias del Per\u00fa sobre el transporte a\u00e9reo, aviaci\u00f3n, turismo, hoteleria, actualidad.\",\"breadcrumb\":{\"@id\":\"https:\/\/aeronoticias.com.pe\/noticiero\/ultimas\/1\/200-anos-de-la-independencia-argentina-en-el-peru\/#breadcrumb\"},\"inLanguage\":\"es\",\"potentialAction\":[{\"@type\":\"ReadAction\",\"target\":[\"https:\/\/aeronoticias.com.pe\/noticiero\/ultimas\/1\/200-anos-de-la-independencia-argentina-en-el-peru\/\"]}]},{\"@type\":\"BreadcrumbList\",\"@id\":\"https:\/\/aeronoticias.com.pe\/noticiero\/ultimas\/1\/200-anos-de-la-independencia-argentina-en-el-peru\/#breadcrumb\",\"itemListElement\":[{\"@type\":\"ListItem\",\"position\":1,\"name\":\"Portada\",\"item\":\"https:\/\/aeronoticias.com.pe\/noticiero\/\"},{\"@type\":\"ListItem\",\"position\":2,\"name\":\"200 a\u00f1os de la Independencia Argentina en el Per\u00fa\"}]},{\"@type\":\"WebSite\",\"@id\":\"https:\/\/aeronoticias.com.pe\/noticiero\/#website\",\"url\":\"https:\/\/aeronoticias.com.pe\/noticiero\/\",\"name\":\"Aeronoticias.com.pe\",\"description\":\"Noticias de tranporte aereo, turismo, hoteles, gastronomia, actualidad, internacional\",\"potentialAction\":[{\"@type\":\"SearchAction\",\"target\":{\"@type\":\"EntryPoint\",\"urlTemplate\":\"https:\/\/aeronoticias.com.pe\/noticiero\/?s={search_term_string}\"},\"query-input\":{\"@type\":\"PropertyValueSpecification\",\"valueRequired\":true,\"valueName\":\"search_term_string\"}}],\"inLanguage\":\"es\"},{\"@type\":\"Person\",\"@id\":\"https:\/\/aeronoticias.com.pe\/noticiero\/#\/schema\/person\/fc1e5d578f4b62ba1cf7ac2bba1170a0\",\"name\":\"Redacci\u00f3n Aeronoticias\",\"url\":\"https:\/\/aeronoticias.com.pe\/noticiero\/author\/piloto\/\"}]}<\/script>\n<!-- \/ Yoast SEO plugin. -->","yoast_head_json":{"title":"200 a\u00f1os de la Independencia Argentina en el Per\u00fa","description":"Portal de noticias del Per\u00fa sobre el transporte a\u00e9reo, aviaci\u00f3n, turismo, hoteleria, actualidad.","robots":{"index":"index","follow":"follow","max-snippet":"max-snippet:-1","max-image-preview":"max-image-preview:large","max-video-preview":"max-video-preview:-1"},"canonical":"https:\/\/aeronoticias.com.pe\/noticiero\/ultimas\/1\/200-anos-de-la-independencia-argentina-en-el-peru\/","og_locale":"es_ES","og_type":"article","og_title":"200 a\u00f1os de la Independencia Argentina en el Per\u00fa","og_description":"Portal de noticias del Per\u00fa sobre el transporte a\u00e9reo, aviaci\u00f3n, turismo, hoteleria, actualidad.","og_url":"https:\/\/aeronoticias.com.pe\/noticiero\/ultimas\/1\/200-anos-de-la-independencia-argentina-en-el-peru\/","og_site_name":"Aeronoticias.com.pe","article_publisher":"https:\/\/www.facebook.com\/Aeronoticias.com.pe\/","article_published_time":"2016-07-09T17:56:28+00:00","author":"Redacci\u00f3n Aeronoticias","twitter_card":"summary_large_image","twitter_creator":"@aeronoticias","twitter_site":"@aeronoticias","twitter_misc":{"Escrito por":"Redacci\u00f3n Aeronoticias","Tiempo de lectura":"1 minuto"},"schema":{"@context":"https:\/\/schema.org","@graph":[{"@type":"WebPage","@id":"https:\/\/aeronoticias.com.pe\/noticiero\/ultimas\/1\/200-anos-de-la-independencia-argentina-en-el-peru\/","url":"https:\/\/aeronoticias.com.pe\/noticiero\/ultimas\/1\/200-anos-de-la-independencia-argentina-en-el-peru\/","name":"200 a\u00f1os de la Independencia Argentina en el Per\u00fa","isPartOf":{"@id":"https:\/\/aeronoticias.com.pe\/noticiero\/#website"},"datePublished":"2016-07-09T17:56:28+00:00","author":{"@id":"https:\/\/aeronoticias.com.pe\/noticiero\/#\/schema\/person\/fc1e5d578f4b62ba1cf7ac2bba1170a0"},"description":"Portal de noticias del Per\u00fa sobre el transporte a\u00e9reo, aviaci\u00f3n, turismo, hoteleria, actualidad.","breadcrumb":{"@id":"https:\/\/aeronoticias.com.pe\/noticiero\/ultimas\/1\/200-anos-de-la-independencia-argentina-en-el-peru\/#breadcrumb"},"inLanguage":"es","potentialAction":[{"@type":"ReadAction","target":["https:\/\/aeronoticias.com.pe\/noticiero\/ultimas\/1\/200-anos-de-la-independencia-argentina-en-el-peru\/"]}]},{"@type":"BreadcrumbList","@id":"https:\/\/aeronoticias.com.pe\/noticiero\/ultimas\/1\/200-anos-de-la-independencia-argentina-en-el-peru\/#breadcrumb","itemListElement":[{"@type":"ListItem","position":1,"name":"Portada","item":"https:\/\/aeronoticias.com.pe\/noticiero\/"},{"@type":"ListItem","position":2,"name":"200 a\u00f1os de la Independencia Argentina en el Per\u00fa"}]},{"@type":"WebSite","@id":"https:\/\/aeronoticias.com.pe\/noticiero\/#website","url":"https:\/\/aeronoticias.com.pe\/noticiero\/","name":"Aeronoticias.com.pe","description":"Noticias de tranporte aereo, turismo, hoteles, gastronomia, actualidad, internacional","potentialAction":[{"@type":"SearchAction","target":{"@type":"EntryPoint","urlTemplate":"https:\/\/aeronoticias.com.pe\/noticiero\/?s={search_term_string}"},"query-input":{"@type":"PropertyValueSpecification","valueRequired":true,"valueName":"search_term_string"}}],"inLanguage":"es"},{"@type":"Person","@id":"https:\/\/aeronoticias.com.pe\/noticiero\/#\/schema\/person\/fc1e5d578f4b62ba1cf7ac2bba1170a0","name":"Redacci\u00f3n Aeronoticias","url":"https:\/\/aeronoticias.com.pe\/noticiero\/author\/piloto\/"}]}},"_links":{"self":[{"href":"https:\/\/aeronoticias.com.pe\/noticiero\/wp-json\/wp\/v2\/posts\/55329","targetHints":{"allow":["GET"]}}],"collection":[{"href":"https:\/\/aeronoticias.com.pe\/noticiero\/wp-json\/wp\/v2\/posts"}],"about":[{"href":"https:\/\/aeronoticias.com.pe\/noticiero\/wp-json\/wp\/v2\/types\/post"}],"author":[{"embeddable":true,"href":"https:\/\/aeronoticias.com.pe\/noticiero\/wp-json\/wp\/v2\/users\/1"}],"replies":[{"embeddable":true,"href":"https:\/\/aeronoticias.com.pe\/noticiero\/wp-json\/wp\/v2\/comments?post=55329"}],"version-history":[{"count":0,"href":"https:\/\/aeronoticias.com.pe\/noticiero\/wp-json\/wp\/v2\/posts\/55329\/revisions"}],"wp:attachment":[{"href":"https:\/\/aeronoticias.com.pe\/noticiero\/wp-json\/wp\/v2\/media?parent=55329"}],"wp:term":[{"taxonomy":"category","embeddable":true,"href":"https:\/\/aeronoticias.com.pe\/noticiero\/wp-json\/wp\/v2\/categories?post=55329"},{"taxonomy":"post_tag","embeddable":true,"href":"https:\/\/aeronoticias.com.pe\/noticiero\/wp-json\/wp\/v2\/tags?post=55329"}],"curies":[{"name":"wp","href":"https:\/\/api.w.org\/{rel}","templated":true}]}}