{"id":55330,"date":"2016-07-10T15:28:35","date_gmt":"2016-07-10T15:28:35","guid":{"rendered":"http:\/\/desarrollo.mcvicious.com\/aero2020\/2016\/07\/10\/abogados-de-cal-en-los-200-anos-de-la-independencia-argentina\/"},"modified":"2020-09-11T15:21:57","modified_gmt":"2020-09-11T15:21:57","slug":"abogados-de-cal-en-los-200-anos-de-la-independencia-argentina","status":"publish","type":"post","link":"https:\/\/aeronoticias.com.pe\/noticiero\/diplomatica\/abogados-de-cal-en-los-200-anos-de-la-independencia-argentina\/","title":{"rendered":"Abogados de CAL en los 200 a\u00f1os de la Independencia argentina"},"content":{"rendered":"<p style=\"text-align: justify;\"><strong>(Aeronoticias) <\/strong>El Ilustre Colegio de Abogados de Lima con 212 a\u00f1os de historia fue fundado por Real C\u00e9dula del Rey Carlos IV de Espa\u00f1a de fecha 31 de julio de 1804 y tuvo un rol acad\u00e9mico y gremial importante en el grito de libertad de Tucum\u00e1n del 09 de julio de 1816, que proclam\u00f3 la Independencia argentina y su posterior accionar en la gesta libertadora del Gral. San Mart\u00edn que proclam\u00f3 la independencia del Per\u00fa el 28 de julio de 1821, sostuvo el Dr. <a href=\"http:\/\/estudiojuridicopalacin.com\/\" target=\"_blank\" rel=\"noopener noreferrer\">Juli\u00e1n Palacin Fern\u00e1ndez<\/a>, l\u00edder del movimiento gremial de la abogac\u00eda peruana <a href=\"http:\/\/www.abogadosconelcambio.pe\/\" target=\"_blank\" rel=\"noopener noreferrer\">Abogados con el cambio<\/a>.<\/p>\n<p style=\"text-align: justify;\">Al respecto, el jurista destac\u00f3 que el acta de independencia argentina del 09 de julio de 1816 lleg\u00f3 al seno del Ilustre Colegio de Abogados de Lima, que en esa \u00e9poca ten\u00eda 11 a\u00f1os de vida institucional y all\u00ed se analiz\u00f3 el contenido jur\u00eddico y pol\u00edtico de esta gesta, que desde Tucum\u00e1n se expand\u00eda al Continente Americano, y de esta forma fueron abogados de nuestro Ilustre gremio el Colegio de Abogados de Lima, que se apersonaron a la bah\u00eda de Paracas en 1820 para ponerse a las \u00f3rdenes del libertador Don Jos\u00e9 de San Mart\u00edn, en el desembarco que marc\u00f3 el hito en la libertad del Per\u00fa y Am\u00e9rica, sostuvo.<\/p>\n<p style=\"text-align: justify;\">Palacin dijo, que estos 200 a\u00f1os de independencia de la Rep\u00fablica Argentina debe servirnos para entender los lazos de la historia que unen a la Rep\u00fablica Argentina con el Per\u00fa a trav\u00e9s del Gral. Don Jos\u00e9 de San Mart\u00edn y los abogados del Ilustre Colegio de Abogados de Lima, que hoy somos m\u00e1s de 70 mil y que saludamos este bicentenario recordando la historia y el futuro com\u00fan en el engrandecimiento de los pueblos unidos de Am\u00e9rica del Sur en este bicentenario en donde recordamos el grito de libertad y que nos proyectamos como pa\u00edses soberanos, hacia la eternidad y la b\u00fasqueda del bien com\u00fan de nuestros pueblos.<\/p>\n<p style=\"text-align: justify;\">Abogados con el cambio desde el Per\u00fa saluda el bicentenario de la independencia argentina y recuerda que en ese futuro com\u00fan que estamos construyendo debemos honrar a los l\u00edderes que escribieron la historia hace 200 a\u00f1os y para ello proyectarnos a ese futuro com\u00fan en la b\u00fasqueda del desarrollo econ\u00f3mico y de aspirar en las pr\u00f3ximas d\u00e9cadas a ser pa\u00edses del primer mundo, en donde todos nuestros habitantes tengan el nivel de vida que merecen y a\u00fan no disfrutan.<\/p>\n<p style=\"text-align: justify;\"><a href=\"https:\/\/www.facebook.com\/abogadosconelcambio1\/photos\/?tab=album&amp;album_id=566235763558692\" target=\"_blank\" style=\"font-size: 12.16px; line-height: 15.808px;\" rel=\"noopener noreferrer\">VER FOTOS<\/a><\/p>\n<p style=\"text-align: justify;\"><a href=\"index.php?option=com_content&amp;view=article&amp;id=57432;200-anos-de-la-independencia-argentina-en-el-peru&amp;catid=1;1&amp;Itemid=18\" target=\"_blank\" rel=\"noopener noreferrer\">VER:\u00a0200 a\u00f1os de la Independencia Argentina en el Per\u00fa<\/a><\/p>\n<p style=\"text-align: justify;\"><img decoding=\"async\" src=\"images\/stories\/16\/07\/100716\/embajada-argentina.jpg\" border=\"0\" \/><\/p>\n","protected":false},"excerpt":{"rendered":"<p>(Aeronoticias) El Ilustre Colegio de Abogados de Lima con 212 a\u00f1os de historia fue fundado por Real C\u00e9dula del Rey Carlos IV de Espa\u00f1a de fecha 31 de julio de 1804 y tuvo un rol acad\u00e9mico y gremial importante en el grito de libertad de Tucum\u00e1n del 09 de julio de 1816, que proclam\u00f3 la [&hellip;]<\/p>\n","protected":false},"author":1,"featured_media":0,"comment_status":"open","ping_status":"open","sticky":false,"template":"","format":"standard","meta":{"tdm_status":"","tdm_grid_status":"","footnotes":""},"categories":[25],"tags":[],"class_list":{"0":"post-55330","1":"post","2":"type-post","3":"status-publish","4":"format-standard","6":"category-diplomatica"},"yoast_head":"<!-- This site is optimized with the Yoast SEO plugin v25.1 - https:\/\/yoast.com\/wordpress\/plugins\/seo\/ -->\n<title>Abogados de CAL en los 200 a\u00f1os de la Independencia argentina<\/title>\n<meta name=\"description\" content=\"Portal de noticias del Per\u00fa sobre el transporte a\u00e9reo, aviaci\u00f3n, turismo, hoteleria, actualidad.\" \/>\n<meta name=\"robots\" content=\"index, follow, max-snippet:-1, max-image-preview:large, max-video-preview:-1\" \/>\n<link rel=\"canonical\" href=\"https:\/\/aeronoticias.com.pe\/noticiero\/diplomatica\/abogados-de-cal-en-los-200-anos-de-la-independencia-argentina\/\" \/>\n<meta property=\"og:locale\" content=\"es_ES\" \/>\n<meta property=\"og:type\" content=\"article\" \/>\n<meta property=\"og:title\" content=\"Abogados de CAL en los 200 a\u00f1os de la Independencia argentina\" \/>\n<meta property=\"og:description\" content=\"Portal de noticias del Per\u00fa sobre el transporte a\u00e9reo, aviaci\u00f3n, turismo, hoteleria, actualidad.\" \/>\n<meta property=\"og:url\" content=\"https:\/\/aeronoticias.com.pe\/noticiero\/diplomatica\/abogados-de-cal-en-los-200-anos-de-la-independencia-argentina\/\" \/>\n<meta property=\"og:site_name\" content=\"Aeronoticias.com.pe\" \/>\n<meta property=\"article:publisher\" content=\"https:\/\/www.facebook.com\/Aeronoticias.com.pe\/\" \/>\n<meta property=\"article:published_time\" content=\"2016-07-10T15:28:35+00:00\" \/>\n<meta property=\"article:modified_time\" content=\"2020-09-11T15:21:57+00:00\" \/>\n<meta name=\"author\" content=\"Redacci\u00f3n Aeronoticias\" \/>\n<meta name=\"twitter:card\" content=\"summary_large_image\" \/>\n<meta name=\"twitter:creator\" content=\"@aeronoticias\" \/>\n<meta name=\"twitter:site\" content=\"@aeronoticias\" \/>\n<meta name=\"twitter:label1\" content=\"Escrito por\" \/>\n\t<meta name=\"twitter:data1\" content=\"Redacci\u00f3n Aeronoticias\" \/>\n\t<meta name=\"twitter:label2\" content=\"Tiempo de lectura\" \/>\n\t<meta name=\"twitter:data2\" content=\"2 minutos\" \/>\n<script type=\"application\/ld+json\" class=\"yoast-schema-graph\">{\"@context\":\"https:\/\/schema.org\",\"@graph\":[{\"@type\":\"WebPage\",\"@id\":\"https:\/\/aeronoticias.com.pe\/noticiero\/diplomatica\/abogados-de-cal-en-los-200-anos-de-la-independencia-argentina\/\",\"url\":\"https:\/\/aeronoticias.com.pe\/noticiero\/diplomatica\/abogados-de-cal-en-los-200-anos-de-la-independencia-argentina\/\",\"name\":\"Abogados de CAL en los 200 a\u00f1os de la Independencia argentina\",\"isPartOf\":{\"@id\":\"https:\/\/aeronoticias.com.pe\/noticiero\/#website\"},\"datePublished\":\"2016-07-10T15:28:35+00:00\",\"dateModified\":\"2020-09-11T15:21:57+00:00\",\"author\":{\"@id\":\"https:\/\/aeronoticias.com.pe\/noticiero\/#\/schema\/person\/fc1e5d578f4b62ba1cf7ac2bba1170a0\"},\"description\":\"Portal de noticias del Per\u00fa sobre el transporte a\u00e9reo, aviaci\u00f3n, turismo, hoteleria, actualidad.\",\"breadcrumb\":{\"@id\":\"https:\/\/aeronoticias.com.pe\/noticiero\/diplomatica\/abogados-de-cal-en-los-200-anos-de-la-independencia-argentina\/#breadcrumb\"},\"inLanguage\":\"es\",\"potentialAction\":[{\"@type\":\"ReadAction\",\"target\":[\"https:\/\/aeronoticias.com.pe\/noticiero\/diplomatica\/abogados-de-cal-en-los-200-anos-de-la-independencia-argentina\/\"]}]},{\"@type\":\"BreadcrumbList\",\"@id\":\"https:\/\/aeronoticias.com.pe\/noticiero\/diplomatica\/abogados-de-cal-en-los-200-anos-de-la-independencia-argentina\/#breadcrumb\",\"itemListElement\":[{\"@type\":\"ListItem\",\"position\":1,\"name\":\"Portada\",\"item\":\"https:\/\/aeronoticias.com.pe\/noticiero\/\"},{\"@type\":\"ListItem\",\"position\":2,\"name\":\"Abogados de CAL en los 200 a\u00f1os de la Independencia argentina\"}]},{\"@type\":\"WebSite\",\"@id\":\"https:\/\/aeronoticias.com.pe\/noticiero\/#website\",\"url\":\"https:\/\/aeronoticias.com.pe\/noticiero\/\",\"name\":\"Aeronoticias.com.pe\",\"description\":\"Noticias de tranporte aereo, turismo, hoteles, gastronomia, actualidad, internacional\",\"potentialAction\":[{\"@type\":\"SearchAction\",\"target\":{\"@type\":\"EntryPoint\",\"urlTemplate\":\"https:\/\/aeronoticias.com.pe\/noticiero\/?s={search_term_string}\"},\"query-input\":{\"@type\":\"PropertyValueSpecification\",\"valueRequired\":true,\"valueName\":\"search_term_string\"}}],\"inLanguage\":\"es\"},{\"@type\":\"Person\",\"@id\":\"https:\/\/aeronoticias.com.pe\/noticiero\/#\/schema\/person\/fc1e5d578f4b62ba1cf7ac2bba1170a0\",\"name\":\"Redacci\u00f3n Aeronoticias\",\"url\":\"https:\/\/aeronoticias.com.pe\/noticiero\/author\/piloto\/\"}]}<\/script>\n<!-- \/ Yoast SEO plugin. -->","yoast_head_json":{"title":"Abogados de CAL en los 200 a\u00f1os de la Independencia argentina","description":"Portal de noticias del Per\u00fa sobre el transporte a\u00e9reo, aviaci\u00f3n, turismo, hoteleria, actualidad.","robots":{"index":"index","follow":"follow","max-snippet":"max-snippet:-1","max-image-preview":"max-image-preview:large","max-video-preview":"max-video-preview:-1"},"canonical":"https:\/\/aeronoticias.com.pe\/noticiero\/diplomatica\/abogados-de-cal-en-los-200-anos-de-la-independencia-argentina\/","og_locale":"es_ES","og_type":"article","og_title":"Abogados de CAL en los 200 a\u00f1os de la Independencia argentina","og_description":"Portal de noticias del Per\u00fa sobre el transporte a\u00e9reo, aviaci\u00f3n, turismo, hoteleria, actualidad.","og_url":"https:\/\/aeronoticias.com.pe\/noticiero\/diplomatica\/abogados-de-cal-en-los-200-anos-de-la-independencia-argentina\/","og_site_name":"Aeronoticias.com.pe","article_publisher":"https:\/\/www.facebook.com\/Aeronoticias.com.pe\/","article_published_time":"2016-07-10T15:28:35+00:00","article_modified_time":"2020-09-11T15:21:57+00:00","author":"Redacci\u00f3n Aeronoticias","twitter_card":"summary_large_image","twitter_creator":"@aeronoticias","twitter_site":"@aeronoticias","twitter_misc":{"Escrito por":"Redacci\u00f3n Aeronoticias","Tiempo de lectura":"2 minutos"},"schema":{"@context":"https:\/\/schema.org","@graph":[{"@type":"WebPage","@id":"https:\/\/aeronoticias.com.pe\/noticiero\/diplomatica\/abogados-de-cal-en-los-200-anos-de-la-independencia-argentina\/","url":"https:\/\/aeronoticias.com.pe\/noticiero\/diplomatica\/abogados-de-cal-en-los-200-anos-de-la-independencia-argentina\/","name":"Abogados de CAL en los 200 a\u00f1os de la Independencia argentina","isPartOf":{"@id":"https:\/\/aeronoticias.com.pe\/noticiero\/#website"},"datePublished":"2016-07-10T15:28:35+00:00","dateModified":"2020-09-11T15:21:57+00:00","author":{"@id":"https:\/\/aeronoticias.com.pe\/noticiero\/#\/schema\/person\/fc1e5d578f4b62ba1cf7ac2bba1170a0"},"description":"Portal de noticias del Per\u00fa sobre el transporte a\u00e9reo, aviaci\u00f3n, turismo, hoteleria, actualidad.","breadcrumb":{"@id":"https:\/\/aeronoticias.com.pe\/noticiero\/diplomatica\/abogados-de-cal-en-los-200-anos-de-la-independencia-argentina\/#breadcrumb"},"inLanguage":"es","potentialAction":[{"@type":"ReadAction","target":["https:\/\/aeronoticias.com.pe\/noticiero\/diplomatica\/abogados-de-cal-en-los-200-anos-de-la-independencia-argentina\/"]}]},{"@type":"BreadcrumbList","@id":"https:\/\/aeronoticias.com.pe\/noticiero\/diplomatica\/abogados-de-cal-en-los-200-anos-de-la-independencia-argentina\/#breadcrumb","itemListElement":[{"@type":"ListItem","position":1,"name":"Portada","item":"https:\/\/aeronoticias.com.pe\/noticiero\/"},{"@type":"ListItem","position":2,"name":"Abogados de CAL en los 200 a\u00f1os de la Independencia argentina"}]},{"@type":"WebSite","@id":"https:\/\/aeronoticias.com.pe\/noticiero\/#website","url":"https:\/\/aeronoticias.com.pe\/noticiero\/","name":"Aeronoticias.com.pe","description":"Noticias de tranporte aereo, turismo, hoteles, gastronomia, actualidad, internacional","potentialAction":[{"@type":"SearchAction","target":{"@type":"EntryPoint","urlTemplate":"https:\/\/aeronoticias.com.pe\/noticiero\/?s={search_term_string}"},"query-input":{"@type":"PropertyValueSpecification","valueRequired":true,"valueName":"search_term_string"}}],"inLanguage":"es"},{"@type":"Person","@id":"https:\/\/aeronoticias.com.pe\/noticiero\/#\/schema\/person\/fc1e5d578f4b62ba1cf7ac2bba1170a0","name":"Redacci\u00f3n Aeronoticias","url":"https:\/\/aeronoticias.com.pe\/noticiero\/author\/piloto\/"}]}},"_links":{"self":[{"href":"https:\/\/aeronoticias.com.pe\/noticiero\/wp-json\/wp\/v2\/posts\/55330","targetHints":{"allow":["GET"]}}],"collection":[{"href":"https:\/\/aeronoticias.com.pe\/noticiero\/wp-json\/wp\/v2\/posts"}],"about":[{"href":"https:\/\/aeronoticias.com.pe\/noticiero\/wp-json\/wp\/v2\/types\/post"}],"author":[{"embeddable":true,"href":"https:\/\/aeronoticias.com.pe\/noticiero\/wp-json\/wp\/v2\/users\/1"}],"replies":[{"embeddable":true,"href":"https:\/\/aeronoticias.com.pe\/noticiero\/wp-json\/wp\/v2\/comments?post=55330"}],"version-history":[{"count":0,"href":"https:\/\/aeronoticias.com.pe\/noticiero\/wp-json\/wp\/v2\/posts\/55330\/revisions"}],"wp:attachment":[{"href":"https:\/\/aeronoticias.com.pe\/noticiero\/wp-json\/wp\/v2\/media?parent=55330"}],"wp:term":[{"taxonomy":"category","embeddable":true,"href":"https:\/\/aeronoticias.com.pe\/noticiero\/wp-json\/wp\/v2\/categories?post=55330"},{"taxonomy":"post_tag","embeddable":true,"href":"https:\/\/aeronoticias.com.pe\/noticiero\/wp-json\/wp\/v2\/tags?post=55330"}],"curies":[{"name":"wp","href":"https:\/\/api.w.org\/{rel}","templated":true}]}}