{"id":55332,"date":"2016-07-11T15:04:28","date_gmt":"2016-07-11T15:04:28","guid":{"rendered":"http:\/\/desarrollo.mcvicious.com\/aero2020\/2016\/07\/11\/mujeres-democratas-se-reunen-con-mercedes-araoz\/"},"modified":"2016-07-11T15:04:28","modified_gmt":"2016-07-11T15:04:28","slug":"mujeres-democratas-se-reunen-con-mercedes-araoz","status":"publish","type":"post","link":"https:\/\/aeronoticias.com.pe\/noticiero\/politica\/mujeres-democratas-se-reunen-con-mercedes-araoz\/","title":{"rendered":"Mujeres dem\u00f3cratas se re\u00fanen con Mercedes Ar\u00e1oz"},"content":{"rendered":"<p style=\"text-align: justify;\"><strong>(Aeronoticias)<\/strong> La Dra. (c) Rosy Guzm\u00e1n, Coordinadora General del Colectivo de Mujeres Dem\u00f3cratas, acompa\u00f1ada de la Dra. Zoila Hern\u00e1ndez Coordinadora de Proyectos de Desarrollo y la Dra. Marlene Garc\u00eda Coordinadora de Actas y Secretar\u00eda General; se reunieron con la Dra. Mercedes Ar\u00e1oz Fern\u00e1ndez \u00a0Segunda Vice Presidenta del Per\u00fa y Congresista de la Rep\u00fablica, el dia de ayer jueves 7 de julio.<\/p>\n<p style=\"text-align: justify;\"><span style=\"font-size: 12.16px; line-height: 1.3em;\">En la reuni\u00f3n se trataron temas como la \u00a0equidad, Leyes a favor de Mujeres y como el estado debe promover la participaci\u00f3n pol\u00edtica de las mujeres, para incrementar su presencia en las pr\u00f3ximas elecciones regionales y municipales.<\/span><\/p>\n<p style=\"text-align: justify;\"><span style=\"font-size: 12.16px; line-height: 1.3em;\">Las mujeres peruanas representan la mitad de la poblaci\u00f3n, sin embargo, su presencia en cargos de direcci\u00f3n nacional es mucho menor. \u00a0Las que llegan a ocupar altos cargos tienen que esforzarse el doble y su actuar siempre es visto con malicia en el ojo p\u00fablico. Por otro lado, hay discriminaci\u00f3n entre los sueldos y salarios de hombres y mujeres que por la misma labor reciben compensaciones diferentes.<\/span><\/p>\n<p style=\"text-align: justify;\">En el Plan de Gobierno de Peruanos por el Kambio P\u00e1g. 83 inciso 1.4. Acci\u00f3n estrat\u00e9gica 4 expresa: \u201cIncrementar el liderazgo y participaci\u00f3n de las mujeres en la toma de decisiones en los sectores p\u00fablicos y privados\u201d.<\/p>\n<p style=\"text-align: justify;\"><span style=\"font-size: 12.16px; line-height: 1.3em;\">Por ello, es imprescindible la incorporaci\u00f3n de mujeres calificadas en la nueva gesti\u00f3n ya que a\u00fan hay muchos desaf\u00edos pendientes de cumplir.<\/span><\/p>\n<p style=\"text-align: justify;\"><span style=\"font-size: 12.16px; line-height: 1.3em;\">La participaci\u00f3n de las mujeres en Pol\u00edtica es un ejercicio ciudadano que debemos propiciar y que el Estado debe promover; por ello es urgente crear un PROGRAMA NACIONAL DE EQUIDAD, LIDERAZGO Y PARTICIPACI\u00d3N POL\u00cdTICA DE LAS MUJERES, en la que ser\u00e1n convocadas lideresas de las diversas regiones para desarrollar capacidades como Alfabetizaci\u00f3n digital para la inclusi\u00f3n econ\u00f3mica, Historia Pol\u00edtica de las Mujeres, Sistema Patriarcal, Lenguaje Sexista, Mujer y Derechos Humanos, Oratoria, Autoestima, Comunicaci\u00f3n Pol\u00edtica, \u00a0Investigaci\u00f3n etc. <\/span><\/p>\n<p style=\"text-align: justify;\"><span style=\"font-size: 12.16px; line-height: 1.3em;\">Las mujeres lideresas aportar\u00e1n al desarrollo del Per\u00fa desde su visi\u00f3n y sus caracter\u00edsticas culturales \u00a0y las m\u00e1s destacadas tendr\u00e1n un reconocimiento p\u00fablico y podr\u00edan ser Becadas para estudiar en el extranjero.<\/span><\/p>\n<p style=\"text-align: justify;\"><span style=\"font-size: 12.16px; line-height: 1.3em;\">Este programa ser\u00eda una articulaci\u00f3n del empoderamiento de las mujeres desde el Estado, lo que conllevar\u00e1 a una mayor presencia de mujeres en las pr\u00f3ximas elecciones y la equidad reclamada ser\u00e1 una realidad.<\/span><\/p>\n<p style=\"text-align: justify;\"><span style=\"font-size: 12.16px; line-height: 1.3em;\">El Colectivo Mujeres Dem\u00f3cratas expuso a la Dra. Ara\u00f3z que est\u00e1 preparando Proyectos de Ley a favor de la Mujer, Madre, Empresaria que se esfuerza doblemente y que necesita del cr\u00e9dito para su crecimiento; estas mujeres necesitan de un impulso inicial estatal para potenciarse;cabe precisar que las estad\u00edsticas nos muestran que las mujeres son muy buenas pagadora de sus compromisos. <\/span><\/p>\n<p style=\"text-align: justify;\"><span style=\"font-size: 12.16px; line-height: 1.3em;\">El Colectivo de Mujeres Dem\u00f3cratas tienen f\u00e9 y optimismo en el pr\u00f3ximo gobierno, confi\u00e1n en el profesionalismo de la Dra. Mercedes Araoz Segunda Vice Presidenta del Per\u00fa, que como mujer, madre y Ex Ministra de Econom\u00eda conoce del esfuerzo de las mujeres en la lucha por conseguir una pa\u00eds con desarrollo sostenido en un ambiente de equidad.<\/span><\/p>\n<p style=\"text-align: justify;\"><span style=\"font-size: 12.16px; line-height: 1.3em;\"><img decoding=\"async\" src=\"images\/stories\/16\/07\/110716\/mercedesaraoz1.jpg\" border=\"0\" \/><br \/><\/span><\/p>\n<p style=\"text-align: justify;\">\u00a0<\/p>\n<p>\u00a0<\/p>\n","protected":false},"excerpt":{"rendered":"<p>(Aeronoticias) La Dra. (c) Rosy Guzm\u00e1n, Coordinadora General del Colectivo de Mujeres Dem\u00f3cratas, acompa\u00f1ada de la Dra. Zoila Hern\u00e1ndez Coordinadora de Proyectos de Desarrollo y la Dra. Marlene Garc\u00eda Coordinadora de Actas y Secretar\u00eda General; se reunieron con la Dra. Mercedes Ar\u00e1oz Fern\u00e1ndez \u00a0Segunda Vice Presidenta del Per\u00fa y Congresista de la Rep\u00fablica, el dia [&hellip;]<\/p>\n","protected":false},"author":1,"featured_media":0,"comment_status":"open","ping_status":"open","sticky":false,"template":"","format":"standard","meta":{"tdm_status":"","tdm_grid_status":"","footnotes":""},"categories":[36],"tags":[],"class_list":{"0":"post-55332","1":"post","2":"type-post","3":"status-publish","4":"format-standard","6":"category-politica"},"yoast_head":"<!-- This site is optimized with the Yoast SEO plugin v25.1 - https:\/\/yoast.com\/wordpress\/plugins\/seo\/ -->\n<title>Mujeres dem\u00f3cratas se re\u00fanen con Mercedes Ar\u00e1oz<\/title>\n<meta name=\"description\" content=\"Portal de noticias del Per\u00fa sobre el transporte a\u00e9reo, aviaci\u00f3n, turismo, hoteleria, actualidad.\" \/>\n<meta name=\"robots\" content=\"index, follow, max-snippet:-1, max-image-preview:large, max-video-preview:-1\" \/>\n<link rel=\"canonical\" href=\"https:\/\/aeronoticias.com.pe\/noticiero\/politica\/mujeres-democratas-se-reunen-con-mercedes-araoz\/\" \/>\n<meta property=\"og:locale\" content=\"es_ES\" \/>\n<meta property=\"og:type\" content=\"article\" \/>\n<meta property=\"og:title\" content=\"Mujeres dem\u00f3cratas se re\u00fanen con Mercedes Ar\u00e1oz\" \/>\n<meta property=\"og:description\" content=\"Portal de noticias del Per\u00fa sobre el transporte a\u00e9reo, aviaci\u00f3n, turismo, hoteleria, actualidad.\" \/>\n<meta property=\"og:url\" content=\"https:\/\/aeronoticias.com.pe\/noticiero\/politica\/mujeres-democratas-se-reunen-con-mercedes-araoz\/\" \/>\n<meta property=\"og:site_name\" content=\"Aeronoticias.com.pe\" \/>\n<meta property=\"article:publisher\" content=\"https:\/\/www.facebook.com\/Aeronoticias.com.pe\/\" \/>\n<meta property=\"article:published_time\" content=\"2016-07-11T15:04:28+00:00\" \/>\n<meta name=\"author\" content=\"Redacci\u00f3n Aeronoticias\" \/>\n<meta name=\"twitter:card\" content=\"summary_large_image\" \/>\n<meta name=\"twitter:creator\" content=\"@aeronoticias\" \/>\n<meta name=\"twitter:site\" content=\"@aeronoticias\" \/>\n<meta name=\"twitter:label1\" content=\"Escrito por\" \/>\n\t<meta name=\"twitter:data1\" content=\"Redacci\u00f3n Aeronoticias\" \/>\n\t<meta name=\"twitter:label2\" content=\"Tiempo de lectura\" \/>\n\t<meta name=\"twitter:data2\" content=\"3 minutos\" \/>\n<script type=\"application\/ld+json\" class=\"yoast-schema-graph\">{\"@context\":\"https:\/\/schema.org\",\"@graph\":[{\"@type\":\"WebPage\",\"@id\":\"https:\/\/aeronoticias.com.pe\/noticiero\/politica\/mujeres-democratas-se-reunen-con-mercedes-araoz\/\",\"url\":\"https:\/\/aeronoticias.com.pe\/noticiero\/politica\/mujeres-democratas-se-reunen-con-mercedes-araoz\/\",\"name\":\"Mujeres dem\u00f3cratas se re\u00fanen con Mercedes Ar\u00e1oz\",\"isPartOf\":{\"@id\":\"https:\/\/aeronoticias.com.pe\/noticiero\/#website\"},\"datePublished\":\"2016-07-11T15:04:28+00:00\",\"author\":{\"@id\":\"https:\/\/aeronoticias.com.pe\/noticiero\/#\/schema\/person\/fc1e5d578f4b62ba1cf7ac2bba1170a0\"},\"description\":\"Portal de noticias del Per\u00fa sobre el transporte a\u00e9reo, aviaci\u00f3n, turismo, hoteleria, actualidad.\",\"breadcrumb\":{\"@id\":\"https:\/\/aeronoticias.com.pe\/noticiero\/politica\/mujeres-democratas-se-reunen-con-mercedes-araoz\/#breadcrumb\"},\"inLanguage\":\"es\",\"potentialAction\":[{\"@type\":\"ReadAction\",\"target\":[\"https:\/\/aeronoticias.com.pe\/noticiero\/politica\/mujeres-democratas-se-reunen-con-mercedes-araoz\/\"]}]},{\"@type\":\"BreadcrumbList\",\"@id\":\"https:\/\/aeronoticias.com.pe\/noticiero\/politica\/mujeres-democratas-se-reunen-con-mercedes-araoz\/#breadcrumb\",\"itemListElement\":[{\"@type\":\"ListItem\",\"position\":1,\"name\":\"Portada\",\"item\":\"https:\/\/aeronoticias.com.pe\/noticiero\/\"},{\"@type\":\"ListItem\",\"position\":2,\"name\":\"Mujeres dem\u00f3cratas se re\u00fanen con Mercedes Ar\u00e1oz\"}]},{\"@type\":\"WebSite\",\"@id\":\"https:\/\/aeronoticias.com.pe\/noticiero\/#website\",\"url\":\"https:\/\/aeronoticias.com.pe\/noticiero\/\",\"name\":\"Aeronoticias.com.pe\",\"description\":\"Noticias de tranporte aereo, turismo, hoteles, gastronomia, actualidad, internacional\",\"potentialAction\":[{\"@type\":\"SearchAction\",\"target\":{\"@type\":\"EntryPoint\",\"urlTemplate\":\"https:\/\/aeronoticias.com.pe\/noticiero\/?s={search_term_string}\"},\"query-input\":{\"@type\":\"PropertyValueSpecification\",\"valueRequired\":true,\"valueName\":\"search_term_string\"}}],\"inLanguage\":\"es\"},{\"@type\":\"Person\",\"@id\":\"https:\/\/aeronoticias.com.pe\/noticiero\/#\/schema\/person\/fc1e5d578f4b62ba1cf7ac2bba1170a0\",\"name\":\"Redacci\u00f3n Aeronoticias\",\"url\":\"https:\/\/aeronoticias.com.pe\/noticiero\/author\/piloto\/\"}]}<\/script>\n<!-- \/ Yoast SEO plugin. -->","yoast_head_json":{"title":"Mujeres dem\u00f3cratas se re\u00fanen con Mercedes Ar\u00e1oz","description":"Portal de noticias del Per\u00fa sobre el transporte a\u00e9reo, aviaci\u00f3n, turismo, hoteleria, actualidad.","robots":{"index":"index","follow":"follow","max-snippet":"max-snippet:-1","max-image-preview":"max-image-preview:large","max-video-preview":"max-video-preview:-1"},"canonical":"https:\/\/aeronoticias.com.pe\/noticiero\/politica\/mujeres-democratas-se-reunen-con-mercedes-araoz\/","og_locale":"es_ES","og_type":"article","og_title":"Mujeres dem\u00f3cratas se re\u00fanen con Mercedes Ar\u00e1oz","og_description":"Portal de noticias del Per\u00fa sobre el transporte a\u00e9reo, aviaci\u00f3n, turismo, hoteleria, actualidad.","og_url":"https:\/\/aeronoticias.com.pe\/noticiero\/politica\/mujeres-democratas-se-reunen-con-mercedes-araoz\/","og_site_name":"Aeronoticias.com.pe","article_publisher":"https:\/\/www.facebook.com\/Aeronoticias.com.pe\/","article_published_time":"2016-07-11T15:04:28+00:00","author":"Redacci\u00f3n Aeronoticias","twitter_card":"summary_large_image","twitter_creator":"@aeronoticias","twitter_site":"@aeronoticias","twitter_misc":{"Escrito por":"Redacci\u00f3n Aeronoticias","Tiempo de lectura":"3 minutos"},"schema":{"@context":"https:\/\/schema.org","@graph":[{"@type":"WebPage","@id":"https:\/\/aeronoticias.com.pe\/noticiero\/politica\/mujeres-democratas-se-reunen-con-mercedes-araoz\/","url":"https:\/\/aeronoticias.com.pe\/noticiero\/politica\/mujeres-democratas-se-reunen-con-mercedes-araoz\/","name":"Mujeres dem\u00f3cratas se re\u00fanen con Mercedes Ar\u00e1oz","isPartOf":{"@id":"https:\/\/aeronoticias.com.pe\/noticiero\/#website"},"datePublished":"2016-07-11T15:04:28+00:00","author":{"@id":"https:\/\/aeronoticias.com.pe\/noticiero\/#\/schema\/person\/fc1e5d578f4b62ba1cf7ac2bba1170a0"},"description":"Portal de noticias del Per\u00fa sobre el transporte a\u00e9reo, aviaci\u00f3n, turismo, hoteleria, actualidad.","breadcrumb":{"@id":"https:\/\/aeronoticias.com.pe\/noticiero\/politica\/mujeres-democratas-se-reunen-con-mercedes-araoz\/#breadcrumb"},"inLanguage":"es","potentialAction":[{"@type":"ReadAction","target":["https:\/\/aeronoticias.com.pe\/noticiero\/politica\/mujeres-democratas-se-reunen-con-mercedes-araoz\/"]}]},{"@type":"BreadcrumbList","@id":"https:\/\/aeronoticias.com.pe\/noticiero\/politica\/mujeres-democratas-se-reunen-con-mercedes-araoz\/#breadcrumb","itemListElement":[{"@type":"ListItem","position":1,"name":"Portada","item":"https:\/\/aeronoticias.com.pe\/noticiero\/"},{"@type":"ListItem","position":2,"name":"Mujeres dem\u00f3cratas se re\u00fanen con Mercedes Ar\u00e1oz"}]},{"@type":"WebSite","@id":"https:\/\/aeronoticias.com.pe\/noticiero\/#website","url":"https:\/\/aeronoticias.com.pe\/noticiero\/","name":"Aeronoticias.com.pe","description":"Noticias de tranporte aereo, turismo, hoteles, gastronomia, actualidad, internacional","potentialAction":[{"@type":"SearchAction","target":{"@type":"EntryPoint","urlTemplate":"https:\/\/aeronoticias.com.pe\/noticiero\/?s={search_term_string}"},"query-input":{"@type":"PropertyValueSpecification","valueRequired":true,"valueName":"search_term_string"}}],"inLanguage":"es"},{"@type":"Person","@id":"https:\/\/aeronoticias.com.pe\/noticiero\/#\/schema\/person\/fc1e5d578f4b62ba1cf7ac2bba1170a0","name":"Redacci\u00f3n Aeronoticias","url":"https:\/\/aeronoticias.com.pe\/noticiero\/author\/piloto\/"}]}},"_links":{"self":[{"href":"https:\/\/aeronoticias.com.pe\/noticiero\/wp-json\/wp\/v2\/posts\/55332","targetHints":{"allow":["GET"]}}],"collection":[{"href":"https:\/\/aeronoticias.com.pe\/noticiero\/wp-json\/wp\/v2\/posts"}],"about":[{"href":"https:\/\/aeronoticias.com.pe\/noticiero\/wp-json\/wp\/v2\/types\/post"}],"author":[{"embeddable":true,"href":"https:\/\/aeronoticias.com.pe\/noticiero\/wp-json\/wp\/v2\/users\/1"}],"replies":[{"embeddable":true,"href":"https:\/\/aeronoticias.com.pe\/noticiero\/wp-json\/wp\/v2\/comments?post=55332"}],"version-history":[{"count":0,"href":"https:\/\/aeronoticias.com.pe\/noticiero\/wp-json\/wp\/v2\/posts\/55332\/revisions"}],"wp:attachment":[{"href":"https:\/\/aeronoticias.com.pe\/noticiero\/wp-json\/wp\/v2\/media?parent=55332"}],"wp:term":[{"taxonomy":"category","embeddable":true,"href":"https:\/\/aeronoticias.com.pe\/noticiero\/wp-json\/wp\/v2\/categories?post=55332"},{"taxonomy":"post_tag","embeddable":true,"href":"https:\/\/aeronoticias.com.pe\/noticiero\/wp-json\/wp\/v2\/tags?post=55332"}],"curies":[{"name":"wp","href":"https:\/\/api.w.org\/{rel}","templated":true}]}}