{"id":5534,"date":"2009-09-30T13:31:24","date_gmt":"2009-09-30T13:31:24","guid":{"rendered":"http:\/\/desarrollo.mcvicious.com\/aero2020\/2009\/09\/30\/la-estacion-espacial-internacional-recibira-por-primera-vez-a-un-payaso\/"},"modified":"2009-09-30T13:31:24","modified_gmt":"2009-09-30T13:31:24","slug":"la-estacion-espacial-internacional-recibira-por-primera-vez-a-un-payaso","status":"publish","type":"post","link":"https:\/\/aeronoticias.com.pe\/noticiero\/27\/la-estacion-espacial-internacional-recibira-por-primera-vez-a-un-payaso\/","title":{"rendered":"LA ESTACI\u00d3N ESPACIAL INTERNACIONAL RECIBIR\u00c1 POR PRIMERA VEZ A UN PAYASO"},"content":{"rendered":"<div align=\"justify\">El fundador del circo m\u00e1s famoso del mundo el Circo del Sol (Cirque du Soleil), Guy Lalibert\u00e9, es parte de una misi\u00f3n que despeg\u00f3 desde Baikonour, en Asia Central, y que se espera que se acople a la plataforma orbital el pr\u00f3ximo viernes. Seg\u00fan algunas versiones, pag\u00f3 para realizar esta aventura entre 40 y 50 millones de d\u00f3lares. <\/p>\n<p>Los astronautas que son parte de la misi\u00f3n, seg\u00fan el diario El Mundo, son Maxim Sur\u00e1yev y Jeff Williams. Para la ocasi\u00f3n Lalibert\u00e9 prometi\u00f3 a cada integrante del viaje una nariz de payaso, aunque \u00e9l decidi\u00f3 llevar dos para s\u00ed mismo: una roja y una amarilla. \u00abLa amarilla la usar\u00e9 cuando est\u00e9 un poco malhumorado y la roja cuando este feliz y animado\u00bb, explic\u00f3. <\/p>\n<div style=\"text-align: center\"><img decoding=\"async\" src=\"images\/stories\/09\/09\/300909\/csol.jpg\" border=\"0\" alt=\"LA ESTACI\u00d3N ESPACIAL INTERNACIONAL RECIBIR\u00c1 POR PRIMERA VEZ A UN PAYASO\" title=\"LA ESTACI\u00d3N ESPACIAL INTERNACIONAL RECIBIR\u00c1 POR PRIMERA VEZ A UN PAYASO\" \/><\/div>\n<p>La nave Soyuz TMA-16 en la que despegaron fue lanzada al espacio desde el cosm\u00f3dromo situado en Kazajst\u00e1n con ayuda de un cohete Soyuz FG, y su acoplamiento a la plataforma orbital est\u00e1 previsto para el pr\u00f3ximo viernes.<\/p>\n<p>Sur\u00e1yev, que viaja por primera vez al espacio, y Williams, para quien \u00e9ste ser\u00e1 el tercer vuelo de su carrera y el segundo a la EEI, permanecer\u00e1n casi medio a\u00f1o (169 d\u00edas) en la plataforma orbital como integrantes de la expedici\u00f3n n\u00famero 21. <\/p>\n<p>\u00abLes hago cosquillas para que se preparen\u00bb, brome\u00f3 Lalilbert\u00e9 en relaci\u00f3n a sus dos compa\u00f1eros de viaje. Aunque el canadiense puntualiza que sabr\u00e1 comportarse en la Estaci\u00f3n. \u00abEspero no hacer nada malo. Es arriesgado, pero no tengo miedo. A mis dos compa\u00f1eros de viaje les dije que mi principal objetivo era ser capaz de arregl\u00e1rmelas solo y no suponer una carga para ellos\u00bb, se\u00f1al\u00f3.<\/p>\n<p>Lalibert\u00e9, que seg\u00fan algunos medios desembols\u00f3 para esta aventura entre 40 y 50 millones de d\u00f3lares, permanecer\u00e1 12 d\u00edas en el espacio con el objetivo de llamar la atenci\u00f3n sobre los problemas de los recursos de agua. \u00abNo soy cient\u00edfico ni doctor o ingeniero\u00bb, dijo. \u00abSoy un organizador, un actor y un creador. Tengo una personalidad que entretiene, as\u00ed que eso es lo que llevar\u00e9\u00bb. Lalibert\u00e9 tambi\u00e9n transmitir\u00e1 un mensaje de reflexi\u00f3n sobre la falta de agua en la Tierra desde la estaci\u00f3n espacial, promovido por la organizaci\u00f3n ambientalista \u2019One Drop Foundation\u2019, al que se unir\u00e1n Al Gore y la cantante colombiana Shakira.<\/p>\n<p>La misi\u00f3n de esta fundaci\u00f3n creada por Lalibert\u00e9 bajo el lema \u00abAgua para todos, todos por el agua\u00bb, es luchar contra la pobreza, garantizar el acceso a la misma y el reconocimiento de la importancia del problema de los recursos h\u00eddricos en todo el mundo. El canadiense regresar\u00e1 a la Tierra a mediados del pr\u00f3ximo mes junto a dos de los integrantes de la actual misi\u00f3n que se halla en la Estaci\u00f3n Espacial.<\/p>\n<p><strong>Aeronoticias<\/strong> considera resaltar que una de las novedades de la misi\u00f3n que se lanza hoy es que llevar\u00e1 levadura para \u2019fabricar\u2019 pan y cerveza sin gravedad. Uno de los responsables del proyecto, el profesor de Bioingenier\u00eda en la Universidad de Bruselas Ronnie Willaert, explic\u00f3 que el objetivo es ver el efecto de la microgravitaci\u00f3n en el crecimiento de la levadura y comprobar, si es posible producir prote\u00ednas en estas condiciones.<\/p>\n<p>En caso de que la prueba tenga \u00e9xito, los astronautas podr\u00e1n elaborar y consumir cerveza. \u00abNo pasa nada si la toman, incluso es provechosa\u00bb, afirm\u00f3 el cient\u00edfico al explicar que ser\u00e1 una cerveza especial, con bajo contenido de alcohol. \u00abNuestro experimento tiene asimismo un objetivo a largo plazo que es la producci\u00f3n de alimentos y bebidas en las condiciones de imponderabilidad, algo que podr\u00eda ser \u00fatil para los astronautas a bordo de la ISS\u00bb, dijo. Esta experiencia ayudar\u00eda tambi\u00e9n a organizar en la Tierra la producci\u00f3n de pan y cerveza de larga vida \u00fatil. <\/p>\n<p>\u00a0 <\/div>\n","protected":false},"excerpt":{"rendered":"<p>El fundador del circo m\u00e1s famoso del mundo el Circo del Sol (Cirque du Soleil), Guy Lalibert\u00e9, es parte de una misi\u00f3n que despeg\u00f3 desde Baikonour, en Asia Central, y que se espera que se acople a la plataforma orbital el pr\u00f3ximo viernes. Seg\u00fan algunas versiones, pag\u00f3 para realizar esta aventura entre 40 y 50 [&hellip;]<\/p>\n","protected":false},"author":1,"featured_media":0,"comment_status":"open","ping_status":"open","sticky":false,"template":"","format":"standard","meta":{"tdm_status":"","tdm_grid_status":"","footnotes":""},"categories":[35],"tags":[],"class_list":{"0":"post-5534","1":"post","2":"type-post","3":"status-publish","4":"format-standard","6":"category-35"},"yoast_head":"<!-- This site is optimized with the Yoast SEO plugin v25.1 - https:\/\/yoast.com\/wordpress\/plugins\/seo\/ -->\n<title>LA ESTACI\u00d3N ESPACIAL INTERNACIONAL RECIBIR\u00c1 POR PRIMERA VEZ A UN PAYASO<\/title>\n<meta name=\"description\" content=\"Portal de noticias del Per\u00fa sobre el transporte a\u00e9reo, aviaci\u00f3n, turismo, hoteleria, actualidad.\" \/>\n<meta name=\"robots\" content=\"index, follow, max-snippet:-1, max-image-preview:large, max-video-preview:-1\" \/>\n<link rel=\"canonical\" href=\"https:\/\/aeronoticias.com.pe\/noticiero\/27\/la-estacion-espacial-internacional-recibira-por-primera-vez-a-un-payaso\/\" \/>\n<meta property=\"og:locale\" content=\"es_ES\" \/>\n<meta property=\"og:type\" content=\"article\" \/>\n<meta property=\"og:title\" content=\"LA ESTACI\u00d3N ESPACIAL INTERNACIONAL RECIBIR\u00c1 POR PRIMERA VEZ A UN PAYASO\" \/>\n<meta property=\"og:description\" content=\"Portal de noticias del Per\u00fa sobre el transporte a\u00e9reo, aviaci\u00f3n, turismo, hoteleria, actualidad.\" \/>\n<meta property=\"og:url\" content=\"https:\/\/aeronoticias.com.pe\/noticiero\/27\/la-estacion-espacial-internacional-recibira-por-primera-vez-a-un-payaso\/\" \/>\n<meta property=\"og:site_name\" content=\"Aeronoticias.com.pe\" \/>\n<meta property=\"article:publisher\" content=\"https:\/\/www.facebook.com\/Aeronoticias.com.pe\/\" \/>\n<meta property=\"article:published_time\" content=\"2009-09-30T13:31:24+00:00\" \/>\n<meta name=\"author\" content=\"Redacci\u00f3n Aeronoticias\" \/>\n<meta name=\"twitter:card\" content=\"summary_large_image\" \/>\n<meta name=\"twitter:creator\" content=\"@aeronoticias\" \/>\n<meta name=\"twitter:site\" content=\"@aeronoticias\" \/>\n<meta name=\"twitter:label1\" content=\"Escrito por\" \/>\n\t<meta name=\"twitter:data1\" content=\"Redacci\u00f3n Aeronoticias\" \/>\n\t<meta name=\"twitter:label2\" content=\"Tiempo de lectura\" \/>\n\t<meta name=\"twitter:data2\" content=\"3 minutos\" \/>\n<script type=\"application\/ld+json\" class=\"yoast-schema-graph\">{\"@context\":\"https:\/\/schema.org\",\"@graph\":[{\"@type\":\"WebPage\",\"@id\":\"https:\/\/aeronoticias.com.pe\/noticiero\/27\/la-estacion-espacial-internacional-recibira-por-primera-vez-a-un-payaso\/\",\"url\":\"https:\/\/aeronoticias.com.pe\/noticiero\/27\/la-estacion-espacial-internacional-recibira-por-primera-vez-a-un-payaso\/\",\"name\":\"LA ESTACI\u00d3N ESPACIAL INTERNACIONAL RECIBIR\u00c1 POR PRIMERA VEZ A UN PAYASO\",\"isPartOf\":{\"@id\":\"https:\/\/aeronoticias.com.pe\/noticiero\/#website\"},\"datePublished\":\"2009-09-30T13:31:24+00:00\",\"author\":{\"@id\":\"https:\/\/aeronoticias.com.pe\/noticiero\/#\/schema\/person\/fc1e5d578f4b62ba1cf7ac2bba1170a0\"},\"description\":\"Portal de noticias del Per\u00fa sobre el transporte a\u00e9reo, aviaci\u00f3n, turismo, hoteleria, actualidad.\",\"breadcrumb\":{\"@id\":\"https:\/\/aeronoticias.com.pe\/noticiero\/27\/la-estacion-espacial-internacional-recibira-por-primera-vez-a-un-payaso\/#breadcrumb\"},\"inLanguage\":\"es\",\"potentialAction\":[{\"@type\":\"ReadAction\",\"target\":[\"https:\/\/aeronoticias.com.pe\/noticiero\/27\/la-estacion-espacial-internacional-recibira-por-primera-vez-a-un-payaso\/\"]}]},{\"@type\":\"BreadcrumbList\",\"@id\":\"https:\/\/aeronoticias.com.pe\/noticiero\/27\/la-estacion-espacial-internacional-recibira-por-primera-vez-a-un-payaso\/#breadcrumb\",\"itemListElement\":[{\"@type\":\"ListItem\",\"position\":1,\"name\":\"Portada\",\"item\":\"https:\/\/aeronoticias.com.pe\/noticiero\/\"},{\"@type\":\"ListItem\",\"position\":2,\"name\":\"LA ESTACI\u00d3N ESPACIAL INTERNACIONAL RECIBIR\u00c1 POR PRIMERA VEZ A UN PAYASO\"}]},{\"@type\":\"WebSite\",\"@id\":\"https:\/\/aeronoticias.com.pe\/noticiero\/#website\",\"url\":\"https:\/\/aeronoticias.com.pe\/noticiero\/\",\"name\":\"Aeronoticias.com.pe\",\"description\":\"Noticias de tranporte aereo, turismo, hoteles, gastronomia, actualidad, internacional\",\"potentialAction\":[{\"@type\":\"SearchAction\",\"target\":{\"@type\":\"EntryPoint\",\"urlTemplate\":\"https:\/\/aeronoticias.com.pe\/noticiero\/?s={search_term_string}\"},\"query-input\":{\"@type\":\"PropertyValueSpecification\",\"valueRequired\":true,\"valueName\":\"search_term_string\"}}],\"inLanguage\":\"es\"},{\"@type\":\"Person\",\"@id\":\"https:\/\/aeronoticias.com.pe\/noticiero\/#\/schema\/person\/fc1e5d578f4b62ba1cf7ac2bba1170a0\",\"name\":\"Redacci\u00f3n Aeronoticias\",\"url\":\"https:\/\/aeronoticias.com.pe\/noticiero\/author\/piloto\/\"}]}<\/script>\n<!-- \/ Yoast SEO plugin. -->","yoast_head_json":{"title":"LA ESTACI\u00d3N ESPACIAL INTERNACIONAL RECIBIR\u00c1 POR PRIMERA VEZ A UN PAYASO","description":"Portal de noticias del Per\u00fa sobre el transporte a\u00e9reo, aviaci\u00f3n, turismo, hoteleria, actualidad.","robots":{"index":"index","follow":"follow","max-snippet":"max-snippet:-1","max-image-preview":"max-image-preview:large","max-video-preview":"max-video-preview:-1"},"canonical":"https:\/\/aeronoticias.com.pe\/noticiero\/27\/la-estacion-espacial-internacional-recibira-por-primera-vez-a-un-payaso\/","og_locale":"es_ES","og_type":"article","og_title":"LA ESTACI\u00d3N ESPACIAL INTERNACIONAL RECIBIR\u00c1 POR PRIMERA VEZ A UN PAYASO","og_description":"Portal de noticias del Per\u00fa sobre el transporte a\u00e9reo, aviaci\u00f3n, turismo, hoteleria, actualidad.","og_url":"https:\/\/aeronoticias.com.pe\/noticiero\/27\/la-estacion-espacial-internacional-recibira-por-primera-vez-a-un-payaso\/","og_site_name":"Aeronoticias.com.pe","article_publisher":"https:\/\/www.facebook.com\/Aeronoticias.com.pe\/","article_published_time":"2009-09-30T13:31:24+00:00","author":"Redacci\u00f3n Aeronoticias","twitter_card":"summary_large_image","twitter_creator":"@aeronoticias","twitter_site":"@aeronoticias","twitter_misc":{"Escrito por":"Redacci\u00f3n Aeronoticias","Tiempo de lectura":"3 minutos"},"schema":{"@context":"https:\/\/schema.org","@graph":[{"@type":"WebPage","@id":"https:\/\/aeronoticias.com.pe\/noticiero\/27\/la-estacion-espacial-internacional-recibira-por-primera-vez-a-un-payaso\/","url":"https:\/\/aeronoticias.com.pe\/noticiero\/27\/la-estacion-espacial-internacional-recibira-por-primera-vez-a-un-payaso\/","name":"LA ESTACI\u00d3N ESPACIAL INTERNACIONAL RECIBIR\u00c1 POR PRIMERA VEZ A UN PAYASO","isPartOf":{"@id":"https:\/\/aeronoticias.com.pe\/noticiero\/#website"},"datePublished":"2009-09-30T13:31:24+00:00","author":{"@id":"https:\/\/aeronoticias.com.pe\/noticiero\/#\/schema\/person\/fc1e5d578f4b62ba1cf7ac2bba1170a0"},"description":"Portal de noticias del Per\u00fa sobre el transporte a\u00e9reo, aviaci\u00f3n, turismo, hoteleria, actualidad.","breadcrumb":{"@id":"https:\/\/aeronoticias.com.pe\/noticiero\/27\/la-estacion-espacial-internacional-recibira-por-primera-vez-a-un-payaso\/#breadcrumb"},"inLanguage":"es","potentialAction":[{"@type":"ReadAction","target":["https:\/\/aeronoticias.com.pe\/noticiero\/27\/la-estacion-espacial-internacional-recibira-por-primera-vez-a-un-payaso\/"]}]},{"@type":"BreadcrumbList","@id":"https:\/\/aeronoticias.com.pe\/noticiero\/27\/la-estacion-espacial-internacional-recibira-por-primera-vez-a-un-payaso\/#breadcrumb","itemListElement":[{"@type":"ListItem","position":1,"name":"Portada","item":"https:\/\/aeronoticias.com.pe\/noticiero\/"},{"@type":"ListItem","position":2,"name":"LA ESTACI\u00d3N ESPACIAL INTERNACIONAL RECIBIR\u00c1 POR PRIMERA VEZ A UN PAYASO"}]},{"@type":"WebSite","@id":"https:\/\/aeronoticias.com.pe\/noticiero\/#website","url":"https:\/\/aeronoticias.com.pe\/noticiero\/","name":"Aeronoticias.com.pe","description":"Noticias de tranporte aereo, turismo, hoteles, gastronomia, actualidad, internacional","potentialAction":[{"@type":"SearchAction","target":{"@type":"EntryPoint","urlTemplate":"https:\/\/aeronoticias.com.pe\/noticiero\/?s={search_term_string}"},"query-input":{"@type":"PropertyValueSpecification","valueRequired":true,"valueName":"search_term_string"}}],"inLanguage":"es"},{"@type":"Person","@id":"https:\/\/aeronoticias.com.pe\/noticiero\/#\/schema\/person\/fc1e5d578f4b62ba1cf7ac2bba1170a0","name":"Redacci\u00f3n Aeronoticias","url":"https:\/\/aeronoticias.com.pe\/noticiero\/author\/piloto\/"}]}},"_links":{"self":[{"href":"https:\/\/aeronoticias.com.pe\/noticiero\/wp-json\/wp\/v2\/posts\/5534","targetHints":{"allow":["GET"]}}],"collection":[{"href":"https:\/\/aeronoticias.com.pe\/noticiero\/wp-json\/wp\/v2\/posts"}],"about":[{"href":"https:\/\/aeronoticias.com.pe\/noticiero\/wp-json\/wp\/v2\/types\/post"}],"author":[{"embeddable":true,"href":"https:\/\/aeronoticias.com.pe\/noticiero\/wp-json\/wp\/v2\/users\/1"}],"replies":[{"embeddable":true,"href":"https:\/\/aeronoticias.com.pe\/noticiero\/wp-json\/wp\/v2\/comments?post=5534"}],"version-history":[{"count":0,"href":"https:\/\/aeronoticias.com.pe\/noticiero\/wp-json\/wp\/v2\/posts\/5534\/revisions"}],"wp:attachment":[{"href":"https:\/\/aeronoticias.com.pe\/noticiero\/wp-json\/wp\/v2\/media?parent=5534"}],"wp:term":[{"taxonomy":"category","embeddable":true,"href":"https:\/\/aeronoticias.com.pe\/noticiero\/wp-json\/wp\/v2\/categories?post=5534"},{"taxonomy":"post_tag","embeddable":true,"href":"https:\/\/aeronoticias.com.pe\/noticiero\/wp-json\/wp\/v2\/tags?post=5534"}],"curies":[{"name":"wp","href":"https:\/\/api.w.org\/{rel}","templated":true}]}}