{"id":5537,"date":"2009-09-30T13:43:31","date_gmt":"2009-09-30T13:43:31","guid":{"rendered":"http:\/\/desarrollo.mcvicious.com\/aero2020\/2009\/09\/30\/honduras-zelaya-dijo-percibir-qsenales-de-buena-voluntad-de-todos-los-sectoresq-para-dialogar\/"},"modified":"2009-09-30T13:43:31","modified_gmt":"2009-09-30T13:43:31","slug":"honduras-zelaya-dijo-percibir-qsenales-de-buena-voluntad-de-todos-los-sectoresq-para-dialogar","status":"publish","type":"post","link":"https:\/\/aeronoticias.com.pe\/noticiero\/internacionales\/honduras-zelaya-dijo-percibir-qsenales-de-buena-voluntad-de-todos-los-sectoresq-para-dialogar\/","title":{"rendered":"HONDURAS: ZELAYA DIJO PERCIBIR SE\u00d1ALES DE BUENA VOLUNTAD DE TODOS LOS SECTORES PARA DIALOGAR"},"content":{"rendered":"<div align=\"justify\">El depuesto mandatario indic\u00f3 que las se\u00f1ales para encontrarle una salida negociada a la crisis pol\u00edtica provienen del sector empresarial, militar y otros. Adem\u00e1s, asegur\u00f3 que en ese sentido \u00e9l tambi\u00e9n est\u00e1 dispuesto a rehacer sus puntos de vista con el fin de lograr el di\u00e1logo. <\/div>\n<p><\/p>\n<div align=\"justify\">Seg\u00fan report\u00f3 la prensa, el derrocado presidente de Honduras habl\u00f3 la noche del martes con el canal 11 de Honduras desde la embajada de Brasil, donde est\u00e1 alojado desde el pasado 21 de setiembre.\u00a0 El m\u00e1ximo jefe militar de Honduras, general Romeo V\u00e1squez Vel\u00e1squez, dijo ayer que ve opciones de una salida negociada a la crisis en los pr\u00f3ximos d\u00edas. <\/div>\n<div style=\"text-align: center\"><img decoding=\"async\" src=\"images\/stories\/09\/09\/300909\/democracia.jpg\" border=\"0\" alt=\"HONDURAS: ZELAYA DIJO PERCIBIR SE\u00d1ALES DE BUENA VOLUNTAD DE TODOS LOS SECTORES PARA DIALOGAR\" title=\"HONDURAS: ZELAYA DIJO PERCIBIR SE\u00d1ALES DE BUENA VOLUNTAD DE TODOS LOS SECTORES PARA DIALOGAR\" \/><\/div>\n<div align=\"justify\">Comandos militares hondure\u00f1os arrestaron y expulsaron a Zelaya el pasado 28 de junio, desatando una crisis pol\u00edtica sin parang\u00f3n en el \u00faltimo cuarto de siglo.\u00a0 Para Zelaya la declaraci\u00f3n del general V\u00e1squez Vel\u00e1squez es un indicativo de que los \u00absectores conservadores de Honduras est\u00e1n realizando propuestas y es una buena se\u00f1al\u00bb. <\/div>\n<p><\/p>\n<div align=\"justify\">\u00abHemos recibido diferentes propuestas de la empresa privada, planteamientos que est\u00e1n haciendo las Fuerzas Armadas, diferentes sectores que se est\u00e1n manifestando que Honduras no puede sostenerse en confrontaci\u00f3n y que debemos retomar el di\u00e1logo\u00bb, indic\u00f3 el derrocado mandatario constitucional hondure\u00f1o.\u00a0 Dijo que espera reunirse hoy con un funcionario de la Organizaci\u00f3n de Estados Americanos (OEA) que est\u00e1 en el pa\u00eds y el fin de semana con el grupo de avanzada que preparar\u00e1 la visita de los cancilleres de varias naciones latinoamericanas. <\/div>\n<p><\/p>\n<div align=\"justify\">Pero Zelaya se quej\u00f3 de que sufre un \u00abracionamiento de alimentos bastante dr\u00e1stico\u00bb, aunque apunt\u00f3 estar con un esp\u00edritu firme.<\/div>\n<p><strong><br \/><\/strong><\/p>\n<div align=\"justify\"><strong>Aeronoticias<\/strong> considera que la iniciativa de los distintos sectores internos de la naci\u00f3n hondure\u00f1a es una muestra de que el pa\u00eds se levanta en pro del t\u00e9rmino de este conflicto que tanto da\u00f1o le est\u00e1 haciendo a la naci\u00f3n hondure\u00f1a en si misma y a la pol\u00edtica internacional adem\u00e1s de las relaciones bilaterales, por lo que se deber\u00e1 estudiar la forma de poder dar fin a la crisis pol\u00edtica m\u00e1s grave de los \u00faltimos tiempos.<\/div>\n","protected":false},"excerpt":{"rendered":"<p>El depuesto mandatario indic\u00f3 que las se\u00f1ales para encontrarle una salida negociada a la crisis pol\u00edtica provienen del sector empresarial, militar y otros. Adem\u00e1s, asegur\u00f3 que en ese sentido \u00e9l tambi\u00e9n est\u00e1 dispuesto a rehacer sus puntos de vista con el fin de lograr el di\u00e1logo. Seg\u00fan report\u00f3 la prensa, el derrocado presidente de Honduras [&hellip;]<\/p>\n","protected":false},"author":1,"featured_media":0,"comment_status":"open","ping_status":"open","sticky":false,"template":"","format":"standard","meta":{"tdm_status":"","tdm_grid_status":"","footnotes":""},"categories":[34],"tags":[],"class_list":{"0":"post-5537","1":"post","2":"type-post","3":"status-publish","4":"format-standard","6":"category-internacionales"},"yoast_head":"<!-- This site is optimized with the Yoast SEO plugin v25.1 - https:\/\/yoast.com\/wordpress\/plugins\/seo\/ -->\n<title>HONDURAS: ZELAYA DIJO PERCIBIR SE\u00d1ALES DE BUENA VOLUNTAD DE TODOS LOS SECTORES PARA DIALOGAR<\/title>\n<meta name=\"description\" content=\"Portal de noticias del Per\u00fa sobre el transporte a\u00e9reo, aviaci\u00f3n, turismo, hoteleria, actualidad.\" \/>\n<meta name=\"robots\" content=\"index, follow, max-snippet:-1, max-image-preview:large, max-video-preview:-1\" \/>\n<link rel=\"canonical\" href=\"https:\/\/aeronoticias.com.pe\/noticiero\/internacionales\/honduras-zelaya-dijo-percibir-qsenales-de-buena-voluntad-de-todos-los-sectoresq-para-dialogar\/\" \/>\n<meta property=\"og:locale\" content=\"es_ES\" \/>\n<meta property=\"og:type\" content=\"article\" \/>\n<meta property=\"og:title\" content=\"HONDURAS: ZELAYA DIJO PERCIBIR SE\u00d1ALES DE BUENA VOLUNTAD DE TODOS LOS SECTORES PARA DIALOGAR\" \/>\n<meta property=\"og:description\" content=\"Portal de noticias del Per\u00fa sobre el transporte a\u00e9reo, aviaci\u00f3n, turismo, hoteleria, actualidad.\" \/>\n<meta property=\"og:url\" content=\"https:\/\/aeronoticias.com.pe\/noticiero\/internacionales\/honduras-zelaya-dijo-percibir-qsenales-de-buena-voluntad-de-todos-los-sectoresq-para-dialogar\/\" \/>\n<meta property=\"og:site_name\" content=\"Aeronoticias.com.pe\" \/>\n<meta property=\"article:publisher\" content=\"https:\/\/www.facebook.com\/Aeronoticias.com.pe\/\" \/>\n<meta property=\"article:published_time\" content=\"2009-09-30T13:43:31+00:00\" \/>\n<meta name=\"author\" content=\"Redacci\u00f3n Aeronoticias\" \/>\n<meta name=\"twitter:card\" content=\"summary_large_image\" \/>\n<meta name=\"twitter:creator\" content=\"@aeronoticias\" \/>\n<meta name=\"twitter:site\" content=\"@aeronoticias\" \/>\n<meta name=\"twitter:label1\" content=\"Escrito por\" \/>\n\t<meta name=\"twitter:data1\" content=\"Redacci\u00f3n Aeronoticias\" \/>\n\t<meta name=\"twitter:label2\" content=\"Tiempo de lectura\" \/>\n\t<meta name=\"twitter:data2\" content=\"2 minutos\" \/>\n<script type=\"application\/ld+json\" class=\"yoast-schema-graph\">{\"@context\":\"https:\/\/schema.org\",\"@graph\":[{\"@type\":\"WebPage\",\"@id\":\"https:\/\/aeronoticias.com.pe\/noticiero\/internacionales\/honduras-zelaya-dijo-percibir-qsenales-de-buena-voluntad-de-todos-los-sectoresq-para-dialogar\/\",\"url\":\"https:\/\/aeronoticias.com.pe\/noticiero\/internacionales\/honduras-zelaya-dijo-percibir-qsenales-de-buena-voluntad-de-todos-los-sectoresq-para-dialogar\/\",\"name\":\"HONDURAS: ZELAYA DIJO PERCIBIR SE\u00d1ALES DE BUENA VOLUNTAD DE TODOS LOS SECTORES PARA DIALOGAR\",\"isPartOf\":{\"@id\":\"https:\/\/aeronoticias.com.pe\/noticiero\/#website\"},\"datePublished\":\"2009-09-30T13:43:31+00:00\",\"author\":{\"@id\":\"https:\/\/aeronoticias.com.pe\/noticiero\/#\/schema\/person\/fc1e5d578f4b62ba1cf7ac2bba1170a0\"},\"description\":\"Portal de noticias del Per\u00fa sobre el transporte a\u00e9reo, aviaci\u00f3n, turismo, hoteleria, actualidad.\",\"breadcrumb\":{\"@id\":\"https:\/\/aeronoticias.com.pe\/noticiero\/internacionales\/honduras-zelaya-dijo-percibir-qsenales-de-buena-voluntad-de-todos-los-sectoresq-para-dialogar\/#breadcrumb\"},\"inLanguage\":\"es\",\"potentialAction\":[{\"@type\":\"ReadAction\",\"target\":[\"https:\/\/aeronoticias.com.pe\/noticiero\/internacionales\/honduras-zelaya-dijo-percibir-qsenales-de-buena-voluntad-de-todos-los-sectoresq-para-dialogar\/\"]}]},{\"@type\":\"BreadcrumbList\",\"@id\":\"https:\/\/aeronoticias.com.pe\/noticiero\/internacionales\/honduras-zelaya-dijo-percibir-qsenales-de-buena-voluntad-de-todos-los-sectoresq-para-dialogar\/#breadcrumb\",\"itemListElement\":[{\"@type\":\"ListItem\",\"position\":1,\"name\":\"Portada\",\"item\":\"https:\/\/aeronoticias.com.pe\/noticiero\/\"},{\"@type\":\"ListItem\",\"position\":2,\"name\":\"HONDURAS: ZELAYA DIJO PERCIBIR SE\u00d1ALES DE BUENA VOLUNTAD DE TODOS LOS SECTORES PARA DIALOGAR\"}]},{\"@type\":\"WebSite\",\"@id\":\"https:\/\/aeronoticias.com.pe\/noticiero\/#website\",\"url\":\"https:\/\/aeronoticias.com.pe\/noticiero\/\",\"name\":\"Aeronoticias.com.pe\",\"description\":\"Noticias de tranporte aereo, turismo, hoteles, gastronomia, actualidad, internacional\",\"potentialAction\":[{\"@type\":\"SearchAction\",\"target\":{\"@type\":\"EntryPoint\",\"urlTemplate\":\"https:\/\/aeronoticias.com.pe\/noticiero\/?s={search_term_string}\"},\"query-input\":{\"@type\":\"PropertyValueSpecification\",\"valueRequired\":true,\"valueName\":\"search_term_string\"}}],\"inLanguage\":\"es\"},{\"@type\":\"Person\",\"@id\":\"https:\/\/aeronoticias.com.pe\/noticiero\/#\/schema\/person\/fc1e5d578f4b62ba1cf7ac2bba1170a0\",\"name\":\"Redacci\u00f3n Aeronoticias\",\"url\":\"https:\/\/aeronoticias.com.pe\/noticiero\/author\/piloto\/\"}]}<\/script>\n<!-- \/ Yoast SEO plugin. -->","yoast_head_json":{"title":"HONDURAS: ZELAYA DIJO PERCIBIR SE\u00d1ALES DE BUENA VOLUNTAD DE TODOS LOS SECTORES PARA DIALOGAR","description":"Portal de noticias del Per\u00fa sobre el transporte a\u00e9reo, aviaci\u00f3n, turismo, hoteleria, actualidad.","robots":{"index":"index","follow":"follow","max-snippet":"max-snippet:-1","max-image-preview":"max-image-preview:large","max-video-preview":"max-video-preview:-1"},"canonical":"https:\/\/aeronoticias.com.pe\/noticiero\/internacionales\/honduras-zelaya-dijo-percibir-qsenales-de-buena-voluntad-de-todos-los-sectoresq-para-dialogar\/","og_locale":"es_ES","og_type":"article","og_title":"HONDURAS: ZELAYA DIJO PERCIBIR SE\u00d1ALES DE BUENA VOLUNTAD DE TODOS LOS SECTORES PARA DIALOGAR","og_description":"Portal de noticias del Per\u00fa sobre el transporte a\u00e9reo, aviaci\u00f3n, turismo, hoteleria, actualidad.","og_url":"https:\/\/aeronoticias.com.pe\/noticiero\/internacionales\/honduras-zelaya-dijo-percibir-qsenales-de-buena-voluntad-de-todos-los-sectoresq-para-dialogar\/","og_site_name":"Aeronoticias.com.pe","article_publisher":"https:\/\/www.facebook.com\/Aeronoticias.com.pe\/","article_published_time":"2009-09-30T13:43:31+00:00","author":"Redacci\u00f3n Aeronoticias","twitter_card":"summary_large_image","twitter_creator":"@aeronoticias","twitter_site":"@aeronoticias","twitter_misc":{"Escrito por":"Redacci\u00f3n Aeronoticias","Tiempo de lectura":"2 minutos"},"schema":{"@context":"https:\/\/schema.org","@graph":[{"@type":"WebPage","@id":"https:\/\/aeronoticias.com.pe\/noticiero\/internacionales\/honduras-zelaya-dijo-percibir-qsenales-de-buena-voluntad-de-todos-los-sectoresq-para-dialogar\/","url":"https:\/\/aeronoticias.com.pe\/noticiero\/internacionales\/honduras-zelaya-dijo-percibir-qsenales-de-buena-voluntad-de-todos-los-sectoresq-para-dialogar\/","name":"HONDURAS: ZELAYA DIJO PERCIBIR SE\u00d1ALES DE BUENA VOLUNTAD DE TODOS LOS SECTORES PARA DIALOGAR","isPartOf":{"@id":"https:\/\/aeronoticias.com.pe\/noticiero\/#website"},"datePublished":"2009-09-30T13:43:31+00:00","author":{"@id":"https:\/\/aeronoticias.com.pe\/noticiero\/#\/schema\/person\/fc1e5d578f4b62ba1cf7ac2bba1170a0"},"description":"Portal de noticias del Per\u00fa sobre el transporte a\u00e9reo, aviaci\u00f3n, turismo, hoteleria, actualidad.","breadcrumb":{"@id":"https:\/\/aeronoticias.com.pe\/noticiero\/internacionales\/honduras-zelaya-dijo-percibir-qsenales-de-buena-voluntad-de-todos-los-sectoresq-para-dialogar\/#breadcrumb"},"inLanguage":"es","potentialAction":[{"@type":"ReadAction","target":["https:\/\/aeronoticias.com.pe\/noticiero\/internacionales\/honduras-zelaya-dijo-percibir-qsenales-de-buena-voluntad-de-todos-los-sectoresq-para-dialogar\/"]}]},{"@type":"BreadcrumbList","@id":"https:\/\/aeronoticias.com.pe\/noticiero\/internacionales\/honduras-zelaya-dijo-percibir-qsenales-de-buena-voluntad-de-todos-los-sectoresq-para-dialogar\/#breadcrumb","itemListElement":[{"@type":"ListItem","position":1,"name":"Portada","item":"https:\/\/aeronoticias.com.pe\/noticiero\/"},{"@type":"ListItem","position":2,"name":"HONDURAS: ZELAYA DIJO PERCIBIR SE\u00d1ALES DE BUENA VOLUNTAD DE TODOS LOS SECTORES PARA DIALOGAR"}]},{"@type":"WebSite","@id":"https:\/\/aeronoticias.com.pe\/noticiero\/#website","url":"https:\/\/aeronoticias.com.pe\/noticiero\/","name":"Aeronoticias.com.pe","description":"Noticias de tranporte aereo, turismo, hoteles, gastronomia, actualidad, internacional","potentialAction":[{"@type":"SearchAction","target":{"@type":"EntryPoint","urlTemplate":"https:\/\/aeronoticias.com.pe\/noticiero\/?s={search_term_string}"},"query-input":{"@type":"PropertyValueSpecification","valueRequired":true,"valueName":"search_term_string"}}],"inLanguage":"es"},{"@type":"Person","@id":"https:\/\/aeronoticias.com.pe\/noticiero\/#\/schema\/person\/fc1e5d578f4b62ba1cf7ac2bba1170a0","name":"Redacci\u00f3n Aeronoticias","url":"https:\/\/aeronoticias.com.pe\/noticiero\/author\/piloto\/"}]}},"_links":{"self":[{"href":"https:\/\/aeronoticias.com.pe\/noticiero\/wp-json\/wp\/v2\/posts\/5537","targetHints":{"allow":["GET"]}}],"collection":[{"href":"https:\/\/aeronoticias.com.pe\/noticiero\/wp-json\/wp\/v2\/posts"}],"about":[{"href":"https:\/\/aeronoticias.com.pe\/noticiero\/wp-json\/wp\/v2\/types\/post"}],"author":[{"embeddable":true,"href":"https:\/\/aeronoticias.com.pe\/noticiero\/wp-json\/wp\/v2\/users\/1"}],"replies":[{"embeddable":true,"href":"https:\/\/aeronoticias.com.pe\/noticiero\/wp-json\/wp\/v2\/comments?post=5537"}],"version-history":[{"count":0,"href":"https:\/\/aeronoticias.com.pe\/noticiero\/wp-json\/wp\/v2\/posts\/5537\/revisions"}],"wp:attachment":[{"href":"https:\/\/aeronoticias.com.pe\/noticiero\/wp-json\/wp\/v2\/media?parent=5537"}],"wp:term":[{"taxonomy":"category","embeddable":true,"href":"https:\/\/aeronoticias.com.pe\/noticiero\/wp-json\/wp\/v2\/categories?post=5537"},{"taxonomy":"post_tag","embeddable":true,"href":"https:\/\/aeronoticias.com.pe\/noticiero\/wp-json\/wp\/v2\/tags?post=5537"}],"curies":[{"name":"wp","href":"https:\/\/api.w.org\/{rel}","templated":true}]}}