{"id":5538,"date":"2009-09-30T13:46:53","date_gmt":"2009-09-30T13:46:53","guid":{"rendered":"http:\/\/desarrollo.mcvicious.com\/aero2020\/2009\/09\/30\/el-fmi-adviertio-de-una-recaida-en-la-crisis-si-se-retiran-los-planes-estimulos-estatales\/"},"modified":"2009-09-30T13:46:53","modified_gmt":"2009-09-30T13:46:53","slug":"el-fmi-adviertio-de-una-recaida-en-la-crisis-si-se-retiran-los-planes-estimulos-estatales","status":"publish","type":"post","link":"https:\/\/aeronoticias.com.pe\/noticiero\/economia\/el-fmi-adviertio-de-una-recaida-en-la-crisis-si-se-retiran-los-planes-estimulos-estatales\/","title":{"rendered":"EL FMI ADVIERTI\u00d3 DE UNA RECA\u00cdDA EN LA CRISIS SI SE RETIRAN LOS PLANES EST\u00cdMULOS ESTATALES"},"content":{"rendered":"<div align=\"justify\">El organismo present\u00f3 hoy el Informe de Estabilidad Financiera Global donde asegura que a pesar de que \u00abgana confianza la posibilidad de que la econom\u00eda haya doblado la esquina\u00bb de la recuperaci\u00f3n, a\u00fan persisten numerosos riesgos. El diario El Pa\u00eds inform\u00f3 que el Fondo Monetario Internacional mantuvo una reuni\u00f3n en la ciudad turca de Estambul. <\/p>\n<p>Seg\u00fan el informe que produjo el organismo, los riesgos sobre el sistema financiero, que estuvo al borde del precipicio hace poco m\u00e1s de un a\u00f1o con la quiebra de Lehman Brothers, \u00abse han reducido sustancialmente por la combinaci\u00f3n de una acci\u00f3n pol\u00edtica sin precedentes [los planes de est\u00edmulo] y los crecientes signos de mejor\u00eda en la econom\u00eda real\u00bb. <\/p>\n<div style=\"text-align: center\"><img decoding=\"async\" src=\"images\/stories\/09\/09\/300909\/fmi.jpg\" border=\"0\" alt=\"EL FMI ADVIERTI\u00d3 DE UNA RECA\u00cdDA EN LA CRISIS SI SE RETIRAN LOS PLANES EST\u00cdMULOS ESTATALES\" title=\"EL FMI ADVIERTI\u00d3 DE UNA RECA\u00cdDA EN LA CRISIS SI SE RETIRAN LOS PLANES EST\u00cdMULOS ESTATALES\" \/><\/div>\n<p>En dinero constante y sonante eso se traduce en menores p\u00e9rdidas para los bancos: 3,4 billones de d\u00f3lares, frente a la estimaci\u00f3n anterior, de 4,1 billones.<\/p>\n<p><strong>Aeronoticias<\/strong> considera que el rebote de las Bolsas, la notable mejor\u00eda en los mercados emergentes, el incremento en la capitalizaci\u00f3n bancaria -tras un periodo de preocupante debilidad- y la incipiente apertura de mercados financieros que hasta ahora permanec\u00edan atascados llevan al FMI a asegurar con menos cautela de las que acostumbra que la econom\u00eda y el sector financiero por fin mejoran. <\/p>\n<p>Y a\u00fan as\u00ed, persisten numerosos riesgos. \u00abEl cr\u00e9dito sigue sin fluir y augura una recuperaci\u00f3n lenta\u00bb, seg\u00fan el informe, que advierte de una segunda oleada de crisis si se produce una retirada prematura de los est\u00edmulos monetarios y fiscales. Tanto el Banco Central Europeo como su hom\u00f3logo estadounidense anunciaron ya que tienen preparada la estrategia de salida tras la lluvia de liquidez sobre la banca de los dos \u00faltimos a\u00f1os.<\/p>\n<\/div>\n","protected":false},"excerpt":{"rendered":"<p>El organismo present\u00f3 hoy el Informe de Estabilidad Financiera Global donde asegura que a pesar de que \u00abgana confianza la posibilidad de que la econom\u00eda haya doblado la esquina\u00bb de la recuperaci\u00f3n, a\u00fan persisten numerosos riesgos. El diario El Pa\u00eds inform\u00f3 que el Fondo Monetario Internacional mantuvo una reuni\u00f3n en la ciudad turca de Estambul. [&hellip;]<\/p>\n","protected":false},"author":1,"featured_media":0,"comment_status":"open","ping_status":"open","sticky":false,"template":"","format":"standard","meta":{"tdm_status":"","tdm_grid_status":"","footnotes":""},"categories":[33],"tags":[],"class_list":{"0":"post-5538","1":"post","2":"type-post","3":"status-publish","4":"format-standard","6":"category-economia"},"yoast_head":"<!-- This site is optimized with the Yoast SEO plugin v25.1 - https:\/\/yoast.com\/wordpress\/plugins\/seo\/ -->\n<title>EL FMI ADVIERTI\u00d3 DE UNA RECA\u00cdDA EN LA CRISIS SI SE RETIRAN LOS PLANES EST\u00cdMULOS ESTATALES<\/title>\n<meta name=\"description\" content=\"Portal de noticias del Per\u00fa sobre el transporte a\u00e9reo, aviaci\u00f3n, turismo, hoteleria, actualidad.\" \/>\n<meta name=\"robots\" content=\"index, follow, max-snippet:-1, max-image-preview:large, max-video-preview:-1\" \/>\n<link rel=\"canonical\" href=\"https:\/\/aeronoticias.com.pe\/noticiero\/economia\/el-fmi-adviertio-de-una-recaida-en-la-crisis-si-se-retiran-los-planes-estimulos-estatales\/\" \/>\n<meta property=\"og:locale\" content=\"es_ES\" \/>\n<meta property=\"og:type\" content=\"article\" \/>\n<meta property=\"og:title\" content=\"EL FMI ADVIERTI\u00d3 DE UNA RECA\u00cdDA EN LA CRISIS SI SE RETIRAN LOS PLANES EST\u00cdMULOS ESTATALES\" \/>\n<meta property=\"og:description\" content=\"Portal de noticias del Per\u00fa sobre el transporte a\u00e9reo, aviaci\u00f3n, turismo, hoteleria, actualidad.\" \/>\n<meta property=\"og:url\" content=\"https:\/\/aeronoticias.com.pe\/noticiero\/economia\/el-fmi-adviertio-de-una-recaida-en-la-crisis-si-se-retiran-los-planes-estimulos-estatales\/\" \/>\n<meta property=\"og:site_name\" content=\"Aeronoticias.com.pe\" \/>\n<meta property=\"article:publisher\" content=\"https:\/\/www.facebook.com\/Aeronoticias.com.pe\/\" \/>\n<meta property=\"article:published_time\" content=\"2009-09-30T13:46:53+00:00\" \/>\n<meta name=\"author\" content=\"Redacci\u00f3n Aeronoticias\" \/>\n<meta name=\"twitter:card\" content=\"summary_large_image\" \/>\n<meta name=\"twitter:creator\" content=\"@aeronoticias\" \/>\n<meta name=\"twitter:site\" content=\"@aeronoticias\" \/>\n<meta name=\"twitter:label1\" content=\"Escrito por\" \/>\n\t<meta name=\"twitter:data1\" content=\"Redacci\u00f3n Aeronoticias\" \/>\n\t<meta name=\"twitter:label2\" content=\"Tiempo de lectura\" \/>\n\t<meta name=\"twitter:data2\" content=\"1 minuto\" \/>\n<script type=\"application\/ld+json\" class=\"yoast-schema-graph\">{\"@context\":\"https:\/\/schema.org\",\"@graph\":[{\"@type\":\"WebPage\",\"@id\":\"https:\/\/aeronoticias.com.pe\/noticiero\/economia\/el-fmi-adviertio-de-una-recaida-en-la-crisis-si-se-retiran-los-planes-estimulos-estatales\/\",\"url\":\"https:\/\/aeronoticias.com.pe\/noticiero\/economia\/el-fmi-adviertio-de-una-recaida-en-la-crisis-si-se-retiran-los-planes-estimulos-estatales\/\",\"name\":\"EL FMI ADVIERTI\u00d3 DE UNA RECA\u00cdDA EN LA CRISIS SI SE RETIRAN LOS PLANES EST\u00cdMULOS ESTATALES\",\"isPartOf\":{\"@id\":\"https:\/\/aeronoticias.com.pe\/noticiero\/#website\"},\"datePublished\":\"2009-09-30T13:46:53+00:00\",\"author\":{\"@id\":\"https:\/\/aeronoticias.com.pe\/noticiero\/#\/schema\/person\/fc1e5d578f4b62ba1cf7ac2bba1170a0\"},\"description\":\"Portal de noticias del Per\u00fa sobre el transporte a\u00e9reo, aviaci\u00f3n, turismo, hoteleria, actualidad.\",\"breadcrumb\":{\"@id\":\"https:\/\/aeronoticias.com.pe\/noticiero\/economia\/el-fmi-adviertio-de-una-recaida-en-la-crisis-si-se-retiran-los-planes-estimulos-estatales\/#breadcrumb\"},\"inLanguage\":\"es\",\"potentialAction\":[{\"@type\":\"ReadAction\",\"target\":[\"https:\/\/aeronoticias.com.pe\/noticiero\/economia\/el-fmi-adviertio-de-una-recaida-en-la-crisis-si-se-retiran-los-planes-estimulos-estatales\/\"]}]},{\"@type\":\"BreadcrumbList\",\"@id\":\"https:\/\/aeronoticias.com.pe\/noticiero\/economia\/el-fmi-adviertio-de-una-recaida-en-la-crisis-si-se-retiran-los-planes-estimulos-estatales\/#breadcrumb\",\"itemListElement\":[{\"@type\":\"ListItem\",\"position\":1,\"name\":\"Portada\",\"item\":\"https:\/\/aeronoticias.com.pe\/noticiero\/\"},{\"@type\":\"ListItem\",\"position\":2,\"name\":\"EL FMI ADVIERTI\u00d3 DE UNA RECA\u00cdDA EN LA CRISIS SI SE RETIRAN LOS PLANES EST\u00cdMULOS ESTATALES\"}]},{\"@type\":\"WebSite\",\"@id\":\"https:\/\/aeronoticias.com.pe\/noticiero\/#website\",\"url\":\"https:\/\/aeronoticias.com.pe\/noticiero\/\",\"name\":\"Aeronoticias.com.pe\",\"description\":\"Noticias de tranporte aereo, turismo, hoteles, gastronomia, actualidad, internacional\",\"potentialAction\":[{\"@type\":\"SearchAction\",\"target\":{\"@type\":\"EntryPoint\",\"urlTemplate\":\"https:\/\/aeronoticias.com.pe\/noticiero\/?s={search_term_string}\"},\"query-input\":{\"@type\":\"PropertyValueSpecification\",\"valueRequired\":true,\"valueName\":\"search_term_string\"}}],\"inLanguage\":\"es\"},{\"@type\":\"Person\",\"@id\":\"https:\/\/aeronoticias.com.pe\/noticiero\/#\/schema\/person\/fc1e5d578f4b62ba1cf7ac2bba1170a0\",\"name\":\"Redacci\u00f3n Aeronoticias\",\"url\":\"https:\/\/aeronoticias.com.pe\/noticiero\/author\/piloto\/\"}]}<\/script>\n<!-- \/ Yoast SEO plugin. -->","yoast_head_json":{"title":"EL FMI ADVIERTI\u00d3 DE UNA RECA\u00cdDA EN LA CRISIS SI SE RETIRAN LOS PLANES EST\u00cdMULOS ESTATALES","description":"Portal de noticias del Per\u00fa sobre el transporte a\u00e9reo, aviaci\u00f3n, turismo, hoteleria, actualidad.","robots":{"index":"index","follow":"follow","max-snippet":"max-snippet:-1","max-image-preview":"max-image-preview:large","max-video-preview":"max-video-preview:-1"},"canonical":"https:\/\/aeronoticias.com.pe\/noticiero\/economia\/el-fmi-adviertio-de-una-recaida-en-la-crisis-si-se-retiran-los-planes-estimulos-estatales\/","og_locale":"es_ES","og_type":"article","og_title":"EL FMI ADVIERTI\u00d3 DE UNA RECA\u00cdDA EN LA CRISIS SI SE RETIRAN LOS PLANES EST\u00cdMULOS ESTATALES","og_description":"Portal de noticias del Per\u00fa sobre el transporte a\u00e9reo, aviaci\u00f3n, turismo, hoteleria, actualidad.","og_url":"https:\/\/aeronoticias.com.pe\/noticiero\/economia\/el-fmi-adviertio-de-una-recaida-en-la-crisis-si-se-retiran-los-planes-estimulos-estatales\/","og_site_name":"Aeronoticias.com.pe","article_publisher":"https:\/\/www.facebook.com\/Aeronoticias.com.pe\/","article_published_time":"2009-09-30T13:46:53+00:00","author":"Redacci\u00f3n Aeronoticias","twitter_card":"summary_large_image","twitter_creator":"@aeronoticias","twitter_site":"@aeronoticias","twitter_misc":{"Escrito por":"Redacci\u00f3n Aeronoticias","Tiempo de lectura":"1 minuto"},"schema":{"@context":"https:\/\/schema.org","@graph":[{"@type":"WebPage","@id":"https:\/\/aeronoticias.com.pe\/noticiero\/economia\/el-fmi-adviertio-de-una-recaida-en-la-crisis-si-se-retiran-los-planes-estimulos-estatales\/","url":"https:\/\/aeronoticias.com.pe\/noticiero\/economia\/el-fmi-adviertio-de-una-recaida-en-la-crisis-si-se-retiran-los-planes-estimulos-estatales\/","name":"EL FMI ADVIERTI\u00d3 DE UNA RECA\u00cdDA EN LA CRISIS SI SE RETIRAN LOS PLANES EST\u00cdMULOS ESTATALES","isPartOf":{"@id":"https:\/\/aeronoticias.com.pe\/noticiero\/#website"},"datePublished":"2009-09-30T13:46:53+00:00","author":{"@id":"https:\/\/aeronoticias.com.pe\/noticiero\/#\/schema\/person\/fc1e5d578f4b62ba1cf7ac2bba1170a0"},"description":"Portal de noticias del Per\u00fa sobre el transporte a\u00e9reo, aviaci\u00f3n, turismo, hoteleria, actualidad.","breadcrumb":{"@id":"https:\/\/aeronoticias.com.pe\/noticiero\/economia\/el-fmi-adviertio-de-una-recaida-en-la-crisis-si-se-retiran-los-planes-estimulos-estatales\/#breadcrumb"},"inLanguage":"es","potentialAction":[{"@type":"ReadAction","target":["https:\/\/aeronoticias.com.pe\/noticiero\/economia\/el-fmi-adviertio-de-una-recaida-en-la-crisis-si-se-retiran-los-planes-estimulos-estatales\/"]}]},{"@type":"BreadcrumbList","@id":"https:\/\/aeronoticias.com.pe\/noticiero\/economia\/el-fmi-adviertio-de-una-recaida-en-la-crisis-si-se-retiran-los-planes-estimulos-estatales\/#breadcrumb","itemListElement":[{"@type":"ListItem","position":1,"name":"Portada","item":"https:\/\/aeronoticias.com.pe\/noticiero\/"},{"@type":"ListItem","position":2,"name":"EL FMI ADVIERTI\u00d3 DE UNA RECA\u00cdDA EN LA CRISIS SI SE RETIRAN LOS PLANES EST\u00cdMULOS ESTATALES"}]},{"@type":"WebSite","@id":"https:\/\/aeronoticias.com.pe\/noticiero\/#website","url":"https:\/\/aeronoticias.com.pe\/noticiero\/","name":"Aeronoticias.com.pe","description":"Noticias de tranporte aereo, turismo, hoteles, gastronomia, actualidad, internacional","potentialAction":[{"@type":"SearchAction","target":{"@type":"EntryPoint","urlTemplate":"https:\/\/aeronoticias.com.pe\/noticiero\/?s={search_term_string}"},"query-input":{"@type":"PropertyValueSpecification","valueRequired":true,"valueName":"search_term_string"}}],"inLanguage":"es"},{"@type":"Person","@id":"https:\/\/aeronoticias.com.pe\/noticiero\/#\/schema\/person\/fc1e5d578f4b62ba1cf7ac2bba1170a0","name":"Redacci\u00f3n Aeronoticias","url":"https:\/\/aeronoticias.com.pe\/noticiero\/author\/piloto\/"}]}},"_links":{"self":[{"href":"https:\/\/aeronoticias.com.pe\/noticiero\/wp-json\/wp\/v2\/posts\/5538","targetHints":{"allow":["GET"]}}],"collection":[{"href":"https:\/\/aeronoticias.com.pe\/noticiero\/wp-json\/wp\/v2\/posts"}],"about":[{"href":"https:\/\/aeronoticias.com.pe\/noticiero\/wp-json\/wp\/v2\/types\/post"}],"author":[{"embeddable":true,"href":"https:\/\/aeronoticias.com.pe\/noticiero\/wp-json\/wp\/v2\/users\/1"}],"replies":[{"embeddable":true,"href":"https:\/\/aeronoticias.com.pe\/noticiero\/wp-json\/wp\/v2\/comments?post=5538"}],"version-history":[{"count":0,"href":"https:\/\/aeronoticias.com.pe\/noticiero\/wp-json\/wp\/v2\/posts\/5538\/revisions"}],"wp:attachment":[{"href":"https:\/\/aeronoticias.com.pe\/noticiero\/wp-json\/wp\/v2\/media?parent=5538"}],"wp:term":[{"taxonomy":"category","embeddable":true,"href":"https:\/\/aeronoticias.com.pe\/noticiero\/wp-json\/wp\/v2\/categories?post=5538"},{"taxonomy":"post_tag","embeddable":true,"href":"https:\/\/aeronoticias.com.pe\/noticiero\/wp-json\/wp\/v2\/tags?post=5538"}],"curies":[{"name":"wp","href":"https:\/\/api.w.org\/{rel}","templated":true}]}}