{"id":55436,"date":"2016-07-26T16:52:13","date_gmt":"2016-07-26T16:52:13","guid":{"rendered":"http:\/\/desarrollo.mcvicious.com\/aero2020\/2016\/07\/26\/ampliacion-de-aeropuerto-internacional-jorge-chavez-sera-prioridad-en-gobierno-de-ppk\/"},"modified":"2016-07-26T16:52:13","modified_gmt":"2016-07-26T16:52:13","slug":"ampliacion-de-aeropuerto-internacional-jorge-chavez-sera-prioridad-en-gobierno-de-ppk","status":"publish","type":"post","link":"https:\/\/aeronoticias.com.pe\/noticiero\/politica\/ampliacion-de-aeropuerto-internacional-jorge-chavez-sera-prioridad-en-gobierno-de-ppk\/","title":{"rendered":"Ampliaci\u00f3n de Aeropuerto Internacional Jorge Ch\u00e1vez ser\u00e1 prioridad en gobierno de PPK"},"content":{"rendered":"<p style=\"text-align: justify;\"><strong>(Aeronoticias) <\/strong> <span style=\"font-size: 12.16px; line-height: 1.3em;\">Mart\u00edn Vizcarra, futuro ministro de Transportes y Comunicaciones, adelant\u00f3 que el gobierno de Pedro Pablo Kuczynski tendr\u00e1 entre sus proyectos de ejecuci\u00f3n prioritarios la ampliaci\u00f3n del Aeropuerto Jorge Ch\u00e1vez, ubicado en el Callao. Explic\u00f3 que se buscar\u00e1 dinamizar el turismo en el pa\u00eds.<\/span><\/p>\n<p style=\"text-align: justify;\"><span style=\"font-size: 12.16px; line-height: 1.3em;\">\u201cEl Aeropuerto Jorge Ch\u00e1vez tendr\u00e1 prioridad porque ya se encuentra saturado, pero los turistas quieren seguir viniendo e ingresan por el primer aeropuerto del pa\u00eds para irse a Machu Picchu o para conocer cualquiera de nuestras regiones, en la costa, sierra y selva\u201d, sostuvo Mart\u00edn Vizcarra, seg\u00fan cita la agencia Andina.<\/span><\/p>\n<p style=\"text-align: justify;\"><span style=\"font-size: 12.16px; line-height: 1.3em;\">Vizcarra, quien tambi\u00e9n es vicepresidente de la Rep\u00fablica electo, consider\u00f3 que es urgente continuar con la construcci\u00f3n de la segunda pista del terminal a\u00e9reo para facilitar el tr\u00e1nsito interno y as\u00ed darle un mejor flujo a la llegada de turistas.<\/span><\/p>\n<p style=\"text-align: justify;\"><span style=\"font-size: 12.16px; line-height: 1.3em;\">\u201cPara seguir creciendo en el turismo tenemos que poner la segunda pista del Aeropuerto Jorge Ch\u00e1vez y es lo que vamos a hacer encontrando la soluci\u00f3n a los problemas administrativos, legales y sociales que existan\u201d, indic\u00f3.<\/span><\/p>\n<p style=\"text-align: justify;\"><span style=\"font-size: 12.16px; line-height: 1.3em;\">La ampliaci\u00f3n del aeropuerto incluye la construcci\u00f3n de la segunda pista (as\u00ed como un mayor n\u00famero de puestos de estacionamiento para aeronaves, calles de rodaje, un nuevo terminal de pasajeros y un nuevo terminal de carga), para lo cual el Estado viene entregando a la concesionaria LAP los terrenos que necesita desde abril del 2013.<\/span><\/p>\n<p style=\"text-align: justify;\"><span style=\"font-size: 12.16px; line-height: 1.3em;\">En mayo \u00faltimo llegaron al Per\u00fa 296,146 turistas internacionales, cifra que representa un incremento de 10.4% en relaci\u00f3n al mismo mes del a\u00f1o anterior.<\/span><\/p>\n<p style=\"text-align: justify;\"><strong style=\"font-size: 12.16px; line-height: 1.3em;\"><em>Fuente: \u00a0Per\u00fa21<\/em><\/strong><\/p>\n<p style=\"text-align: justify;\"><strong style=\"font-size: 12.16px; line-height: 1.3em;\"><em><img decoding=\"async\" src=\"images\/stories\/16\/07\/260716\/jchavez.jpg\" border=\"0\" \/><br \/><\/em><\/strong><\/p>\n","protected":false},"excerpt":{"rendered":"<p>(Aeronoticias) Mart\u00edn Vizcarra, futuro ministro de Transportes y Comunicaciones, adelant\u00f3 que el gobierno de Pedro Pablo Kuczynski tendr\u00e1 entre sus proyectos de ejecuci\u00f3n prioritarios la ampliaci\u00f3n del Aeropuerto Jorge Ch\u00e1vez, ubicado en el Callao. Explic\u00f3 que se buscar\u00e1 dinamizar el turismo en el pa\u00eds. \u201cEl Aeropuerto Jorge Ch\u00e1vez tendr\u00e1 prioridad porque ya se encuentra saturado, [&hellip;]<\/p>\n","protected":false},"author":1,"featured_media":0,"comment_status":"open","ping_status":"open","sticky":false,"template":"","format":"standard","meta":{"tdm_status":"","tdm_grid_status":"","footnotes":""},"categories":[36],"tags":[],"class_list":{"0":"post-55436","1":"post","2":"type-post","3":"status-publish","4":"format-standard","6":"category-politica"},"yoast_head":"<!-- This site is optimized with the Yoast SEO plugin v25.1 - https:\/\/yoast.com\/wordpress\/plugins\/seo\/ -->\n<title>Ampliaci\u00f3n de Aeropuerto Internacional Jorge Ch\u00e1vez ser\u00e1 prioridad en gobierno de PPK<\/title>\n<meta name=\"description\" content=\"Portal de noticias del Per\u00fa sobre el transporte a\u00e9reo, aviaci\u00f3n, turismo, hoteleria, actualidad.\" \/>\n<meta name=\"robots\" content=\"index, follow, max-snippet:-1, max-image-preview:large, max-video-preview:-1\" \/>\n<link rel=\"canonical\" href=\"https:\/\/aeronoticias.com.pe\/noticiero\/politica\/ampliacion-de-aeropuerto-internacional-jorge-chavez-sera-prioridad-en-gobierno-de-ppk\/\" \/>\n<meta property=\"og:locale\" content=\"es_ES\" \/>\n<meta property=\"og:type\" content=\"article\" \/>\n<meta property=\"og:title\" content=\"Ampliaci\u00f3n de Aeropuerto Internacional Jorge Ch\u00e1vez ser\u00e1 prioridad en gobierno de PPK\" \/>\n<meta property=\"og:description\" content=\"Portal de noticias del Per\u00fa sobre el transporte a\u00e9reo, aviaci\u00f3n, turismo, hoteleria, actualidad.\" \/>\n<meta property=\"og:url\" content=\"https:\/\/aeronoticias.com.pe\/noticiero\/politica\/ampliacion-de-aeropuerto-internacional-jorge-chavez-sera-prioridad-en-gobierno-de-ppk\/\" \/>\n<meta property=\"og:site_name\" content=\"Aeronoticias.com.pe\" \/>\n<meta property=\"article:publisher\" content=\"https:\/\/www.facebook.com\/Aeronoticias.com.pe\/\" \/>\n<meta property=\"article:published_time\" content=\"2016-07-26T16:52:13+00:00\" \/>\n<meta name=\"author\" content=\"Redacci\u00f3n Aeronoticias\" \/>\n<meta name=\"twitter:card\" content=\"summary_large_image\" \/>\n<meta name=\"twitter:creator\" content=\"@aeronoticias\" \/>\n<meta name=\"twitter:site\" content=\"@aeronoticias\" \/>\n<meta name=\"twitter:label1\" content=\"Escrito por\" \/>\n\t<meta name=\"twitter:data1\" content=\"Redacci\u00f3n Aeronoticias\" \/>\n\t<meta name=\"twitter:label2\" content=\"Tiempo de lectura\" \/>\n\t<meta name=\"twitter:data2\" content=\"1 minuto\" \/>\n<script type=\"application\/ld+json\" class=\"yoast-schema-graph\">{\"@context\":\"https:\/\/schema.org\",\"@graph\":[{\"@type\":\"WebPage\",\"@id\":\"https:\/\/aeronoticias.com.pe\/noticiero\/politica\/ampliacion-de-aeropuerto-internacional-jorge-chavez-sera-prioridad-en-gobierno-de-ppk\/\",\"url\":\"https:\/\/aeronoticias.com.pe\/noticiero\/politica\/ampliacion-de-aeropuerto-internacional-jorge-chavez-sera-prioridad-en-gobierno-de-ppk\/\",\"name\":\"Ampliaci\u00f3n de Aeropuerto Internacional Jorge Ch\u00e1vez ser\u00e1 prioridad en gobierno de PPK\",\"isPartOf\":{\"@id\":\"https:\/\/aeronoticias.com.pe\/noticiero\/#website\"},\"datePublished\":\"2016-07-26T16:52:13+00:00\",\"author\":{\"@id\":\"https:\/\/aeronoticias.com.pe\/noticiero\/#\/schema\/person\/fc1e5d578f4b62ba1cf7ac2bba1170a0\"},\"description\":\"Portal de noticias del Per\u00fa sobre el transporte a\u00e9reo, aviaci\u00f3n, turismo, hoteleria, actualidad.\",\"breadcrumb\":{\"@id\":\"https:\/\/aeronoticias.com.pe\/noticiero\/politica\/ampliacion-de-aeropuerto-internacional-jorge-chavez-sera-prioridad-en-gobierno-de-ppk\/#breadcrumb\"},\"inLanguage\":\"es\",\"potentialAction\":[{\"@type\":\"ReadAction\",\"target\":[\"https:\/\/aeronoticias.com.pe\/noticiero\/politica\/ampliacion-de-aeropuerto-internacional-jorge-chavez-sera-prioridad-en-gobierno-de-ppk\/\"]}]},{\"@type\":\"BreadcrumbList\",\"@id\":\"https:\/\/aeronoticias.com.pe\/noticiero\/politica\/ampliacion-de-aeropuerto-internacional-jorge-chavez-sera-prioridad-en-gobierno-de-ppk\/#breadcrumb\",\"itemListElement\":[{\"@type\":\"ListItem\",\"position\":1,\"name\":\"Portada\",\"item\":\"https:\/\/aeronoticias.com.pe\/noticiero\/\"},{\"@type\":\"ListItem\",\"position\":2,\"name\":\"Ampliaci\u00f3n de Aeropuerto Internacional Jorge Ch\u00e1vez ser\u00e1 prioridad en gobierno de PPK\"}]},{\"@type\":\"WebSite\",\"@id\":\"https:\/\/aeronoticias.com.pe\/noticiero\/#website\",\"url\":\"https:\/\/aeronoticias.com.pe\/noticiero\/\",\"name\":\"Aeronoticias.com.pe\",\"description\":\"Noticias de tranporte aereo, turismo, hoteles, gastronomia, actualidad, internacional\",\"potentialAction\":[{\"@type\":\"SearchAction\",\"target\":{\"@type\":\"EntryPoint\",\"urlTemplate\":\"https:\/\/aeronoticias.com.pe\/noticiero\/?s={search_term_string}\"},\"query-input\":{\"@type\":\"PropertyValueSpecification\",\"valueRequired\":true,\"valueName\":\"search_term_string\"}}],\"inLanguage\":\"es\"},{\"@type\":\"Person\",\"@id\":\"https:\/\/aeronoticias.com.pe\/noticiero\/#\/schema\/person\/fc1e5d578f4b62ba1cf7ac2bba1170a0\",\"name\":\"Redacci\u00f3n Aeronoticias\",\"url\":\"https:\/\/aeronoticias.com.pe\/noticiero\/author\/piloto\/\"}]}<\/script>\n<!-- \/ Yoast SEO plugin. -->","yoast_head_json":{"title":"Ampliaci\u00f3n de Aeropuerto Internacional Jorge Ch\u00e1vez ser\u00e1 prioridad en gobierno de PPK","description":"Portal de noticias del Per\u00fa sobre el transporte a\u00e9reo, aviaci\u00f3n, turismo, hoteleria, actualidad.","robots":{"index":"index","follow":"follow","max-snippet":"max-snippet:-1","max-image-preview":"max-image-preview:large","max-video-preview":"max-video-preview:-1"},"canonical":"https:\/\/aeronoticias.com.pe\/noticiero\/politica\/ampliacion-de-aeropuerto-internacional-jorge-chavez-sera-prioridad-en-gobierno-de-ppk\/","og_locale":"es_ES","og_type":"article","og_title":"Ampliaci\u00f3n de Aeropuerto Internacional Jorge Ch\u00e1vez ser\u00e1 prioridad en gobierno de PPK","og_description":"Portal de noticias del Per\u00fa sobre el transporte a\u00e9reo, aviaci\u00f3n, turismo, hoteleria, actualidad.","og_url":"https:\/\/aeronoticias.com.pe\/noticiero\/politica\/ampliacion-de-aeropuerto-internacional-jorge-chavez-sera-prioridad-en-gobierno-de-ppk\/","og_site_name":"Aeronoticias.com.pe","article_publisher":"https:\/\/www.facebook.com\/Aeronoticias.com.pe\/","article_published_time":"2016-07-26T16:52:13+00:00","author":"Redacci\u00f3n Aeronoticias","twitter_card":"summary_large_image","twitter_creator":"@aeronoticias","twitter_site":"@aeronoticias","twitter_misc":{"Escrito por":"Redacci\u00f3n Aeronoticias","Tiempo de lectura":"1 minuto"},"schema":{"@context":"https:\/\/schema.org","@graph":[{"@type":"WebPage","@id":"https:\/\/aeronoticias.com.pe\/noticiero\/politica\/ampliacion-de-aeropuerto-internacional-jorge-chavez-sera-prioridad-en-gobierno-de-ppk\/","url":"https:\/\/aeronoticias.com.pe\/noticiero\/politica\/ampliacion-de-aeropuerto-internacional-jorge-chavez-sera-prioridad-en-gobierno-de-ppk\/","name":"Ampliaci\u00f3n de Aeropuerto Internacional Jorge Ch\u00e1vez ser\u00e1 prioridad en gobierno de PPK","isPartOf":{"@id":"https:\/\/aeronoticias.com.pe\/noticiero\/#website"},"datePublished":"2016-07-26T16:52:13+00:00","author":{"@id":"https:\/\/aeronoticias.com.pe\/noticiero\/#\/schema\/person\/fc1e5d578f4b62ba1cf7ac2bba1170a0"},"description":"Portal de noticias del Per\u00fa sobre el transporte a\u00e9reo, aviaci\u00f3n, turismo, hoteleria, actualidad.","breadcrumb":{"@id":"https:\/\/aeronoticias.com.pe\/noticiero\/politica\/ampliacion-de-aeropuerto-internacional-jorge-chavez-sera-prioridad-en-gobierno-de-ppk\/#breadcrumb"},"inLanguage":"es","potentialAction":[{"@type":"ReadAction","target":["https:\/\/aeronoticias.com.pe\/noticiero\/politica\/ampliacion-de-aeropuerto-internacional-jorge-chavez-sera-prioridad-en-gobierno-de-ppk\/"]}]},{"@type":"BreadcrumbList","@id":"https:\/\/aeronoticias.com.pe\/noticiero\/politica\/ampliacion-de-aeropuerto-internacional-jorge-chavez-sera-prioridad-en-gobierno-de-ppk\/#breadcrumb","itemListElement":[{"@type":"ListItem","position":1,"name":"Portada","item":"https:\/\/aeronoticias.com.pe\/noticiero\/"},{"@type":"ListItem","position":2,"name":"Ampliaci\u00f3n de Aeropuerto Internacional Jorge Ch\u00e1vez ser\u00e1 prioridad en gobierno de PPK"}]},{"@type":"WebSite","@id":"https:\/\/aeronoticias.com.pe\/noticiero\/#website","url":"https:\/\/aeronoticias.com.pe\/noticiero\/","name":"Aeronoticias.com.pe","description":"Noticias de tranporte aereo, turismo, hoteles, gastronomia, actualidad, internacional","potentialAction":[{"@type":"SearchAction","target":{"@type":"EntryPoint","urlTemplate":"https:\/\/aeronoticias.com.pe\/noticiero\/?s={search_term_string}"},"query-input":{"@type":"PropertyValueSpecification","valueRequired":true,"valueName":"search_term_string"}}],"inLanguage":"es"},{"@type":"Person","@id":"https:\/\/aeronoticias.com.pe\/noticiero\/#\/schema\/person\/fc1e5d578f4b62ba1cf7ac2bba1170a0","name":"Redacci\u00f3n Aeronoticias","url":"https:\/\/aeronoticias.com.pe\/noticiero\/author\/piloto\/"}]}},"_links":{"self":[{"href":"https:\/\/aeronoticias.com.pe\/noticiero\/wp-json\/wp\/v2\/posts\/55436","targetHints":{"allow":["GET"]}}],"collection":[{"href":"https:\/\/aeronoticias.com.pe\/noticiero\/wp-json\/wp\/v2\/posts"}],"about":[{"href":"https:\/\/aeronoticias.com.pe\/noticiero\/wp-json\/wp\/v2\/types\/post"}],"author":[{"embeddable":true,"href":"https:\/\/aeronoticias.com.pe\/noticiero\/wp-json\/wp\/v2\/users\/1"}],"replies":[{"embeddable":true,"href":"https:\/\/aeronoticias.com.pe\/noticiero\/wp-json\/wp\/v2\/comments?post=55436"}],"version-history":[{"count":0,"href":"https:\/\/aeronoticias.com.pe\/noticiero\/wp-json\/wp\/v2\/posts\/55436\/revisions"}],"wp:attachment":[{"href":"https:\/\/aeronoticias.com.pe\/noticiero\/wp-json\/wp\/v2\/media?parent=55436"}],"wp:term":[{"taxonomy":"category","embeddable":true,"href":"https:\/\/aeronoticias.com.pe\/noticiero\/wp-json\/wp\/v2\/categories?post=55436"},{"taxonomy":"post_tag","embeddable":true,"href":"https:\/\/aeronoticias.com.pe\/noticiero\/wp-json\/wp\/v2\/tags?post=55436"}],"curies":[{"name":"wp","href":"https:\/\/api.w.org\/{rel}","templated":true}]}}