{"id":55439,"date":"2016-07-26T17:40:24","date_gmt":"2016-07-26T17:40:24","guid":{"rendered":"http:\/\/desarrollo.mcvicious.com\/aero2020\/2016\/07\/26\/ceremonia-pro-43o-aniversario-del-convenio-de-aviacion-civil\/"},"modified":"2020-09-11T15:27:33","modified_gmt":"2020-09-11T15:27:33","slug":"ceremonia-pro-43o-aniversario-del-convenio-de-aviacion-civil","status":"publish","type":"post","link":"https:\/\/aeronoticias.com.pe\/noticiero\/historia-derecho-aero-peruano\/ceremonia-pro-43o-aniversario-del-convenio-de-aviacion-civil\/","title":{"rendered":"Ceremonia pro 43\u00ba Aniversario del Convenio de Aviaci\u00f3n Civil"},"content":{"rendered":"<p style=\"text-align: justify;\"><strong>(Fuente Diario El Comercio Lima, 12 de julio de 1987, Institucionales &#8211; E7).-<\/strong> Con una concurrencia de m\u00e1s de quinientas personalidades de los diversos c\u00edrculos oficiales, diplom\u00e1ticos, organismos internacionales, miembros del parlamento y del foro, de las Fuerzas Armadas, as\u00ed como de las entidades de turismo y de l\u00edneas aerocomerciales nacionales y extranjeras, se realiz\u00f3 la ceremonia de homenaje al 43\u00ba Aniversario del Convenio d Aviaci\u00f3n Civil Internacional, suscrito por el Per\u00fa y 156 naciones del mundo, en el flamante auditorio del Colegio de Abogados de Lima.<\/p>\n<p style=\"text-align: justify;\">Participaron como invitados especiales en este importante evento, organizado por la Comisi\u00f3n Interamericana de Juristas Expertos en Derecho A\u00e9reo y Espacial, ilustres abogados especializados en dicho campo profesional, entre los que figuraba el vicepresidente de la Comisi\u00f3n, Dr. Gontr\u00f3n Eleizalde Petit, de Venezuela; los doctores Adri\u00e1n Alzueta, Mario Cotaldo, Juan Carlos D`Abate, Mari Estela Dom\u00ednguez, de Argentina; el director del CAEM, Myr. General FAP Justo Pastor Ram\u00edrez y otros.<\/p>\n<p style=\"text-align: justify;\">En el acto inaugural dirigi\u00f3 la palabra, como anfitri\u00f3n, el decano del CAL, Dr. Ra\u00fal Ferrero Costa; el discurso de orden estuvo a cargo de Rafael Henr\u00edquez Ther\u00f3n, director Regional de la Organizaci\u00f3n de Aviaci\u00f3n Civil Internacional (OACI), de las NN.UU. La exposici\u00f3n central la tuvo la renombrada jurista argentina Dra. \u00c1ngela Merino Donato, Oficial de Transporte A\u00e9reo de la OACI y secretaria general de la Comisi\u00f3n Latinoamericana de Aviaci\u00f3n Civil; como tambi\u00e9n Federico Casanovas, de la OACI, quien trat\u00f3 sobre la adopci\u00f3n de normas y m\u00e9todos recomendados a los estados miembros del convenio; culminando con un panel presidido por el Dr. Juli\u00e1n Palac\u00edn Fern\u00e1ndez, secretario general de la Comisi\u00f3n Interamericana.<\/p>\n<p style=\"text-align: justify;\">Por su parte, el doctor Eleizalde Petit, detallo la relaci\u00f3n de las actividades oficiales que deber\u00e1 cumplir la comisi\u00f3n en el presente a\u00f1o en Brasil, Guatemala, Estados Unidos y Argentina; y el Dr. Alfredo Gildemeister Mart\u00ednez hizo entrega de las credenciales y el t\u00edtulo acad\u00e9mico que le corresponde por m\u00e9ritos propios al doctor Palac\u00edn Fern\u00e1ndez, quien agradeci\u00f3 en conceptuosos t\u00e9rminos este reconocimiento y la confianza brindada por la comunidad latinoamericana all\u00ed presente.<\/p>\n<p style=\"text-align: justify;\"><img decoding=\"async\" src=\"images\/stories\/16\/07\/260716\/ceremonia43aniv.jpg\" border=\"0\" \/><\/p>\n","protected":false},"excerpt":{"rendered":"<p>(Fuente Diario El Comercio Lima, 12 de julio de 1987, Institucionales &#8211; E7).- Con una concurrencia de m\u00e1s de quinientas personalidades de los diversos c\u00edrculos oficiales, diplom\u00e1ticos, organismos internacionales, miembros del parlamento y del foro, de las Fuerzas Armadas, as\u00ed como de las entidades de turismo y de l\u00edneas aerocomerciales nacionales y extranjeras, se realiz\u00f3 [&hellip;]<\/p>\n","protected":false},"author":1,"featured_media":0,"comment_status":"open","ping_status":"open","sticky":false,"template":"","format":"standard","meta":{"tdm_status":"","tdm_grid_status":"","footnotes":""},"categories":[27],"tags":[],"class_list":{"0":"post-55439","1":"post","2":"type-post","3":"status-publish","4":"format-standard","6":"category-historia-derecho-aero-peruano"},"yoast_head":"<!-- This site is optimized with the Yoast SEO plugin v25.1 - https:\/\/yoast.com\/wordpress\/plugins\/seo\/ -->\n<title>Ceremonia pro 43\u00ba Aniversario del Convenio de Aviaci\u00f3n Civil<\/title>\n<meta name=\"description\" content=\"Portal de noticias del Per\u00fa sobre el transporte a\u00e9reo, aviaci\u00f3n, turismo, hoteleria, actualidad.\" \/>\n<meta name=\"robots\" content=\"index, follow, max-snippet:-1, max-image-preview:large, max-video-preview:-1\" \/>\n<link rel=\"canonical\" href=\"https:\/\/aeronoticias.com.pe\/noticiero\/historia-derecho-aero-peruano\/ceremonia-pro-43o-aniversario-del-convenio-de-aviacion-civil\/\" \/>\n<meta property=\"og:locale\" content=\"es_ES\" \/>\n<meta property=\"og:type\" content=\"article\" \/>\n<meta property=\"og:title\" content=\"Ceremonia pro 43\u00ba Aniversario del Convenio de Aviaci\u00f3n Civil\" \/>\n<meta property=\"og:description\" content=\"Portal de noticias del Per\u00fa sobre el transporte a\u00e9reo, aviaci\u00f3n, turismo, hoteleria, actualidad.\" \/>\n<meta property=\"og:url\" content=\"https:\/\/aeronoticias.com.pe\/noticiero\/historia-derecho-aero-peruano\/ceremonia-pro-43o-aniversario-del-convenio-de-aviacion-civil\/\" \/>\n<meta property=\"og:site_name\" content=\"Aeronoticias.com.pe\" \/>\n<meta property=\"article:publisher\" content=\"https:\/\/www.facebook.com\/Aeronoticias.com.pe\/\" \/>\n<meta property=\"article:published_time\" content=\"2016-07-26T17:40:24+00:00\" \/>\n<meta property=\"article:modified_time\" content=\"2020-09-11T15:27:33+00:00\" \/>\n<meta name=\"author\" content=\"Redacci\u00f3n Aeronoticias\" \/>\n<meta name=\"twitter:card\" content=\"summary_large_image\" \/>\n<meta name=\"twitter:creator\" content=\"@aeronoticias\" \/>\n<meta name=\"twitter:site\" content=\"@aeronoticias\" \/>\n<meta name=\"twitter:label1\" content=\"Escrito por\" \/>\n\t<meta name=\"twitter:data1\" content=\"Redacci\u00f3n Aeronoticias\" \/>\n\t<meta name=\"twitter:label2\" content=\"Tiempo de lectura\" \/>\n\t<meta name=\"twitter:data2\" content=\"2 minutos\" \/>\n<script type=\"application\/ld+json\" class=\"yoast-schema-graph\">{\"@context\":\"https:\/\/schema.org\",\"@graph\":[{\"@type\":\"WebPage\",\"@id\":\"https:\/\/aeronoticias.com.pe\/noticiero\/historia-derecho-aero-peruano\/ceremonia-pro-43o-aniversario-del-convenio-de-aviacion-civil\/\",\"url\":\"https:\/\/aeronoticias.com.pe\/noticiero\/historia-derecho-aero-peruano\/ceremonia-pro-43o-aniversario-del-convenio-de-aviacion-civil\/\",\"name\":\"Ceremonia pro 43\u00ba Aniversario del Convenio de Aviaci\u00f3n Civil\",\"isPartOf\":{\"@id\":\"https:\/\/aeronoticias.com.pe\/noticiero\/#website\"},\"datePublished\":\"2016-07-26T17:40:24+00:00\",\"dateModified\":\"2020-09-11T15:27:33+00:00\",\"author\":{\"@id\":\"https:\/\/aeronoticias.com.pe\/noticiero\/#\/schema\/person\/fc1e5d578f4b62ba1cf7ac2bba1170a0\"},\"description\":\"Portal de noticias del Per\u00fa sobre el transporte a\u00e9reo, aviaci\u00f3n, turismo, hoteleria, actualidad.\",\"breadcrumb\":{\"@id\":\"https:\/\/aeronoticias.com.pe\/noticiero\/historia-derecho-aero-peruano\/ceremonia-pro-43o-aniversario-del-convenio-de-aviacion-civil\/#breadcrumb\"},\"inLanguage\":\"es\",\"potentialAction\":[{\"@type\":\"ReadAction\",\"target\":[\"https:\/\/aeronoticias.com.pe\/noticiero\/historia-derecho-aero-peruano\/ceremonia-pro-43o-aniversario-del-convenio-de-aviacion-civil\/\"]}]},{\"@type\":\"BreadcrumbList\",\"@id\":\"https:\/\/aeronoticias.com.pe\/noticiero\/historia-derecho-aero-peruano\/ceremonia-pro-43o-aniversario-del-convenio-de-aviacion-civil\/#breadcrumb\",\"itemListElement\":[{\"@type\":\"ListItem\",\"position\":1,\"name\":\"Portada\",\"item\":\"https:\/\/aeronoticias.com.pe\/noticiero\/\"},{\"@type\":\"ListItem\",\"position\":2,\"name\":\"Ceremonia pro 43\u00ba Aniversario del Convenio de Aviaci\u00f3n Civil\"}]},{\"@type\":\"WebSite\",\"@id\":\"https:\/\/aeronoticias.com.pe\/noticiero\/#website\",\"url\":\"https:\/\/aeronoticias.com.pe\/noticiero\/\",\"name\":\"Aeronoticias.com.pe\",\"description\":\"Noticias de tranporte aereo, turismo, hoteles, gastronomia, actualidad, internacional\",\"potentialAction\":[{\"@type\":\"SearchAction\",\"target\":{\"@type\":\"EntryPoint\",\"urlTemplate\":\"https:\/\/aeronoticias.com.pe\/noticiero\/?s={search_term_string}\"},\"query-input\":{\"@type\":\"PropertyValueSpecification\",\"valueRequired\":true,\"valueName\":\"search_term_string\"}}],\"inLanguage\":\"es\"},{\"@type\":\"Person\",\"@id\":\"https:\/\/aeronoticias.com.pe\/noticiero\/#\/schema\/person\/fc1e5d578f4b62ba1cf7ac2bba1170a0\",\"name\":\"Redacci\u00f3n Aeronoticias\",\"url\":\"https:\/\/aeronoticias.com.pe\/noticiero\/author\/piloto\/\"}]}<\/script>\n<!-- \/ Yoast SEO plugin. -->","yoast_head_json":{"title":"Ceremonia pro 43\u00ba Aniversario del Convenio de Aviaci\u00f3n Civil","description":"Portal de noticias del Per\u00fa sobre el transporte a\u00e9reo, aviaci\u00f3n, turismo, hoteleria, actualidad.","robots":{"index":"index","follow":"follow","max-snippet":"max-snippet:-1","max-image-preview":"max-image-preview:large","max-video-preview":"max-video-preview:-1"},"canonical":"https:\/\/aeronoticias.com.pe\/noticiero\/historia-derecho-aero-peruano\/ceremonia-pro-43o-aniversario-del-convenio-de-aviacion-civil\/","og_locale":"es_ES","og_type":"article","og_title":"Ceremonia pro 43\u00ba Aniversario del Convenio de Aviaci\u00f3n Civil","og_description":"Portal de noticias del Per\u00fa sobre el transporte a\u00e9reo, aviaci\u00f3n, turismo, hoteleria, actualidad.","og_url":"https:\/\/aeronoticias.com.pe\/noticiero\/historia-derecho-aero-peruano\/ceremonia-pro-43o-aniversario-del-convenio-de-aviacion-civil\/","og_site_name":"Aeronoticias.com.pe","article_publisher":"https:\/\/www.facebook.com\/Aeronoticias.com.pe\/","article_published_time":"2016-07-26T17:40:24+00:00","article_modified_time":"2020-09-11T15:27:33+00:00","author":"Redacci\u00f3n Aeronoticias","twitter_card":"summary_large_image","twitter_creator":"@aeronoticias","twitter_site":"@aeronoticias","twitter_misc":{"Escrito por":"Redacci\u00f3n Aeronoticias","Tiempo de lectura":"2 minutos"},"schema":{"@context":"https:\/\/schema.org","@graph":[{"@type":"WebPage","@id":"https:\/\/aeronoticias.com.pe\/noticiero\/historia-derecho-aero-peruano\/ceremonia-pro-43o-aniversario-del-convenio-de-aviacion-civil\/","url":"https:\/\/aeronoticias.com.pe\/noticiero\/historia-derecho-aero-peruano\/ceremonia-pro-43o-aniversario-del-convenio-de-aviacion-civil\/","name":"Ceremonia pro 43\u00ba Aniversario del Convenio de Aviaci\u00f3n Civil","isPartOf":{"@id":"https:\/\/aeronoticias.com.pe\/noticiero\/#website"},"datePublished":"2016-07-26T17:40:24+00:00","dateModified":"2020-09-11T15:27:33+00:00","author":{"@id":"https:\/\/aeronoticias.com.pe\/noticiero\/#\/schema\/person\/fc1e5d578f4b62ba1cf7ac2bba1170a0"},"description":"Portal de noticias del Per\u00fa sobre el transporte a\u00e9reo, aviaci\u00f3n, turismo, hoteleria, actualidad.","breadcrumb":{"@id":"https:\/\/aeronoticias.com.pe\/noticiero\/historia-derecho-aero-peruano\/ceremonia-pro-43o-aniversario-del-convenio-de-aviacion-civil\/#breadcrumb"},"inLanguage":"es","potentialAction":[{"@type":"ReadAction","target":["https:\/\/aeronoticias.com.pe\/noticiero\/historia-derecho-aero-peruano\/ceremonia-pro-43o-aniversario-del-convenio-de-aviacion-civil\/"]}]},{"@type":"BreadcrumbList","@id":"https:\/\/aeronoticias.com.pe\/noticiero\/historia-derecho-aero-peruano\/ceremonia-pro-43o-aniversario-del-convenio-de-aviacion-civil\/#breadcrumb","itemListElement":[{"@type":"ListItem","position":1,"name":"Portada","item":"https:\/\/aeronoticias.com.pe\/noticiero\/"},{"@type":"ListItem","position":2,"name":"Ceremonia pro 43\u00ba Aniversario del Convenio de Aviaci\u00f3n Civil"}]},{"@type":"WebSite","@id":"https:\/\/aeronoticias.com.pe\/noticiero\/#website","url":"https:\/\/aeronoticias.com.pe\/noticiero\/","name":"Aeronoticias.com.pe","description":"Noticias de tranporte aereo, turismo, hoteles, gastronomia, actualidad, internacional","potentialAction":[{"@type":"SearchAction","target":{"@type":"EntryPoint","urlTemplate":"https:\/\/aeronoticias.com.pe\/noticiero\/?s={search_term_string}"},"query-input":{"@type":"PropertyValueSpecification","valueRequired":true,"valueName":"search_term_string"}}],"inLanguage":"es"},{"@type":"Person","@id":"https:\/\/aeronoticias.com.pe\/noticiero\/#\/schema\/person\/fc1e5d578f4b62ba1cf7ac2bba1170a0","name":"Redacci\u00f3n Aeronoticias","url":"https:\/\/aeronoticias.com.pe\/noticiero\/author\/piloto\/"}]}},"_links":{"self":[{"href":"https:\/\/aeronoticias.com.pe\/noticiero\/wp-json\/wp\/v2\/posts\/55439","targetHints":{"allow":["GET"]}}],"collection":[{"href":"https:\/\/aeronoticias.com.pe\/noticiero\/wp-json\/wp\/v2\/posts"}],"about":[{"href":"https:\/\/aeronoticias.com.pe\/noticiero\/wp-json\/wp\/v2\/types\/post"}],"author":[{"embeddable":true,"href":"https:\/\/aeronoticias.com.pe\/noticiero\/wp-json\/wp\/v2\/users\/1"}],"replies":[{"embeddable":true,"href":"https:\/\/aeronoticias.com.pe\/noticiero\/wp-json\/wp\/v2\/comments?post=55439"}],"version-history":[{"count":0,"href":"https:\/\/aeronoticias.com.pe\/noticiero\/wp-json\/wp\/v2\/posts\/55439\/revisions"}],"wp:attachment":[{"href":"https:\/\/aeronoticias.com.pe\/noticiero\/wp-json\/wp\/v2\/media?parent=55439"}],"wp:term":[{"taxonomy":"category","embeddable":true,"href":"https:\/\/aeronoticias.com.pe\/noticiero\/wp-json\/wp\/v2\/categories?post=55439"},{"taxonomy":"post_tag","embeddable":true,"href":"https:\/\/aeronoticias.com.pe\/noticiero\/wp-json\/wp\/v2\/tags?post=55439"}],"curies":[{"name":"wp","href":"https:\/\/api.w.org\/{rel}","templated":true}]}}