{"id":55442,"date":"2016-07-26T17:53:53","date_gmt":"2016-07-26T17:53:53","guid":{"rendered":"http:\/\/desarrollo.mcvicious.com\/aero2020\/2016\/07\/26\/por-una-nueva-ley-de-aeronautica-civil-2\/"},"modified":"2020-09-11T15:27:33","modified_gmt":"2020-09-11T15:27:33","slug":"por-una-nueva-ley-de-aeronautica-civil-2","status":"publish","type":"post","link":"https:\/\/aeronoticias.com.pe\/noticiero\/historia-derecho-aero-peruano\/por-una-nueva-ley-de-aeronautica-civil-2\/","title":{"rendered":"Por una nueva Ley de Aeron\u00e1utica Civil"},"content":{"rendered":"<p style=\"text-align: justify;\"><strong>(Fuente Diario El Comercio \u2013 jueves 23 de abril de 1987, Suplemento Especial, XV).- <\/strong>Es fundamental una nueva Ley de Aeron\u00e1utica Civil ya que los tiempos han cambiado. La actual norma que rige en esta actividad es obsoleta, indico Juli\u00e1n Palacin Fern\u00e1ndez, asesor en Derecho Aeron\u00e1utico de la Asociaci\u00f3n de Empresas A\u00e9reas.<\/p>\n<p style=\"text-align: justify;\">\u00bfCu\u00e1l es su opini\u00f3n sobre la contribuci\u00f3n de la empresa al desarrollo del pa\u00eds?<\/p>\n<p style=\"text-align: justify;\">La importancia radica en que la integraci\u00f3n e interconexi\u00f3n que realiza las empresas de transporte a\u00e9reo dentro del territorio nacional afianzan los grandes objetivos nacionales.<\/p>\n<p style=\"text-align: justify;\">\u00bfCu\u00e1les son los principales problemas de las empresas de su sector?<\/p>\n<p style=\"text-align: justify;\">Tenemos la esperanza que la nueva Ley de Aeron\u00e1utica Civil del Per\u00fa que se est\u00e1 dictaminando en la Comisi\u00f3n de Transporte A\u00e9reo en la C\u00e1mara de Diputados sustituya a la obsoleta actual Ley de Aeron\u00e1utica Civil que tiene 20 a\u00f1os de vigencia lapso en el cual el desarrollo t\u00e9cnico y cient\u00edfico ha producido cambios fundamentales en la aviaci\u00f3n civil. Necesitamos una normatividad legal acorde con las necesidades de la \u00e9poca.<\/p>\n<p style=\"text-align: justify;\">\u00bfCu\u00e1l es el futuro de las empresas en los pr\u00f3ximos a\u00f1os de acuerdo con la pol\u00edtica trazada por el actual gobierno?<\/p>\n<p style=\"text-align: justify;\">Nuestro parque a\u00e9reo civil es uno de los m\u00e1s reducidos de Latinoam\u00e9rica. Existe la esperanza de que en base de los lineamientos que estructure la nueva Ley de Aviaci\u00f3n Civil se apertura una \u00e9poca en que cada Departamento del pa\u00eds cuente con un Aeroclub estimulando as\u00ed a nuestra juventud para que siga la carrera de aviador civil o comercial.<\/p>\n<p style=\"text-align: justify;\"><img decoding=\"async\" src=\"images\/stories\/16\/07\/260716\/porunanueva.jpg\" border=\"0\" \/><\/p>\n<p style=\"text-align: justify;\">\u00a0<\/p>\n","protected":false},"excerpt":{"rendered":"<p>(Fuente Diario El Comercio \u2013 jueves 23 de abril de 1987, Suplemento Especial, XV).- Es fundamental una nueva Ley de Aeron\u00e1utica Civil ya que los tiempos han cambiado. La actual norma que rige en esta actividad es obsoleta, indico Juli\u00e1n Palacin Fern\u00e1ndez, asesor en Derecho Aeron\u00e1utico de la Asociaci\u00f3n de Empresas A\u00e9reas. \u00bfCu\u00e1l es su [&hellip;]<\/p>\n","protected":false},"author":1,"featured_media":0,"comment_status":"open","ping_status":"open","sticky":false,"template":"","format":"standard","meta":{"tdm_status":"","tdm_grid_status":"","footnotes":""},"categories":[27],"tags":[],"class_list":{"0":"post-55442","1":"post","2":"type-post","3":"status-publish","4":"format-standard","6":"category-historia-derecho-aero-peruano"},"yoast_head":"<!-- This site is optimized with the Yoast SEO plugin v25.1 - https:\/\/yoast.com\/wordpress\/plugins\/seo\/ -->\n<title>Por una nueva Ley de Aeron\u00e1utica Civil<\/title>\n<meta name=\"description\" content=\"Portal de noticias del Per\u00fa sobre el transporte a\u00e9reo, aviaci\u00f3n, turismo, hoteleria, actualidad.\" \/>\n<meta name=\"robots\" content=\"index, follow, max-snippet:-1, max-image-preview:large, max-video-preview:-1\" \/>\n<link rel=\"canonical\" href=\"https:\/\/aeronoticias.com.pe\/noticiero\/historia-derecho-aero-peruano\/por-una-nueva-ley-de-aeronautica-civil-2\/\" \/>\n<meta property=\"og:locale\" content=\"es_ES\" \/>\n<meta property=\"og:type\" content=\"article\" \/>\n<meta property=\"og:title\" content=\"Por una nueva Ley de Aeron\u00e1utica Civil\" \/>\n<meta property=\"og:description\" content=\"Portal de noticias del Per\u00fa sobre el transporte a\u00e9reo, aviaci\u00f3n, turismo, hoteleria, actualidad.\" \/>\n<meta property=\"og:url\" content=\"https:\/\/aeronoticias.com.pe\/noticiero\/historia-derecho-aero-peruano\/por-una-nueva-ley-de-aeronautica-civil-2\/\" \/>\n<meta property=\"og:site_name\" content=\"Aeronoticias.com.pe\" \/>\n<meta property=\"article:publisher\" content=\"https:\/\/www.facebook.com\/Aeronoticias.com.pe\/\" \/>\n<meta property=\"article:published_time\" content=\"2016-07-26T17:53:53+00:00\" \/>\n<meta property=\"article:modified_time\" content=\"2020-09-11T15:27:33+00:00\" \/>\n<meta name=\"author\" content=\"Redacci\u00f3n Aeronoticias\" \/>\n<meta name=\"twitter:card\" content=\"summary_large_image\" \/>\n<meta name=\"twitter:creator\" content=\"@aeronoticias\" \/>\n<meta name=\"twitter:site\" content=\"@aeronoticias\" \/>\n<meta name=\"twitter:label1\" content=\"Escrito por\" \/>\n\t<meta name=\"twitter:data1\" content=\"Redacci\u00f3n Aeronoticias\" \/>\n\t<meta name=\"twitter:label2\" content=\"Tiempo de lectura\" \/>\n\t<meta name=\"twitter:data2\" content=\"1 minuto\" \/>\n<script type=\"application\/ld+json\" class=\"yoast-schema-graph\">{\"@context\":\"https:\/\/schema.org\",\"@graph\":[{\"@type\":\"WebPage\",\"@id\":\"https:\/\/aeronoticias.com.pe\/noticiero\/historia-derecho-aero-peruano\/por-una-nueva-ley-de-aeronautica-civil-2\/\",\"url\":\"https:\/\/aeronoticias.com.pe\/noticiero\/historia-derecho-aero-peruano\/por-una-nueva-ley-de-aeronautica-civil-2\/\",\"name\":\"Por una nueva Ley de Aeron\u00e1utica Civil\",\"isPartOf\":{\"@id\":\"https:\/\/aeronoticias.com.pe\/noticiero\/#website\"},\"datePublished\":\"2016-07-26T17:53:53+00:00\",\"dateModified\":\"2020-09-11T15:27:33+00:00\",\"author\":{\"@id\":\"https:\/\/aeronoticias.com.pe\/noticiero\/#\/schema\/person\/fc1e5d578f4b62ba1cf7ac2bba1170a0\"},\"description\":\"Portal de noticias del Per\u00fa sobre el transporte a\u00e9reo, aviaci\u00f3n, turismo, hoteleria, actualidad.\",\"breadcrumb\":{\"@id\":\"https:\/\/aeronoticias.com.pe\/noticiero\/historia-derecho-aero-peruano\/por-una-nueva-ley-de-aeronautica-civil-2\/#breadcrumb\"},\"inLanguage\":\"es\",\"potentialAction\":[{\"@type\":\"ReadAction\",\"target\":[\"https:\/\/aeronoticias.com.pe\/noticiero\/historia-derecho-aero-peruano\/por-una-nueva-ley-de-aeronautica-civil-2\/\"]}]},{\"@type\":\"BreadcrumbList\",\"@id\":\"https:\/\/aeronoticias.com.pe\/noticiero\/historia-derecho-aero-peruano\/por-una-nueva-ley-de-aeronautica-civil-2\/#breadcrumb\",\"itemListElement\":[{\"@type\":\"ListItem\",\"position\":1,\"name\":\"Portada\",\"item\":\"https:\/\/aeronoticias.com.pe\/noticiero\/\"},{\"@type\":\"ListItem\",\"position\":2,\"name\":\"Por una nueva Ley de Aeron\u00e1utica Civil\"}]},{\"@type\":\"WebSite\",\"@id\":\"https:\/\/aeronoticias.com.pe\/noticiero\/#website\",\"url\":\"https:\/\/aeronoticias.com.pe\/noticiero\/\",\"name\":\"Aeronoticias.com.pe\",\"description\":\"Noticias de tranporte aereo, turismo, hoteles, gastronomia, actualidad, internacional\",\"potentialAction\":[{\"@type\":\"SearchAction\",\"target\":{\"@type\":\"EntryPoint\",\"urlTemplate\":\"https:\/\/aeronoticias.com.pe\/noticiero\/?s={search_term_string}\"},\"query-input\":{\"@type\":\"PropertyValueSpecification\",\"valueRequired\":true,\"valueName\":\"search_term_string\"}}],\"inLanguage\":\"es\"},{\"@type\":\"Person\",\"@id\":\"https:\/\/aeronoticias.com.pe\/noticiero\/#\/schema\/person\/fc1e5d578f4b62ba1cf7ac2bba1170a0\",\"name\":\"Redacci\u00f3n Aeronoticias\",\"url\":\"https:\/\/aeronoticias.com.pe\/noticiero\/author\/piloto\/\"}]}<\/script>\n<!-- \/ Yoast SEO plugin. -->","yoast_head_json":{"title":"Por una nueva Ley de Aeron\u00e1utica Civil","description":"Portal de noticias del Per\u00fa sobre el transporte a\u00e9reo, aviaci\u00f3n, turismo, hoteleria, actualidad.","robots":{"index":"index","follow":"follow","max-snippet":"max-snippet:-1","max-image-preview":"max-image-preview:large","max-video-preview":"max-video-preview:-1"},"canonical":"https:\/\/aeronoticias.com.pe\/noticiero\/historia-derecho-aero-peruano\/por-una-nueva-ley-de-aeronautica-civil-2\/","og_locale":"es_ES","og_type":"article","og_title":"Por una nueva Ley de Aeron\u00e1utica Civil","og_description":"Portal de noticias del Per\u00fa sobre el transporte a\u00e9reo, aviaci\u00f3n, turismo, hoteleria, actualidad.","og_url":"https:\/\/aeronoticias.com.pe\/noticiero\/historia-derecho-aero-peruano\/por-una-nueva-ley-de-aeronautica-civil-2\/","og_site_name":"Aeronoticias.com.pe","article_publisher":"https:\/\/www.facebook.com\/Aeronoticias.com.pe\/","article_published_time":"2016-07-26T17:53:53+00:00","article_modified_time":"2020-09-11T15:27:33+00:00","author":"Redacci\u00f3n Aeronoticias","twitter_card":"summary_large_image","twitter_creator":"@aeronoticias","twitter_site":"@aeronoticias","twitter_misc":{"Escrito por":"Redacci\u00f3n Aeronoticias","Tiempo de lectura":"1 minuto"},"schema":{"@context":"https:\/\/schema.org","@graph":[{"@type":"WebPage","@id":"https:\/\/aeronoticias.com.pe\/noticiero\/historia-derecho-aero-peruano\/por-una-nueva-ley-de-aeronautica-civil-2\/","url":"https:\/\/aeronoticias.com.pe\/noticiero\/historia-derecho-aero-peruano\/por-una-nueva-ley-de-aeronautica-civil-2\/","name":"Por una nueva Ley de Aeron\u00e1utica Civil","isPartOf":{"@id":"https:\/\/aeronoticias.com.pe\/noticiero\/#website"},"datePublished":"2016-07-26T17:53:53+00:00","dateModified":"2020-09-11T15:27:33+00:00","author":{"@id":"https:\/\/aeronoticias.com.pe\/noticiero\/#\/schema\/person\/fc1e5d578f4b62ba1cf7ac2bba1170a0"},"description":"Portal de noticias del Per\u00fa sobre el transporte a\u00e9reo, aviaci\u00f3n, turismo, hoteleria, actualidad.","breadcrumb":{"@id":"https:\/\/aeronoticias.com.pe\/noticiero\/historia-derecho-aero-peruano\/por-una-nueva-ley-de-aeronautica-civil-2\/#breadcrumb"},"inLanguage":"es","potentialAction":[{"@type":"ReadAction","target":["https:\/\/aeronoticias.com.pe\/noticiero\/historia-derecho-aero-peruano\/por-una-nueva-ley-de-aeronautica-civil-2\/"]}]},{"@type":"BreadcrumbList","@id":"https:\/\/aeronoticias.com.pe\/noticiero\/historia-derecho-aero-peruano\/por-una-nueva-ley-de-aeronautica-civil-2\/#breadcrumb","itemListElement":[{"@type":"ListItem","position":1,"name":"Portada","item":"https:\/\/aeronoticias.com.pe\/noticiero\/"},{"@type":"ListItem","position":2,"name":"Por una nueva Ley de Aeron\u00e1utica Civil"}]},{"@type":"WebSite","@id":"https:\/\/aeronoticias.com.pe\/noticiero\/#website","url":"https:\/\/aeronoticias.com.pe\/noticiero\/","name":"Aeronoticias.com.pe","description":"Noticias de tranporte aereo, turismo, hoteles, gastronomia, actualidad, internacional","potentialAction":[{"@type":"SearchAction","target":{"@type":"EntryPoint","urlTemplate":"https:\/\/aeronoticias.com.pe\/noticiero\/?s={search_term_string}"},"query-input":{"@type":"PropertyValueSpecification","valueRequired":true,"valueName":"search_term_string"}}],"inLanguage":"es"},{"@type":"Person","@id":"https:\/\/aeronoticias.com.pe\/noticiero\/#\/schema\/person\/fc1e5d578f4b62ba1cf7ac2bba1170a0","name":"Redacci\u00f3n Aeronoticias","url":"https:\/\/aeronoticias.com.pe\/noticiero\/author\/piloto\/"}]}},"_links":{"self":[{"href":"https:\/\/aeronoticias.com.pe\/noticiero\/wp-json\/wp\/v2\/posts\/55442","targetHints":{"allow":["GET"]}}],"collection":[{"href":"https:\/\/aeronoticias.com.pe\/noticiero\/wp-json\/wp\/v2\/posts"}],"about":[{"href":"https:\/\/aeronoticias.com.pe\/noticiero\/wp-json\/wp\/v2\/types\/post"}],"author":[{"embeddable":true,"href":"https:\/\/aeronoticias.com.pe\/noticiero\/wp-json\/wp\/v2\/users\/1"}],"replies":[{"embeddable":true,"href":"https:\/\/aeronoticias.com.pe\/noticiero\/wp-json\/wp\/v2\/comments?post=55442"}],"version-history":[{"count":0,"href":"https:\/\/aeronoticias.com.pe\/noticiero\/wp-json\/wp\/v2\/posts\/55442\/revisions"}],"wp:attachment":[{"href":"https:\/\/aeronoticias.com.pe\/noticiero\/wp-json\/wp\/v2\/media?parent=55442"}],"wp:term":[{"taxonomy":"category","embeddable":true,"href":"https:\/\/aeronoticias.com.pe\/noticiero\/wp-json\/wp\/v2\/categories?post=55442"},{"taxonomy":"post_tag","embeddable":true,"href":"https:\/\/aeronoticias.com.pe\/noticiero\/wp-json\/wp\/v2\/tags?post=55442"}],"curies":[{"name":"wp","href":"https:\/\/api.w.org\/{rel}","templated":true}]}}