{"id":55445,"date":"2016-07-27T16:02:32","date_gmt":"2016-07-27T16:02:32","guid":{"rendered":"http:\/\/desarrollo.mcvicious.com\/aero2020\/2016\/07\/27\/pese-al-solar-impulse-2-aviacion-100-electrica-esta-lejos\/"},"modified":"2016-07-27T16:02:32","modified_gmt":"2016-07-27T16:02:32","slug":"pese-al-solar-impulse-2-aviacion-100-electrica-esta-lejos","status":"publish","type":"post","link":"https:\/\/aeronoticias.com.pe\/noticiero\/27\/pese-al-solar-impulse-2-aviacion-100-electrica-esta-lejos\/","title":{"rendered":"Pese al Solar Impulse 2, aviaci\u00f3n 100% el\u00e9ctrica est\u00e1 lejos"},"content":{"rendered":"<p style=\"text-align: justify;\"><strong>(Aeronoticias) <\/strong><span style=\"font-size: 12.16px; line-height: 1.3em;\">La haza\u00f1a de Bertrand Piccard y Andr\u00e9 Broschberg, quienes lograron dar la vuelta al mundo en un avi\u00f3n propulsado por energ\u00eda solar, permite so\u00f1ar con aparatos por completo ecol\u00f3gicos y silenciosos, pero esta perspectiva se encuentra a\u00fan muy lejana seg\u00fan los especialistas.<\/span><\/p>\n<p style=\"text-align: justify;\"><span style=\"font-size: 12.16px; line-height: 1.3em;\">\u201cMuy pronto habr\u00e1 pasajeros a bordo de aviones el\u00e9ctricos que se recargar\u00e1n en tierra\u201d, pronostic\u00f3 Piccard, reconociendo no obstante que habr\u00e1 que esperar para contar con aviones solares.<\/span><\/p>\n<p style=\"text-align: justify;\"><span style=\"font-size: 12.16px; line-height: 1.3em;\">Para llegar hasta ellos, habr\u00e1 que superar numerosos desaf\u00edos tecnol\u00f3gicos.<\/span><\/p>\n<p style=\"text-align: justify;\"><span style=\"font-size: 12.16px; line-height: 1.3em;\">\u201cLa superficie de c\u00e9lulas (fotoel\u00e9ctricas) necesaria para transportar a solamente dos humanos corresponde a la talla de un Airbus o de un Boeing, por lo tanto para un avi\u00f3n de l\u00ednea es inconcebible\u201d, estima Vincent Jacques Le Seigneur, director del Observatorio de Energ\u00edas Renovables.<\/span><\/p>\n<p style=\"text-align: justify;\"><span style=\"font-size: 12.16px; line-height: 1.3em;\">En cambio, contin\u00faa, \u201cpueden imaginarse para ma\u00f1ana drones o peque\u00f1os aviones ultraligeros recargables en tierra con sistemas solares\u201d.<\/span><\/p>\n<p style=\"text-align: justify;\"><span style=\"font-size: 12.16px; line-height: 1.3em;\">Puesto que la revoluci\u00f3n del Solar Impulse 2 no ata\u00f1e tanto a la aviaci\u00f3n sino a la energ\u00eda en s\u00ed misma, en su opini\u00f3n. \u201cEs la prueba de que con la energ\u00eda solar se pueden hacer cosas incre\u00edbles\u201d, afirma.<\/span><\/p>\n<p style=\"text-align: justify;\"><span style=\"font-size: 12.16px; line-height: 1.3em;\">La industria y la investigaci\u00f3n aeron\u00e1utica trabajan desde hace tiempo sobre conceptos de aviones el\u00e9ctricos, pero a una escala menos ambiciosa en cuanto al objetivo de franquear los primeros obst\u00e1culos que nos separan del avi\u00f3n completamente el\u00e9ctrico.<\/span><\/p>\n<p style=\"text-align: justify;\"><span style=\"font-size: 12.16px; line-height: 1.3em;\">Todav\u00eda se trata de aviones que funcionen con energ\u00eda el\u00e9ctrica, entera o parcialmente, y no de aviones de l\u00ednea o inclusive aviones livianos que lo hagan con energ\u00eda solar, como el Solar Impulse 2. El aparato de Piccard y Broschberg pesa una tonelada y media, pero tiene la envergadura de un Boeing 747.<\/span><\/p>\n<p style=\"text-align: justify;\"><span style=\"font-size: 12.16px; line-height: 1.3em;\">Para concretar su haza\u00f1a, fue necesario dotarlo de unas 17.000 c\u00e9lulas fotovoltaicas sobre las alas, para alcanzar una velocidad de crucero de alrededor de 80 km. Adem\u00e1s, cuenta con un cockpit de 3,8 m2 sin aire acondicionado ni calefacci\u00f3n, y est\u00e1 equipado con tubos de ox\u00edgeno para permitir respirar a los pilotos. Finalmente, para atenuar las temperaturas extremas, entre -40 y +40 grados Celsius, la cabina se encuentra recubierta de una espuma aislante.<\/span><\/p>\n<p style=\"text-align: justify;\"><span style=\"font-size: 12.16px; line-height: 1.3em;\">Adem\u00e1s de estar lejos de las condiciones de confort de un A320 o un 777, los aparatos de mediano y largo recorrido de Airbus y Boeing, capaces de transportar entre 150 y casi 400 pasajeros a lo largo de miles de kil\u00f3metros en algunas horas, \u00e9stos vuelan a una velocidad diez veces superior al Solar Impulse 2.<\/span><\/p>\n<p style=\"text-align: justify;\"><span style=\"font-size: 12.16px; line-height: 1.3em;\">\u2018E-avi\u00f3n\u2019, por ahora de tama\u00f1o limitado<\/span><\/p>\n<p style=\"text-align: justify;\">\u201cEl avi\u00f3n el\u00e9ctrico es una ruptura tecnol\u00f3gica, puesto que no ser\u00e1 suficiente para realizar transporte de masas simplemente con remplazar los motores t\u00e9rmicos actuales por otros el\u00e9ctricos\u201d, explicaba recientemente Antoine Guigon, director de la prospectiva aeroespacial en el ONERA, el centro franc\u00e9s de investigaci\u00f3n aeron\u00e1utica y especial.<\/p>\n<p style=\"text-align: justify;\"><span style=\"font-size: 12.16px; line-height: 1.3em;\">\u201cHay que ir m\u00e1s all\u00e1 y pensar las configuraciones de las aeronaves de manera diferente\u201d, con por ejemplo numerosos peque\u00f1os reactores repartidos sobre las alas.<\/span><\/p>\n<p style=\"text-align: justify;\"><span style=\"font-size: 12.16px; line-height: 1.3em;\">Pionero en materia de propulsi\u00f3n el\u00e9ctrica en el sector a\u00e9reo, Airbus trabaja desde hace a\u00f1os sobre un concepto de peque\u00f1o avi\u00f3n construido en materiales compuestos destinado a las escuelas de aviaci\u00f3n liviana. El E-Fan, un biplaza el\u00e9ctrico que \u201cprefigura la aviaci\u00f3n m\u00e1s el\u00e9ctrica de ma\u00f1ana\u201d, seg\u00fan el constructor, que ser\u00e1 comercializado a fines de 2017.<\/span><\/p>\n<p style=\"text-align: justify;\"><span style=\"font-size: 12.16px; line-height: 1.3em;\">Pero, si bien obedece a consideraciones medioambientales y permite comenzar a jalonar la aviaci\u00f3n el\u00e9ctrica, por ahora dispone de capacidades limitadas. Por el momento, el E-Fan puede volar durante una hora y dispone media hora m\u00e1s de autonom\u00eda suplementaria.<\/span><\/p>\n<p style=\"text-align: justify;\"><span style=\"font-size: 12.16px; line-height: 1.3em;\">As\u00ed, este avi\u00f3n logr\u00f3 atravesar La Mancha al igual que lo hiciera Louis Bl\u00e9riot en 1909, una haza\u00f1a lejana en el tiempo respecto a los progresos que fueron necesarios antes de poder transportar pasajeros.<\/span><\/p>\n<p style=\"text-align: justify;\"><span style=\"font-size: 12.16px; line-height: 1.3em;\">Se pueden prever soluciones intermedias a corto plazo, como la propulsi\u00f3n el\u00e9ctrica h\u00edbrida, con motores t\u00e9rmicos que contengan generadores el\u00e9ctricos capaces de brindar la energ\u00eda necesaria para hacerlos funcionar.<\/span><\/p>\n<p style=\"text-align: justify;\"><span style=\"font-size: 12.16px; line-height: 1.3em;\">\u201cEs probablemente la soluci\u00f3n transitoria que permitir\u00e1 pasar de lo completamente t\u00e9rmico a lo t\u00e9rmico-el\u00e9ctrico y asegurar vuelos de larga distancia y con mucha carga \u00fatil\u201d, seg\u00fan Guigon.<\/span><\/p>\n<p style=\"text-align: justify;\"><span style=\"font-size: 12.16px; line-height: 1.3em;\">Mientras esperan, los grandes constructores aeron\u00e1uticos trabajan en soluciones \u201cincrementales\u201d que permitan mejorar el desempe\u00f1o de los aviones y reducir el consumo de combustible, y en consecuencia la huella de carbono.<\/span><\/p>\n<p style=\"text-align: justify;\"><span style=\"font-size: 12.16px; line-height: 1.3em;\">Materiales compuestos, impresi\u00f3n en 3D, y biocombustibles constituyen por ahora las principales pistas a seguir.<\/span><\/p>\n<p style=\"text-align: justify;\"><span style=\"font-size: 12.16px; line-height: 1.3em;\"><strong><em>Fuente:\u00a0http:\/\/www.lanacion.com.py\/2016\/07\/26\/pese-al-solar-impulse-2-aviacion-100-electrica-esta-lejos\/<\/em><\/strong><\/span><\/p>\n<p style=\"text-align: justify;\"><span style=\"font-size: 12.16px; line-height: 1.3em;\"><strong><em><img decoding=\"async\" src=\"images\/stories\/16\/07\/270716\/solarimpulse.jpg\" border=\"0\" \/><br \/><\/em><\/strong><\/span><\/p>\n","protected":false},"excerpt":{"rendered":"<p>(Aeronoticias) La haza\u00f1a de Bertrand Piccard y Andr\u00e9 Broschberg, quienes lograron dar la vuelta al mundo en un avi\u00f3n propulsado por energ\u00eda solar, permite so\u00f1ar con aparatos por completo ecol\u00f3gicos y silenciosos, pero esta perspectiva se encuentra a\u00fan muy lejana seg\u00fan los especialistas. \u201cMuy pronto habr\u00e1 pasajeros a bordo de aviones el\u00e9ctricos que se recargar\u00e1n [&hellip;]<\/p>\n","protected":false},"author":1,"featured_media":0,"comment_status":"open","ping_status":"open","sticky":false,"template":"","format":"standard","meta":{"tdm_status":"","tdm_grid_status":"","footnotes":""},"categories":[35],"tags":[],"class_list":{"0":"post-55445","1":"post","2":"type-post","3":"status-publish","4":"format-standard","6":"category-35"},"yoast_head":"<!-- This site is optimized with the Yoast SEO plugin v25.1 - https:\/\/yoast.com\/wordpress\/plugins\/seo\/ -->\n<title>Pese al Solar Impulse 2, aviaci\u00f3n 100% el\u00e9ctrica est\u00e1 lejos<\/title>\n<meta name=\"description\" content=\"Portal de noticias del Per\u00fa sobre el transporte a\u00e9reo, aviaci\u00f3n, turismo, hoteleria, actualidad.\" \/>\n<meta name=\"robots\" content=\"index, follow, max-snippet:-1, max-image-preview:large, max-video-preview:-1\" \/>\n<link rel=\"canonical\" href=\"https:\/\/aeronoticias.com.pe\/noticiero\/27\/pese-al-solar-impulse-2-aviacion-100-electrica-esta-lejos\/\" \/>\n<meta property=\"og:locale\" content=\"es_ES\" \/>\n<meta property=\"og:type\" content=\"article\" \/>\n<meta property=\"og:title\" content=\"Pese al Solar Impulse 2, aviaci\u00f3n 100% el\u00e9ctrica est\u00e1 lejos\" \/>\n<meta property=\"og:description\" content=\"Portal de noticias del Per\u00fa sobre el transporte a\u00e9reo, aviaci\u00f3n, turismo, hoteleria, actualidad.\" \/>\n<meta property=\"og:url\" content=\"https:\/\/aeronoticias.com.pe\/noticiero\/27\/pese-al-solar-impulse-2-aviacion-100-electrica-esta-lejos\/\" \/>\n<meta property=\"og:site_name\" content=\"Aeronoticias.com.pe\" \/>\n<meta property=\"article:publisher\" content=\"https:\/\/www.facebook.com\/Aeronoticias.com.pe\/\" \/>\n<meta property=\"article:published_time\" content=\"2016-07-27T16:02:32+00:00\" \/>\n<meta name=\"author\" content=\"Redacci\u00f3n Aeronoticias\" \/>\n<meta name=\"twitter:card\" content=\"summary_large_image\" \/>\n<meta name=\"twitter:creator\" content=\"@aeronoticias\" \/>\n<meta name=\"twitter:site\" content=\"@aeronoticias\" \/>\n<meta name=\"twitter:label1\" content=\"Escrito por\" \/>\n\t<meta name=\"twitter:data1\" content=\"Redacci\u00f3n Aeronoticias\" \/>\n\t<meta name=\"twitter:label2\" content=\"Tiempo de lectura\" \/>\n\t<meta name=\"twitter:data2\" content=\"4 minutos\" \/>\n<script type=\"application\/ld+json\" class=\"yoast-schema-graph\">{\"@context\":\"https:\/\/schema.org\",\"@graph\":[{\"@type\":\"WebPage\",\"@id\":\"https:\/\/aeronoticias.com.pe\/noticiero\/27\/pese-al-solar-impulse-2-aviacion-100-electrica-esta-lejos\/\",\"url\":\"https:\/\/aeronoticias.com.pe\/noticiero\/27\/pese-al-solar-impulse-2-aviacion-100-electrica-esta-lejos\/\",\"name\":\"Pese al Solar Impulse 2, aviaci\u00f3n 100% el\u00e9ctrica est\u00e1 lejos\",\"isPartOf\":{\"@id\":\"https:\/\/aeronoticias.com.pe\/noticiero\/#website\"},\"datePublished\":\"2016-07-27T16:02:32+00:00\",\"author\":{\"@id\":\"https:\/\/aeronoticias.com.pe\/noticiero\/#\/schema\/person\/fc1e5d578f4b62ba1cf7ac2bba1170a0\"},\"description\":\"Portal de noticias del Per\u00fa sobre el transporte a\u00e9reo, aviaci\u00f3n, turismo, hoteleria, actualidad.\",\"breadcrumb\":{\"@id\":\"https:\/\/aeronoticias.com.pe\/noticiero\/27\/pese-al-solar-impulse-2-aviacion-100-electrica-esta-lejos\/#breadcrumb\"},\"inLanguage\":\"es\",\"potentialAction\":[{\"@type\":\"ReadAction\",\"target\":[\"https:\/\/aeronoticias.com.pe\/noticiero\/27\/pese-al-solar-impulse-2-aviacion-100-electrica-esta-lejos\/\"]}]},{\"@type\":\"BreadcrumbList\",\"@id\":\"https:\/\/aeronoticias.com.pe\/noticiero\/27\/pese-al-solar-impulse-2-aviacion-100-electrica-esta-lejos\/#breadcrumb\",\"itemListElement\":[{\"@type\":\"ListItem\",\"position\":1,\"name\":\"Portada\",\"item\":\"https:\/\/aeronoticias.com.pe\/noticiero\/\"},{\"@type\":\"ListItem\",\"position\":2,\"name\":\"Pese al Solar Impulse 2, aviaci\u00f3n 100% el\u00e9ctrica est\u00e1 lejos\"}]},{\"@type\":\"WebSite\",\"@id\":\"https:\/\/aeronoticias.com.pe\/noticiero\/#website\",\"url\":\"https:\/\/aeronoticias.com.pe\/noticiero\/\",\"name\":\"Aeronoticias.com.pe\",\"description\":\"Noticias de tranporte aereo, turismo, hoteles, gastronomia, actualidad, internacional\",\"potentialAction\":[{\"@type\":\"SearchAction\",\"target\":{\"@type\":\"EntryPoint\",\"urlTemplate\":\"https:\/\/aeronoticias.com.pe\/noticiero\/?s={search_term_string}\"},\"query-input\":{\"@type\":\"PropertyValueSpecification\",\"valueRequired\":true,\"valueName\":\"search_term_string\"}}],\"inLanguage\":\"es\"},{\"@type\":\"Person\",\"@id\":\"https:\/\/aeronoticias.com.pe\/noticiero\/#\/schema\/person\/fc1e5d578f4b62ba1cf7ac2bba1170a0\",\"name\":\"Redacci\u00f3n Aeronoticias\",\"url\":\"https:\/\/aeronoticias.com.pe\/noticiero\/author\/piloto\/\"}]}<\/script>\n<!-- \/ Yoast SEO plugin. -->","yoast_head_json":{"title":"Pese al Solar Impulse 2, aviaci\u00f3n 100% el\u00e9ctrica est\u00e1 lejos","description":"Portal de noticias del Per\u00fa sobre el transporte a\u00e9reo, aviaci\u00f3n, turismo, hoteleria, actualidad.","robots":{"index":"index","follow":"follow","max-snippet":"max-snippet:-1","max-image-preview":"max-image-preview:large","max-video-preview":"max-video-preview:-1"},"canonical":"https:\/\/aeronoticias.com.pe\/noticiero\/27\/pese-al-solar-impulse-2-aviacion-100-electrica-esta-lejos\/","og_locale":"es_ES","og_type":"article","og_title":"Pese al Solar Impulse 2, aviaci\u00f3n 100% el\u00e9ctrica est\u00e1 lejos","og_description":"Portal de noticias del Per\u00fa sobre el transporte a\u00e9reo, aviaci\u00f3n, turismo, hoteleria, actualidad.","og_url":"https:\/\/aeronoticias.com.pe\/noticiero\/27\/pese-al-solar-impulse-2-aviacion-100-electrica-esta-lejos\/","og_site_name":"Aeronoticias.com.pe","article_publisher":"https:\/\/www.facebook.com\/Aeronoticias.com.pe\/","article_published_time":"2016-07-27T16:02:32+00:00","author":"Redacci\u00f3n Aeronoticias","twitter_card":"summary_large_image","twitter_creator":"@aeronoticias","twitter_site":"@aeronoticias","twitter_misc":{"Escrito por":"Redacci\u00f3n Aeronoticias","Tiempo de lectura":"4 minutos"},"schema":{"@context":"https:\/\/schema.org","@graph":[{"@type":"WebPage","@id":"https:\/\/aeronoticias.com.pe\/noticiero\/27\/pese-al-solar-impulse-2-aviacion-100-electrica-esta-lejos\/","url":"https:\/\/aeronoticias.com.pe\/noticiero\/27\/pese-al-solar-impulse-2-aviacion-100-electrica-esta-lejos\/","name":"Pese al Solar Impulse 2, aviaci\u00f3n 100% el\u00e9ctrica est\u00e1 lejos","isPartOf":{"@id":"https:\/\/aeronoticias.com.pe\/noticiero\/#website"},"datePublished":"2016-07-27T16:02:32+00:00","author":{"@id":"https:\/\/aeronoticias.com.pe\/noticiero\/#\/schema\/person\/fc1e5d578f4b62ba1cf7ac2bba1170a0"},"description":"Portal de noticias del Per\u00fa sobre el transporte a\u00e9reo, aviaci\u00f3n, turismo, hoteleria, actualidad.","breadcrumb":{"@id":"https:\/\/aeronoticias.com.pe\/noticiero\/27\/pese-al-solar-impulse-2-aviacion-100-electrica-esta-lejos\/#breadcrumb"},"inLanguage":"es","potentialAction":[{"@type":"ReadAction","target":["https:\/\/aeronoticias.com.pe\/noticiero\/27\/pese-al-solar-impulse-2-aviacion-100-electrica-esta-lejos\/"]}]},{"@type":"BreadcrumbList","@id":"https:\/\/aeronoticias.com.pe\/noticiero\/27\/pese-al-solar-impulse-2-aviacion-100-electrica-esta-lejos\/#breadcrumb","itemListElement":[{"@type":"ListItem","position":1,"name":"Portada","item":"https:\/\/aeronoticias.com.pe\/noticiero\/"},{"@type":"ListItem","position":2,"name":"Pese al Solar Impulse 2, aviaci\u00f3n 100% el\u00e9ctrica est\u00e1 lejos"}]},{"@type":"WebSite","@id":"https:\/\/aeronoticias.com.pe\/noticiero\/#website","url":"https:\/\/aeronoticias.com.pe\/noticiero\/","name":"Aeronoticias.com.pe","description":"Noticias de tranporte aereo, turismo, hoteles, gastronomia, actualidad, internacional","potentialAction":[{"@type":"SearchAction","target":{"@type":"EntryPoint","urlTemplate":"https:\/\/aeronoticias.com.pe\/noticiero\/?s={search_term_string}"},"query-input":{"@type":"PropertyValueSpecification","valueRequired":true,"valueName":"search_term_string"}}],"inLanguage":"es"},{"@type":"Person","@id":"https:\/\/aeronoticias.com.pe\/noticiero\/#\/schema\/person\/fc1e5d578f4b62ba1cf7ac2bba1170a0","name":"Redacci\u00f3n Aeronoticias","url":"https:\/\/aeronoticias.com.pe\/noticiero\/author\/piloto\/"}]}},"_links":{"self":[{"href":"https:\/\/aeronoticias.com.pe\/noticiero\/wp-json\/wp\/v2\/posts\/55445","targetHints":{"allow":["GET"]}}],"collection":[{"href":"https:\/\/aeronoticias.com.pe\/noticiero\/wp-json\/wp\/v2\/posts"}],"about":[{"href":"https:\/\/aeronoticias.com.pe\/noticiero\/wp-json\/wp\/v2\/types\/post"}],"author":[{"embeddable":true,"href":"https:\/\/aeronoticias.com.pe\/noticiero\/wp-json\/wp\/v2\/users\/1"}],"replies":[{"embeddable":true,"href":"https:\/\/aeronoticias.com.pe\/noticiero\/wp-json\/wp\/v2\/comments?post=55445"}],"version-history":[{"count":0,"href":"https:\/\/aeronoticias.com.pe\/noticiero\/wp-json\/wp\/v2\/posts\/55445\/revisions"}],"wp:attachment":[{"href":"https:\/\/aeronoticias.com.pe\/noticiero\/wp-json\/wp\/v2\/media?parent=55445"}],"wp:term":[{"taxonomy":"category","embeddable":true,"href":"https:\/\/aeronoticias.com.pe\/noticiero\/wp-json\/wp\/v2\/categories?post=55445"},{"taxonomy":"post_tag","embeddable":true,"href":"https:\/\/aeronoticias.com.pe\/noticiero\/wp-json\/wp\/v2\/tags?post=55445"}],"curies":[{"name":"wp","href":"https:\/\/api.w.org\/{rel}","templated":true}]}}