{"id":55446,"date":"2016-07-27T16:11:03","date_gmt":"2016-07-27T16:11:03","guid":{"rendered":"http:\/\/desarrollo.mcvicious.com\/aero2020\/2016\/07\/27\/fiestas-patrias-47-de-ejecutivos-peruanos-viajaran-al-interior-del-pais\/"},"modified":"2016-07-27T16:11:03","modified_gmt":"2016-07-27T16:11:03","slug":"fiestas-patrias-47-de-ejecutivos-peruanos-viajaran-al-interior-del-pais","status":"publish","type":"post","link":"https:\/\/aeronoticias.com.pe\/noticiero\/turismo\/13\/fiestas-patrias-47-de-ejecutivos-peruanos-viajaran-al-interior-del-pais\/","title":{"rendered":"Fiestas Patrias: 47% de ejecutivos peruanos viajar\u00e1n al interior del pa\u00eds"},"content":{"rendered":"<p style=\"text-align: justify;\"><strong>(Aeronoticias) <\/strong><span style=\"font-size: 12.16px; line-height: 1.3em;\">El 47% de los ejecutivos peruanos viajar\u00e1 a distintas ciudades del interior del pa\u00eds durante el fin de semana largo, inform\u00f3 Global Research Marketing (GRM) a trav\u00e9s de una encuesta realizada a empresarios peruanos en el marco de las Fiestas Patrias.<\/span><\/p>\n<p style=\"text-align: justify;\"><span style=\"font-size: 12.16px; line-height: 1.3em;\">Dicho estudio revela que el 47% de los ejecutivos optar\u00e1 por salir de viaje hacia el interior del pa\u00eds, mientras que un 34.3% prefiere quedarse en Lima.<\/span><\/p>\n<p style=\"text-align: justify;\"><span style=\"font-size: 12.16px; line-height: 1.3em;\">Asimismo, el 8.2% de los empresarios peruanos viajar\u00e1 al exterior y el 10% realizar\u00e1 otras actividades.<\/span><\/p>\n<p style=\"text-align: justify;\"><span style=\"font-size: 12.16px; line-height: 1.3em;\">La encuesta tambi\u00e9n se\u00f1ala que a pocos d\u00edas de los feriados de Fiestas Patrias el 67% de los ejecutivos peruanos ya tiene definida las actividades que realizar\u00e1n durante estas fiestas, mientras que un 33% a\u00fan no.<\/span><\/p>\n<p style=\"text-align: justify;\"><span style=\"font-size: 12.16px; line-height: 1.3em;\">Respecto a los empresarios peruanos que manifestaron que viajaran al interior del pa\u00eds durantes estas fechas, el estudio indica que el 30.1% visitar\u00e1 alguna ciudad del norte, 12% viajar\u00e1 a Punta Sal, 12% visitar\u00e1 el norte chico, 12% ir\u00e1 a Cusco, 12% a Huaraz, 10.8% visitar\u00e1 la zona selva del pa\u00eds, entre otros destinos.<\/span><\/p>\n<p style=\"text-align: justify;\"><span style=\"font-size: 12.16px; line-height: 1.3em;\">Asimismo, de los funcionarios que viajar\u00e1n al exterior el 28.6% visitar\u00e1 Estados Unidos, 28.6% a Brasil, 21.4% ir\u00e1 a El Caribe, 14.3% a Europa y 14.3% visitar\u00e1 M\u00e9xico.<\/span><\/p>\n<p style=\"text-align: justify;\"><span style=\"font-size: 12.16px; line-height: 1.3em;\">En cuanto a los empresarios que decidieron quedarse en casa el 72.4% saldr\u00e1 a alg\u00fan restaurante, 62.1% se reunir\u00e1 con la familia, 55.2% tendr\u00e1 un paseo a alg\u00fan lugar cerca de Lima, 48.3% ir\u00e1 al cine, 44.8% descansar\u00e1 en casa, 31% visitar\u00e1 centros comerciales, 24.1% visitar\u00e1 amigos y 20.7% ir\u00e1 al gimnasio.<\/span><\/p>\n<p style=\"text-align: justify;\"><span style=\"font-size: 12.16px; line-height: 1.3em;\">Tambi\u00e9n el estudio indica que el 81.5% de los ejecutivos peruanos se\u00f1al\u00f3 haber recibido gratificaci\u00f3n por Fiestas Patrias.<\/span><\/p>\n<p style=\"text-align: justify;\"><span style=\"font-size: 12.16px; line-height: 1.3em;\">Con dichos ingresos el 61.3% pagar\u00e1 sus deudas, 42.3% ahorrar\u00e1 el dinero, 19% viajar\u00e1, 10.4% pagar\u00e1 sus estudios, 5.5% se comprar\u00e1 un nuevo veh\u00edculo y el 5.5% se\u00f1al\u00f3 otros.<\/span><\/p>\n<p style=\"text-align: justify;\"><span style=\"font-size: 12.16px; line-height: 1.3em;\">Cabe mencionar que dicha encuesta fue realizada a trav\u00e9s de 200 entrevistas online a ejecutivos de grandes y medianas empresas a nivel de Lima Metropolitana.<\/span><\/p>\n<p style=\"text-align: justify;\"><span style=\"font-size: 12.16px; line-height: 1.3em;\">El recojo de informaci\u00f3n estuvo a cargo de Global Research Marketing (GRM) y se realiz\u00f3 entre el 11 al 22 de julio del presente a\u00f1o.<\/span><\/p>\n<p style=\"text-align: justify;\"><span style=\"font-size: 12.16px; line-height: 1.3em;\"><strong><em>Fuente: Andina<\/em><\/strong><\/span><\/p>\n<p style=\"text-align: justify;\"><span style=\"font-size: 12.16px; line-height: 1.3em;\"><strong><em><img decoding=\"async\" src=\"images\/stories\/16\/07\/270716\/turismoperu.jpg\" border=\"0\" \/><br \/><\/em><\/strong><\/span><\/p>\n","protected":false},"excerpt":{"rendered":"<p>(Aeronoticias) El 47% de los ejecutivos peruanos viajar\u00e1 a distintas ciudades del interior del pa\u00eds durante el fin de semana largo, inform\u00f3 Global Research Marketing (GRM) a trav\u00e9s de una encuesta realizada a empresarios peruanos en el marco de las Fiestas Patrias. Dicho estudio revela que el 47% de los ejecutivos optar\u00e1 por salir de [&hellip;]<\/p>\n","protected":false},"author":1,"featured_media":0,"comment_status":"open","ping_status":"open","sticky":false,"template":"","format":"standard","meta":{"tdm_status":"","tdm_grid_status":"","footnotes":""},"categories":[31],"tags":[],"class_list":{"0":"post-55446","1":"post","2":"type-post","3":"status-publish","4":"format-standard","6":"category-31"},"yoast_head":"<!-- This site is optimized with the Yoast SEO plugin v25.1 - https:\/\/yoast.com\/wordpress\/plugins\/seo\/ -->\n<title>Fiestas Patrias: 47% de ejecutivos peruanos viajar\u00e1n al interior del pa\u00eds<\/title>\n<meta name=\"description\" content=\"Portal de noticias del Per\u00fa sobre el transporte a\u00e9reo, aviaci\u00f3n, turismo, hoteleria, actualidad.\" \/>\n<meta name=\"robots\" content=\"index, follow, max-snippet:-1, max-image-preview:large, max-video-preview:-1\" \/>\n<link rel=\"canonical\" href=\"https:\/\/aeronoticias.com.pe\/noticiero\/turismo\/13\/fiestas-patrias-47-de-ejecutivos-peruanos-viajaran-al-interior-del-pais\/\" \/>\n<meta property=\"og:locale\" content=\"es_ES\" \/>\n<meta property=\"og:type\" content=\"article\" \/>\n<meta property=\"og:title\" content=\"Fiestas Patrias: 47% de ejecutivos peruanos viajar\u00e1n al interior del pa\u00eds\" \/>\n<meta property=\"og:description\" content=\"Portal de noticias del Per\u00fa sobre el transporte a\u00e9reo, aviaci\u00f3n, turismo, hoteleria, actualidad.\" \/>\n<meta property=\"og:url\" content=\"https:\/\/aeronoticias.com.pe\/noticiero\/turismo\/13\/fiestas-patrias-47-de-ejecutivos-peruanos-viajaran-al-interior-del-pais\/\" \/>\n<meta property=\"og:site_name\" content=\"Aeronoticias.com.pe\" \/>\n<meta property=\"article:publisher\" content=\"https:\/\/www.facebook.com\/Aeronoticias.com.pe\/\" \/>\n<meta property=\"article:published_time\" content=\"2016-07-27T16:11:03+00:00\" \/>\n<meta name=\"author\" content=\"Redacci\u00f3n Aeronoticias\" \/>\n<meta name=\"twitter:card\" content=\"summary_large_image\" \/>\n<meta name=\"twitter:creator\" content=\"@aeronoticias\" \/>\n<meta name=\"twitter:site\" content=\"@aeronoticias\" \/>\n<meta name=\"twitter:label1\" content=\"Escrito por\" \/>\n\t<meta name=\"twitter:data1\" content=\"Redacci\u00f3n Aeronoticias\" \/>\n\t<meta name=\"twitter:label2\" content=\"Tiempo de lectura\" \/>\n\t<meta name=\"twitter:data2\" content=\"2 minutos\" \/>\n<script type=\"application\/ld+json\" class=\"yoast-schema-graph\">{\"@context\":\"https:\/\/schema.org\",\"@graph\":[{\"@type\":\"WebPage\",\"@id\":\"https:\/\/aeronoticias.com.pe\/noticiero\/turismo\/13\/fiestas-patrias-47-de-ejecutivos-peruanos-viajaran-al-interior-del-pais\/\",\"url\":\"https:\/\/aeronoticias.com.pe\/noticiero\/turismo\/13\/fiestas-patrias-47-de-ejecutivos-peruanos-viajaran-al-interior-del-pais\/\",\"name\":\"Fiestas Patrias: 47% de ejecutivos peruanos viajar\u00e1n al interior del pa\u00eds\",\"isPartOf\":{\"@id\":\"https:\/\/aeronoticias.com.pe\/noticiero\/#website\"},\"datePublished\":\"2016-07-27T16:11:03+00:00\",\"author\":{\"@id\":\"https:\/\/aeronoticias.com.pe\/noticiero\/#\/schema\/person\/fc1e5d578f4b62ba1cf7ac2bba1170a0\"},\"description\":\"Portal de noticias del Per\u00fa sobre el transporte a\u00e9reo, aviaci\u00f3n, turismo, hoteleria, actualidad.\",\"breadcrumb\":{\"@id\":\"https:\/\/aeronoticias.com.pe\/noticiero\/turismo\/13\/fiestas-patrias-47-de-ejecutivos-peruanos-viajaran-al-interior-del-pais\/#breadcrumb\"},\"inLanguage\":\"es\",\"potentialAction\":[{\"@type\":\"ReadAction\",\"target\":[\"https:\/\/aeronoticias.com.pe\/noticiero\/turismo\/13\/fiestas-patrias-47-de-ejecutivos-peruanos-viajaran-al-interior-del-pais\/\"]}]},{\"@type\":\"BreadcrumbList\",\"@id\":\"https:\/\/aeronoticias.com.pe\/noticiero\/turismo\/13\/fiestas-patrias-47-de-ejecutivos-peruanos-viajaran-al-interior-del-pais\/#breadcrumb\",\"itemListElement\":[{\"@type\":\"ListItem\",\"position\":1,\"name\":\"Portada\",\"item\":\"https:\/\/aeronoticias.com.pe\/noticiero\/\"},{\"@type\":\"ListItem\",\"position\":2,\"name\":\"Fiestas Patrias: 47% de ejecutivos peruanos viajar\u00e1n al interior del pa\u00eds\"}]},{\"@type\":\"WebSite\",\"@id\":\"https:\/\/aeronoticias.com.pe\/noticiero\/#website\",\"url\":\"https:\/\/aeronoticias.com.pe\/noticiero\/\",\"name\":\"Aeronoticias.com.pe\",\"description\":\"Noticias de tranporte aereo, turismo, hoteles, gastronomia, actualidad, internacional\",\"potentialAction\":[{\"@type\":\"SearchAction\",\"target\":{\"@type\":\"EntryPoint\",\"urlTemplate\":\"https:\/\/aeronoticias.com.pe\/noticiero\/?s={search_term_string}\"},\"query-input\":{\"@type\":\"PropertyValueSpecification\",\"valueRequired\":true,\"valueName\":\"search_term_string\"}}],\"inLanguage\":\"es\"},{\"@type\":\"Person\",\"@id\":\"https:\/\/aeronoticias.com.pe\/noticiero\/#\/schema\/person\/fc1e5d578f4b62ba1cf7ac2bba1170a0\",\"name\":\"Redacci\u00f3n Aeronoticias\",\"url\":\"https:\/\/aeronoticias.com.pe\/noticiero\/author\/piloto\/\"}]}<\/script>\n<!-- \/ Yoast SEO plugin. -->","yoast_head_json":{"title":"Fiestas Patrias: 47% de ejecutivos peruanos viajar\u00e1n al interior del pa\u00eds","description":"Portal de noticias del Per\u00fa sobre el transporte a\u00e9reo, aviaci\u00f3n, turismo, hoteleria, actualidad.","robots":{"index":"index","follow":"follow","max-snippet":"max-snippet:-1","max-image-preview":"max-image-preview:large","max-video-preview":"max-video-preview:-1"},"canonical":"https:\/\/aeronoticias.com.pe\/noticiero\/turismo\/13\/fiestas-patrias-47-de-ejecutivos-peruanos-viajaran-al-interior-del-pais\/","og_locale":"es_ES","og_type":"article","og_title":"Fiestas Patrias: 47% de ejecutivos peruanos viajar\u00e1n al interior del pa\u00eds","og_description":"Portal de noticias del Per\u00fa sobre el transporte a\u00e9reo, aviaci\u00f3n, turismo, hoteleria, actualidad.","og_url":"https:\/\/aeronoticias.com.pe\/noticiero\/turismo\/13\/fiestas-patrias-47-de-ejecutivos-peruanos-viajaran-al-interior-del-pais\/","og_site_name":"Aeronoticias.com.pe","article_publisher":"https:\/\/www.facebook.com\/Aeronoticias.com.pe\/","article_published_time":"2016-07-27T16:11:03+00:00","author":"Redacci\u00f3n Aeronoticias","twitter_card":"summary_large_image","twitter_creator":"@aeronoticias","twitter_site":"@aeronoticias","twitter_misc":{"Escrito por":"Redacci\u00f3n Aeronoticias","Tiempo de lectura":"2 minutos"},"schema":{"@context":"https:\/\/schema.org","@graph":[{"@type":"WebPage","@id":"https:\/\/aeronoticias.com.pe\/noticiero\/turismo\/13\/fiestas-patrias-47-de-ejecutivos-peruanos-viajaran-al-interior-del-pais\/","url":"https:\/\/aeronoticias.com.pe\/noticiero\/turismo\/13\/fiestas-patrias-47-de-ejecutivos-peruanos-viajaran-al-interior-del-pais\/","name":"Fiestas Patrias: 47% de ejecutivos peruanos viajar\u00e1n al interior del pa\u00eds","isPartOf":{"@id":"https:\/\/aeronoticias.com.pe\/noticiero\/#website"},"datePublished":"2016-07-27T16:11:03+00:00","author":{"@id":"https:\/\/aeronoticias.com.pe\/noticiero\/#\/schema\/person\/fc1e5d578f4b62ba1cf7ac2bba1170a0"},"description":"Portal de noticias del Per\u00fa sobre el transporte a\u00e9reo, aviaci\u00f3n, turismo, hoteleria, actualidad.","breadcrumb":{"@id":"https:\/\/aeronoticias.com.pe\/noticiero\/turismo\/13\/fiestas-patrias-47-de-ejecutivos-peruanos-viajaran-al-interior-del-pais\/#breadcrumb"},"inLanguage":"es","potentialAction":[{"@type":"ReadAction","target":["https:\/\/aeronoticias.com.pe\/noticiero\/turismo\/13\/fiestas-patrias-47-de-ejecutivos-peruanos-viajaran-al-interior-del-pais\/"]}]},{"@type":"BreadcrumbList","@id":"https:\/\/aeronoticias.com.pe\/noticiero\/turismo\/13\/fiestas-patrias-47-de-ejecutivos-peruanos-viajaran-al-interior-del-pais\/#breadcrumb","itemListElement":[{"@type":"ListItem","position":1,"name":"Portada","item":"https:\/\/aeronoticias.com.pe\/noticiero\/"},{"@type":"ListItem","position":2,"name":"Fiestas Patrias: 47% de ejecutivos peruanos viajar\u00e1n al interior del pa\u00eds"}]},{"@type":"WebSite","@id":"https:\/\/aeronoticias.com.pe\/noticiero\/#website","url":"https:\/\/aeronoticias.com.pe\/noticiero\/","name":"Aeronoticias.com.pe","description":"Noticias de tranporte aereo, turismo, hoteles, gastronomia, actualidad, internacional","potentialAction":[{"@type":"SearchAction","target":{"@type":"EntryPoint","urlTemplate":"https:\/\/aeronoticias.com.pe\/noticiero\/?s={search_term_string}"},"query-input":{"@type":"PropertyValueSpecification","valueRequired":true,"valueName":"search_term_string"}}],"inLanguage":"es"},{"@type":"Person","@id":"https:\/\/aeronoticias.com.pe\/noticiero\/#\/schema\/person\/fc1e5d578f4b62ba1cf7ac2bba1170a0","name":"Redacci\u00f3n Aeronoticias","url":"https:\/\/aeronoticias.com.pe\/noticiero\/author\/piloto\/"}]}},"_links":{"self":[{"href":"https:\/\/aeronoticias.com.pe\/noticiero\/wp-json\/wp\/v2\/posts\/55446","targetHints":{"allow":["GET"]}}],"collection":[{"href":"https:\/\/aeronoticias.com.pe\/noticiero\/wp-json\/wp\/v2\/posts"}],"about":[{"href":"https:\/\/aeronoticias.com.pe\/noticiero\/wp-json\/wp\/v2\/types\/post"}],"author":[{"embeddable":true,"href":"https:\/\/aeronoticias.com.pe\/noticiero\/wp-json\/wp\/v2\/users\/1"}],"replies":[{"embeddable":true,"href":"https:\/\/aeronoticias.com.pe\/noticiero\/wp-json\/wp\/v2\/comments?post=55446"}],"version-history":[{"count":0,"href":"https:\/\/aeronoticias.com.pe\/noticiero\/wp-json\/wp\/v2\/posts\/55446\/revisions"}],"wp:attachment":[{"href":"https:\/\/aeronoticias.com.pe\/noticiero\/wp-json\/wp\/v2\/media?parent=55446"}],"wp:term":[{"taxonomy":"category","embeddable":true,"href":"https:\/\/aeronoticias.com.pe\/noticiero\/wp-json\/wp\/v2\/categories?post=55446"},{"taxonomy":"post_tag","embeddable":true,"href":"https:\/\/aeronoticias.com.pe\/noticiero\/wp-json\/wp\/v2\/tags?post=55446"}],"curies":[{"name":"wp","href":"https:\/\/api.w.org\/{rel}","templated":true}]}}