{"id":55447,"date":"2016-07-28T01:18:17","date_gmt":"2016-07-28T01:18:17","guid":{"rendered":"http:\/\/desarrollo.mcvicious.com\/aero2020\/2016\/07\/28\/somos-provida-seamoslo-siempre\/"},"modified":"2016-07-28T01:18:17","modified_gmt":"2016-07-28T01:18:17","slug":"somos-provida-seamoslo-siempre","status":"publish","type":"post","link":"https:\/\/aeronoticias.com.pe\/noticiero\/nacionales\/somos-provida-seamoslo-siempre\/","title":{"rendered":"Somos provida, se\u00e1moslo siempre"},"content":{"rendered":"<p style=\"text-align: justify;\"><strong>(Aeronoticias)<\/strong>.-\u00a0<span style=\"font-size: 12.16px; line-height: 1.3em;\">El Per\u00fa esta de fiesta. Las banderas se han izado en diversas instituciones: oficinas, bancos, mercados, supermercados y escuelas.<\/span><\/p>\n<p style=\"text-align: justify;\">El pecho de todo peruano se infla de orgullo al destacar las riquezas de nuestro suelo patrio. Todo en una mezcla de arte, cultura, gastronom\u00eda, flora, fauna y el calor de su gente que expresa el sentir m\u00e1s profundo del coraz\u00f3n.<\/p>\n<p style=\"text-align: justify;\">Una naci\u00f3n que se escribe con <strong>P<\/strong> de provida y su rotundo s\u00ed a la vida, le sigue la letra <strong>E<\/strong> de esperanza, un valor que se fortalece con la fe de este c\u00e1lido pueblo; la <strong>R<\/strong> de raz\u00f3n, un aspecto innegable que abraza a todos aquellos que defienden la vida de todo peruano por nacer, y finalmente la <strong>U<\/strong>, letra que sella la unidad de todos sus ciudadanos en la b\u00fasqueda del verdadero progreso y del bien com\u00fan.<\/p>\n<p style=\"text-align: justify;\">Un Per\u00fa que defiende la vida reconoce el respeto a la dignidad de toda persona humana, el respeto hacia cada uno de sus ciudadanos desde la concepci\u00f3n hasta su fin natural. Por eso, resulta incompatible con la ciudadan\u00eda las perversas intenciones de algunas organizaciones al pretender sobrepasar un derecho e intentar desplazarlo para colocar en su lugar a preceptos netamente ideol\u00f3gicos sin fundamento jur\u00eddico ni cient\u00edfico.<\/p>\n<p style=\"text-align: justify;\">Estas olas ideol\u00f3gicas de nuestro tiempo pero no de nuestro suelo, amenazan con destruir la base moral de la sociedad peruana y est\u00e1 en nuestras manos y voces, evitarlo.<\/p>\n<p style=\"text-align: justify;\"><em><strong>El mensaje es \u00fanico, la defensa de todo ni\u00f1o peruano por nacer no es ficci\u00f3n ni necesariamente religi\u00f3n. Se trata de una realidad palpable en una ecograf\u00eda consolidada con cada ultrasonido. <\/strong><\/em><\/p>\n<p style=\"text-align: justify;\">Celebremos la vida y protej\u00e1mosla porque de esa forma estamos contribuyendo por el bien de nuestra naci\u00f3n y evitar as\u00ed q<span style=\"font-size: 12.16px; line-height: 1.3em;\">ue nuestro suelo patrio abrace la cultura de muerte. <\/span><span style=\"font-size: 12.16px; line-height: 1.3em;\"><strong><em>Per\u00fa es un pa\u00eds provida, el que deje de serlo, depende de ti<\/em><\/strong>.<\/span><\/p>\n<p style=\"text-align: justify;\"><span style=\"font-size: 12.16px; line-height: 15.808px;\">Somos provida, se\u00e1moslo siempre.<\/span><\/p>\n<p style=\"text-align: justify;\"><strong>\u00a1Viva el Per\u00fa! \u00a1Viva la libertad! y que \u00a1Viva la vida!<\/strong><\/p>\n<p style=\"text-align: justify;\"><strong>&#8212;&#8212;&#8212;&#8212;&#8212;&#8212;&#8212;&#8212;-<\/strong><\/p>\n<p style=\"text-align: justify;\"><strong>jefreycuya@gmail.com<\/strong><\/p>\n<p style=\"text-align: justify;\"><img decoding=\"async\" src=\"http:\/\/4.bp.blogspot.com\/-IkEQFEirTIo\/VbmKB_UnwhI\/AAAAAAAABhc\/uW42yvoLtzE\/s1600\/abo%2Bperu.jpg\" border=\"0\" \/><\/p>\n","protected":false},"excerpt":{"rendered":"<p>(Aeronoticias).-\u00a0El Per\u00fa esta de fiesta. Las banderas se han izado en diversas instituciones: oficinas, bancos, mercados, supermercados y escuelas. El pecho de todo peruano se infla de orgullo al destacar las riquezas de nuestro suelo patrio. Todo en una mezcla de arte, cultura, gastronom\u00eda, flora, fauna y el calor de su gente que expresa el [&hellip;]<\/p>\n","protected":false},"author":1,"featured_media":0,"comment_status":"open","ping_status":"open","sticky":false,"template":"","format":"standard","meta":{"tdm_status":"","tdm_grid_status":"","footnotes":""},"categories":[38],"tags":[],"class_list":{"0":"post-55447","1":"post","2":"type-post","3":"status-publish","4":"format-standard","6":"category-nacionales"},"yoast_head":"<!-- This site is optimized with the Yoast SEO plugin v25.1 - https:\/\/yoast.com\/wordpress\/plugins\/seo\/ -->\n<title>Somos provida, se\u00e1moslo siempre<\/title>\n<meta name=\"description\" content=\"Portal de noticias del Per\u00fa sobre el transporte a\u00e9reo, aviaci\u00f3n, turismo, hoteleria, actualidad.\" \/>\n<meta name=\"robots\" content=\"index, follow, max-snippet:-1, max-image-preview:large, max-video-preview:-1\" \/>\n<link rel=\"canonical\" href=\"https:\/\/aeronoticias.com.pe\/noticiero\/nacionales\/somos-provida-seamoslo-siempre\/\" \/>\n<meta property=\"og:locale\" content=\"es_ES\" \/>\n<meta property=\"og:type\" content=\"article\" \/>\n<meta property=\"og:title\" content=\"Somos provida, se\u00e1moslo siempre\" \/>\n<meta property=\"og:description\" content=\"Portal de noticias del Per\u00fa sobre el transporte a\u00e9reo, aviaci\u00f3n, turismo, hoteleria, actualidad.\" \/>\n<meta property=\"og:url\" content=\"https:\/\/aeronoticias.com.pe\/noticiero\/nacionales\/somos-provida-seamoslo-siempre\/\" \/>\n<meta property=\"og:site_name\" content=\"Aeronoticias.com.pe\" \/>\n<meta property=\"article:publisher\" content=\"https:\/\/www.facebook.com\/Aeronoticias.com.pe\/\" \/>\n<meta property=\"article:published_time\" content=\"2016-07-28T01:18:17+00:00\" \/>\n<meta property=\"og:image\" content=\"http:\/\/4.bp.blogspot.com\/-IkEQFEirTIo\/VbmKB_UnwhI\/AAAAAAAABhc\/uW42yvoLtzE\/s1600\/abo%2Bperu.jpg\" \/>\n<meta name=\"author\" content=\"Redacci\u00f3n Aeronoticias\" \/>\n<meta name=\"twitter:card\" content=\"summary_large_image\" \/>\n<meta name=\"twitter:creator\" content=\"@aeronoticias\" \/>\n<meta name=\"twitter:site\" content=\"@aeronoticias\" \/>\n<meta name=\"twitter:label1\" content=\"Escrito por\" \/>\n\t<meta name=\"twitter:data1\" content=\"Redacci\u00f3n Aeronoticias\" \/>\n\t<meta name=\"twitter:label2\" content=\"Tiempo de lectura\" \/>\n\t<meta name=\"twitter:data2\" content=\"2 minutos\" \/>\n<script type=\"application\/ld+json\" class=\"yoast-schema-graph\">{\"@context\":\"https:\/\/schema.org\",\"@graph\":[{\"@type\":\"WebPage\",\"@id\":\"https:\/\/aeronoticias.com.pe\/noticiero\/nacionales\/somos-provida-seamoslo-siempre\/\",\"url\":\"https:\/\/aeronoticias.com.pe\/noticiero\/nacionales\/somos-provida-seamoslo-siempre\/\",\"name\":\"Somos provida, se\u00e1moslo siempre\",\"isPartOf\":{\"@id\":\"https:\/\/aeronoticias.com.pe\/noticiero\/#website\"},\"primaryImageOfPage\":{\"@id\":\"https:\/\/aeronoticias.com.pe\/noticiero\/nacionales\/somos-provida-seamoslo-siempre\/#primaryimage\"},\"image\":{\"@id\":\"https:\/\/aeronoticias.com.pe\/noticiero\/nacionales\/somos-provida-seamoslo-siempre\/#primaryimage\"},\"thumbnailUrl\":\"http:\/\/4.bp.blogspot.com\/-IkEQFEirTIo\/VbmKB_UnwhI\/AAAAAAAABhc\/uW42yvoLtzE\/s1600\/abo%2Bperu.jpg\",\"datePublished\":\"2016-07-28T01:18:17+00:00\",\"author\":{\"@id\":\"https:\/\/aeronoticias.com.pe\/noticiero\/#\/schema\/person\/fc1e5d578f4b62ba1cf7ac2bba1170a0\"},\"description\":\"Portal de noticias del Per\u00fa sobre el transporte a\u00e9reo, aviaci\u00f3n, turismo, hoteleria, actualidad.\",\"breadcrumb\":{\"@id\":\"https:\/\/aeronoticias.com.pe\/noticiero\/nacionales\/somos-provida-seamoslo-siempre\/#breadcrumb\"},\"inLanguage\":\"es\",\"potentialAction\":[{\"@type\":\"ReadAction\",\"target\":[\"https:\/\/aeronoticias.com.pe\/noticiero\/nacionales\/somos-provida-seamoslo-siempre\/\"]}]},{\"@type\":\"ImageObject\",\"inLanguage\":\"es\",\"@id\":\"https:\/\/aeronoticias.com.pe\/noticiero\/nacionales\/somos-provida-seamoslo-siempre\/#primaryimage\",\"url\":\"http:\/\/4.bp.blogspot.com\/-IkEQFEirTIo\/VbmKB_UnwhI\/AAAAAAAABhc\/uW42yvoLtzE\/s1600\/abo%2Bperu.jpg\",\"contentUrl\":\"http:\/\/4.bp.blogspot.com\/-IkEQFEirTIo\/VbmKB_UnwhI\/AAAAAAAABhc\/uW42yvoLtzE\/s1600\/abo%2Bperu.jpg\"},{\"@type\":\"BreadcrumbList\",\"@id\":\"https:\/\/aeronoticias.com.pe\/noticiero\/nacionales\/somos-provida-seamoslo-siempre\/#breadcrumb\",\"itemListElement\":[{\"@type\":\"ListItem\",\"position\":1,\"name\":\"Portada\",\"item\":\"https:\/\/aeronoticias.com.pe\/noticiero\/\"},{\"@type\":\"ListItem\",\"position\":2,\"name\":\"Somos provida, se\u00e1moslo siempre\"}]},{\"@type\":\"WebSite\",\"@id\":\"https:\/\/aeronoticias.com.pe\/noticiero\/#website\",\"url\":\"https:\/\/aeronoticias.com.pe\/noticiero\/\",\"name\":\"Aeronoticias.com.pe\",\"description\":\"Noticias de tranporte aereo, turismo, hoteles, gastronomia, actualidad, internacional\",\"potentialAction\":[{\"@type\":\"SearchAction\",\"target\":{\"@type\":\"EntryPoint\",\"urlTemplate\":\"https:\/\/aeronoticias.com.pe\/noticiero\/?s={search_term_string}\"},\"query-input\":{\"@type\":\"PropertyValueSpecification\",\"valueRequired\":true,\"valueName\":\"search_term_string\"}}],\"inLanguage\":\"es\"},{\"@type\":\"Person\",\"@id\":\"https:\/\/aeronoticias.com.pe\/noticiero\/#\/schema\/person\/fc1e5d578f4b62ba1cf7ac2bba1170a0\",\"name\":\"Redacci\u00f3n Aeronoticias\",\"url\":\"https:\/\/aeronoticias.com.pe\/noticiero\/author\/piloto\/\"}]}<\/script>\n<!-- \/ Yoast SEO plugin. -->","yoast_head_json":{"title":"Somos provida, se\u00e1moslo siempre","description":"Portal de noticias del Per\u00fa sobre el transporte a\u00e9reo, aviaci\u00f3n, turismo, hoteleria, actualidad.","robots":{"index":"index","follow":"follow","max-snippet":"max-snippet:-1","max-image-preview":"max-image-preview:large","max-video-preview":"max-video-preview:-1"},"canonical":"https:\/\/aeronoticias.com.pe\/noticiero\/nacionales\/somos-provida-seamoslo-siempre\/","og_locale":"es_ES","og_type":"article","og_title":"Somos provida, se\u00e1moslo siempre","og_description":"Portal de noticias del Per\u00fa sobre el transporte a\u00e9reo, aviaci\u00f3n, turismo, hoteleria, actualidad.","og_url":"https:\/\/aeronoticias.com.pe\/noticiero\/nacionales\/somos-provida-seamoslo-siempre\/","og_site_name":"Aeronoticias.com.pe","article_publisher":"https:\/\/www.facebook.com\/Aeronoticias.com.pe\/","article_published_time":"2016-07-28T01:18:17+00:00","og_image":[{"url":"http:\/\/4.bp.blogspot.com\/-IkEQFEirTIo\/VbmKB_UnwhI\/AAAAAAAABhc\/uW42yvoLtzE\/s1600\/abo%2Bperu.jpg","type":"","width":"","height":""}],"author":"Redacci\u00f3n Aeronoticias","twitter_card":"summary_large_image","twitter_creator":"@aeronoticias","twitter_site":"@aeronoticias","twitter_misc":{"Escrito por":"Redacci\u00f3n Aeronoticias","Tiempo de lectura":"2 minutos"},"schema":{"@context":"https:\/\/schema.org","@graph":[{"@type":"WebPage","@id":"https:\/\/aeronoticias.com.pe\/noticiero\/nacionales\/somos-provida-seamoslo-siempre\/","url":"https:\/\/aeronoticias.com.pe\/noticiero\/nacionales\/somos-provida-seamoslo-siempre\/","name":"Somos provida, se\u00e1moslo siempre","isPartOf":{"@id":"https:\/\/aeronoticias.com.pe\/noticiero\/#website"},"primaryImageOfPage":{"@id":"https:\/\/aeronoticias.com.pe\/noticiero\/nacionales\/somos-provida-seamoslo-siempre\/#primaryimage"},"image":{"@id":"https:\/\/aeronoticias.com.pe\/noticiero\/nacionales\/somos-provida-seamoslo-siempre\/#primaryimage"},"thumbnailUrl":"http:\/\/4.bp.blogspot.com\/-IkEQFEirTIo\/VbmKB_UnwhI\/AAAAAAAABhc\/uW42yvoLtzE\/s1600\/abo%2Bperu.jpg","datePublished":"2016-07-28T01:18:17+00:00","author":{"@id":"https:\/\/aeronoticias.com.pe\/noticiero\/#\/schema\/person\/fc1e5d578f4b62ba1cf7ac2bba1170a0"},"description":"Portal de noticias del Per\u00fa sobre el transporte a\u00e9reo, aviaci\u00f3n, turismo, hoteleria, actualidad.","breadcrumb":{"@id":"https:\/\/aeronoticias.com.pe\/noticiero\/nacionales\/somos-provida-seamoslo-siempre\/#breadcrumb"},"inLanguage":"es","potentialAction":[{"@type":"ReadAction","target":["https:\/\/aeronoticias.com.pe\/noticiero\/nacionales\/somos-provida-seamoslo-siempre\/"]}]},{"@type":"ImageObject","inLanguage":"es","@id":"https:\/\/aeronoticias.com.pe\/noticiero\/nacionales\/somos-provida-seamoslo-siempre\/#primaryimage","url":"http:\/\/4.bp.blogspot.com\/-IkEQFEirTIo\/VbmKB_UnwhI\/AAAAAAAABhc\/uW42yvoLtzE\/s1600\/abo%2Bperu.jpg","contentUrl":"http:\/\/4.bp.blogspot.com\/-IkEQFEirTIo\/VbmKB_UnwhI\/AAAAAAAABhc\/uW42yvoLtzE\/s1600\/abo%2Bperu.jpg"},{"@type":"BreadcrumbList","@id":"https:\/\/aeronoticias.com.pe\/noticiero\/nacionales\/somos-provida-seamoslo-siempre\/#breadcrumb","itemListElement":[{"@type":"ListItem","position":1,"name":"Portada","item":"https:\/\/aeronoticias.com.pe\/noticiero\/"},{"@type":"ListItem","position":2,"name":"Somos provida, se\u00e1moslo siempre"}]},{"@type":"WebSite","@id":"https:\/\/aeronoticias.com.pe\/noticiero\/#website","url":"https:\/\/aeronoticias.com.pe\/noticiero\/","name":"Aeronoticias.com.pe","description":"Noticias de tranporte aereo, turismo, hoteles, gastronomia, actualidad, internacional","potentialAction":[{"@type":"SearchAction","target":{"@type":"EntryPoint","urlTemplate":"https:\/\/aeronoticias.com.pe\/noticiero\/?s={search_term_string}"},"query-input":{"@type":"PropertyValueSpecification","valueRequired":true,"valueName":"search_term_string"}}],"inLanguage":"es"},{"@type":"Person","@id":"https:\/\/aeronoticias.com.pe\/noticiero\/#\/schema\/person\/fc1e5d578f4b62ba1cf7ac2bba1170a0","name":"Redacci\u00f3n Aeronoticias","url":"https:\/\/aeronoticias.com.pe\/noticiero\/author\/piloto\/"}]}},"_links":{"self":[{"href":"https:\/\/aeronoticias.com.pe\/noticiero\/wp-json\/wp\/v2\/posts\/55447","targetHints":{"allow":["GET"]}}],"collection":[{"href":"https:\/\/aeronoticias.com.pe\/noticiero\/wp-json\/wp\/v2\/posts"}],"about":[{"href":"https:\/\/aeronoticias.com.pe\/noticiero\/wp-json\/wp\/v2\/types\/post"}],"author":[{"embeddable":true,"href":"https:\/\/aeronoticias.com.pe\/noticiero\/wp-json\/wp\/v2\/users\/1"}],"replies":[{"embeddable":true,"href":"https:\/\/aeronoticias.com.pe\/noticiero\/wp-json\/wp\/v2\/comments?post=55447"}],"version-history":[{"count":0,"href":"https:\/\/aeronoticias.com.pe\/noticiero\/wp-json\/wp\/v2\/posts\/55447\/revisions"}],"wp:attachment":[{"href":"https:\/\/aeronoticias.com.pe\/noticiero\/wp-json\/wp\/v2\/media?parent=55447"}],"wp:term":[{"taxonomy":"category","embeddable":true,"href":"https:\/\/aeronoticias.com.pe\/noticiero\/wp-json\/wp\/v2\/categories?post=55447"},{"taxonomy":"post_tag","embeddable":true,"href":"https:\/\/aeronoticias.com.pe\/noticiero\/wp-json\/wp\/v2\/tags?post=55447"}],"curies":[{"name":"wp","href":"https:\/\/api.w.org\/{rel}","templated":true}]}}