{"id":55450,"date":"2016-08-01T16:29:36","date_gmt":"2016-08-01T16:29:36","guid":{"rendered":"http:\/\/desarrollo.mcvicious.com\/aero2020\/2016\/08\/01\/amenaza-terrorista-obliga-a-holanda-a-mantener-seguridad-reforzada-en-aeropuerto-de-amsterdam\/"},"modified":"2016-08-01T16:29:36","modified_gmt":"2016-08-01T16:29:36","slug":"amenaza-terrorista-obliga-a-holanda-a-mantener-seguridad-reforzada-en-aeropuerto-de-amsterdam","status":"publish","type":"post","link":"https:\/\/aeronoticias.com.pe\/noticiero\/internacionales\/amenaza-terrorista-obliga-a-holanda-a-mantener-seguridad-reforzada-en-aeropuerto-de-amsterdam\/","title":{"rendered":"Amenaza terrorista obliga a Holanda a mantener seguridad reforzada en aeropuerto de Amsterdam"},"content":{"rendered":"<p style=\"text-align: justify;\"><strong>(Aeronoticias) <\/strong><span style=\"font-size: 12.16px; line-height: 1.3em;\">Las medidas de control reforzadas que introdujo Holanda el s\u00e1bado en el aeropuerto internacional de Schiphol, cercano a Amsterdam, tras recibir un aviso presuntamente por amenaza terrorista, se mantendr\u00e1n de momento hasta nuevo aviso, inform\u00f3 hoy una portavoz de la Polic\u00eda Militar.<\/span><\/p>\n<p style=\"text-align: justify;\"><span style=\"font-size: 12.16px; line-height: 1.3em;\"> \u00abLas medidas permanecen en vigor\u00bb hasta que el alcalde de Harleemmermeer, el Gobierno y la Polic\u00eda Militar decidan revertirlas, se\u00f1al\u00f3 la portavoz a la agencia holandesa ANP. La cadena de televisi\u00f3n holandesa NOS apunt\u00f3 el s\u00e1bado que el aviso pod\u00eda ser por amenaza terrorista, mientras que otros medios como el diario De Telegraaf dec\u00edan que no estaba clara su naturaleza y que las medidas ten\u00edan un car\u00e1cter preventivo. <\/span><\/p>\n<p style=\"text-align: justify;\"><span style=\"font-size: 12.16px; line-height: 1.3em;\">Fuerzas militares controlan desde el s\u00e1bado la llegada de veh\u00edculos al aer\u00f3dromo y realizan inspecciones en profundidad de algunos de ellos, han asegurado testigos presenciales a NOS. <\/span><\/p>\n<p style=\"text-align: justify;\"><span style=\"font-size: 12.16px; line-height: 1.3em;\">El Ayuntamiento de Haarleemmermeer, la localidad en la que se encuentra el aeropuerto, y el coordinador nacional de terrorismo y seguridad no han querido precisar qu\u00e9 tipo de aviso han recibido. Holanda vive en alerta por riesgo elevado de atentado terrorista desde 2013. Adem\u00e1s de los controles a los veh\u00edculos, se ha reforzado la presencia de patrullas en el propio aeropuerto y sus alrededores y se han tomado otras medidas \u00abinvisibles\u00bb, seg\u00fan NOS.<\/span><\/p>\n<p style=\"text-align: justify;\"><strong style=\"font-size: 12.16px; line-height: 1.3em;\"><em>Fuente: Emol.com &#8211; http:\/\/www.emol.com\/noticias\/Internacional\/2016\/08\/01\/815131\/Amenaza-terrorista-obliga-a-Holanda-a-mantener-seguridad-reforzada-en-aeropuerto-de-Amsterdam.html<\/em><\/strong><\/p>\n<p style=\"text-align: justify;\"><strong style=\"font-size: 12.16px; line-height: 1.3em;\"><em><img decoding=\"async\" src=\"images\/stories\/16\/07\/310716\/policiaholanda.jpg\" border=\"0\" \/><br \/><\/em><\/strong><\/p>\n","protected":false},"excerpt":{"rendered":"<p>(Aeronoticias) Las medidas de control reforzadas que introdujo Holanda el s\u00e1bado en el aeropuerto internacional de Schiphol, cercano a Amsterdam, tras recibir un aviso presuntamente por amenaza terrorista, se mantendr\u00e1n de momento hasta nuevo aviso, inform\u00f3 hoy una portavoz de la Polic\u00eda Militar. \u00abLas medidas permanecen en vigor\u00bb hasta que el alcalde de Harleemmermeer, el [&hellip;]<\/p>\n","protected":false},"author":1,"featured_media":0,"comment_status":"open","ping_status":"open","sticky":false,"template":"","format":"standard","meta":{"tdm_status":"","tdm_grid_status":"","footnotes":""},"categories":[34],"tags":[],"class_list":{"0":"post-55450","1":"post","2":"type-post","3":"status-publish","4":"format-standard","6":"category-internacionales"},"yoast_head":"<!-- This site is optimized with the Yoast SEO plugin v25.1 - https:\/\/yoast.com\/wordpress\/plugins\/seo\/ -->\n<title>Amenaza terrorista obliga a Holanda a mantener seguridad reforzada en aeropuerto de Amsterdam<\/title>\n<meta name=\"description\" content=\"Portal de noticias del Per\u00fa sobre el transporte a\u00e9reo, aviaci\u00f3n, turismo, hoteleria, actualidad.\" \/>\n<meta name=\"robots\" content=\"index, follow, max-snippet:-1, max-image-preview:large, max-video-preview:-1\" \/>\n<link rel=\"canonical\" href=\"https:\/\/aeronoticias.com.pe\/noticiero\/internacionales\/amenaza-terrorista-obliga-a-holanda-a-mantener-seguridad-reforzada-en-aeropuerto-de-amsterdam\/\" \/>\n<meta property=\"og:locale\" content=\"es_ES\" \/>\n<meta property=\"og:type\" content=\"article\" \/>\n<meta property=\"og:title\" content=\"Amenaza terrorista obliga a Holanda a mantener seguridad reforzada en aeropuerto de Amsterdam\" \/>\n<meta property=\"og:description\" content=\"Portal de noticias del Per\u00fa sobre el transporte a\u00e9reo, aviaci\u00f3n, turismo, hoteleria, actualidad.\" \/>\n<meta property=\"og:url\" content=\"https:\/\/aeronoticias.com.pe\/noticiero\/internacionales\/amenaza-terrorista-obliga-a-holanda-a-mantener-seguridad-reforzada-en-aeropuerto-de-amsterdam\/\" \/>\n<meta property=\"og:site_name\" content=\"Aeronoticias.com.pe\" \/>\n<meta property=\"article:publisher\" content=\"https:\/\/www.facebook.com\/Aeronoticias.com.pe\/\" \/>\n<meta property=\"article:published_time\" content=\"2016-08-01T16:29:36+00:00\" \/>\n<meta name=\"author\" content=\"Redacci\u00f3n Aeronoticias\" \/>\n<meta name=\"twitter:card\" content=\"summary_large_image\" \/>\n<meta name=\"twitter:creator\" content=\"@aeronoticias\" \/>\n<meta name=\"twitter:site\" content=\"@aeronoticias\" \/>\n<meta name=\"twitter:label1\" content=\"Escrito por\" \/>\n\t<meta name=\"twitter:data1\" content=\"Redacci\u00f3n Aeronoticias\" \/>\n\t<meta name=\"twitter:label2\" content=\"Tiempo de lectura\" \/>\n\t<meta name=\"twitter:data2\" content=\"1 minuto\" \/>\n<script type=\"application\/ld+json\" class=\"yoast-schema-graph\">{\"@context\":\"https:\/\/schema.org\",\"@graph\":[{\"@type\":\"WebPage\",\"@id\":\"https:\/\/aeronoticias.com.pe\/noticiero\/internacionales\/amenaza-terrorista-obliga-a-holanda-a-mantener-seguridad-reforzada-en-aeropuerto-de-amsterdam\/\",\"url\":\"https:\/\/aeronoticias.com.pe\/noticiero\/internacionales\/amenaza-terrorista-obliga-a-holanda-a-mantener-seguridad-reforzada-en-aeropuerto-de-amsterdam\/\",\"name\":\"Amenaza terrorista obliga a Holanda a mantener seguridad reforzada en aeropuerto de Amsterdam\",\"isPartOf\":{\"@id\":\"https:\/\/aeronoticias.com.pe\/noticiero\/#website\"},\"datePublished\":\"2016-08-01T16:29:36+00:00\",\"author\":{\"@id\":\"https:\/\/aeronoticias.com.pe\/noticiero\/#\/schema\/person\/fc1e5d578f4b62ba1cf7ac2bba1170a0\"},\"description\":\"Portal de noticias del Per\u00fa sobre el transporte a\u00e9reo, aviaci\u00f3n, turismo, hoteleria, actualidad.\",\"breadcrumb\":{\"@id\":\"https:\/\/aeronoticias.com.pe\/noticiero\/internacionales\/amenaza-terrorista-obliga-a-holanda-a-mantener-seguridad-reforzada-en-aeropuerto-de-amsterdam\/#breadcrumb\"},\"inLanguage\":\"es\",\"potentialAction\":[{\"@type\":\"ReadAction\",\"target\":[\"https:\/\/aeronoticias.com.pe\/noticiero\/internacionales\/amenaza-terrorista-obliga-a-holanda-a-mantener-seguridad-reforzada-en-aeropuerto-de-amsterdam\/\"]}]},{\"@type\":\"BreadcrumbList\",\"@id\":\"https:\/\/aeronoticias.com.pe\/noticiero\/internacionales\/amenaza-terrorista-obliga-a-holanda-a-mantener-seguridad-reforzada-en-aeropuerto-de-amsterdam\/#breadcrumb\",\"itemListElement\":[{\"@type\":\"ListItem\",\"position\":1,\"name\":\"Portada\",\"item\":\"https:\/\/aeronoticias.com.pe\/noticiero\/\"},{\"@type\":\"ListItem\",\"position\":2,\"name\":\"Amenaza terrorista obliga a Holanda a mantener seguridad reforzada en aeropuerto de Amsterdam\"}]},{\"@type\":\"WebSite\",\"@id\":\"https:\/\/aeronoticias.com.pe\/noticiero\/#website\",\"url\":\"https:\/\/aeronoticias.com.pe\/noticiero\/\",\"name\":\"Aeronoticias.com.pe\",\"description\":\"Noticias de tranporte aereo, turismo, hoteles, gastronomia, actualidad, internacional\",\"potentialAction\":[{\"@type\":\"SearchAction\",\"target\":{\"@type\":\"EntryPoint\",\"urlTemplate\":\"https:\/\/aeronoticias.com.pe\/noticiero\/?s={search_term_string}\"},\"query-input\":{\"@type\":\"PropertyValueSpecification\",\"valueRequired\":true,\"valueName\":\"search_term_string\"}}],\"inLanguage\":\"es\"},{\"@type\":\"Person\",\"@id\":\"https:\/\/aeronoticias.com.pe\/noticiero\/#\/schema\/person\/fc1e5d578f4b62ba1cf7ac2bba1170a0\",\"name\":\"Redacci\u00f3n Aeronoticias\",\"url\":\"https:\/\/aeronoticias.com.pe\/noticiero\/author\/piloto\/\"}]}<\/script>\n<!-- \/ Yoast SEO plugin. -->","yoast_head_json":{"title":"Amenaza terrorista obliga a Holanda a mantener seguridad reforzada en aeropuerto de Amsterdam","description":"Portal de noticias del Per\u00fa sobre el transporte a\u00e9reo, aviaci\u00f3n, turismo, hoteleria, actualidad.","robots":{"index":"index","follow":"follow","max-snippet":"max-snippet:-1","max-image-preview":"max-image-preview:large","max-video-preview":"max-video-preview:-1"},"canonical":"https:\/\/aeronoticias.com.pe\/noticiero\/internacionales\/amenaza-terrorista-obliga-a-holanda-a-mantener-seguridad-reforzada-en-aeropuerto-de-amsterdam\/","og_locale":"es_ES","og_type":"article","og_title":"Amenaza terrorista obliga a Holanda a mantener seguridad reforzada en aeropuerto de Amsterdam","og_description":"Portal de noticias del Per\u00fa sobre el transporte a\u00e9reo, aviaci\u00f3n, turismo, hoteleria, actualidad.","og_url":"https:\/\/aeronoticias.com.pe\/noticiero\/internacionales\/amenaza-terrorista-obliga-a-holanda-a-mantener-seguridad-reforzada-en-aeropuerto-de-amsterdam\/","og_site_name":"Aeronoticias.com.pe","article_publisher":"https:\/\/www.facebook.com\/Aeronoticias.com.pe\/","article_published_time":"2016-08-01T16:29:36+00:00","author":"Redacci\u00f3n Aeronoticias","twitter_card":"summary_large_image","twitter_creator":"@aeronoticias","twitter_site":"@aeronoticias","twitter_misc":{"Escrito por":"Redacci\u00f3n Aeronoticias","Tiempo de lectura":"1 minuto"},"schema":{"@context":"https:\/\/schema.org","@graph":[{"@type":"WebPage","@id":"https:\/\/aeronoticias.com.pe\/noticiero\/internacionales\/amenaza-terrorista-obliga-a-holanda-a-mantener-seguridad-reforzada-en-aeropuerto-de-amsterdam\/","url":"https:\/\/aeronoticias.com.pe\/noticiero\/internacionales\/amenaza-terrorista-obliga-a-holanda-a-mantener-seguridad-reforzada-en-aeropuerto-de-amsterdam\/","name":"Amenaza terrorista obliga a Holanda a mantener seguridad reforzada en aeropuerto de Amsterdam","isPartOf":{"@id":"https:\/\/aeronoticias.com.pe\/noticiero\/#website"},"datePublished":"2016-08-01T16:29:36+00:00","author":{"@id":"https:\/\/aeronoticias.com.pe\/noticiero\/#\/schema\/person\/fc1e5d578f4b62ba1cf7ac2bba1170a0"},"description":"Portal de noticias del Per\u00fa sobre el transporte a\u00e9reo, aviaci\u00f3n, turismo, hoteleria, actualidad.","breadcrumb":{"@id":"https:\/\/aeronoticias.com.pe\/noticiero\/internacionales\/amenaza-terrorista-obliga-a-holanda-a-mantener-seguridad-reforzada-en-aeropuerto-de-amsterdam\/#breadcrumb"},"inLanguage":"es","potentialAction":[{"@type":"ReadAction","target":["https:\/\/aeronoticias.com.pe\/noticiero\/internacionales\/amenaza-terrorista-obliga-a-holanda-a-mantener-seguridad-reforzada-en-aeropuerto-de-amsterdam\/"]}]},{"@type":"BreadcrumbList","@id":"https:\/\/aeronoticias.com.pe\/noticiero\/internacionales\/amenaza-terrorista-obliga-a-holanda-a-mantener-seguridad-reforzada-en-aeropuerto-de-amsterdam\/#breadcrumb","itemListElement":[{"@type":"ListItem","position":1,"name":"Portada","item":"https:\/\/aeronoticias.com.pe\/noticiero\/"},{"@type":"ListItem","position":2,"name":"Amenaza terrorista obliga a Holanda a mantener seguridad reforzada en aeropuerto de Amsterdam"}]},{"@type":"WebSite","@id":"https:\/\/aeronoticias.com.pe\/noticiero\/#website","url":"https:\/\/aeronoticias.com.pe\/noticiero\/","name":"Aeronoticias.com.pe","description":"Noticias de tranporte aereo, turismo, hoteles, gastronomia, actualidad, internacional","potentialAction":[{"@type":"SearchAction","target":{"@type":"EntryPoint","urlTemplate":"https:\/\/aeronoticias.com.pe\/noticiero\/?s={search_term_string}"},"query-input":{"@type":"PropertyValueSpecification","valueRequired":true,"valueName":"search_term_string"}}],"inLanguage":"es"},{"@type":"Person","@id":"https:\/\/aeronoticias.com.pe\/noticiero\/#\/schema\/person\/fc1e5d578f4b62ba1cf7ac2bba1170a0","name":"Redacci\u00f3n Aeronoticias","url":"https:\/\/aeronoticias.com.pe\/noticiero\/author\/piloto\/"}]}},"_links":{"self":[{"href":"https:\/\/aeronoticias.com.pe\/noticiero\/wp-json\/wp\/v2\/posts\/55450","targetHints":{"allow":["GET"]}}],"collection":[{"href":"https:\/\/aeronoticias.com.pe\/noticiero\/wp-json\/wp\/v2\/posts"}],"about":[{"href":"https:\/\/aeronoticias.com.pe\/noticiero\/wp-json\/wp\/v2\/types\/post"}],"author":[{"embeddable":true,"href":"https:\/\/aeronoticias.com.pe\/noticiero\/wp-json\/wp\/v2\/users\/1"}],"replies":[{"embeddable":true,"href":"https:\/\/aeronoticias.com.pe\/noticiero\/wp-json\/wp\/v2\/comments?post=55450"}],"version-history":[{"count":0,"href":"https:\/\/aeronoticias.com.pe\/noticiero\/wp-json\/wp\/v2\/posts\/55450\/revisions"}],"wp:attachment":[{"href":"https:\/\/aeronoticias.com.pe\/noticiero\/wp-json\/wp\/v2\/media?parent=55450"}],"wp:term":[{"taxonomy":"category","embeddable":true,"href":"https:\/\/aeronoticias.com.pe\/noticiero\/wp-json\/wp\/v2\/categories?post=55450"},{"taxonomy":"post_tag","embeddable":true,"href":"https:\/\/aeronoticias.com.pe\/noticiero\/wp-json\/wp\/v2\/tags?post=55450"}],"curies":[{"name":"wp","href":"https:\/\/api.w.org\/{rel}","templated":true}]}}