{"id":55451,"date":"2016-08-01T16:37:31","date_gmt":"2016-08-01T16:37:31","guid":{"rendered":"http:\/\/desarrollo.mcvicious.com\/aero2020\/2016\/08\/01\/sernanp-turistas-irresponsables-danan-alrededores-de-el-candelabro-en-la-reserva-de-paracas\/"},"modified":"2016-08-01T16:37:31","modified_gmt":"2016-08-01T16:37:31","slug":"sernanp-turistas-irresponsables-danan-alrededores-de-el-candelabro-en-la-reserva-de-paracas","status":"publish","type":"post","link":"https:\/\/aeronoticias.com.pe\/noticiero\/nacionales\/sernanp-turistas-irresponsables-danan-alrededores-de-el-candelabro-en-la-reserva-de-paracas\/","title":{"rendered":"Sernanp: Turistas irresponsables da\u00f1an alrededores de \u201cEl Candelabro\u201d en la Reserva de Paracas"},"content":{"rendered":"<p style=\"text-align: justify;\"><strong>(Aeronoticias) <\/strong><span style=\"font-size: 12.16px; line-height: 1.3em;\">El Servicio Nacional de \u00c1reas Naturales Protegidas denunci\u00f3 que un grupo de turistas irresponsables realizaron actividades en los alrededores de \u201cEl Candelabro\u201d, ubicado en la Reserva Nacional de Paracas, en Ica, ocasionando da\u00f1os en la zona.<\/span><\/p>\n<p style=\"text-align: justify;\"><span style=\"font-size: 12.16px; line-height: 1.3em;\">\u201cA horas de culminar las celebraciones por Fiestas Patrias, debemos denunciar a los malos turistas que lejos de disfrutar de lo que nuestro patrimonio natural nos ofrece, no lo respetan\u201d, indic\u00f3 en su cuenta de Facebook.<\/span><\/p>\n<p style=\"text-align: justify;\"><span style=\"font-size: 12.16px; line-height: 1.3em;\">Explic\u00f3 que la r\u00e1pida acci\u00f3n de los guardaparques de la Reserva Nacional de Paracas permiti\u00f3 detener esta mala actividad en una zona silvestre cercana al Candelabro.<\/span><\/p>\n<p style=\"text-align: justify;\"><span style=\"font-size: 12.16px; line-height: 1.3em;\">\u201c\u00a1No dejemos que este tipo de irresponsabilidades pongan da\u00f1en nuestras ANP! t\u00fa tambi\u00e9n den\u00fancialos\u201d, se\u00f1al\u00f3 la instituci\u00f3n.<\/span><\/p>\n<p style=\"text-align: justify;\"><span style=\"font-size: 12.16px; line-height: 1.3em;\">Agreg\u00f3 que la intervenci\u00f3n de los guardaparques de la Reserva Nacional de Paracas se realiz\u00f3 junto a la Polic\u00eda de Turismo y se encontraron dos camionetas, una cuatrimoto y un auto.<\/span><\/p>\n<p style=\"text-align: justify;\"><span style=\"font-size: 12.16px; line-height: 1.3em;\">Sus due\u00f1os escaparon r\u00e1pidamente ante la presencia del Sernanp.<\/span><\/p>\n<p style=\"text-align: justify;\"><span style=\"font-size: 12.16px; line-height: 1.3em;\">Sin embargo, los responsables de los da\u00f1os fueron intervenidos en la garita de ingreso a la Reserva Nacional de Paracas y conducidos a la Comisar\u00eda de la ciudad.<\/span><\/p>\n<p style=\"text-align: justify;\"><span style=\"font-size: 12.16px; line-height: 1.3em;\">El Sernanp precis\u00f3 que a las personas implicadas se les inici\u00f3 un Procedimiento Administrativo Sancionador y se interpuso la denuncia respectiva.<\/span><\/p>\n<p style=\"text-align: justify;\"><span style=\"font-size: 12.16px; line-height: 1.3em;\">El \u00e1rea afectada se ubica aproximadamente a unos 500 metros al norte de El Candelabro, habi\u00e9ndose estimado un \u00e1rea afectada en el paisaje de 100 metros de alto por 500 metros de ancho sobre la cumbre del cerro.<\/span><\/p>\n<p style=\"text-align: justify;\"><span style=\"font-size: 12.16px; line-height: 1.3em;\">Los infractores ser\u00e1n investigados a fin de determinar la sanci\u00f3n correspondiente.<\/span><\/p>\n<p><span style=\"font-size: 12.16px; line-height: 1.3em;\"><strong><em>Fuente: Gesti\u00f3n<\/em><\/strong><\/span><\/p>\n<p><span style=\"font-size: 12.16px; line-height: 1.3em;\"><strong><em><img decoding=\"async\" src=\"images\/stories\/16\/07\/310716\/candelabro.jpg\" border=\"0\" alt=\"Sernanp: Turistas irresponsables da\u00f1an alrededores de \u201cEl Candelabro\u201d en la Reserva de Paracas \" \/><br \/><\/em><\/strong><\/span><\/p>\n","protected":false},"excerpt":{"rendered":"<p>(Aeronoticias) El Servicio Nacional de \u00c1reas Naturales Protegidas denunci\u00f3 que un grupo de turistas irresponsables realizaron actividades en los alrededores de \u201cEl Candelabro\u201d, ubicado en la Reserva Nacional de Paracas, en Ica, ocasionando da\u00f1os en la zona. \u201cA horas de culminar las celebraciones por Fiestas Patrias, debemos denunciar a los malos turistas que lejos de [&hellip;]<\/p>\n","protected":false},"author":1,"featured_media":0,"comment_status":"open","ping_status":"open","sticky":false,"template":"","format":"standard","meta":{"tdm_status":"","tdm_grid_status":"","footnotes":""},"categories":[38],"tags":[],"class_list":{"0":"post-55451","1":"post","2":"type-post","3":"status-publish","4":"format-standard","6":"category-nacionales"},"yoast_head":"<!-- This site is optimized with the Yoast SEO plugin v25.1 - https:\/\/yoast.com\/wordpress\/plugins\/seo\/ -->\n<title>Sernanp: Turistas irresponsables da\u00f1an alrededores de \u201cEl Candelabro\u201d en la Reserva de Paracas<\/title>\n<meta name=\"description\" content=\"Portal de noticias del Per\u00fa sobre el transporte a\u00e9reo, aviaci\u00f3n, turismo, hoteleria, actualidad.\" \/>\n<meta name=\"robots\" content=\"index, follow, max-snippet:-1, max-image-preview:large, max-video-preview:-1\" \/>\n<link rel=\"canonical\" href=\"https:\/\/aeronoticias.com.pe\/noticiero\/nacionales\/sernanp-turistas-irresponsables-danan-alrededores-de-el-candelabro-en-la-reserva-de-paracas\/\" \/>\n<meta property=\"og:locale\" content=\"es_ES\" \/>\n<meta property=\"og:type\" content=\"article\" \/>\n<meta property=\"og:title\" content=\"Sernanp: Turistas irresponsables da\u00f1an alrededores de \u201cEl Candelabro\u201d en la Reserva de Paracas\" \/>\n<meta property=\"og:description\" content=\"Portal de noticias del Per\u00fa sobre el transporte a\u00e9reo, aviaci\u00f3n, turismo, hoteleria, actualidad.\" \/>\n<meta property=\"og:url\" content=\"https:\/\/aeronoticias.com.pe\/noticiero\/nacionales\/sernanp-turistas-irresponsables-danan-alrededores-de-el-candelabro-en-la-reserva-de-paracas\/\" \/>\n<meta property=\"og:site_name\" content=\"Aeronoticias.com.pe\" \/>\n<meta property=\"article:publisher\" content=\"https:\/\/www.facebook.com\/Aeronoticias.com.pe\/\" \/>\n<meta property=\"article:published_time\" content=\"2016-08-01T16:37:31+00:00\" \/>\n<meta name=\"author\" content=\"Redacci\u00f3n Aeronoticias\" \/>\n<meta name=\"twitter:card\" content=\"summary_large_image\" \/>\n<meta name=\"twitter:creator\" content=\"@aeronoticias\" \/>\n<meta name=\"twitter:site\" content=\"@aeronoticias\" \/>\n<meta name=\"twitter:label1\" content=\"Escrito por\" \/>\n\t<meta name=\"twitter:data1\" content=\"Redacci\u00f3n Aeronoticias\" \/>\n\t<meta name=\"twitter:label2\" content=\"Tiempo de lectura\" \/>\n\t<meta name=\"twitter:data2\" content=\"1 minuto\" \/>\n<script type=\"application\/ld+json\" class=\"yoast-schema-graph\">{\"@context\":\"https:\/\/schema.org\",\"@graph\":[{\"@type\":\"WebPage\",\"@id\":\"https:\/\/aeronoticias.com.pe\/noticiero\/nacionales\/sernanp-turistas-irresponsables-danan-alrededores-de-el-candelabro-en-la-reserva-de-paracas\/\",\"url\":\"https:\/\/aeronoticias.com.pe\/noticiero\/nacionales\/sernanp-turistas-irresponsables-danan-alrededores-de-el-candelabro-en-la-reserva-de-paracas\/\",\"name\":\"Sernanp: Turistas irresponsables da\u00f1an alrededores de \u201cEl Candelabro\u201d en la Reserva de Paracas\",\"isPartOf\":{\"@id\":\"https:\/\/aeronoticias.com.pe\/noticiero\/#website\"},\"datePublished\":\"2016-08-01T16:37:31+00:00\",\"author\":{\"@id\":\"https:\/\/aeronoticias.com.pe\/noticiero\/#\/schema\/person\/fc1e5d578f4b62ba1cf7ac2bba1170a0\"},\"description\":\"Portal de noticias del Per\u00fa sobre el transporte a\u00e9reo, aviaci\u00f3n, turismo, hoteleria, actualidad.\",\"breadcrumb\":{\"@id\":\"https:\/\/aeronoticias.com.pe\/noticiero\/nacionales\/sernanp-turistas-irresponsables-danan-alrededores-de-el-candelabro-en-la-reserva-de-paracas\/#breadcrumb\"},\"inLanguage\":\"es\",\"potentialAction\":[{\"@type\":\"ReadAction\",\"target\":[\"https:\/\/aeronoticias.com.pe\/noticiero\/nacionales\/sernanp-turistas-irresponsables-danan-alrededores-de-el-candelabro-en-la-reserva-de-paracas\/\"]}]},{\"@type\":\"BreadcrumbList\",\"@id\":\"https:\/\/aeronoticias.com.pe\/noticiero\/nacionales\/sernanp-turistas-irresponsables-danan-alrededores-de-el-candelabro-en-la-reserva-de-paracas\/#breadcrumb\",\"itemListElement\":[{\"@type\":\"ListItem\",\"position\":1,\"name\":\"Portada\",\"item\":\"https:\/\/aeronoticias.com.pe\/noticiero\/\"},{\"@type\":\"ListItem\",\"position\":2,\"name\":\"Sernanp: Turistas irresponsables da\u00f1an alrededores de \u201cEl Candelabro\u201d en la Reserva de Paracas\"}]},{\"@type\":\"WebSite\",\"@id\":\"https:\/\/aeronoticias.com.pe\/noticiero\/#website\",\"url\":\"https:\/\/aeronoticias.com.pe\/noticiero\/\",\"name\":\"Aeronoticias.com.pe\",\"description\":\"Noticias de tranporte aereo, turismo, hoteles, gastronomia, actualidad, internacional\",\"potentialAction\":[{\"@type\":\"SearchAction\",\"target\":{\"@type\":\"EntryPoint\",\"urlTemplate\":\"https:\/\/aeronoticias.com.pe\/noticiero\/?s={search_term_string}\"},\"query-input\":{\"@type\":\"PropertyValueSpecification\",\"valueRequired\":true,\"valueName\":\"search_term_string\"}}],\"inLanguage\":\"es\"},{\"@type\":\"Person\",\"@id\":\"https:\/\/aeronoticias.com.pe\/noticiero\/#\/schema\/person\/fc1e5d578f4b62ba1cf7ac2bba1170a0\",\"name\":\"Redacci\u00f3n Aeronoticias\",\"url\":\"https:\/\/aeronoticias.com.pe\/noticiero\/author\/piloto\/\"}]}<\/script>\n<!-- \/ Yoast SEO plugin. -->","yoast_head_json":{"title":"Sernanp: Turistas irresponsables da\u00f1an alrededores de \u201cEl Candelabro\u201d en la Reserva de Paracas","description":"Portal de noticias del Per\u00fa sobre el transporte a\u00e9reo, aviaci\u00f3n, turismo, hoteleria, actualidad.","robots":{"index":"index","follow":"follow","max-snippet":"max-snippet:-1","max-image-preview":"max-image-preview:large","max-video-preview":"max-video-preview:-1"},"canonical":"https:\/\/aeronoticias.com.pe\/noticiero\/nacionales\/sernanp-turistas-irresponsables-danan-alrededores-de-el-candelabro-en-la-reserva-de-paracas\/","og_locale":"es_ES","og_type":"article","og_title":"Sernanp: Turistas irresponsables da\u00f1an alrededores de \u201cEl Candelabro\u201d en la Reserva de Paracas","og_description":"Portal de noticias del Per\u00fa sobre el transporte a\u00e9reo, aviaci\u00f3n, turismo, hoteleria, actualidad.","og_url":"https:\/\/aeronoticias.com.pe\/noticiero\/nacionales\/sernanp-turistas-irresponsables-danan-alrededores-de-el-candelabro-en-la-reserva-de-paracas\/","og_site_name":"Aeronoticias.com.pe","article_publisher":"https:\/\/www.facebook.com\/Aeronoticias.com.pe\/","article_published_time":"2016-08-01T16:37:31+00:00","author":"Redacci\u00f3n Aeronoticias","twitter_card":"summary_large_image","twitter_creator":"@aeronoticias","twitter_site":"@aeronoticias","twitter_misc":{"Escrito por":"Redacci\u00f3n Aeronoticias","Tiempo de lectura":"1 minuto"},"schema":{"@context":"https:\/\/schema.org","@graph":[{"@type":"WebPage","@id":"https:\/\/aeronoticias.com.pe\/noticiero\/nacionales\/sernanp-turistas-irresponsables-danan-alrededores-de-el-candelabro-en-la-reserva-de-paracas\/","url":"https:\/\/aeronoticias.com.pe\/noticiero\/nacionales\/sernanp-turistas-irresponsables-danan-alrededores-de-el-candelabro-en-la-reserva-de-paracas\/","name":"Sernanp: Turistas irresponsables da\u00f1an alrededores de \u201cEl Candelabro\u201d en la Reserva de Paracas","isPartOf":{"@id":"https:\/\/aeronoticias.com.pe\/noticiero\/#website"},"datePublished":"2016-08-01T16:37:31+00:00","author":{"@id":"https:\/\/aeronoticias.com.pe\/noticiero\/#\/schema\/person\/fc1e5d578f4b62ba1cf7ac2bba1170a0"},"description":"Portal de noticias del Per\u00fa sobre el transporte a\u00e9reo, aviaci\u00f3n, turismo, hoteleria, actualidad.","breadcrumb":{"@id":"https:\/\/aeronoticias.com.pe\/noticiero\/nacionales\/sernanp-turistas-irresponsables-danan-alrededores-de-el-candelabro-en-la-reserva-de-paracas\/#breadcrumb"},"inLanguage":"es","potentialAction":[{"@type":"ReadAction","target":["https:\/\/aeronoticias.com.pe\/noticiero\/nacionales\/sernanp-turistas-irresponsables-danan-alrededores-de-el-candelabro-en-la-reserva-de-paracas\/"]}]},{"@type":"BreadcrumbList","@id":"https:\/\/aeronoticias.com.pe\/noticiero\/nacionales\/sernanp-turistas-irresponsables-danan-alrededores-de-el-candelabro-en-la-reserva-de-paracas\/#breadcrumb","itemListElement":[{"@type":"ListItem","position":1,"name":"Portada","item":"https:\/\/aeronoticias.com.pe\/noticiero\/"},{"@type":"ListItem","position":2,"name":"Sernanp: Turistas irresponsables da\u00f1an alrededores de \u201cEl Candelabro\u201d en la Reserva de Paracas"}]},{"@type":"WebSite","@id":"https:\/\/aeronoticias.com.pe\/noticiero\/#website","url":"https:\/\/aeronoticias.com.pe\/noticiero\/","name":"Aeronoticias.com.pe","description":"Noticias de tranporte aereo, turismo, hoteles, gastronomia, actualidad, internacional","potentialAction":[{"@type":"SearchAction","target":{"@type":"EntryPoint","urlTemplate":"https:\/\/aeronoticias.com.pe\/noticiero\/?s={search_term_string}"},"query-input":{"@type":"PropertyValueSpecification","valueRequired":true,"valueName":"search_term_string"}}],"inLanguage":"es"},{"@type":"Person","@id":"https:\/\/aeronoticias.com.pe\/noticiero\/#\/schema\/person\/fc1e5d578f4b62ba1cf7ac2bba1170a0","name":"Redacci\u00f3n Aeronoticias","url":"https:\/\/aeronoticias.com.pe\/noticiero\/author\/piloto\/"}]}},"_links":{"self":[{"href":"https:\/\/aeronoticias.com.pe\/noticiero\/wp-json\/wp\/v2\/posts\/55451","targetHints":{"allow":["GET"]}}],"collection":[{"href":"https:\/\/aeronoticias.com.pe\/noticiero\/wp-json\/wp\/v2\/posts"}],"about":[{"href":"https:\/\/aeronoticias.com.pe\/noticiero\/wp-json\/wp\/v2\/types\/post"}],"author":[{"embeddable":true,"href":"https:\/\/aeronoticias.com.pe\/noticiero\/wp-json\/wp\/v2\/users\/1"}],"replies":[{"embeddable":true,"href":"https:\/\/aeronoticias.com.pe\/noticiero\/wp-json\/wp\/v2\/comments?post=55451"}],"version-history":[{"count":0,"href":"https:\/\/aeronoticias.com.pe\/noticiero\/wp-json\/wp\/v2\/posts\/55451\/revisions"}],"wp:attachment":[{"href":"https:\/\/aeronoticias.com.pe\/noticiero\/wp-json\/wp\/v2\/media?parent=55451"}],"wp:term":[{"taxonomy":"category","embeddable":true,"href":"https:\/\/aeronoticias.com.pe\/noticiero\/wp-json\/wp\/v2\/categories?post=55451"},{"taxonomy":"post_tag","embeddable":true,"href":"https:\/\/aeronoticias.com.pe\/noticiero\/wp-json\/wp\/v2\/tags?post=55451"}],"curies":[{"name":"wp","href":"https:\/\/api.w.org\/{rel}","templated":true}]}}