{"id":55452,"date":"2016-08-01T16:39:00","date_gmt":"2016-08-01T16:39:00","guid":{"rendered":"http:\/\/desarrollo.mcvicious.com\/aero2020\/2016\/08\/01\/alrededor-de-8000-turistas-llegaron-al-valle-del-colca-en-feriado-por-fiestas-patrias\/"},"modified":"2016-08-01T16:39:00","modified_gmt":"2016-08-01T16:39:00","slug":"alrededor-de-8000-turistas-llegaron-al-valle-del-colca-en-feriado-por-fiestas-patrias","status":"publish","type":"post","link":"https:\/\/aeronoticias.com.pe\/noticiero\/turismo\/13\/alrededor-de-8000-turistas-llegaron-al-valle-del-colca-en-feriado-por-fiestas-patrias\/","title":{"rendered":"Alrededor de 8,000 turistas llegaron al Valle del Colca en feriado por Fiestas Patrias"},"content":{"rendered":"<p style=\"text-align: justify;\"><strong>(Aeronoticias) <\/strong><span style=\"font-size: 12.16px; line-height: 1.3em;\">Aproximadamente 8,000 turistas arribaron al valle del Colca, ubicado en la regi\u00f3n Arequipa, durante los dos primeros d\u00edas del feriado largo con motivo de Fiestas Patrias, cifra que se estima se elevar\u00e1 por la gran afluencia tur\u00edstica que se observa en la zona, se inform\u00f3.<\/span><\/p>\n<p style=\"text-align: justify;\"><span style=\"font-size: 12.16px; line-height: 1.3em;\">El alcalde de la provincia de Caylloma, R\u00f3mulo Tinta, refiri\u00f3 que en estos d\u00edas destaca la presencia de turistas nacionales en el Colca, quienes aprovecharon el feriado para conocer uno de los destinos tur\u00edsticos m\u00e1s importantes de Arequipa.<\/span><\/p>\n<p style=\"text-align: justify;\"><span style=\"font-size: 12.16px; line-height: 1.3em;\">\u00abEn los dos primeros d\u00edas del feriado largo hemos registrado unos 8,000 turistas, y a\u00fan estamos por terminar el fin de semana, por lo que esperamos superar los 10,000 visitantes por Fiestas Patrias\u00bb, manifest\u00f3 el burgomaestre.<\/span><\/p>\n<p style=\"text-align: justify;\"><span style=\"font-size: 12.16px; line-height: 1.3em;\">La autoridad edil se mostr\u00f3 confiado en superar la meta debido a la promoci\u00f3n tur\u00edstica realizada d\u00edas atr\u00e1s a nivel nacional, invitando a los turistas a conocer el valle del Colca y sus atractivos naturales, arqueol\u00f3gicos, arquitect\u00f3nicos y culturales.<\/span><\/p>\n<p style=\"text-align: justify;\"><span style=\"font-size: 12.16px; line-height: 1.3em;\">El trabajo de promoci\u00f3n de nuevas rutas tur\u00edsticas para los visitantes, lo realiz\u00f3 la Municipalidad de Caylloma en coordinaci\u00f3n con la Autoridad Aut\u00f3noma del Colca (Autocolca).<\/span><\/p>\n<p style=\"text-align: justify;\"><span style=\"font-size: 12.16px; line-height: 1.3em;\">Entre las nuevas rutas tur\u00edsticas promovidas destacan los g\u00e9iseres de Pinchollo, ubicado a 20 minutos del pueblo de Chivay, donde los turistas pueden observar el proceso de calentamiento geot\u00e9rmico de las aguas subterr\u00e1neas y su manifestaci\u00f3n a trav\u00e9s de la emisi\u00f3n ininterrumpida de grandes cantidades de vapor.<\/span><\/p>\n<p style=\"text-align: justify;\"><span style=\"font-size: 12.16px; line-height: 1.3em;\">Otra ruta es la ciudadela de piedra Chocolaqa, ubicada en el distrito de Tisco, donde con el paso del tiempo se han formado caprichosas figuras que se asemejan a la Catedral de Arequipa, templos, plazas, calles y otros lugares de la ciudad.<\/span><\/p>\n<p style=\"text-align: justify;\"><span style=\"font-size: 12.16px; line-height: 1.3em;\">Para llegar a la ciudadela de piedra se requiere realizar un viaje de dos horas desde la ciudad de Chivay, y caminar una hora para llegar hasta la zona que ha sorprendido a muchos por su belleza rocosa.<\/span><\/p>\n<p style=\"text-align: justify;\"><span style=\"font-size: 12.16px; line-height: 1.3em;\">El alcalde Tinta invit\u00f3 a los turistas nacionales y extranjeros a visitar el Colca este fin de semana y lo que resta de las vacaciones de medio a\u00f1o para conocer la belleza natural de la zona que tiene mucho que ofrecer a los turistas.<\/span><\/p>\n<p style=\"text-align: justify;\"><span style=\"font-size: 12.16px; line-height: 1.3em;\">El Colca est\u00e1 ubicado a cuatro horas de viaje de la ciudad de Arequipa. En la zona existe adecuada infraestructura hotelera y restaurantes para ofrecer una c\u00f3moda estad\u00eda a los turistas.<\/span><\/p>\n<p><span style=\"font-size: 12.16px; line-height: 1.3em;\"><strong><em>Fuente: Andina<\/em><\/strong><\/span><\/p>\n<p><span style=\"font-size: 12.16px; line-height: 1.3em;\"><strong><em><img decoding=\"async\" src=\"images\/stories\/16\/07\/310716\/colca.jpg\" border=\"0\" \/><br \/><\/em><\/strong><\/span><\/p>\n","protected":false},"excerpt":{"rendered":"<p>(Aeronoticias) Aproximadamente 8,000 turistas arribaron al valle del Colca, ubicado en la regi\u00f3n Arequipa, durante los dos primeros d\u00edas del feriado largo con motivo de Fiestas Patrias, cifra que se estima se elevar\u00e1 por la gran afluencia tur\u00edstica que se observa en la zona, se inform\u00f3. El alcalde de la provincia de Caylloma, R\u00f3mulo Tinta, [&hellip;]<\/p>\n","protected":false},"author":1,"featured_media":0,"comment_status":"open","ping_status":"open","sticky":false,"template":"","format":"standard","meta":{"tdm_status":"","tdm_grid_status":"","footnotes":""},"categories":[31],"tags":[],"class_list":{"0":"post-55452","1":"post","2":"type-post","3":"status-publish","4":"format-standard","6":"category-31"},"yoast_head":"<!-- This site is optimized with the Yoast SEO plugin v25.1 - https:\/\/yoast.com\/wordpress\/plugins\/seo\/ -->\n<title>Alrededor de 8,000 turistas llegaron al Valle del Colca en feriado por Fiestas Patrias<\/title>\n<meta name=\"description\" content=\"Portal de noticias del Per\u00fa sobre el transporte a\u00e9reo, aviaci\u00f3n, turismo, hoteleria, actualidad.\" \/>\n<meta name=\"robots\" content=\"index, follow, max-snippet:-1, max-image-preview:large, max-video-preview:-1\" \/>\n<link rel=\"canonical\" href=\"https:\/\/aeronoticias.com.pe\/noticiero\/turismo\/13\/alrededor-de-8000-turistas-llegaron-al-valle-del-colca-en-feriado-por-fiestas-patrias\/\" \/>\n<meta property=\"og:locale\" content=\"es_ES\" \/>\n<meta property=\"og:type\" content=\"article\" \/>\n<meta property=\"og:title\" content=\"Alrededor de 8,000 turistas llegaron al Valle del Colca en feriado por Fiestas Patrias\" \/>\n<meta property=\"og:description\" content=\"Portal de noticias del Per\u00fa sobre el transporte a\u00e9reo, aviaci\u00f3n, turismo, hoteleria, actualidad.\" \/>\n<meta property=\"og:url\" content=\"https:\/\/aeronoticias.com.pe\/noticiero\/turismo\/13\/alrededor-de-8000-turistas-llegaron-al-valle-del-colca-en-feriado-por-fiestas-patrias\/\" \/>\n<meta property=\"og:site_name\" content=\"Aeronoticias.com.pe\" \/>\n<meta property=\"article:publisher\" content=\"https:\/\/www.facebook.com\/Aeronoticias.com.pe\/\" \/>\n<meta property=\"article:published_time\" content=\"2016-08-01T16:39:00+00:00\" \/>\n<meta name=\"author\" content=\"Redacci\u00f3n Aeronoticias\" \/>\n<meta name=\"twitter:card\" content=\"summary_large_image\" \/>\n<meta name=\"twitter:creator\" content=\"@aeronoticias\" \/>\n<meta name=\"twitter:site\" content=\"@aeronoticias\" \/>\n<meta name=\"twitter:label1\" content=\"Escrito por\" \/>\n\t<meta name=\"twitter:data1\" content=\"Redacci\u00f3n Aeronoticias\" \/>\n\t<meta name=\"twitter:label2\" content=\"Tiempo de lectura\" \/>\n\t<meta name=\"twitter:data2\" content=\"2 minutos\" \/>\n<script type=\"application\/ld+json\" class=\"yoast-schema-graph\">{\"@context\":\"https:\/\/schema.org\",\"@graph\":[{\"@type\":\"WebPage\",\"@id\":\"https:\/\/aeronoticias.com.pe\/noticiero\/turismo\/13\/alrededor-de-8000-turistas-llegaron-al-valle-del-colca-en-feriado-por-fiestas-patrias\/\",\"url\":\"https:\/\/aeronoticias.com.pe\/noticiero\/turismo\/13\/alrededor-de-8000-turistas-llegaron-al-valle-del-colca-en-feriado-por-fiestas-patrias\/\",\"name\":\"Alrededor de 8,000 turistas llegaron al Valle del Colca en feriado por Fiestas Patrias\",\"isPartOf\":{\"@id\":\"https:\/\/aeronoticias.com.pe\/noticiero\/#website\"},\"datePublished\":\"2016-08-01T16:39:00+00:00\",\"author\":{\"@id\":\"https:\/\/aeronoticias.com.pe\/noticiero\/#\/schema\/person\/fc1e5d578f4b62ba1cf7ac2bba1170a0\"},\"description\":\"Portal de noticias del Per\u00fa sobre el transporte a\u00e9reo, aviaci\u00f3n, turismo, hoteleria, actualidad.\",\"breadcrumb\":{\"@id\":\"https:\/\/aeronoticias.com.pe\/noticiero\/turismo\/13\/alrededor-de-8000-turistas-llegaron-al-valle-del-colca-en-feriado-por-fiestas-patrias\/#breadcrumb\"},\"inLanguage\":\"es\",\"potentialAction\":[{\"@type\":\"ReadAction\",\"target\":[\"https:\/\/aeronoticias.com.pe\/noticiero\/turismo\/13\/alrededor-de-8000-turistas-llegaron-al-valle-del-colca-en-feriado-por-fiestas-patrias\/\"]}]},{\"@type\":\"BreadcrumbList\",\"@id\":\"https:\/\/aeronoticias.com.pe\/noticiero\/turismo\/13\/alrededor-de-8000-turistas-llegaron-al-valle-del-colca-en-feriado-por-fiestas-patrias\/#breadcrumb\",\"itemListElement\":[{\"@type\":\"ListItem\",\"position\":1,\"name\":\"Portada\",\"item\":\"https:\/\/aeronoticias.com.pe\/noticiero\/\"},{\"@type\":\"ListItem\",\"position\":2,\"name\":\"Alrededor de 8,000 turistas llegaron al Valle del Colca en feriado por Fiestas Patrias\"}]},{\"@type\":\"WebSite\",\"@id\":\"https:\/\/aeronoticias.com.pe\/noticiero\/#website\",\"url\":\"https:\/\/aeronoticias.com.pe\/noticiero\/\",\"name\":\"Aeronoticias.com.pe\",\"description\":\"Noticias de tranporte aereo, turismo, hoteles, gastronomia, actualidad, internacional\",\"potentialAction\":[{\"@type\":\"SearchAction\",\"target\":{\"@type\":\"EntryPoint\",\"urlTemplate\":\"https:\/\/aeronoticias.com.pe\/noticiero\/?s={search_term_string}\"},\"query-input\":{\"@type\":\"PropertyValueSpecification\",\"valueRequired\":true,\"valueName\":\"search_term_string\"}}],\"inLanguage\":\"es\"},{\"@type\":\"Person\",\"@id\":\"https:\/\/aeronoticias.com.pe\/noticiero\/#\/schema\/person\/fc1e5d578f4b62ba1cf7ac2bba1170a0\",\"name\":\"Redacci\u00f3n Aeronoticias\",\"url\":\"https:\/\/aeronoticias.com.pe\/noticiero\/author\/piloto\/\"}]}<\/script>\n<!-- \/ Yoast SEO plugin. -->","yoast_head_json":{"title":"Alrededor de 8,000 turistas llegaron al Valle del Colca en feriado por Fiestas Patrias","description":"Portal de noticias del Per\u00fa sobre el transporte a\u00e9reo, aviaci\u00f3n, turismo, hoteleria, actualidad.","robots":{"index":"index","follow":"follow","max-snippet":"max-snippet:-1","max-image-preview":"max-image-preview:large","max-video-preview":"max-video-preview:-1"},"canonical":"https:\/\/aeronoticias.com.pe\/noticiero\/turismo\/13\/alrededor-de-8000-turistas-llegaron-al-valle-del-colca-en-feriado-por-fiestas-patrias\/","og_locale":"es_ES","og_type":"article","og_title":"Alrededor de 8,000 turistas llegaron al Valle del Colca en feriado por Fiestas Patrias","og_description":"Portal de noticias del Per\u00fa sobre el transporte a\u00e9reo, aviaci\u00f3n, turismo, hoteleria, actualidad.","og_url":"https:\/\/aeronoticias.com.pe\/noticiero\/turismo\/13\/alrededor-de-8000-turistas-llegaron-al-valle-del-colca-en-feriado-por-fiestas-patrias\/","og_site_name":"Aeronoticias.com.pe","article_publisher":"https:\/\/www.facebook.com\/Aeronoticias.com.pe\/","article_published_time":"2016-08-01T16:39:00+00:00","author":"Redacci\u00f3n Aeronoticias","twitter_card":"summary_large_image","twitter_creator":"@aeronoticias","twitter_site":"@aeronoticias","twitter_misc":{"Escrito por":"Redacci\u00f3n Aeronoticias","Tiempo de lectura":"2 minutos"},"schema":{"@context":"https:\/\/schema.org","@graph":[{"@type":"WebPage","@id":"https:\/\/aeronoticias.com.pe\/noticiero\/turismo\/13\/alrededor-de-8000-turistas-llegaron-al-valle-del-colca-en-feriado-por-fiestas-patrias\/","url":"https:\/\/aeronoticias.com.pe\/noticiero\/turismo\/13\/alrededor-de-8000-turistas-llegaron-al-valle-del-colca-en-feriado-por-fiestas-patrias\/","name":"Alrededor de 8,000 turistas llegaron al Valle del Colca en feriado por Fiestas Patrias","isPartOf":{"@id":"https:\/\/aeronoticias.com.pe\/noticiero\/#website"},"datePublished":"2016-08-01T16:39:00+00:00","author":{"@id":"https:\/\/aeronoticias.com.pe\/noticiero\/#\/schema\/person\/fc1e5d578f4b62ba1cf7ac2bba1170a0"},"description":"Portal de noticias del Per\u00fa sobre el transporte a\u00e9reo, aviaci\u00f3n, turismo, hoteleria, actualidad.","breadcrumb":{"@id":"https:\/\/aeronoticias.com.pe\/noticiero\/turismo\/13\/alrededor-de-8000-turistas-llegaron-al-valle-del-colca-en-feriado-por-fiestas-patrias\/#breadcrumb"},"inLanguage":"es","potentialAction":[{"@type":"ReadAction","target":["https:\/\/aeronoticias.com.pe\/noticiero\/turismo\/13\/alrededor-de-8000-turistas-llegaron-al-valle-del-colca-en-feriado-por-fiestas-patrias\/"]}]},{"@type":"BreadcrumbList","@id":"https:\/\/aeronoticias.com.pe\/noticiero\/turismo\/13\/alrededor-de-8000-turistas-llegaron-al-valle-del-colca-en-feriado-por-fiestas-patrias\/#breadcrumb","itemListElement":[{"@type":"ListItem","position":1,"name":"Portada","item":"https:\/\/aeronoticias.com.pe\/noticiero\/"},{"@type":"ListItem","position":2,"name":"Alrededor de 8,000 turistas llegaron al Valle del Colca en feriado por Fiestas Patrias"}]},{"@type":"WebSite","@id":"https:\/\/aeronoticias.com.pe\/noticiero\/#website","url":"https:\/\/aeronoticias.com.pe\/noticiero\/","name":"Aeronoticias.com.pe","description":"Noticias de tranporte aereo, turismo, hoteles, gastronomia, actualidad, internacional","potentialAction":[{"@type":"SearchAction","target":{"@type":"EntryPoint","urlTemplate":"https:\/\/aeronoticias.com.pe\/noticiero\/?s={search_term_string}"},"query-input":{"@type":"PropertyValueSpecification","valueRequired":true,"valueName":"search_term_string"}}],"inLanguage":"es"},{"@type":"Person","@id":"https:\/\/aeronoticias.com.pe\/noticiero\/#\/schema\/person\/fc1e5d578f4b62ba1cf7ac2bba1170a0","name":"Redacci\u00f3n Aeronoticias","url":"https:\/\/aeronoticias.com.pe\/noticiero\/author\/piloto\/"}]}},"_links":{"self":[{"href":"https:\/\/aeronoticias.com.pe\/noticiero\/wp-json\/wp\/v2\/posts\/55452","targetHints":{"allow":["GET"]}}],"collection":[{"href":"https:\/\/aeronoticias.com.pe\/noticiero\/wp-json\/wp\/v2\/posts"}],"about":[{"href":"https:\/\/aeronoticias.com.pe\/noticiero\/wp-json\/wp\/v2\/types\/post"}],"author":[{"embeddable":true,"href":"https:\/\/aeronoticias.com.pe\/noticiero\/wp-json\/wp\/v2\/users\/1"}],"replies":[{"embeddable":true,"href":"https:\/\/aeronoticias.com.pe\/noticiero\/wp-json\/wp\/v2\/comments?post=55452"}],"version-history":[{"count":0,"href":"https:\/\/aeronoticias.com.pe\/noticiero\/wp-json\/wp\/v2\/posts\/55452\/revisions"}],"wp:attachment":[{"href":"https:\/\/aeronoticias.com.pe\/noticiero\/wp-json\/wp\/v2\/media?parent=55452"}],"wp:term":[{"taxonomy":"category","embeddable":true,"href":"https:\/\/aeronoticias.com.pe\/noticiero\/wp-json\/wp\/v2\/categories?post=55452"},{"taxonomy":"post_tag","embeddable":true,"href":"https:\/\/aeronoticias.com.pe\/noticiero\/wp-json\/wp\/v2\/tags?post=55452"}],"curies":[{"name":"wp","href":"https:\/\/api.w.org\/{rel}","templated":true}]}}