{"id":55545,"date":"2016-08-16T16:26:17","date_gmt":"2016-08-16T16:26:17","guid":{"rendered":"http:\/\/desarrollo.mcvicious.com\/aero2020\/2016\/08\/16\/turistas-permanecen-en-el-valle-del-colca-a-pesar-de-replicas-por-sismo\/"},"modified":"2016-08-16T16:26:17","modified_gmt":"2016-08-16T16:26:17","slug":"turistas-permanecen-en-el-valle-del-colca-a-pesar-de-replicas-por-sismo","status":"publish","type":"post","link":"https:\/\/aeronoticias.com.pe\/noticiero\/nacionales\/turistas-permanecen-en-el-valle-del-colca-a-pesar-de-replicas-por-sismo\/","title":{"rendered":"Turistas permanecen en el Valle del Colca a pesar de r\u00e9plicas por sismo"},"content":{"rendered":"<p style=\"text-align: justify;\"><strong>(Aeronoticias) <\/strong><span style=\"font-size: 12.16px; line-height: 1.3em;\">Diversos turistas que llegaron al valle del Colca se mantienen en la zona a pesar el \u00faltimo sismo que dej\u00f3 cuatro personas fallecidas en diversos distritos arequipe\u00f1os, informaron autoridades de la municipalidad de Caylloma.<\/span><\/p>\n<p style=\"text-align: justify;\"><span style=\"font-size: 12.16px; line-height: 1.3em;\">Los turistas que arribaron a la zona entre el s\u00e1bado y domingo, contrariamente a lo que se pensaba no han dejado el lugar pese a las r\u00e9plicas que se ha registrado durante d\u00eda, se inform\u00f3.<\/span><\/p>\n<p style=\"text-align: justify;\"><span style=\"font-size: 12.16px; line-height: 1.3em;\">El municipio refiri\u00f3 que los turistas no han abandonado el valle del Colca, pero se observ\u00f3 que se han movilizado de algunos distritos afectados por el sismo hacia Chivay, capital de la provincia de Caylloma donde pernoctar\u00e1n.<\/span><\/p>\n<p style=\"text-align: justify;\"><span style=\"font-size: 12.16px; line-height: 1.3em;\">Los turistas que llegan a Caylloma son de nacionalidad americana, franceses, espa\u00f1oles, italianos, alemanes, argentinos y chilenos.<\/span><\/p>\n<p style=\"text-align: justify;\"><span style=\"font-size: 12.16px; line-height: 1.3em;\">En tanto, en el pueblo de Chivay se desarrollan las festividades en honor a la Virgen de la Asunta, patrona de la provincia de Caylloma, que hoy 15 de agosto celebra su festividad, cuyos festejos no fueron suspendidos, pero si restringidos en se\u00f1al de duelo por las personas fallecidas.<\/span><\/p>\n<p style=\"text-align: justify;\"><span style=\"font-size: 12.16px; line-height: 1.3em;\">En tanto, la gobernadora de Arequipa, Yamila Osorio, junto al ministro de Defensa, Mariano Gonz\u00e1lez, estuvo evaluando los da\u00f1os y proporcionando ayuda a la gente afectada y damnificada por el sismo ocurrido el domingo en horas de la noche.<\/span><\/p>\n<p style=\"text-align: justify;\"><span style=\"font-size: 12.16px; line-height: 1.3em;\">La gobernadora pernoctar\u00e1 en Chivay para continuar hoy brindando ayuda humanitaria a la poblaci\u00f3n afectada, as\u00ed como evaluando los da\u00f1os que dej\u00f3 el sismo en varios distritos del valle del Colca.<\/span><\/p>\n<p><span style=\"font-size: 12.16px; line-height: 1.3em;\"><strong><em>Fuente: Andina<\/em><\/strong><\/span><\/p>\n<p><span style=\"font-size: 12.16px; line-height: 1.3em;\"><strong><em><img decoding=\"async\" src=\"images\/stories\/16\/08\/160816\/turistascolca.jpg\" border=\"0\" \/><br \/><\/em><\/strong><\/span><\/p>\n","protected":false},"excerpt":{"rendered":"<p>(Aeronoticias) Diversos turistas que llegaron al valle del Colca se mantienen en la zona a pesar el \u00faltimo sismo que dej\u00f3 cuatro personas fallecidas en diversos distritos arequipe\u00f1os, informaron autoridades de la municipalidad de Caylloma. Los turistas que arribaron a la zona entre el s\u00e1bado y domingo, contrariamente a lo que se pensaba no han [&hellip;]<\/p>\n","protected":false},"author":1,"featured_media":0,"comment_status":"open","ping_status":"open","sticky":false,"template":"","format":"standard","meta":{"tdm_status":"","tdm_grid_status":"","footnotes":""},"categories":[38],"tags":[],"class_list":{"0":"post-55545","1":"post","2":"type-post","3":"status-publish","4":"format-standard","6":"category-nacionales"},"yoast_head":"<!-- This site is optimized with the Yoast SEO plugin v25.1 - https:\/\/yoast.com\/wordpress\/plugins\/seo\/ -->\n<title>Turistas permanecen en el Valle del Colca a pesar de r\u00e9plicas por sismo<\/title>\n<meta name=\"description\" content=\"Portal de noticias del Per\u00fa sobre el transporte a\u00e9reo, aviaci\u00f3n, turismo, hoteleria, actualidad.\" \/>\n<meta name=\"robots\" content=\"index, follow, max-snippet:-1, max-image-preview:large, max-video-preview:-1\" \/>\n<link rel=\"canonical\" href=\"https:\/\/aeronoticias.com.pe\/noticiero\/nacionales\/turistas-permanecen-en-el-valle-del-colca-a-pesar-de-replicas-por-sismo\/\" \/>\n<meta property=\"og:locale\" content=\"es_ES\" \/>\n<meta property=\"og:type\" content=\"article\" \/>\n<meta property=\"og:title\" content=\"Turistas permanecen en el Valle del Colca a pesar de r\u00e9plicas por sismo\" \/>\n<meta property=\"og:description\" content=\"Portal de noticias del Per\u00fa sobre el transporte a\u00e9reo, aviaci\u00f3n, turismo, hoteleria, actualidad.\" \/>\n<meta property=\"og:url\" content=\"https:\/\/aeronoticias.com.pe\/noticiero\/nacionales\/turistas-permanecen-en-el-valle-del-colca-a-pesar-de-replicas-por-sismo\/\" \/>\n<meta property=\"og:site_name\" content=\"Aeronoticias.com.pe\" \/>\n<meta property=\"article:publisher\" content=\"https:\/\/www.facebook.com\/Aeronoticias.com.pe\/\" \/>\n<meta property=\"article:published_time\" content=\"2016-08-16T16:26:17+00:00\" \/>\n<meta name=\"author\" content=\"Redacci\u00f3n Aeronoticias\" \/>\n<meta name=\"twitter:card\" content=\"summary_large_image\" \/>\n<meta name=\"twitter:creator\" content=\"@aeronoticias\" \/>\n<meta name=\"twitter:site\" content=\"@aeronoticias\" \/>\n<meta name=\"twitter:label1\" content=\"Escrito por\" \/>\n\t<meta name=\"twitter:data1\" content=\"Redacci\u00f3n Aeronoticias\" \/>\n\t<meta name=\"twitter:label2\" content=\"Tiempo de lectura\" \/>\n\t<meta name=\"twitter:data2\" content=\"1 minuto\" \/>\n<script type=\"application\/ld+json\" class=\"yoast-schema-graph\">{\"@context\":\"https:\/\/schema.org\",\"@graph\":[{\"@type\":\"WebPage\",\"@id\":\"https:\/\/aeronoticias.com.pe\/noticiero\/nacionales\/turistas-permanecen-en-el-valle-del-colca-a-pesar-de-replicas-por-sismo\/\",\"url\":\"https:\/\/aeronoticias.com.pe\/noticiero\/nacionales\/turistas-permanecen-en-el-valle-del-colca-a-pesar-de-replicas-por-sismo\/\",\"name\":\"Turistas permanecen en el Valle del Colca a pesar de r\u00e9plicas por sismo\",\"isPartOf\":{\"@id\":\"https:\/\/aeronoticias.com.pe\/noticiero\/#website\"},\"datePublished\":\"2016-08-16T16:26:17+00:00\",\"author\":{\"@id\":\"https:\/\/aeronoticias.com.pe\/noticiero\/#\/schema\/person\/fc1e5d578f4b62ba1cf7ac2bba1170a0\"},\"description\":\"Portal de noticias del Per\u00fa sobre el transporte a\u00e9reo, aviaci\u00f3n, turismo, hoteleria, actualidad.\",\"breadcrumb\":{\"@id\":\"https:\/\/aeronoticias.com.pe\/noticiero\/nacionales\/turistas-permanecen-en-el-valle-del-colca-a-pesar-de-replicas-por-sismo\/#breadcrumb\"},\"inLanguage\":\"es\",\"potentialAction\":[{\"@type\":\"ReadAction\",\"target\":[\"https:\/\/aeronoticias.com.pe\/noticiero\/nacionales\/turistas-permanecen-en-el-valle-del-colca-a-pesar-de-replicas-por-sismo\/\"]}]},{\"@type\":\"BreadcrumbList\",\"@id\":\"https:\/\/aeronoticias.com.pe\/noticiero\/nacionales\/turistas-permanecen-en-el-valle-del-colca-a-pesar-de-replicas-por-sismo\/#breadcrumb\",\"itemListElement\":[{\"@type\":\"ListItem\",\"position\":1,\"name\":\"Portada\",\"item\":\"https:\/\/aeronoticias.com.pe\/noticiero\/\"},{\"@type\":\"ListItem\",\"position\":2,\"name\":\"Turistas permanecen en el Valle del Colca a pesar de r\u00e9plicas por sismo\"}]},{\"@type\":\"WebSite\",\"@id\":\"https:\/\/aeronoticias.com.pe\/noticiero\/#website\",\"url\":\"https:\/\/aeronoticias.com.pe\/noticiero\/\",\"name\":\"Aeronoticias.com.pe\",\"description\":\"Noticias de tranporte aereo, turismo, hoteles, gastronomia, actualidad, internacional\",\"potentialAction\":[{\"@type\":\"SearchAction\",\"target\":{\"@type\":\"EntryPoint\",\"urlTemplate\":\"https:\/\/aeronoticias.com.pe\/noticiero\/?s={search_term_string}\"},\"query-input\":{\"@type\":\"PropertyValueSpecification\",\"valueRequired\":true,\"valueName\":\"search_term_string\"}}],\"inLanguage\":\"es\"},{\"@type\":\"Person\",\"@id\":\"https:\/\/aeronoticias.com.pe\/noticiero\/#\/schema\/person\/fc1e5d578f4b62ba1cf7ac2bba1170a0\",\"name\":\"Redacci\u00f3n Aeronoticias\",\"url\":\"https:\/\/aeronoticias.com.pe\/noticiero\/author\/piloto\/\"}]}<\/script>\n<!-- \/ Yoast SEO plugin. -->","yoast_head_json":{"title":"Turistas permanecen en el Valle del Colca a pesar de r\u00e9plicas por sismo","description":"Portal de noticias del Per\u00fa sobre el transporte a\u00e9reo, aviaci\u00f3n, turismo, hoteleria, actualidad.","robots":{"index":"index","follow":"follow","max-snippet":"max-snippet:-1","max-image-preview":"max-image-preview:large","max-video-preview":"max-video-preview:-1"},"canonical":"https:\/\/aeronoticias.com.pe\/noticiero\/nacionales\/turistas-permanecen-en-el-valle-del-colca-a-pesar-de-replicas-por-sismo\/","og_locale":"es_ES","og_type":"article","og_title":"Turistas permanecen en el Valle del Colca a pesar de r\u00e9plicas por sismo","og_description":"Portal de noticias del Per\u00fa sobre el transporte a\u00e9reo, aviaci\u00f3n, turismo, hoteleria, actualidad.","og_url":"https:\/\/aeronoticias.com.pe\/noticiero\/nacionales\/turistas-permanecen-en-el-valle-del-colca-a-pesar-de-replicas-por-sismo\/","og_site_name":"Aeronoticias.com.pe","article_publisher":"https:\/\/www.facebook.com\/Aeronoticias.com.pe\/","article_published_time":"2016-08-16T16:26:17+00:00","author":"Redacci\u00f3n Aeronoticias","twitter_card":"summary_large_image","twitter_creator":"@aeronoticias","twitter_site":"@aeronoticias","twitter_misc":{"Escrito por":"Redacci\u00f3n Aeronoticias","Tiempo de lectura":"1 minuto"},"schema":{"@context":"https:\/\/schema.org","@graph":[{"@type":"WebPage","@id":"https:\/\/aeronoticias.com.pe\/noticiero\/nacionales\/turistas-permanecen-en-el-valle-del-colca-a-pesar-de-replicas-por-sismo\/","url":"https:\/\/aeronoticias.com.pe\/noticiero\/nacionales\/turistas-permanecen-en-el-valle-del-colca-a-pesar-de-replicas-por-sismo\/","name":"Turistas permanecen en el Valle del Colca a pesar de r\u00e9plicas por sismo","isPartOf":{"@id":"https:\/\/aeronoticias.com.pe\/noticiero\/#website"},"datePublished":"2016-08-16T16:26:17+00:00","author":{"@id":"https:\/\/aeronoticias.com.pe\/noticiero\/#\/schema\/person\/fc1e5d578f4b62ba1cf7ac2bba1170a0"},"description":"Portal de noticias del Per\u00fa sobre el transporte a\u00e9reo, aviaci\u00f3n, turismo, hoteleria, actualidad.","breadcrumb":{"@id":"https:\/\/aeronoticias.com.pe\/noticiero\/nacionales\/turistas-permanecen-en-el-valle-del-colca-a-pesar-de-replicas-por-sismo\/#breadcrumb"},"inLanguage":"es","potentialAction":[{"@type":"ReadAction","target":["https:\/\/aeronoticias.com.pe\/noticiero\/nacionales\/turistas-permanecen-en-el-valle-del-colca-a-pesar-de-replicas-por-sismo\/"]}]},{"@type":"BreadcrumbList","@id":"https:\/\/aeronoticias.com.pe\/noticiero\/nacionales\/turistas-permanecen-en-el-valle-del-colca-a-pesar-de-replicas-por-sismo\/#breadcrumb","itemListElement":[{"@type":"ListItem","position":1,"name":"Portada","item":"https:\/\/aeronoticias.com.pe\/noticiero\/"},{"@type":"ListItem","position":2,"name":"Turistas permanecen en el Valle del Colca a pesar de r\u00e9plicas por sismo"}]},{"@type":"WebSite","@id":"https:\/\/aeronoticias.com.pe\/noticiero\/#website","url":"https:\/\/aeronoticias.com.pe\/noticiero\/","name":"Aeronoticias.com.pe","description":"Noticias de tranporte aereo, turismo, hoteles, gastronomia, actualidad, internacional","potentialAction":[{"@type":"SearchAction","target":{"@type":"EntryPoint","urlTemplate":"https:\/\/aeronoticias.com.pe\/noticiero\/?s={search_term_string}"},"query-input":{"@type":"PropertyValueSpecification","valueRequired":true,"valueName":"search_term_string"}}],"inLanguage":"es"},{"@type":"Person","@id":"https:\/\/aeronoticias.com.pe\/noticiero\/#\/schema\/person\/fc1e5d578f4b62ba1cf7ac2bba1170a0","name":"Redacci\u00f3n Aeronoticias","url":"https:\/\/aeronoticias.com.pe\/noticiero\/author\/piloto\/"}]}},"_links":{"self":[{"href":"https:\/\/aeronoticias.com.pe\/noticiero\/wp-json\/wp\/v2\/posts\/55545","targetHints":{"allow":["GET"]}}],"collection":[{"href":"https:\/\/aeronoticias.com.pe\/noticiero\/wp-json\/wp\/v2\/posts"}],"about":[{"href":"https:\/\/aeronoticias.com.pe\/noticiero\/wp-json\/wp\/v2\/types\/post"}],"author":[{"embeddable":true,"href":"https:\/\/aeronoticias.com.pe\/noticiero\/wp-json\/wp\/v2\/users\/1"}],"replies":[{"embeddable":true,"href":"https:\/\/aeronoticias.com.pe\/noticiero\/wp-json\/wp\/v2\/comments?post=55545"}],"version-history":[{"count":0,"href":"https:\/\/aeronoticias.com.pe\/noticiero\/wp-json\/wp\/v2\/posts\/55545\/revisions"}],"wp:attachment":[{"href":"https:\/\/aeronoticias.com.pe\/noticiero\/wp-json\/wp\/v2\/media?parent=55545"}],"wp:term":[{"taxonomy":"category","embeddable":true,"href":"https:\/\/aeronoticias.com.pe\/noticiero\/wp-json\/wp\/v2\/categories?post=55545"},{"taxonomy":"post_tag","embeddable":true,"href":"https:\/\/aeronoticias.com.pe\/noticiero\/wp-json\/wp\/v2\/tags?post=55545"}],"curies":[{"name":"wp","href":"https:\/\/api.w.org\/{rel}","templated":true}]}}