{"id":55702,"date":"2016-09-18T01:25:44","date_gmt":"2016-09-18T01:25:44","guid":{"rendered":"http:\/\/desarrollo.mcvicious.com\/aero2020\/2016\/09\/18\/vuelos-transatlanticos-ien-un-avion-pequeno\/"},"modified":"2016-09-18T01:25:44","modified_gmt":"2016-09-18T01:25:44","slug":"vuelos-transatlanticos-ien-un-avion-pequeno","status":"publish","type":"post","link":"https:\/\/aeronoticias.com.pe\/noticiero\/internacionales\/vuelos-transatlanticos-ien-un-avion-pequeno\/","title":{"rendered":"Vuelos transatl\u00e1nticos, \u00bfen un avi\u00f3n peque\u00f1o?"},"content":{"rendered":"<p style=\"text-align: justify;\"><strong>(Aeronoticias)<\/strong>.-\u00a0Los aviones m\u00e1s peque\u00f1os fabricados por Boeing y Airbus est\u00e1n a punto de encontrar una nueva funci\u00f3n, al operar rutas transatl\u00e1nticas antes reservadas a algunos de los aviones m\u00e1s grandes del mundo.<\/p>\n<p style=\"text-align: justify;\">Los 737 Max y A320neo redise\u00f1ados gastan 15 por ciento menos de combustible, con la idea de ahorrar costos en los servicios interurbanos m\u00e1s cortos.<\/p>\n<p style=\"text-align: justify;\">Al mismo tiempo, estos ajustes les permite sumar 800 kil\u00f3metros de distancia de vuelo, lo justo para permitir que los modelos de fuselaje estrecho cubran los cuatro mil 800 kil\u00f3metros entre el este de Estados Unidos y Europa Occidental.<\/p>\n<p style=\"text-align: justify;\">Si bien es posible que pasar ocho horas en un avi\u00f3n de 39.6 metros con tres ba\u00f1os y un pasillo no atraiga inmediatamente a los pasajeros acostumbrados a las cabinas espaciosas de un Airbus A380, las aerol\u00edneas dicen que los modelos de menor tama\u00f1o abrir\u00e1n rutas directas que de otra forma no ser\u00edan viables.<\/p>\n<p style=\"text-align: justify;\">As\u00ed, ya no se necesitar\u00eda cambiar de vuelo en un aeropuerto muy transitado. Al mismo tiempo, los viajeros pueden esperar tarifas competitivas, en tanto las operadoras buscan aeropuertos m\u00e1s peque\u00f1os con tarifas de acceso m\u00e1s bajas.<\/p>\n<p style=\"text-align: justify;\">Norwegian Air Shuttle (NAS), JetBlue Airways y la portuguesa TAP son algunas de las aerol\u00edneas que est\u00e1n comprando los aviones para rutas transatl\u00e1nticas.<\/p>\n<p style=\"text-align: justify;\">NAS saldr\u00e1 a la cabeza cuando se convierta en una de las primeras operadoras en adquirir el Max 8 de Boeing el a\u00f1o que viene. Sus primeros vuelos podr\u00edan conectar Edimburgo y Birmingham, en el Reino Unido, y Cork y Shannon, en Irlanda, con aeropuertos de menor tama\u00f1o en Nueva Inglaterra y el \u00e1rea de Nueva York.<\/p>\n<p style=\"text-align: justify;\">\u201cEl Max es muy competitivo\u201d, dijo el m\u00e1ximo responsable de Norwegian Air, Bjorn Kjos, en entrevista desde Londres. \u201cTiene un potencial enorme para las ciudades m\u00e1s peque\u00f1as a lo largo de la costa del Atl\u00e1ntico. Pero no se puede entrar a Nueva York como con los aviones de fuselaje ancho. Hay que elegir aeropuertos con una estructura de costos totalmente diferente\u201d.<\/p>\n<p style=\"text-align: justify;\">Las rutas desde el Reino Unido e Irlanda planeadas para los Max 8 de Norwegian, de 189 asientos, cubrir\u00e1n unos cuatro mil 800 kil\u00f3metros.<\/p>\n<p style=\"text-align: justify;\">Vuelos posteriores podr\u00edan conectar Stavanger, Trondheim y Bergen en Noruega y Aalborg, Dinamarca, aunque probablemente utilizar\u00edan una versi\u00f3n de larga distancia del A321neo de Airbus conocida como LR, capaz de volar m\u00e1s de seis mil 400 kil\u00f3metros con tanques de combustible adicionales, dijo el portavoz Lasse Sandaker-Nielsen.<\/p>\n<p style=\"text-align: justify;\"><strong>Norwegian solicit\u00f3 30 unidades de 220 asientos en una sola clase en julio.<\/strong><\/p>\n<p style=\"text-align: justify;\">JetBlue y TAP tambi\u00e9n planean utilizar el modelo, que estar\u00e1 disponible a partir de 2019. La operadora estadounidense acord\u00f3 comprar 30 A321neo con la opci\u00f3n de adquirir algunos con la variante LR y dijo que quiere un avi\u00f3n con \u201cdistancia transatl\u00e1ntica\u201d.<\/p>\n<p style=\"text-align: justify;\">TAP pidi\u00f3 10 A321neoLR y dijo que podr\u00eda usarlos para conectar Brasil y posiblemente Estados Unidos. Su base en Lisboa queda a unos cinco mil 600 kil\u00f3metros tanto de Nueva York como de Recife, la sexta ciudad m\u00e1s grande del pa\u00eds sudamericano.<\/p>\n<p style=\"text-align: justify;\">Sea cual sea el resultado, parece seguro que en los pr\u00f3ximos a\u00f1os los pasajeros har\u00e1n viajes m\u00e1s largos en la clase m\u00e1s peque\u00f1a de aviones.<\/p>\n<p style=\"text-align: justify;\">\u201cPor ahora esos aviones todav\u00eda no han salido\u201d, dijo Yan Derocles, analista de Oddo Securities en Par\u00eds. \u201cPero llegar\u00e1n\u201d.<\/p>\n<p style=\"text-align: justify;\">Fuente: <strong><em><span style=\"text-decoration: underline;\">El Financiero<\/span><\/em><\/strong><\/p>\n<h1 class=\"title-post\" style=\"box-sizing: border-box; margin: 0px 0px 10px; font-size: 40px; font-family: Roboto; font-weight: 500; line-height: 1.25; color: #333333; -webkit-font-smoothing: antialiased; max-width: 100%;\"><img decoding=\"async\" src=\"http:\/\/www.ecoticias.com\/userfiles\/extra\/VCNB_QWEDASDAS.jpg\" border=\"0\" alt=\"Resultado de imagen para Vuelos transatl\u00e1nticos\" \/><\/h1>\n","protected":false},"excerpt":{"rendered":"<p>(Aeronoticias).-\u00a0Los aviones m\u00e1s peque\u00f1os fabricados por Boeing y Airbus est\u00e1n a punto de encontrar una nueva funci\u00f3n, al operar rutas transatl\u00e1nticas antes reservadas a algunos de los aviones m\u00e1s grandes del mundo. Los 737 Max y A320neo redise\u00f1ados gastan 15 por ciento menos de combustible, con la idea de ahorrar costos en los servicios interurbanos [&hellip;]<\/p>\n","protected":false},"author":1,"featured_media":0,"comment_status":"open","ping_status":"open","sticky":false,"template":"","format":"standard","meta":{"tdm_status":"","tdm_grid_status":"","footnotes":""},"categories":[34],"tags":[],"class_list":{"0":"post-55702","1":"post","2":"type-post","3":"status-publish","4":"format-standard","6":"category-internacionales"},"yoast_head":"<!-- This site is optimized with the Yoast SEO plugin v25.1 - https:\/\/yoast.com\/wordpress\/plugins\/seo\/ -->\n<title>Vuelos transatl\u00e1nticos, \u00bfen un avi\u00f3n peque\u00f1o?<\/title>\n<meta name=\"description\" content=\"Portal de noticias del Per\u00fa sobre el transporte a\u00e9reo, aviaci\u00f3n, turismo, hoteleria, actualidad.\" \/>\n<meta name=\"robots\" content=\"index, follow, max-snippet:-1, max-image-preview:large, max-video-preview:-1\" \/>\n<link rel=\"canonical\" href=\"https:\/\/aeronoticias.com.pe\/noticiero\/internacionales\/vuelos-transatlanticos-ien-un-avion-pequeno\/\" \/>\n<meta property=\"og:locale\" content=\"es_ES\" \/>\n<meta property=\"og:type\" content=\"article\" \/>\n<meta property=\"og:title\" content=\"Vuelos transatl\u00e1nticos, \u00bfen un avi\u00f3n peque\u00f1o?\" \/>\n<meta property=\"og:description\" content=\"Portal de noticias del Per\u00fa sobre el transporte a\u00e9reo, aviaci\u00f3n, turismo, hoteleria, actualidad.\" \/>\n<meta property=\"og:url\" content=\"https:\/\/aeronoticias.com.pe\/noticiero\/internacionales\/vuelos-transatlanticos-ien-un-avion-pequeno\/\" \/>\n<meta property=\"og:site_name\" content=\"Aeronoticias.com.pe\" \/>\n<meta property=\"article:publisher\" content=\"https:\/\/www.facebook.com\/Aeronoticias.com.pe\/\" \/>\n<meta property=\"article:published_time\" content=\"2016-09-18T01:25:44+00:00\" \/>\n<meta property=\"og:image\" content=\"http:\/\/www.ecoticias.com\/userfiles\/extra\/VCNB_QWEDASDAS.jpg\" \/>\n<meta name=\"author\" content=\"Redacci\u00f3n Aeronoticias\" \/>\n<meta name=\"twitter:card\" content=\"summary_large_image\" \/>\n<meta name=\"twitter:creator\" content=\"@aeronoticias\" \/>\n<meta name=\"twitter:site\" content=\"@aeronoticias\" \/>\n<meta name=\"twitter:label1\" content=\"Escrito por\" \/>\n\t<meta name=\"twitter:data1\" content=\"Redacci\u00f3n Aeronoticias\" \/>\n\t<meta name=\"twitter:label2\" content=\"Tiempo de lectura\" \/>\n\t<meta name=\"twitter:data2\" content=\"3 minutos\" \/>\n<script type=\"application\/ld+json\" class=\"yoast-schema-graph\">{\"@context\":\"https:\/\/schema.org\",\"@graph\":[{\"@type\":\"WebPage\",\"@id\":\"https:\/\/aeronoticias.com.pe\/noticiero\/internacionales\/vuelos-transatlanticos-ien-un-avion-pequeno\/\",\"url\":\"https:\/\/aeronoticias.com.pe\/noticiero\/internacionales\/vuelos-transatlanticos-ien-un-avion-pequeno\/\",\"name\":\"Vuelos transatl\u00e1nticos, \u00bfen un avi\u00f3n peque\u00f1o?\",\"isPartOf\":{\"@id\":\"https:\/\/aeronoticias.com.pe\/noticiero\/#website\"},\"primaryImageOfPage\":{\"@id\":\"https:\/\/aeronoticias.com.pe\/noticiero\/internacionales\/vuelos-transatlanticos-ien-un-avion-pequeno\/#primaryimage\"},\"image\":{\"@id\":\"https:\/\/aeronoticias.com.pe\/noticiero\/internacionales\/vuelos-transatlanticos-ien-un-avion-pequeno\/#primaryimage\"},\"thumbnailUrl\":\"http:\/\/www.ecoticias.com\/userfiles\/extra\/VCNB_QWEDASDAS.jpg\",\"datePublished\":\"2016-09-18T01:25:44+00:00\",\"author\":{\"@id\":\"https:\/\/aeronoticias.com.pe\/noticiero\/#\/schema\/person\/fc1e5d578f4b62ba1cf7ac2bba1170a0\"},\"description\":\"Portal de noticias del Per\u00fa sobre el transporte a\u00e9reo, aviaci\u00f3n, turismo, hoteleria, actualidad.\",\"breadcrumb\":{\"@id\":\"https:\/\/aeronoticias.com.pe\/noticiero\/internacionales\/vuelos-transatlanticos-ien-un-avion-pequeno\/#breadcrumb\"},\"inLanguage\":\"es\",\"potentialAction\":[{\"@type\":\"ReadAction\",\"target\":[\"https:\/\/aeronoticias.com.pe\/noticiero\/internacionales\/vuelos-transatlanticos-ien-un-avion-pequeno\/\"]}]},{\"@type\":\"ImageObject\",\"inLanguage\":\"es\",\"@id\":\"https:\/\/aeronoticias.com.pe\/noticiero\/internacionales\/vuelos-transatlanticos-ien-un-avion-pequeno\/#primaryimage\",\"url\":\"http:\/\/www.ecoticias.com\/userfiles\/extra\/VCNB_QWEDASDAS.jpg\",\"contentUrl\":\"http:\/\/www.ecoticias.com\/userfiles\/extra\/VCNB_QWEDASDAS.jpg\"},{\"@type\":\"BreadcrumbList\",\"@id\":\"https:\/\/aeronoticias.com.pe\/noticiero\/internacionales\/vuelos-transatlanticos-ien-un-avion-pequeno\/#breadcrumb\",\"itemListElement\":[{\"@type\":\"ListItem\",\"position\":1,\"name\":\"Portada\",\"item\":\"https:\/\/aeronoticias.com.pe\/noticiero\/\"},{\"@type\":\"ListItem\",\"position\":2,\"name\":\"Vuelos transatl\u00e1nticos, \u00bfen un avi\u00f3n peque\u00f1o?\"}]},{\"@type\":\"WebSite\",\"@id\":\"https:\/\/aeronoticias.com.pe\/noticiero\/#website\",\"url\":\"https:\/\/aeronoticias.com.pe\/noticiero\/\",\"name\":\"Aeronoticias.com.pe\",\"description\":\"Noticias de tranporte aereo, turismo, hoteles, gastronomia, actualidad, internacional\",\"potentialAction\":[{\"@type\":\"SearchAction\",\"target\":{\"@type\":\"EntryPoint\",\"urlTemplate\":\"https:\/\/aeronoticias.com.pe\/noticiero\/?s={search_term_string}\"},\"query-input\":{\"@type\":\"PropertyValueSpecification\",\"valueRequired\":true,\"valueName\":\"search_term_string\"}}],\"inLanguage\":\"es\"},{\"@type\":\"Person\",\"@id\":\"https:\/\/aeronoticias.com.pe\/noticiero\/#\/schema\/person\/fc1e5d578f4b62ba1cf7ac2bba1170a0\",\"name\":\"Redacci\u00f3n Aeronoticias\",\"url\":\"https:\/\/aeronoticias.com.pe\/noticiero\/author\/piloto\/\"}]}<\/script>\n<!-- \/ Yoast SEO plugin. -->","yoast_head_json":{"title":"Vuelos transatl\u00e1nticos, \u00bfen un avi\u00f3n peque\u00f1o?","description":"Portal de noticias del Per\u00fa sobre el transporte a\u00e9reo, aviaci\u00f3n, turismo, hoteleria, actualidad.","robots":{"index":"index","follow":"follow","max-snippet":"max-snippet:-1","max-image-preview":"max-image-preview:large","max-video-preview":"max-video-preview:-1"},"canonical":"https:\/\/aeronoticias.com.pe\/noticiero\/internacionales\/vuelos-transatlanticos-ien-un-avion-pequeno\/","og_locale":"es_ES","og_type":"article","og_title":"Vuelos transatl\u00e1nticos, \u00bfen un avi\u00f3n peque\u00f1o?","og_description":"Portal de noticias del Per\u00fa sobre el transporte a\u00e9reo, aviaci\u00f3n, turismo, hoteleria, actualidad.","og_url":"https:\/\/aeronoticias.com.pe\/noticiero\/internacionales\/vuelos-transatlanticos-ien-un-avion-pequeno\/","og_site_name":"Aeronoticias.com.pe","article_publisher":"https:\/\/www.facebook.com\/Aeronoticias.com.pe\/","article_published_time":"2016-09-18T01:25:44+00:00","og_image":[{"url":"http:\/\/www.ecoticias.com\/userfiles\/extra\/VCNB_QWEDASDAS.jpg","type":"","width":"","height":""}],"author":"Redacci\u00f3n Aeronoticias","twitter_card":"summary_large_image","twitter_creator":"@aeronoticias","twitter_site":"@aeronoticias","twitter_misc":{"Escrito por":"Redacci\u00f3n Aeronoticias","Tiempo de lectura":"3 minutos"},"schema":{"@context":"https:\/\/schema.org","@graph":[{"@type":"WebPage","@id":"https:\/\/aeronoticias.com.pe\/noticiero\/internacionales\/vuelos-transatlanticos-ien-un-avion-pequeno\/","url":"https:\/\/aeronoticias.com.pe\/noticiero\/internacionales\/vuelos-transatlanticos-ien-un-avion-pequeno\/","name":"Vuelos transatl\u00e1nticos, \u00bfen un avi\u00f3n peque\u00f1o?","isPartOf":{"@id":"https:\/\/aeronoticias.com.pe\/noticiero\/#website"},"primaryImageOfPage":{"@id":"https:\/\/aeronoticias.com.pe\/noticiero\/internacionales\/vuelos-transatlanticos-ien-un-avion-pequeno\/#primaryimage"},"image":{"@id":"https:\/\/aeronoticias.com.pe\/noticiero\/internacionales\/vuelos-transatlanticos-ien-un-avion-pequeno\/#primaryimage"},"thumbnailUrl":"http:\/\/www.ecoticias.com\/userfiles\/extra\/VCNB_QWEDASDAS.jpg","datePublished":"2016-09-18T01:25:44+00:00","author":{"@id":"https:\/\/aeronoticias.com.pe\/noticiero\/#\/schema\/person\/fc1e5d578f4b62ba1cf7ac2bba1170a0"},"description":"Portal de noticias del Per\u00fa sobre el transporte a\u00e9reo, aviaci\u00f3n, turismo, hoteleria, actualidad.","breadcrumb":{"@id":"https:\/\/aeronoticias.com.pe\/noticiero\/internacionales\/vuelos-transatlanticos-ien-un-avion-pequeno\/#breadcrumb"},"inLanguage":"es","potentialAction":[{"@type":"ReadAction","target":["https:\/\/aeronoticias.com.pe\/noticiero\/internacionales\/vuelos-transatlanticos-ien-un-avion-pequeno\/"]}]},{"@type":"ImageObject","inLanguage":"es","@id":"https:\/\/aeronoticias.com.pe\/noticiero\/internacionales\/vuelos-transatlanticos-ien-un-avion-pequeno\/#primaryimage","url":"http:\/\/www.ecoticias.com\/userfiles\/extra\/VCNB_QWEDASDAS.jpg","contentUrl":"http:\/\/www.ecoticias.com\/userfiles\/extra\/VCNB_QWEDASDAS.jpg"},{"@type":"BreadcrumbList","@id":"https:\/\/aeronoticias.com.pe\/noticiero\/internacionales\/vuelos-transatlanticos-ien-un-avion-pequeno\/#breadcrumb","itemListElement":[{"@type":"ListItem","position":1,"name":"Portada","item":"https:\/\/aeronoticias.com.pe\/noticiero\/"},{"@type":"ListItem","position":2,"name":"Vuelos transatl\u00e1nticos, \u00bfen un avi\u00f3n peque\u00f1o?"}]},{"@type":"WebSite","@id":"https:\/\/aeronoticias.com.pe\/noticiero\/#website","url":"https:\/\/aeronoticias.com.pe\/noticiero\/","name":"Aeronoticias.com.pe","description":"Noticias de tranporte aereo, turismo, hoteles, gastronomia, actualidad, internacional","potentialAction":[{"@type":"SearchAction","target":{"@type":"EntryPoint","urlTemplate":"https:\/\/aeronoticias.com.pe\/noticiero\/?s={search_term_string}"},"query-input":{"@type":"PropertyValueSpecification","valueRequired":true,"valueName":"search_term_string"}}],"inLanguage":"es"},{"@type":"Person","@id":"https:\/\/aeronoticias.com.pe\/noticiero\/#\/schema\/person\/fc1e5d578f4b62ba1cf7ac2bba1170a0","name":"Redacci\u00f3n Aeronoticias","url":"https:\/\/aeronoticias.com.pe\/noticiero\/author\/piloto\/"}]}},"_links":{"self":[{"href":"https:\/\/aeronoticias.com.pe\/noticiero\/wp-json\/wp\/v2\/posts\/55702","targetHints":{"allow":["GET"]}}],"collection":[{"href":"https:\/\/aeronoticias.com.pe\/noticiero\/wp-json\/wp\/v2\/posts"}],"about":[{"href":"https:\/\/aeronoticias.com.pe\/noticiero\/wp-json\/wp\/v2\/types\/post"}],"author":[{"embeddable":true,"href":"https:\/\/aeronoticias.com.pe\/noticiero\/wp-json\/wp\/v2\/users\/1"}],"replies":[{"embeddable":true,"href":"https:\/\/aeronoticias.com.pe\/noticiero\/wp-json\/wp\/v2\/comments?post=55702"}],"version-history":[{"count":0,"href":"https:\/\/aeronoticias.com.pe\/noticiero\/wp-json\/wp\/v2\/posts\/55702\/revisions"}],"wp:attachment":[{"href":"https:\/\/aeronoticias.com.pe\/noticiero\/wp-json\/wp\/v2\/media?parent=55702"}],"wp:term":[{"taxonomy":"category","embeddable":true,"href":"https:\/\/aeronoticias.com.pe\/noticiero\/wp-json\/wp\/v2\/categories?post=55702"},{"taxonomy":"post_tag","embeddable":true,"href":"https:\/\/aeronoticias.com.pe\/noticiero\/wp-json\/wp\/v2\/tags?post=55702"}],"curies":[{"name":"wp","href":"https:\/\/api.w.org\/{rel}","templated":true}]}}