{"id":55703,"date":"2016-09-19T07:31:17","date_gmt":"2016-09-19T07:31:17","guid":{"rendered":"http:\/\/desarrollo.mcvicious.com\/aero2020\/2016\/09\/19\/romper-el-silencio-por-jefrey-buenaventura\/"},"modified":"2016-09-19T07:31:17","modified_gmt":"2016-09-19T07:31:17","slug":"romper-el-silencio-por-jefrey-buenaventura","status":"publish","type":"post","link":"https:\/\/aeronoticias.com.pe\/noticiero\/nacionales\/romper-el-silencio-por-jefrey-buenaventura\/","title":{"rendered":"Romper el silencio, por Jefrey Buenaventura"},"content":{"rendered":"<p style=\"text-align: justify;\"><strong>(Aeronoticias).<\/strong>&#8211; S<span style=\"font-size: 12.16px; line-height: 1.3em;\">i bien el \u00e9xito de la marcha \u201cNi Una Menos\u201d tuvo gran relevancia en los medios y en la opini\u00f3n p\u00fablica, la realidad es que a\u00fan queda no mucho sino much\u00edsimo por trabajar con la finalidad de hacer entender a las mujeres que defender su dignidad no es pedir un favor sino exigir un derecho que como ciudadanas les corresponde. <\/span><\/p>\n<p style=\"text-align: justify;\">Varias vidas se salvaron pues muchas fueron las mujeres que motivadas por el ideal de la multitudinaria manifestaci\u00f3n a nivel nacional sintieron la necesidad de actuar con valent\u00eda, primero, rompieron el silencio que las ten\u00eda atrapadas en un c\u00edrculo vicioso de violencia y segundo, con las denuncias se rompieron tambi\u00e9n las cadenas psicol\u00f3gicas que las ten\u00edan sometidas a soportar tanto abuso e indiferencia.<\/p>\n<p style=\"text-align: justify;\">Pese a ello, Lima a\u00fan registra el mayor n\u00famero de casos de violencia contra la mujer con 36 \u00a0v\u00edctimas mortales hasta el mes de junio y el segundo lugar lo ocupa el departamento de Hu\u00e1nuco con 13 mujeres muertas, seg\u00fan el Ministerio de la Mujer.<\/p>\n<p style=\"text-align: justify;\">La raz\u00f3n o el punto clave para entender el porqu\u00e9 de esta situaci\u00f3n la podemos encontrar en la \u201ccultura tradicional\u201d que esconde actitudes machistas y que ve como algo normal el que una mujer se muestre sumisa aceptando determinados actos violentos que vulneran su persona y dignidad.<\/p>\n<p style=\"text-align: justify;\">Son muchos los factores psicol\u00f3gicos que influyen en la mujer cuando se plantea la idea de denunciar un hecho que implica ponerse en contra de su pareja. Algunas veces recibe el apoyo de la familia y en otros, solo es correspondida con indiferencia.<\/p>\n<p style=\"text-align: justify;\">M\u00e1s a\u00fan cuando el <em>\u201ccobarde mat\u00f3n\u201d<\/em> ocupa cargos p\u00fablicos o de cierta importancia en el \u00e1mbito social, pol\u00edtico o porque simplemente se encarga de manejar la econom\u00eda del hogar en una circunstancia que hace de la mujer una persona dependiente del agresor por falta de estudios u oportunidades laborales.<\/p>\n<p style=\"text-align: justify;\"><em><strong>La violencia de g\u00e9nero no distingue raza ni credo, solo procede de la forma m\u00e1s cobarde y perversa tratando de minimizar a qui\u00e9n err\u00f3neamente hemos considerado por siglos como el sexo d\u00e9bil. <\/strong><\/em><\/p>\n<p style=\"text-align: justify;\">\u00a1Basta pues!, es hora de romper el silencio, necesitamos mujeres firmes y decididas a hacer respetar su dignidad ante tanto abuso y maltrato. No importa si el esposo es alg\u00fan gerente, regidor o polic\u00eda pues lo que realmente importa es que teniendo ese cargo sepan valorar a una mujer y darle el lugar que se merecen, no arriba ni abajo sino al mismo nivel en la escala de derechos.<\/p>\n<p style=\"text-align: justify;\">De nada sirve que un familiar o testigo de la violencia que ha sufrido una mujer interponga la denuncia contra el agresor en la comisar\u00eda m\u00e1s cercana, y que al final \u00e9sta no proceda porque la v\u00edctima se neg\u00f3 a ratificar el abuso que cometieron contra su persona. <em><strong>El silencio y el miedo son los dos principales factores c\u00f3mplices que alimentan de forma negativa una carga emocional da\u00f1ina para quien es v\u00edctima pero tambi\u00e9n para el entorno familiar.<\/strong><\/em><\/p>\n<p style=\"text-align: justify;\">Romper el silencio en estos tiempos ya no es tan dif\u00edcil, acabar con el miedo, hoy en d\u00eda, ya no es imposible; urge desterrar esa lacra de pensamiento machista que a\u00fan existe en muchos y que nos dificulta alcanzar el desarrollo propio de una sociedad civilizada inspirada en una sola palabra: la educaci\u00f3n.<\/p>\n<div style=\"text-align: justify;\"><img decoding=\"async\" src=\"http:\/\/i0.wp.com\/eju.tv\/wp-content\/uploads\/2014\/07\/sitegolpea.jpg?resize=600%2C400\" border=\"0\" alt=\"Resultado de imagen para violencia contra la mujer\" \/><\/div>\n","protected":false},"excerpt":{"rendered":"<p>(Aeronoticias).&#8211; Si bien el \u00e9xito de la marcha \u201cNi Una Menos\u201d tuvo gran relevancia en los medios y en la opini\u00f3n p\u00fablica, la realidad es que a\u00fan queda no mucho sino much\u00edsimo por trabajar con la finalidad de hacer entender a las mujeres que defender su dignidad no es pedir un favor sino exigir un [&hellip;]<\/p>\n","protected":false},"author":1,"featured_media":0,"comment_status":"open","ping_status":"open","sticky":false,"template":"","format":"standard","meta":{"tdm_status":"","tdm_grid_status":"","footnotes":""},"categories":[38],"tags":[],"class_list":{"0":"post-55703","1":"post","2":"type-post","3":"status-publish","4":"format-standard","6":"category-nacionales"},"yoast_head":"<!-- This site is optimized with the Yoast SEO plugin v25.1 - https:\/\/yoast.com\/wordpress\/plugins\/seo\/ -->\n<title>Romper el silencio, por Jefrey Buenaventura<\/title>\n<meta name=\"description\" content=\"Portal de noticias del Per\u00fa sobre el transporte a\u00e9reo, aviaci\u00f3n, turismo, hoteleria, actualidad.\" \/>\n<meta name=\"robots\" content=\"index, follow, max-snippet:-1, max-image-preview:large, max-video-preview:-1\" \/>\n<link rel=\"canonical\" href=\"https:\/\/aeronoticias.com.pe\/noticiero\/nacionales\/romper-el-silencio-por-jefrey-buenaventura\/\" \/>\n<meta property=\"og:locale\" content=\"es_ES\" \/>\n<meta property=\"og:type\" content=\"article\" \/>\n<meta property=\"og:title\" content=\"Romper el silencio, por Jefrey Buenaventura\" \/>\n<meta property=\"og:description\" content=\"Portal de noticias del Per\u00fa sobre el transporte a\u00e9reo, aviaci\u00f3n, turismo, hoteleria, actualidad.\" \/>\n<meta property=\"og:url\" content=\"https:\/\/aeronoticias.com.pe\/noticiero\/nacionales\/romper-el-silencio-por-jefrey-buenaventura\/\" \/>\n<meta property=\"og:site_name\" content=\"Aeronoticias.com.pe\" \/>\n<meta property=\"article:publisher\" content=\"https:\/\/www.facebook.com\/Aeronoticias.com.pe\/\" \/>\n<meta property=\"article:published_time\" content=\"2016-09-19T07:31:17+00:00\" \/>\n<meta property=\"og:image\" content=\"http:\/\/i0.wp.com\/eju.tv\/wp-content\/uploads\/2014\/07\/sitegolpea.jpg?resize=600%2C400\" \/>\n<meta name=\"author\" content=\"Redacci\u00f3n Aeronoticias\" \/>\n<meta name=\"twitter:card\" content=\"summary_large_image\" \/>\n<meta name=\"twitter:creator\" content=\"@aeronoticias\" \/>\n<meta name=\"twitter:site\" content=\"@aeronoticias\" \/>\n<meta name=\"twitter:label1\" content=\"Escrito por\" \/>\n\t<meta name=\"twitter:data1\" content=\"Redacci\u00f3n Aeronoticias\" \/>\n\t<meta name=\"twitter:label2\" content=\"Tiempo de lectura\" \/>\n\t<meta name=\"twitter:data2\" content=\"3 minutos\" \/>\n<script type=\"application\/ld+json\" class=\"yoast-schema-graph\">{\"@context\":\"https:\/\/schema.org\",\"@graph\":[{\"@type\":\"WebPage\",\"@id\":\"https:\/\/aeronoticias.com.pe\/noticiero\/nacionales\/romper-el-silencio-por-jefrey-buenaventura\/\",\"url\":\"https:\/\/aeronoticias.com.pe\/noticiero\/nacionales\/romper-el-silencio-por-jefrey-buenaventura\/\",\"name\":\"Romper el silencio, por Jefrey Buenaventura\",\"isPartOf\":{\"@id\":\"https:\/\/aeronoticias.com.pe\/noticiero\/#website\"},\"primaryImageOfPage\":{\"@id\":\"https:\/\/aeronoticias.com.pe\/noticiero\/nacionales\/romper-el-silencio-por-jefrey-buenaventura\/#primaryimage\"},\"image\":{\"@id\":\"https:\/\/aeronoticias.com.pe\/noticiero\/nacionales\/romper-el-silencio-por-jefrey-buenaventura\/#primaryimage\"},\"thumbnailUrl\":\"http:\/\/i0.wp.com\/eju.tv\/wp-content\/uploads\/2014\/07\/sitegolpea.jpg?resize=600%2C400\",\"datePublished\":\"2016-09-19T07:31:17+00:00\",\"author\":{\"@id\":\"https:\/\/aeronoticias.com.pe\/noticiero\/#\/schema\/person\/fc1e5d578f4b62ba1cf7ac2bba1170a0\"},\"description\":\"Portal de noticias del Per\u00fa sobre el transporte a\u00e9reo, aviaci\u00f3n, turismo, hoteleria, actualidad.\",\"breadcrumb\":{\"@id\":\"https:\/\/aeronoticias.com.pe\/noticiero\/nacionales\/romper-el-silencio-por-jefrey-buenaventura\/#breadcrumb\"},\"inLanguage\":\"es\",\"potentialAction\":[{\"@type\":\"ReadAction\",\"target\":[\"https:\/\/aeronoticias.com.pe\/noticiero\/nacionales\/romper-el-silencio-por-jefrey-buenaventura\/\"]}]},{\"@type\":\"ImageObject\",\"inLanguage\":\"es\",\"@id\":\"https:\/\/aeronoticias.com.pe\/noticiero\/nacionales\/romper-el-silencio-por-jefrey-buenaventura\/#primaryimage\",\"url\":\"http:\/\/i0.wp.com\/eju.tv\/wp-content\/uploads\/2014\/07\/sitegolpea.jpg?resize=600%2C400\",\"contentUrl\":\"http:\/\/i0.wp.com\/eju.tv\/wp-content\/uploads\/2014\/07\/sitegolpea.jpg?resize=600%2C400\"},{\"@type\":\"BreadcrumbList\",\"@id\":\"https:\/\/aeronoticias.com.pe\/noticiero\/nacionales\/romper-el-silencio-por-jefrey-buenaventura\/#breadcrumb\",\"itemListElement\":[{\"@type\":\"ListItem\",\"position\":1,\"name\":\"Portada\",\"item\":\"https:\/\/aeronoticias.com.pe\/noticiero\/\"},{\"@type\":\"ListItem\",\"position\":2,\"name\":\"Romper el silencio, por Jefrey Buenaventura\"}]},{\"@type\":\"WebSite\",\"@id\":\"https:\/\/aeronoticias.com.pe\/noticiero\/#website\",\"url\":\"https:\/\/aeronoticias.com.pe\/noticiero\/\",\"name\":\"Aeronoticias.com.pe\",\"description\":\"Noticias de tranporte aereo, turismo, hoteles, gastronomia, actualidad, internacional\",\"potentialAction\":[{\"@type\":\"SearchAction\",\"target\":{\"@type\":\"EntryPoint\",\"urlTemplate\":\"https:\/\/aeronoticias.com.pe\/noticiero\/?s={search_term_string}\"},\"query-input\":{\"@type\":\"PropertyValueSpecification\",\"valueRequired\":true,\"valueName\":\"search_term_string\"}}],\"inLanguage\":\"es\"},{\"@type\":\"Person\",\"@id\":\"https:\/\/aeronoticias.com.pe\/noticiero\/#\/schema\/person\/fc1e5d578f4b62ba1cf7ac2bba1170a0\",\"name\":\"Redacci\u00f3n Aeronoticias\",\"url\":\"https:\/\/aeronoticias.com.pe\/noticiero\/author\/piloto\/\"}]}<\/script>\n<!-- \/ Yoast SEO plugin. -->","yoast_head_json":{"title":"Romper el silencio, por Jefrey Buenaventura","description":"Portal de noticias del Per\u00fa sobre el transporte a\u00e9reo, aviaci\u00f3n, turismo, hoteleria, actualidad.","robots":{"index":"index","follow":"follow","max-snippet":"max-snippet:-1","max-image-preview":"max-image-preview:large","max-video-preview":"max-video-preview:-1"},"canonical":"https:\/\/aeronoticias.com.pe\/noticiero\/nacionales\/romper-el-silencio-por-jefrey-buenaventura\/","og_locale":"es_ES","og_type":"article","og_title":"Romper el silencio, por Jefrey Buenaventura","og_description":"Portal de noticias del Per\u00fa sobre el transporte a\u00e9reo, aviaci\u00f3n, turismo, hoteleria, actualidad.","og_url":"https:\/\/aeronoticias.com.pe\/noticiero\/nacionales\/romper-el-silencio-por-jefrey-buenaventura\/","og_site_name":"Aeronoticias.com.pe","article_publisher":"https:\/\/www.facebook.com\/Aeronoticias.com.pe\/","article_published_time":"2016-09-19T07:31:17+00:00","og_image":[{"url":"http:\/\/i0.wp.com\/eju.tv\/wp-content\/uploads\/2014\/07\/sitegolpea.jpg?resize=600%2C400","type":"","width":"","height":""}],"author":"Redacci\u00f3n Aeronoticias","twitter_card":"summary_large_image","twitter_creator":"@aeronoticias","twitter_site":"@aeronoticias","twitter_misc":{"Escrito por":"Redacci\u00f3n Aeronoticias","Tiempo de lectura":"3 minutos"},"schema":{"@context":"https:\/\/schema.org","@graph":[{"@type":"WebPage","@id":"https:\/\/aeronoticias.com.pe\/noticiero\/nacionales\/romper-el-silencio-por-jefrey-buenaventura\/","url":"https:\/\/aeronoticias.com.pe\/noticiero\/nacionales\/romper-el-silencio-por-jefrey-buenaventura\/","name":"Romper el silencio, por Jefrey Buenaventura","isPartOf":{"@id":"https:\/\/aeronoticias.com.pe\/noticiero\/#website"},"primaryImageOfPage":{"@id":"https:\/\/aeronoticias.com.pe\/noticiero\/nacionales\/romper-el-silencio-por-jefrey-buenaventura\/#primaryimage"},"image":{"@id":"https:\/\/aeronoticias.com.pe\/noticiero\/nacionales\/romper-el-silencio-por-jefrey-buenaventura\/#primaryimage"},"thumbnailUrl":"http:\/\/i0.wp.com\/eju.tv\/wp-content\/uploads\/2014\/07\/sitegolpea.jpg?resize=600%2C400","datePublished":"2016-09-19T07:31:17+00:00","author":{"@id":"https:\/\/aeronoticias.com.pe\/noticiero\/#\/schema\/person\/fc1e5d578f4b62ba1cf7ac2bba1170a0"},"description":"Portal de noticias del Per\u00fa sobre el transporte a\u00e9reo, aviaci\u00f3n, turismo, hoteleria, actualidad.","breadcrumb":{"@id":"https:\/\/aeronoticias.com.pe\/noticiero\/nacionales\/romper-el-silencio-por-jefrey-buenaventura\/#breadcrumb"},"inLanguage":"es","potentialAction":[{"@type":"ReadAction","target":["https:\/\/aeronoticias.com.pe\/noticiero\/nacionales\/romper-el-silencio-por-jefrey-buenaventura\/"]}]},{"@type":"ImageObject","inLanguage":"es","@id":"https:\/\/aeronoticias.com.pe\/noticiero\/nacionales\/romper-el-silencio-por-jefrey-buenaventura\/#primaryimage","url":"http:\/\/i0.wp.com\/eju.tv\/wp-content\/uploads\/2014\/07\/sitegolpea.jpg?resize=600%2C400","contentUrl":"http:\/\/i0.wp.com\/eju.tv\/wp-content\/uploads\/2014\/07\/sitegolpea.jpg?resize=600%2C400"},{"@type":"BreadcrumbList","@id":"https:\/\/aeronoticias.com.pe\/noticiero\/nacionales\/romper-el-silencio-por-jefrey-buenaventura\/#breadcrumb","itemListElement":[{"@type":"ListItem","position":1,"name":"Portada","item":"https:\/\/aeronoticias.com.pe\/noticiero\/"},{"@type":"ListItem","position":2,"name":"Romper el silencio, por Jefrey Buenaventura"}]},{"@type":"WebSite","@id":"https:\/\/aeronoticias.com.pe\/noticiero\/#website","url":"https:\/\/aeronoticias.com.pe\/noticiero\/","name":"Aeronoticias.com.pe","description":"Noticias de tranporte aereo, turismo, hoteles, gastronomia, actualidad, internacional","potentialAction":[{"@type":"SearchAction","target":{"@type":"EntryPoint","urlTemplate":"https:\/\/aeronoticias.com.pe\/noticiero\/?s={search_term_string}"},"query-input":{"@type":"PropertyValueSpecification","valueRequired":true,"valueName":"search_term_string"}}],"inLanguage":"es"},{"@type":"Person","@id":"https:\/\/aeronoticias.com.pe\/noticiero\/#\/schema\/person\/fc1e5d578f4b62ba1cf7ac2bba1170a0","name":"Redacci\u00f3n Aeronoticias","url":"https:\/\/aeronoticias.com.pe\/noticiero\/author\/piloto\/"}]}},"_links":{"self":[{"href":"https:\/\/aeronoticias.com.pe\/noticiero\/wp-json\/wp\/v2\/posts\/55703","targetHints":{"allow":["GET"]}}],"collection":[{"href":"https:\/\/aeronoticias.com.pe\/noticiero\/wp-json\/wp\/v2\/posts"}],"about":[{"href":"https:\/\/aeronoticias.com.pe\/noticiero\/wp-json\/wp\/v2\/types\/post"}],"author":[{"embeddable":true,"href":"https:\/\/aeronoticias.com.pe\/noticiero\/wp-json\/wp\/v2\/users\/1"}],"replies":[{"embeddable":true,"href":"https:\/\/aeronoticias.com.pe\/noticiero\/wp-json\/wp\/v2\/comments?post=55703"}],"version-history":[{"count":0,"href":"https:\/\/aeronoticias.com.pe\/noticiero\/wp-json\/wp\/v2\/posts\/55703\/revisions"}],"wp:attachment":[{"href":"https:\/\/aeronoticias.com.pe\/noticiero\/wp-json\/wp\/v2\/media?parent=55703"}],"wp:term":[{"taxonomy":"category","embeddable":true,"href":"https:\/\/aeronoticias.com.pe\/noticiero\/wp-json\/wp\/v2\/categories?post=55703"},{"taxonomy":"post_tag","embeddable":true,"href":"https:\/\/aeronoticias.com.pe\/noticiero\/wp-json\/wp\/v2\/tags?post=55703"}],"curies":[{"name":"wp","href":"https:\/\/api.w.org\/{rel}","templated":true}]}}