{"id":55706,"date":"2016-09-19T15:10:47","date_gmt":"2016-09-19T15:10:47","guid":{"rendered":"http:\/\/desarrollo.mcvicious.com\/aero2020\/2016\/09\/19\/iberia-ve-muy-completa-su-red-en-latinoamerica-tras-70-anos-de-presencia\/"},"modified":"2016-09-19T15:10:47","modified_gmt":"2016-09-19T15:10:47","slug":"iberia-ve-muy-completa-su-red-en-latinoamerica-tras-70-anos-de-presencia","status":"publish","type":"post","link":"https:\/\/aeronoticias.com.pe\/noticiero\/transporte-aereo\/internacional\/iberia-ve-muy-completa-su-red-en-latinoamerica-tras-70-anos-de-presencia\/","title":{"rendered":"Iberia ve muy completa su red en Latinoam\u00e9rica, tras 70 a\u00f1os de presencia"},"content":{"rendered":"<p style=\"text-align: justify;\"><strong>(Aeronoticias)<\/strong>.-\u00a0Iberia considera \u201cmuy completa\u201d la red de destinos que ha tejido en Latinoam\u00e9rica en los 70 a\u00f1os que han transcurrido desde su entrada en el continente y no tiene planes de ampliarla a corto plazo, aunque no lo descarta en el futuro, cuando mejore la situaci\u00f3n del mercado.<\/p>\n<p style=\"text-align: justify;\">El presidente ejecutivo de Iberia, Luis Gallego, ha se\u00f1alado, en una entrevista con EFE, que Iberoam\u00e9rica es el principal mercado de la aerol\u00ednea, al que destina \u201cm\u00e1s de la mitad de sus asientos\u201d y sirve a 20 aeropuertos en 16 pa\u00edses.<\/p>\n<p style=\"text-align: justify;\">Con motivo del 70 aniversario del primer vuelo de Iberia a Buenos Aires, Gallego ha destacado que Latinoam\u00e9rica es un mercado donde \u201cnos hemos desarrollado y convertido en l\u00edderes, donde hemos estado en los buenos y en los malos momentos\u201d.<\/p>\n<p style=\"text-align: justify;\">La vocaci\u00f3n de Iberia es seguir apostando por Latinoam\u00e9rica, donde espera sumar en el futuro nuevos destinos, como algunas de las ciudades secundarias m\u00e1s importantes o pa\u00edses en los que a\u00fan no est\u00e1 presente -Paraguay, Honduras, Nicaragua y Bolivia-.<\/p>\n<p style=\"text-align: justify;\">Adem\u00e1s de organizar distintas actividades para celebrar su trayectoria en el continente, Iberia est\u00e1 bautizando los nuevos aviones A330-200 que recibe este a\u00f1o con nombres de pa\u00edses y de destinos latinoamericanos y, concretamente, el 28 de septiembre llamar\u00e1 a uno de ellos \u201cIberoam\u00e9rica\u201d.<\/p>\n<p style=\"text-align: justify;\">Tras recordar que la aerol\u00ednea ha recuperado ya todas sus rutas latinoamericanas que tuvo que dejar de operar por la crisis, adem\u00e1s de a\u00f1adir alg\u00fan destino nuevo como Cali o Medell\u00edn (Colombia), ha explicado que, ahora mismo, la situaci\u00f3n del mercado de esa regi\u00f3n \u201cno es muy boyante porque su principal econom\u00eda, Brasil, no est\u00e1 en su mejor momento\u201d.<\/p>\n<p style=\"text-align: justify;\">Aunque Iberia siempre est\u00e1 analizando posibles \u00e1reas de desarrollo y tiene en cartera 4 o 5 destinos que pudieran funcionar, \u201ca d\u00eda de hoy tenemos s\u00f3lo previsto el lanzamiento de la ruta a Tokio, el pr\u00f3ximo 18 de octubre, y ninguna, a corto plazo, en Latinoam\u00e9rica\u201d, ha matizado.<\/p>\n<p style=\"text-align: justify;\">Seg\u00fan Gallego, la situaci\u00f3n de Latinoam\u00e9rica en general este a\u00f1o es \u201cdif\u00edcil\u201d porque a los problemas de sus principales econom\u00edas se une un exceso de capacidad que se est\u00e1 produciendo en el mercado.<\/p>\n<p style=\"text-align: justify;\">Se trata de un fen\u00f3meno que sucede siempre en un entorno de precios bajos del combustible y en el que \u201cel ingreso unitario de las compa\u00f1\u00edas, como reflejan sus resultados, est\u00e1 bajando como consecuencia de esa competencia y capacidad del mercado que, en algunos casos, es superior a la demanda\u201d.<\/p>\n<p style=\"text-align: justify;\">Iberia ha tenido que hacer un ajuste de capacidad en las rutas de Brasil -ha reducido de 11 a 7 las frecuencias a Sao Paulo y, de 7 a 5, a R\u00edo de Janeiro-, aunque Gallego est\u00e1 seguro de que \u201ctan pronto se recupere el pa\u00eds, podremos volver a las antiguas frecuencias que realiz\u00e1bamos\u201d.<\/p>\n<p style=\"text-align: justify;\">No obstante, gracias a los Juegos Ol\u00edmpicos de este verano en R\u00edo, la ruta ha mejorado, \u201clo que nos ayuda a ser m\u00e1s optimistas con la evoluci\u00f3n de Brasil\u201d.<\/p>\n<p style=\"text-align: justify;\">Tambi\u00e9n en Argentina, donde Iberia celebrar\u00e1 la pr\u00f3xima semana un evento conmemorativo al ser Buenos Aires su primera ruta en Latinoam\u00e9rica, los cambios que se est\u00e1n produciendo \u201cnos invitan a ser poco m\u00e1s optimistas que lo que \u00e9ramos\u201d, ha agregado.<\/p>\n<p style=\"text-align: justify;\">En cuanto a Venezuela, ha apuntado que es una ruta que Iberia opera desde hace 62 a\u00f1os y a la que tiene cari\u00f1o, por lo que \u201cnos gustar\u00eda seguir manteni\u00e9ndola\u201d, aunque por el contexto actual del pa\u00eds y los fondos que tienen all\u00ed retenidos muchas aerol\u00edneas -en el caso de Iberia en torno a 200 millones de euros- la situaci\u00f3n se hace \u201cmuy complicada\u201d.<\/p>\n<p style=\"text-align: justify;\">Tras reducir su frecuencia de un vuelo diario a tres semanales y operar con aviones con menos asientos (A330-300), la intenci\u00f3n de Iberia es seguir volando a Venezuela y \u201cno nos planteamos el cierre de la ruta en el corto plazo, salvo que cambiara dram\u00e1ticamente la situaci\u00f3n\u201d.<\/p>\n<p style=\"text-align: justify;\">En Per\u00fa y en Colombia, por el contrario, la extensi\u00f3n del visado est\u00e1 estimulando la demanda y pueda ayudar a desarrollar las rutas, mientras que en Cuba, la apertura del pa\u00eds puede contribuir a mejorar a\u00fan m\u00e1s este destino que est\u00e1 funcionando bien.<\/p>\n<p style=\"text-align: justify;\">Fuente: <span style=\"text-decoration: underline;\"><em><strong>Yahoo<\/strong><\/em><\/span><\/p>\n<p><img decoding=\"async\" src=\"http:\/\/www.peruvianairlines.com\/wp-content\/uploads\/2016\/06\/Iberia2.jpg\" border=\"0\" alt=\"Resultado de imagen para iberia\" \/><\/p>\n","protected":false},"excerpt":{"rendered":"<p>(Aeronoticias).-\u00a0Iberia considera \u201cmuy completa\u201d la red de destinos que ha tejido en Latinoam\u00e9rica en los 70 a\u00f1os que han transcurrido desde su entrada en el continente y no tiene planes de ampliarla a corto plazo, aunque no lo descarta en el futuro, cuando mejore la situaci\u00f3n del mercado. El presidente ejecutivo de Iberia, Luis Gallego, [&hellip;]<\/p>\n","protected":false},"author":1,"featured_media":0,"comment_status":"open","ping_status":"open","sticky":false,"template":"","format":"standard","meta":{"tdm_status":"","tdm_grid_status":"","footnotes":""},"categories":[32],"tags":[],"class_list":{"0":"post-55706","1":"post","2":"type-post","3":"status-publish","4":"format-standard","6":"category-internacional"},"yoast_head":"<!-- This site is optimized with the Yoast SEO plugin v25.1 - https:\/\/yoast.com\/wordpress\/plugins\/seo\/ -->\n<title>Iberia ve muy completa su red en Latinoam\u00e9rica, tras 70 a\u00f1os de presencia<\/title>\n<meta name=\"description\" content=\"Portal de noticias del Per\u00fa sobre el transporte a\u00e9reo, aviaci\u00f3n, turismo, hoteleria, actualidad.\" \/>\n<meta name=\"robots\" content=\"index, follow, max-snippet:-1, max-image-preview:large, max-video-preview:-1\" \/>\n<link rel=\"canonical\" href=\"https:\/\/aeronoticias.com.pe\/noticiero\/transporte-aereo\/internacional\/iberia-ve-muy-completa-su-red-en-latinoamerica-tras-70-anos-de-presencia\/\" \/>\n<meta property=\"og:locale\" content=\"es_ES\" \/>\n<meta property=\"og:type\" content=\"article\" \/>\n<meta property=\"og:title\" content=\"Iberia ve muy completa su red en Latinoam\u00e9rica, tras 70 a\u00f1os de presencia\" \/>\n<meta property=\"og:description\" content=\"Portal de noticias del Per\u00fa sobre el transporte a\u00e9reo, aviaci\u00f3n, turismo, hoteleria, actualidad.\" \/>\n<meta property=\"og:url\" content=\"https:\/\/aeronoticias.com.pe\/noticiero\/transporte-aereo\/internacional\/iberia-ve-muy-completa-su-red-en-latinoamerica-tras-70-anos-de-presencia\/\" \/>\n<meta property=\"og:site_name\" content=\"Aeronoticias.com.pe\" \/>\n<meta property=\"article:publisher\" content=\"https:\/\/www.facebook.com\/Aeronoticias.com.pe\/\" \/>\n<meta property=\"article:published_time\" content=\"2016-09-19T15:10:47+00:00\" \/>\n<meta property=\"og:image\" content=\"http:\/\/www.peruvianairlines.com\/wp-content\/uploads\/2016\/06\/Iberia2.jpg\" \/>\n<meta name=\"author\" content=\"Redacci\u00f3n Aeronoticias\" \/>\n<meta name=\"twitter:card\" content=\"summary_large_image\" \/>\n<meta name=\"twitter:creator\" content=\"@aeronoticias\" \/>\n<meta name=\"twitter:site\" content=\"@aeronoticias\" \/>\n<meta name=\"twitter:label1\" content=\"Escrito por\" \/>\n\t<meta name=\"twitter:data1\" content=\"Redacci\u00f3n Aeronoticias\" \/>\n\t<meta name=\"twitter:label2\" content=\"Tiempo de lectura\" \/>\n\t<meta name=\"twitter:data2\" content=\"4 minutos\" \/>\n<script type=\"application\/ld+json\" class=\"yoast-schema-graph\">{\"@context\":\"https:\/\/schema.org\",\"@graph\":[{\"@type\":\"WebPage\",\"@id\":\"https:\/\/aeronoticias.com.pe\/noticiero\/transporte-aereo\/internacional\/iberia-ve-muy-completa-su-red-en-latinoamerica-tras-70-anos-de-presencia\/\",\"url\":\"https:\/\/aeronoticias.com.pe\/noticiero\/transporte-aereo\/internacional\/iberia-ve-muy-completa-su-red-en-latinoamerica-tras-70-anos-de-presencia\/\",\"name\":\"Iberia ve muy completa su red en Latinoam\u00e9rica, tras 70 a\u00f1os de presencia\",\"isPartOf\":{\"@id\":\"https:\/\/aeronoticias.com.pe\/noticiero\/#website\"},\"primaryImageOfPage\":{\"@id\":\"https:\/\/aeronoticias.com.pe\/noticiero\/transporte-aereo\/internacional\/iberia-ve-muy-completa-su-red-en-latinoamerica-tras-70-anos-de-presencia\/#primaryimage\"},\"image\":{\"@id\":\"https:\/\/aeronoticias.com.pe\/noticiero\/transporte-aereo\/internacional\/iberia-ve-muy-completa-su-red-en-latinoamerica-tras-70-anos-de-presencia\/#primaryimage\"},\"thumbnailUrl\":\"http:\/\/www.peruvianairlines.com\/wp-content\/uploads\/2016\/06\/Iberia2.jpg\",\"datePublished\":\"2016-09-19T15:10:47+00:00\",\"author\":{\"@id\":\"https:\/\/aeronoticias.com.pe\/noticiero\/#\/schema\/person\/fc1e5d578f4b62ba1cf7ac2bba1170a0\"},\"description\":\"Portal de noticias del Per\u00fa sobre el transporte a\u00e9reo, aviaci\u00f3n, turismo, hoteleria, actualidad.\",\"breadcrumb\":{\"@id\":\"https:\/\/aeronoticias.com.pe\/noticiero\/transporte-aereo\/internacional\/iberia-ve-muy-completa-su-red-en-latinoamerica-tras-70-anos-de-presencia\/#breadcrumb\"},\"inLanguage\":\"es\",\"potentialAction\":[{\"@type\":\"ReadAction\",\"target\":[\"https:\/\/aeronoticias.com.pe\/noticiero\/transporte-aereo\/internacional\/iberia-ve-muy-completa-su-red-en-latinoamerica-tras-70-anos-de-presencia\/\"]}]},{\"@type\":\"ImageObject\",\"inLanguage\":\"es\",\"@id\":\"https:\/\/aeronoticias.com.pe\/noticiero\/transporte-aereo\/internacional\/iberia-ve-muy-completa-su-red-en-latinoamerica-tras-70-anos-de-presencia\/#primaryimage\",\"url\":\"http:\/\/www.peruvianairlines.com\/wp-content\/uploads\/2016\/06\/Iberia2.jpg\",\"contentUrl\":\"http:\/\/www.peruvianairlines.com\/wp-content\/uploads\/2016\/06\/Iberia2.jpg\"},{\"@type\":\"BreadcrumbList\",\"@id\":\"https:\/\/aeronoticias.com.pe\/noticiero\/transporte-aereo\/internacional\/iberia-ve-muy-completa-su-red-en-latinoamerica-tras-70-anos-de-presencia\/#breadcrumb\",\"itemListElement\":[{\"@type\":\"ListItem\",\"position\":1,\"name\":\"Portada\",\"item\":\"https:\/\/aeronoticias.com.pe\/noticiero\/\"},{\"@type\":\"ListItem\",\"position\":2,\"name\":\"Iberia ve muy completa su red en Latinoam\u00e9rica, tras 70 a\u00f1os de presencia\"}]},{\"@type\":\"WebSite\",\"@id\":\"https:\/\/aeronoticias.com.pe\/noticiero\/#website\",\"url\":\"https:\/\/aeronoticias.com.pe\/noticiero\/\",\"name\":\"Aeronoticias.com.pe\",\"description\":\"Noticias de tranporte aereo, turismo, hoteles, gastronomia, actualidad, internacional\",\"potentialAction\":[{\"@type\":\"SearchAction\",\"target\":{\"@type\":\"EntryPoint\",\"urlTemplate\":\"https:\/\/aeronoticias.com.pe\/noticiero\/?s={search_term_string}\"},\"query-input\":{\"@type\":\"PropertyValueSpecification\",\"valueRequired\":true,\"valueName\":\"search_term_string\"}}],\"inLanguage\":\"es\"},{\"@type\":\"Person\",\"@id\":\"https:\/\/aeronoticias.com.pe\/noticiero\/#\/schema\/person\/fc1e5d578f4b62ba1cf7ac2bba1170a0\",\"name\":\"Redacci\u00f3n Aeronoticias\",\"url\":\"https:\/\/aeronoticias.com.pe\/noticiero\/author\/piloto\/\"}]}<\/script>\n<!-- \/ Yoast SEO plugin. -->","yoast_head_json":{"title":"Iberia ve muy completa su red en Latinoam\u00e9rica, tras 70 a\u00f1os de presencia","description":"Portal de noticias del Per\u00fa sobre el transporte a\u00e9reo, aviaci\u00f3n, turismo, hoteleria, actualidad.","robots":{"index":"index","follow":"follow","max-snippet":"max-snippet:-1","max-image-preview":"max-image-preview:large","max-video-preview":"max-video-preview:-1"},"canonical":"https:\/\/aeronoticias.com.pe\/noticiero\/transporte-aereo\/internacional\/iberia-ve-muy-completa-su-red-en-latinoamerica-tras-70-anos-de-presencia\/","og_locale":"es_ES","og_type":"article","og_title":"Iberia ve muy completa su red en Latinoam\u00e9rica, tras 70 a\u00f1os de presencia","og_description":"Portal de noticias del Per\u00fa sobre el transporte a\u00e9reo, aviaci\u00f3n, turismo, hoteleria, actualidad.","og_url":"https:\/\/aeronoticias.com.pe\/noticiero\/transporte-aereo\/internacional\/iberia-ve-muy-completa-su-red-en-latinoamerica-tras-70-anos-de-presencia\/","og_site_name":"Aeronoticias.com.pe","article_publisher":"https:\/\/www.facebook.com\/Aeronoticias.com.pe\/","article_published_time":"2016-09-19T15:10:47+00:00","og_image":[{"url":"http:\/\/www.peruvianairlines.com\/wp-content\/uploads\/2016\/06\/Iberia2.jpg","type":"","width":"","height":""}],"author":"Redacci\u00f3n Aeronoticias","twitter_card":"summary_large_image","twitter_creator":"@aeronoticias","twitter_site":"@aeronoticias","twitter_misc":{"Escrito por":"Redacci\u00f3n Aeronoticias","Tiempo de lectura":"4 minutos"},"schema":{"@context":"https:\/\/schema.org","@graph":[{"@type":"WebPage","@id":"https:\/\/aeronoticias.com.pe\/noticiero\/transporte-aereo\/internacional\/iberia-ve-muy-completa-su-red-en-latinoamerica-tras-70-anos-de-presencia\/","url":"https:\/\/aeronoticias.com.pe\/noticiero\/transporte-aereo\/internacional\/iberia-ve-muy-completa-su-red-en-latinoamerica-tras-70-anos-de-presencia\/","name":"Iberia ve muy completa su red en Latinoam\u00e9rica, tras 70 a\u00f1os de presencia","isPartOf":{"@id":"https:\/\/aeronoticias.com.pe\/noticiero\/#website"},"primaryImageOfPage":{"@id":"https:\/\/aeronoticias.com.pe\/noticiero\/transporte-aereo\/internacional\/iberia-ve-muy-completa-su-red-en-latinoamerica-tras-70-anos-de-presencia\/#primaryimage"},"image":{"@id":"https:\/\/aeronoticias.com.pe\/noticiero\/transporte-aereo\/internacional\/iberia-ve-muy-completa-su-red-en-latinoamerica-tras-70-anos-de-presencia\/#primaryimage"},"thumbnailUrl":"http:\/\/www.peruvianairlines.com\/wp-content\/uploads\/2016\/06\/Iberia2.jpg","datePublished":"2016-09-19T15:10:47+00:00","author":{"@id":"https:\/\/aeronoticias.com.pe\/noticiero\/#\/schema\/person\/fc1e5d578f4b62ba1cf7ac2bba1170a0"},"description":"Portal de noticias del Per\u00fa sobre el transporte a\u00e9reo, aviaci\u00f3n, turismo, hoteleria, actualidad.","breadcrumb":{"@id":"https:\/\/aeronoticias.com.pe\/noticiero\/transporte-aereo\/internacional\/iberia-ve-muy-completa-su-red-en-latinoamerica-tras-70-anos-de-presencia\/#breadcrumb"},"inLanguage":"es","potentialAction":[{"@type":"ReadAction","target":["https:\/\/aeronoticias.com.pe\/noticiero\/transporte-aereo\/internacional\/iberia-ve-muy-completa-su-red-en-latinoamerica-tras-70-anos-de-presencia\/"]}]},{"@type":"ImageObject","inLanguage":"es","@id":"https:\/\/aeronoticias.com.pe\/noticiero\/transporte-aereo\/internacional\/iberia-ve-muy-completa-su-red-en-latinoamerica-tras-70-anos-de-presencia\/#primaryimage","url":"http:\/\/www.peruvianairlines.com\/wp-content\/uploads\/2016\/06\/Iberia2.jpg","contentUrl":"http:\/\/www.peruvianairlines.com\/wp-content\/uploads\/2016\/06\/Iberia2.jpg"},{"@type":"BreadcrumbList","@id":"https:\/\/aeronoticias.com.pe\/noticiero\/transporte-aereo\/internacional\/iberia-ve-muy-completa-su-red-en-latinoamerica-tras-70-anos-de-presencia\/#breadcrumb","itemListElement":[{"@type":"ListItem","position":1,"name":"Portada","item":"https:\/\/aeronoticias.com.pe\/noticiero\/"},{"@type":"ListItem","position":2,"name":"Iberia ve muy completa su red en Latinoam\u00e9rica, tras 70 a\u00f1os de presencia"}]},{"@type":"WebSite","@id":"https:\/\/aeronoticias.com.pe\/noticiero\/#website","url":"https:\/\/aeronoticias.com.pe\/noticiero\/","name":"Aeronoticias.com.pe","description":"Noticias de tranporte aereo, turismo, hoteles, gastronomia, actualidad, internacional","potentialAction":[{"@type":"SearchAction","target":{"@type":"EntryPoint","urlTemplate":"https:\/\/aeronoticias.com.pe\/noticiero\/?s={search_term_string}"},"query-input":{"@type":"PropertyValueSpecification","valueRequired":true,"valueName":"search_term_string"}}],"inLanguage":"es"},{"@type":"Person","@id":"https:\/\/aeronoticias.com.pe\/noticiero\/#\/schema\/person\/fc1e5d578f4b62ba1cf7ac2bba1170a0","name":"Redacci\u00f3n Aeronoticias","url":"https:\/\/aeronoticias.com.pe\/noticiero\/author\/piloto\/"}]}},"_links":{"self":[{"href":"https:\/\/aeronoticias.com.pe\/noticiero\/wp-json\/wp\/v2\/posts\/55706","targetHints":{"allow":["GET"]}}],"collection":[{"href":"https:\/\/aeronoticias.com.pe\/noticiero\/wp-json\/wp\/v2\/posts"}],"about":[{"href":"https:\/\/aeronoticias.com.pe\/noticiero\/wp-json\/wp\/v2\/types\/post"}],"author":[{"embeddable":true,"href":"https:\/\/aeronoticias.com.pe\/noticiero\/wp-json\/wp\/v2\/users\/1"}],"replies":[{"embeddable":true,"href":"https:\/\/aeronoticias.com.pe\/noticiero\/wp-json\/wp\/v2\/comments?post=55706"}],"version-history":[{"count":0,"href":"https:\/\/aeronoticias.com.pe\/noticiero\/wp-json\/wp\/v2\/posts\/55706\/revisions"}],"wp:attachment":[{"href":"https:\/\/aeronoticias.com.pe\/noticiero\/wp-json\/wp\/v2\/media?parent=55706"}],"wp:term":[{"taxonomy":"category","embeddable":true,"href":"https:\/\/aeronoticias.com.pe\/noticiero\/wp-json\/wp\/v2\/categories?post=55706"},{"taxonomy":"post_tag","embeddable":true,"href":"https:\/\/aeronoticias.com.pe\/noticiero\/wp-json\/wp\/v2\/tags?post=55706"}],"curies":[{"name":"wp","href":"https:\/\/api.w.org\/{rel}","templated":true}]}}