{"id":56270,"date":"2017-01-23T17:43:52","date_gmt":"2017-01-23T17:43:52","guid":{"rendered":"http:\/\/desarrollo.mcvicious.com\/aero2020\/2017\/01\/23\/amazonas-espera-posicionarse-como-destino-turistico-con-mas-vuelos-y-teleferico\/"},"modified":"2017-01-23T17:43:52","modified_gmt":"2017-01-23T17:43:52","slug":"amazonas-espera-posicionarse-como-destino-turistico-con-mas-vuelos-y-teleferico","status":"publish","type":"post","link":"https:\/\/aeronoticias.com.pe\/noticiero\/turismo\/13\/amazonas-espera-posicionarse-como-destino-turistico-con-mas-vuelos-y-teleferico\/","title":{"rendered":"Amazonas espera posicionarse como destino tur\u00edstico con m\u00e1s vuelos y telef\u00e9rico"},"content":{"rendered":"<p style=\"text-align: justify;\"><strong>(Aeronoticias) <\/strong><span style=\"font-size: 12.16px;\">La regi\u00f3n Amazonas espera posicionarse este a\u00f1o como destino tur\u00edstico y recibir un mayor n\u00famero de turistas nacionales extranjeros con el apoyo de m\u00e1s vuelos hacia Chachapoyas y la puesta en marcha del telef\u00e9rico de Ku\u00e9lap.<\/span><\/p>\n<p style=\"text-align: justify;\"><span style=\"font-size: 12.16px;\">As\u00ed lo afirm\u00f3 el gerente regional de Desarrollo Social de Amazonas, Yesper Saravia D\u00edaz. quien destac\u00f3 tambi\u00e9n la organizaci\u00f3n del certamen Miss World Per\u00fa 2017 que se realizar\u00e1 en Amazonas.<\/span><\/p>\n<p style=\"text-align: justify;\"><span style=\"font-size: 12.16px;\">Saravia D\u00edaz afirm\u00f3 sobre las expectativas de su regi\u00f3n por recibir un gran n\u00famero de visitantes de acuerdo al calendario organizado en torno a la pronta inauguraci\u00f3n de las telecabinas de Ku\u00e9lap, entre otras actividades que potenciar\u00e1n el turismo.<\/span><\/p>\n<p style=\"text-align: justify;\"><span style=\"font-size: 12.16px;\">\u00abActualmente ya se ha culminado el trabajo y se han hecho las pruebas respectivas, inclusive con el ministro de Transportes, Mart\u00edn Vizcarra, y la vicepresidenta Mercedes Ar\u00e1oz. El trayecto de 4 kil\u00f3metros est\u00e1 compuesto por un paisaje muy lindo, donde se pueden ver valles atractivos que representan el viaje espec\u00edfico hasta la fortaleza de Ku\u00e9lap\u00bb, asever\u00f3.<\/span><\/p>\n<p style=\"text-align: justify;\"><span style=\"font-size: 12.16px;\">Saravia asegur\u00f3 que el proyecto del telef\u00e9rico de Ku\u00e9lap seguramente ser\u00e1 bien visto por otras regiones y que \u00abconjuntamente, vamos a motivar para que otras regiones cuenten con telef\u00e9ricos. Mucho depender\u00e1 del \u00e9xito que tenga el funcionamiento de estas telecabinas\u201d, acot\u00f3.<\/span><\/p>\n<p style=\"text-align: justify;\"><span style=\"font-size: 12.16px;\">Con respecto a temas de seguridad, la autoridad exhort\u00f3 a los turistas a que tengan cuidado en esta temporada debido a la presencia de precipitaciones.<\/span><\/p>\n<p style=\"text-align: justify;\"><span style=\"font-size: 12.16px;\">Vuelos directos<\/span><\/p>\n<p style=\"text-align: justify;\"><span style=\"font-size: 12.16px;\">El funcionario regional resalt\u00f3 tambi\u00e9n el inicio de vuelos directos a Chachapoyas desde Lima, los cuales tendr\u00e1n una duraci\u00f3n de una hora. \u00abDependiendo de la demanda, se programar\u00e1n dos vuelos por semana y esperamos que debido a la magnitud de la capacidad de personas que puedan trasladarse, poder generar una mayor frecuencia de vuelos\u201d, a\u00f1adi\u00f3.<\/span><\/p>\n<p style=\"text-align: justify;\"><span style=\"font-size: 12.16px;\">Manifest\u00f3 que en la actualidad existen vuelos que conectan Chachapoyas con Tarapoto, regi\u00f3n San Mart\u00edn, en avionetas cuya capacidad es de 8 personas, en un viaje que dura 25 minutos.<\/span><\/p>\n<p style=\"text-align: justify;\"><span style=\"font-size: 12.16px;\">Con los vuelos desde Lima se contribuye a que el turista llegue de forma directa, logrando un ahorro de tiempo, el cual podr\u00e1 ser aprovechado para viajar a m\u00e1s lugares dentro de la regi\u00f3n, que no est\u00e1n solamente en la parte sur, sino tambi\u00e9n en la parte norte, que se caracteriza por la presencia de comunidades ind\u00edgenas Awaj\u00fan y Huambisa.<\/span><\/p>\n<p style=\"text-align: justify;\"><span style=\"font-size: 12.16px;\">Por \u00faltimo, sobre el certamen de belleza \u00abMiss World Per\u00fa 2017\u00bb, que se realizar\u00e1 entre el 4 y 11 de marzo, Saravia D\u00edaz coment\u00f3 que todas las participantes viajar\u00e1n a Chachapoyas y all\u00ed recorrer\u00e1n los distintos parajes tur\u00edsticos, tanto como Ku\u00e9lap, el sarc\u00f3fago de Carajilla, la catarata Gocta, museos, Jumbilla, entre otras localidades, con la finalidad de que puedan promover el turismo en la regi\u00f3n.<\/span><\/p>\n<p style=\"text-align: justify;\"><span style=\"font-size: 12.16px;\"><strong><em>Fuente: Andina<\/em><\/strong><\/span><\/p>\n<p style=\"text-align: justify;\"><span style=\"font-size: 12.16px;\"><strong><em><img decoding=\"async\" src=\"images\/stories\/17\/01\/230117\/chachapoyas.jpg\" border=\"0\" \/><br \/><\/em><\/strong><\/span><\/p>\n","protected":false},"excerpt":{"rendered":"<p>(Aeronoticias) La regi\u00f3n Amazonas espera posicionarse este a\u00f1o como destino tur\u00edstico y recibir un mayor n\u00famero de turistas nacionales extranjeros con el apoyo de m\u00e1s vuelos hacia Chachapoyas y la puesta en marcha del telef\u00e9rico de Ku\u00e9lap. As\u00ed lo afirm\u00f3 el gerente regional de Desarrollo Social de Amazonas, Yesper Saravia D\u00edaz. quien destac\u00f3 tambi\u00e9n la [&hellip;]<\/p>\n","protected":false},"author":1,"featured_media":0,"comment_status":"open","ping_status":"open","sticky":false,"template":"","format":"standard","meta":{"tdm_status":"","tdm_grid_status":"","footnotes":""},"categories":[31],"tags":[],"class_list":{"0":"post-56270","1":"post","2":"type-post","3":"status-publish","4":"format-standard","6":"category-31"},"yoast_head":"<!-- This site is optimized with the Yoast SEO plugin v25.1 - https:\/\/yoast.com\/wordpress\/plugins\/seo\/ -->\n<title>Amazonas espera posicionarse como destino tur\u00edstico con m\u00e1s vuelos y telef\u00e9rico<\/title>\n<meta name=\"description\" content=\"Portal de noticias del Per\u00fa sobre el transporte a\u00e9reo, aviaci\u00f3n, turismo, hoteleria, actualidad.\" \/>\n<meta name=\"robots\" content=\"index, follow, max-snippet:-1, max-image-preview:large, max-video-preview:-1\" \/>\n<link rel=\"canonical\" href=\"https:\/\/aeronoticias.com.pe\/noticiero\/turismo\/13\/amazonas-espera-posicionarse-como-destino-turistico-con-mas-vuelos-y-teleferico\/\" \/>\n<meta property=\"og:locale\" content=\"es_ES\" \/>\n<meta property=\"og:type\" content=\"article\" \/>\n<meta property=\"og:title\" content=\"Amazonas espera posicionarse como destino tur\u00edstico con m\u00e1s vuelos y telef\u00e9rico\" \/>\n<meta property=\"og:description\" content=\"Portal de noticias del Per\u00fa sobre el transporte a\u00e9reo, aviaci\u00f3n, turismo, hoteleria, actualidad.\" \/>\n<meta property=\"og:url\" content=\"https:\/\/aeronoticias.com.pe\/noticiero\/turismo\/13\/amazonas-espera-posicionarse-como-destino-turistico-con-mas-vuelos-y-teleferico\/\" \/>\n<meta property=\"og:site_name\" content=\"Aeronoticias.com.pe\" \/>\n<meta property=\"article:publisher\" content=\"https:\/\/www.facebook.com\/Aeronoticias.com.pe\/\" \/>\n<meta property=\"article:published_time\" content=\"2017-01-23T17:43:52+00:00\" \/>\n<meta name=\"author\" content=\"Redacci\u00f3n Aeronoticias\" \/>\n<meta name=\"twitter:card\" content=\"summary_large_image\" \/>\n<meta name=\"twitter:creator\" content=\"@aeronoticias\" \/>\n<meta name=\"twitter:site\" content=\"@aeronoticias\" \/>\n<meta name=\"twitter:label1\" content=\"Escrito por\" \/>\n\t<meta name=\"twitter:data1\" content=\"Redacci\u00f3n Aeronoticias\" \/>\n\t<meta name=\"twitter:label2\" content=\"Tiempo de lectura\" \/>\n\t<meta name=\"twitter:data2\" content=\"2 minutos\" \/>\n<script type=\"application\/ld+json\" class=\"yoast-schema-graph\">{\"@context\":\"https:\/\/schema.org\",\"@graph\":[{\"@type\":\"WebPage\",\"@id\":\"https:\/\/aeronoticias.com.pe\/noticiero\/turismo\/13\/amazonas-espera-posicionarse-como-destino-turistico-con-mas-vuelos-y-teleferico\/\",\"url\":\"https:\/\/aeronoticias.com.pe\/noticiero\/turismo\/13\/amazonas-espera-posicionarse-como-destino-turistico-con-mas-vuelos-y-teleferico\/\",\"name\":\"Amazonas espera posicionarse como destino tur\u00edstico con m\u00e1s vuelos y telef\u00e9rico\",\"isPartOf\":{\"@id\":\"https:\/\/aeronoticias.com.pe\/noticiero\/#website\"},\"datePublished\":\"2017-01-23T17:43:52+00:00\",\"author\":{\"@id\":\"https:\/\/aeronoticias.com.pe\/noticiero\/#\/schema\/person\/fc1e5d578f4b62ba1cf7ac2bba1170a0\"},\"description\":\"Portal de noticias del Per\u00fa sobre el transporte a\u00e9reo, aviaci\u00f3n, turismo, hoteleria, actualidad.\",\"breadcrumb\":{\"@id\":\"https:\/\/aeronoticias.com.pe\/noticiero\/turismo\/13\/amazonas-espera-posicionarse-como-destino-turistico-con-mas-vuelos-y-teleferico\/#breadcrumb\"},\"inLanguage\":\"es\",\"potentialAction\":[{\"@type\":\"ReadAction\",\"target\":[\"https:\/\/aeronoticias.com.pe\/noticiero\/turismo\/13\/amazonas-espera-posicionarse-como-destino-turistico-con-mas-vuelos-y-teleferico\/\"]}]},{\"@type\":\"BreadcrumbList\",\"@id\":\"https:\/\/aeronoticias.com.pe\/noticiero\/turismo\/13\/amazonas-espera-posicionarse-como-destino-turistico-con-mas-vuelos-y-teleferico\/#breadcrumb\",\"itemListElement\":[{\"@type\":\"ListItem\",\"position\":1,\"name\":\"Portada\",\"item\":\"https:\/\/aeronoticias.com.pe\/noticiero\/\"},{\"@type\":\"ListItem\",\"position\":2,\"name\":\"Amazonas espera posicionarse como destino tur\u00edstico con m\u00e1s vuelos y telef\u00e9rico\"}]},{\"@type\":\"WebSite\",\"@id\":\"https:\/\/aeronoticias.com.pe\/noticiero\/#website\",\"url\":\"https:\/\/aeronoticias.com.pe\/noticiero\/\",\"name\":\"Aeronoticias.com.pe\",\"description\":\"Noticias de tranporte aereo, turismo, hoteles, gastronomia, actualidad, internacional\",\"potentialAction\":[{\"@type\":\"SearchAction\",\"target\":{\"@type\":\"EntryPoint\",\"urlTemplate\":\"https:\/\/aeronoticias.com.pe\/noticiero\/?s={search_term_string}\"},\"query-input\":{\"@type\":\"PropertyValueSpecification\",\"valueRequired\":true,\"valueName\":\"search_term_string\"}}],\"inLanguage\":\"es\"},{\"@type\":\"Person\",\"@id\":\"https:\/\/aeronoticias.com.pe\/noticiero\/#\/schema\/person\/fc1e5d578f4b62ba1cf7ac2bba1170a0\",\"name\":\"Redacci\u00f3n Aeronoticias\",\"url\":\"https:\/\/aeronoticias.com.pe\/noticiero\/author\/piloto\/\"}]}<\/script>\n<!-- \/ Yoast SEO plugin. -->","yoast_head_json":{"title":"Amazonas espera posicionarse como destino tur\u00edstico con m\u00e1s vuelos y telef\u00e9rico","description":"Portal de noticias del Per\u00fa sobre el transporte a\u00e9reo, aviaci\u00f3n, turismo, hoteleria, actualidad.","robots":{"index":"index","follow":"follow","max-snippet":"max-snippet:-1","max-image-preview":"max-image-preview:large","max-video-preview":"max-video-preview:-1"},"canonical":"https:\/\/aeronoticias.com.pe\/noticiero\/turismo\/13\/amazonas-espera-posicionarse-como-destino-turistico-con-mas-vuelos-y-teleferico\/","og_locale":"es_ES","og_type":"article","og_title":"Amazonas espera posicionarse como destino tur\u00edstico con m\u00e1s vuelos y telef\u00e9rico","og_description":"Portal de noticias del Per\u00fa sobre el transporte a\u00e9reo, aviaci\u00f3n, turismo, hoteleria, actualidad.","og_url":"https:\/\/aeronoticias.com.pe\/noticiero\/turismo\/13\/amazonas-espera-posicionarse-como-destino-turistico-con-mas-vuelos-y-teleferico\/","og_site_name":"Aeronoticias.com.pe","article_publisher":"https:\/\/www.facebook.com\/Aeronoticias.com.pe\/","article_published_time":"2017-01-23T17:43:52+00:00","author":"Redacci\u00f3n Aeronoticias","twitter_card":"summary_large_image","twitter_creator":"@aeronoticias","twitter_site":"@aeronoticias","twitter_misc":{"Escrito por":"Redacci\u00f3n Aeronoticias","Tiempo de lectura":"2 minutos"},"schema":{"@context":"https:\/\/schema.org","@graph":[{"@type":"WebPage","@id":"https:\/\/aeronoticias.com.pe\/noticiero\/turismo\/13\/amazonas-espera-posicionarse-como-destino-turistico-con-mas-vuelos-y-teleferico\/","url":"https:\/\/aeronoticias.com.pe\/noticiero\/turismo\/13\/amazonas-espera-posicionarse-como-destino-turistico-con-mas-vuelos-y-teleferico\/","name":"Amazonas espera posicionarse como destino tur\u00edstico con m\u00e1s vuelos y telef\u00e9rico","isPartOf":{"@id":"https:\/\/aeronoticias.com.pe\/noticiero\/#website"},"datePublished":"2017-01-23T17:43:52+00:00","author":{"@id":"https:\/\/aeronoticias.com.pe\/noticiero\/#\/schema\/person\/fc1e5d578f4b62ba1cf7ac2bba1170a0"},"description":"Portal de noticias del Per\u00fa sobre el transporte a\u00e9reo, aviaci\u00f3n, turismo, hoteleria, actualidad.","breadcrumb":{"@id":"https:\/\/aeronoticias.com.pe\/noticiero\/turismo\/13\/amazonas-espera-posicionarse-como-destino-turistico-con-mas-vuelos-y-teleferico\/#breadcrumb"},"inLanguage":"es","potentialAction":[{"@type":"ReadAction","target":["https:\/\/aeronoticias.com.pe\/noticiero\/turismo\/13\/amazonas-espera-posicionarse-como-destino-turistico-con-mas-vuelos-y-teleferico\/"]}]},{"@type":"BreadcrumbList","@id":"https:\/\/aeronoticias.com.pe\/noticiero\/turismo\/13\/amazonas-espera-posicionarse-como-destino-turistico-con-mas-vuelos-y-teleferico\/#breadcrumb","itemListElement":[{"@type":"ListItem","position":1,"name":"Portada","item":"https:\/\/aeronoticias.com.pe\/noticiero\/"},{"@type":"ListItem","position":2,"name":"Amazonas espera posicionarse como destino tur\u00edstico con m\u00e1s vuelos y telef\u00e9rico"}]},{"@type":"WebSite","@id":"https:\/\/aeronoticias.com.pe\/noticiero\/#website","url":"https:\/\/aeronoticias.com.pe\/noticiero\/","name":"Aeronoticias.com.pe","description":"Noticias de tranporte aereo, turismo, hoteles, gastronomia, actualidad, internacional","potentialAction":[{"@type":"SearchAction","target":{"@type":"EntryPoint","urlTemplate":"https:\/\/aeronoticias.com.pe\/noticiero\/?s={search_term_string}"},"query-input":{"@type":"PropertyValueSpecification","valueRequired":true,"valueName":"search_term_string"}}],"inLanguage":"es"},{"@type":"Person","@id":"https:\/\/aeronoticias.com.pe\/noticiero\/#\/schema\/person\/fc1e5d578f4b62ba1cf7ac2bba1170a0","name":"Redacci\u00f3n Aeronoticias","url":"https:\/\/aeronoticias.com.pe\/noticiero\/author\/piloto\/"}]}},"_links":{"self":[{"href":"https:\/\/aeronoticias.com.pe\/noticiero\/wp-json\/wp\/v2\/posts\/56270","targetHints":{"allow":["GET"]}}],"collection":[{"href":"https:\/\/aeronoticias.com.pe\/noticiero\/wp-json\/wp\/v2\/posts"}],"about":[{"href":"https:\/\/aeronoticias.com.pe\/noticiero\/wp-json\/wp\/v2\/types\/post"}],"author":[{"embeddable":true,"href":"https:\/\/aeronoticias.com.pe\/noticiero\/wp-json\/wp\/v2\/users\/1"}],"replies":[{"embeddable":true,"href":"https:\/\/aeronoticias.com.pe\/noticiero\/wp-json\/wp\/v2\/comments?post=56270"}],"version-history":[{"count":0,"href":"https:\/\/aeronoticias.com.pe\/noticiero\/wp-json\/wp\/v2\/posts\/56270\/revisions"}],"wp:attachment":[{"href":"https:\/\/aeronoticias.com.pe\/noticiero\/wp-json\/wp\/v2\/media?parent=56270"}],"wp:term":[{"taxonomy":"category","embeddable":true,"href":"https:\/\/aeronoticias.com.pe\/noticiero\/wp-json\/wp\/v2\/categories?post=56270"},{"taxonomy":"post_tag","embeddable":true,"href":"https:\/\/aeronoticias.com.pe\/noticiero\/wp-json\/wp\/v2\/tags?post=56270"}],"curies":[{"name":"wp","href":"https:\/\/api.w.org\/{rel}","templated":true}]}}