{"id":56272,"date":"2017-01-24T15:11:47","date_gmt":"2017-01-24T15:11:47","guid":{"rendered":"http:\/\/desarrollo.mcvicious.com\/aero2020\/2017\/01\/24\/empleados-civiles-de-la-dgac-de-chile-piden-privilegios-de-militares\/"},"modified":"2017-01-24T15:11:47","modified_gmt":"2017-01-24T15:11:47","slug":"empleados-civiles-de-la-dgac-de-chile-piden-privilegios-de-militares","status":"publish","type":"post","link":"https:\/\/aeronoticias.com.pe\/noticiero\/internacionales\/empleados-civiles-de-la-dgac-de-chile-piden-privilegios-de-militares\/","title":{"rendered":"Empleados civiles de la DGAC de Chile piden privilegios de militares"},"content":{"rendered":"<p style=\"text-align: justify;\"><span style=\"font-size: 10.1333px;\"><strong>(Aeronoticias)<\/strong> Un total de 1,317 empleados civiles de la Direcci\u00f3n General de Aeron\u00e1utica Civil de Chile buscan pasar a la Caja de Previsi\u00f3n de la Defensa Nacional de los miembros de las Fuerzas Armadas para disfrutar de sus privilegios.<\/span><\/p>\n<p style=\"text-align: justify;\"><span style=\"font-size: 10.1333px;\"> <\/span><span style=\"font-size: 10.1333px;\">La pugna ha sido calificada como un \u00bb conflicto artificial\u00bb por el ministro de la Corte Suprema, Sergio Mu\u00f1\u00f3z, acotando que el inter\u00e9s pecuniario no puede confabularse para conseguir el pronunciamiento de los tribunales.<\/span><\/p>\n<p style=\"text-align: justify;\"><span style=\"font-size: 10.1333px;\">Mientras tanto se leen comentarios en las redes sociales que dicen que los empleados de la DGAC de Chile quieren tomar posesi\u00f3n de la aeron\u00e1utica civil y desligarla de la FACH, pero a su vez quieren pertenecer al sistema de jubilaci\u00f3n de las FF.AA, \u00bb lo cual es una inconsecuencia total y frescura suprema\u00bb. <\/span><\/p>\n<p style=\"text-align: justify;\"><span style=\"font-size: 10.1333px;\"><img decoding=\"async\" src=\"images\/stories\/17\/01\/240117\/sergiomuoz.jpg\" border=\"0\" \/><br \/><\/span><\/p>\n<div style=\"text-align: justify;\"><\/div>\n","protected":false},"excerpt":{"rendered":"<p>(Aeronoticias) Un total de 1,317 empleados civiles de la Direcci\u00f3n General de Aeron\u00e1utica Civil de Chile buscan pasar a la Caja de Previsi\u00f3n de la Defensa Nacional de los miembros de las Fuerzas Armadas para disfrutar de sus privilegios. La pugna ha sido calificada como un \u00bb conflicto artificial\u00bb por el ministro de la Corte [&hellip;]<\/p>\n","protected":false},"author":1,"featured_media":0,"comment_status":"open","ping_status":"open","sticky":false,"template":"","format":"standard","meta":{"tdm_status":"","tdm_grid_status":"","footnotes":""},"categories":[34],"tags":[],"class_list":{"0":"post-56272","1":"post","2":"type-post","3":"status-publish","4":"format-standard","6":"category-internacionales"},"yoast_head":"<!-- This site is optimized with the Yoast SEO plugin v25.1 - https:\/\/yoast.com\/wordpress\/plugins\/seo\/ -->\n<title>Empleados civiles de la DGAC de Chile piden privilegios de militares<\/title>\n<meta name=\"description\" content=\"Portal de noticias del Per\u00fa sobre el transporte a\u00e9reo, aviaci\u00f3n, turismo, hoteleria, actualidad.\" \/>\n<meta name=\"robots\" content=\"index, follow, max-snippet:-1, max-image-preview:large, max-video-preview:-1\" \/>\n<link rel=\"canonical\" href=\"https:\/\/aeronoticias.com.pe\/noticiero\/internacionales\/empleados-civiles-de-la-dgac-de-chile-piden-privilegios-de-militares\/\" \/>\n<meta property=\"og:locale\" content=\"es_ES\" \/>\n<meta property=\"og:type\" content=\"article\" \/>\n<meta property=\"og:title\" content=\"Empleados civiles de la DGAC de Chile piden privilegios de militares\" \/>\n<meta property=\"og:description\" content=\"Portal de noticias del Per\u00fa sobre el transporte a\u00e9reo, aviaci\u00f3n, turismo, hoteleria, actualidad.\" \/>\n<meta property=\"og:url\" content=\"https:\/\/aeronoticias.com.pe\/noticiero\/internacionales\/empleados-civiles-de-la-dgac-de-chile-piden-privilegios-de-militares\/\" \/>\n<meta property=\"og:site_name\" content=\"Aeronoticias.com.pe\" \/>\n<meta property=\"article:publisher\" content=\"https:\/\/www.facebook.com\/Aeronoticias.com.pe\/\" \/>\n<meta property=\"article:published_time\" content=\"2017-01-24T15:11:47+00:00\" \/>\n<meta name=\"author\" content=\"Redacci\u00f3n Aeronoticias\" \/>\n<meta name=\"twitter:card\" content=\"summary_large_image\" \/>\n<meta name=\"twitter:creator\" content=\"@aeronoticias\" \/>\n<meta name=\"twitter:site\" content=\"@aeronoticias\" \/>\n<meta name=\"twitter:label1\" content=\"Escrito por\" \/>\n\t<meta name=\"twitter:data1\" content=\"Redacci\u00f3n Aeronoticias\" \/>\n\t<meta name=\"twitter:label2\" content=\"Tiempo de lectura\" \/>\n\t<meta name=\"twitter:data2\" content=\"1 minuto\" \/>\n<script type=\"application\/ld+json\" class=\"yoast-schema-graph\">{\"@context\":\"https:\/\/schema.org\",\"@graph\":[{\"@type\":\"WebPage\",\"@id\":\"https:\/\/aeronoticias.com.pe\/noticiero\/internacionales\/empleados-civiles-de-la-dgac-de-chile-piden-privilegios-de-militares\/\",\"url\":\"https:\/\/aeronoticias.com.pe\/noticiero\/internacionales\/empleados-civiles-de-la-dgac-de-chile-piden-privilegios-de-militares\/\",\"name\":\"Empleados civiles de la DGAC de Chile piden privilegios de militares\",\"isPartOf\":{\"@id\":\"https:\/\/aeronoticias.com.pe\/noticiero\/#website\"},\"datePublished\":\"2017-01-24T15:11:47+00:00\",\"author\":{\"@id\":\"https:\/\/aeronoticias.com.pe\/noticiero\/#\/schema\/person\/fc1e5d578f4b62ba1cf7ac2bba1170a0\"},\"description\":\"Portal de noticias del Per\u00fa sobre el transporte a\u00e9reo, aviaci\u00f3n, turismo, hoteleria, actualidad.\",\"breadcrumb\":{\"@id\":\"https:\/\/aeronoticias.com.pe\/noticiero\/internacionales\/empleados-civiles-de-la-dgac-de-chile-piden-privilegios-de-militares\/#breadcrumb\"},\"inLanguage\":\"es\",\"potentialAction\":[{\"@type\":\"ReadAction\",\"target\":[\"https:\/\/aeronoticias.com.pe\/noticiero\/internacionales\/empleados-civiles-de-la-dgac-de-chile-piden-privilegios-de-militares\/\"]}]},{\"@type\":\"BreadcrumbList\",\"@id\":\"https:\/\/aeronoticias.com.pe\/noticiero\/internacionales\/empleados-civiles-de-la-dgac-de-chile-piden-privilegios-de-militares\/#breadcrumb\",\"itemListElement\":[{\"@type\":\"ListItem\",\"position\":1,\"name\":\"Portada\",\"item\":\"https:\/\/aeronoticias.com.pe\/noticiero\/\"},{\"@type\":\"ListItem\",\"position\":2,\"name\":\"Empleados civiles de la DGAC de Chile piden privilegios de militares\"}]},{\"@type\":\"WebSite\",\"@id\":\"https:\/\/aeronoticias.com.pe\/noticiero\/#website\",\"url\":\"https:\/\/aeronoticias.com.pe\/noticiero\/\",\"name\":\"Aeronoticias.com.pe\",\"description\":\"Noticias de tranporte aereo, turismo, hoteles, gastronomia, actualidad, internacional\",\"potentialAction\":[{\"@type\":\"SearchAction\",\"target\":{\"@type\":\"EntryPoint\",\"urlTemplate\":\"https:\/\/aeronoticias.com.pe\/noticiero\/?s={search_term_string}\"},\"query-input\":{\"@type\":\"PropertyValueSpecification\",\"valueRequired\":true,\"valueName\":\"search_term_string\"}}],\"inLanguage\":\"es\"},{\"@type\":\"Person\",\"@id\":\"https:\/\/aeronoticias.com.pe\/noticiero\/#\/schema\/person\/fc1e5d578f4b62ba1cf7ac2bba1170a0\",\"name\":\"Redacci\u00f3n Aeronoticias\",\"url\":\"https:\/\/aeronoticias.com.pe\/noticiero\/author\/piloto\/\"}]}<\/script>\n<!-- \/ Yoast SEO plugin. -->","yoast_head_json":{"title":"Empleados civiles de la DGAC de Chile piden privilegios de militares","description":"Portal de noticias del Per\u00fa sobre el transporte a\u00e9reo, aviaci\u00f3n, turismo, hoteleria, actualidad.","robots":{"index":"index","follow":"follow","max-snippet":"max-snippet:-1","max-image-preview":"max-image-preview:large","max-video-preview":"max-video-preview:-1"},"canonical":"https:\/\/aeronoticias.com.pe\/noticiero\/internacionales\/empleados-civiles-de-la-dgac-de-chile-piden-privilegios-de-militares\/","og_locale":"es_ES","og_type":"article","og_title":"Empleados civiles de la DGAC de Chile piden privilegios de militares","og_description":"Portal de noticias del Per\u00fa sobre el transporte a\u00e9reo, aviaci\u00f3n, turismo, hoteleria, actualidad.","og_url":"https:\/\/aeronoticias.com.pe\/noticiero\/internacionales\/empleados-civiles-de-la-dgac-de-chile-piden-privilegios-de-militares\/","og_site_name":"Aeronoticias.com.pe","article_publisher":"https:\/\/www.facebook.com\/Aeronoticias.com.pe\/","article_published_time":"2017-01-24T15:11:47+00:00","author":"Redacci\u00f3n Aeronoticias","twitter_card":"summary_large_image","twitter_creator":"@aeronoticias","twitter_site":"@aeronoticias","twitter_misc":{"Escrito por":"Redacci\u00f3n Aeronoticias","Tiempo de lectura":"1 minuto"},"schema":{"@context":"https:\/\/schema.org","@graph":[{"@type":"WebPage","@id":"https:\/\/aeronoticias.com.pe\/noticiero\/internacionales\/empleados-civiles-de-la-dgac-de-chile-piden-privilegios-de-militares\/","url":"https:\/\/aeronoticias.com.pe\/noticiero\/internacionales\/empleados-civiles-de-la-dgac-de-chile-piden-privilegios-de-militares\/","name":"Empleados civiles de la DGAC de Chile piden privilegios de militares","isPartOf":{"@id":"https:\/\/aeronoticias.com.pe\/noticiero\/#website"},"datePublished":"2017-01-24T15:11:47+00:00","author":{"@id":"https:\/\/aeronoticias.com.pe\/noticiero\/#\/schema\/person\/fc1e5d578f4b62ba1cf7ac2bba1170a0"},"description":"Portal de noticias del Per\u00fa sobre el transporte a\u00e9reo, aviaci\u00f3n, turismo, hoteleria, actualidad.","breadcrumb":{"@id":"https:\/\/aeronoticias.com.pe\/noticiero\/internacionales\/empleados-civiles-de-la-dgac-de-chile-piden-privilegios-de-militares\/#breadcrumb"},"inLanguage":"es","potentialAction":[{"@type":"ReadAction","target":["https:\/\/aeronoticias.com.pe\/noticiero\/internacionales\/empleados-civiles-de-la-dgac-de-chile-piden-privilegios-de-militares\/"]}]},{"@type":"BreadcrumbList","@id":"https:\/\/aeronoticias.com.pe\/noticiero\/internacionales\/empleados-civiles-de-la-dgac-de-chile-piden-privilegios-de-militares\/#breadcrumb","itemListElement":[{"@type":"ListItem","position":1,"name":"Portada","item":"https:\/\/aeronoticias.com.pe\/noticiero\/"},{"@type":"ListItem","position":2,"name":"Empleados civiles de la DGAC de Chile piden privilegios de militares"}]},{"@type":"WebSite","@id":"https:\/\/aeronoticias.com.pe\/noticiero\/#website","url":"https:\/\/aeronoticias.com.pe\/noticiero\/","name":"Aeronoticias.com.pe","description":"Noticias de tranporte aereo, turismo, hoteles, gastronomia, actualidad, internacional","potentialAction":[{"@type":"SearchAction","target":{"@type":"EntryPoint","urlTemplate":"https:\/\/aeronoticias.com.pe\/noticiero\/?s={search_term_string}"},"query-input":{"@type":"PropertyValueSpecification","valueRequired":true,"valueName":"search_term_string"}}],"inLanguage":"es"},{"@type":"Person","@id":"https:\/\/aeronoticias.com.pe\/noticiero\/#\/schema\/person\/fc1e5d578f4b62ba1cf7ac2bba1170a0","name":"Redacci\u00f3n Aeronoticias","url":"https:\/\/aeronoticias.com.pe\/noticiero\/author\/piloto\/"}]}},"_links":{"self":[{"href":"https:\/\/aeronoticias.com.pe\/noticiero\/wp-json\/wp\/v2\/posts\/56272","targetHints":{"allow":["GET"]}}],"collection":[{"href":"https:\/\/aeronoticias.com.pe\/noticiero\/wp-json\/wp\/v2\/posts"}],"about":[{"href":"https:\/\/aeronoticias.com.pe\/noticiero\/wp-json\/wp\/v2\/types\/post"}],"author":[{"embeddable":true,"href":"https:\/\/aeronoticias.com.pe\/noticiero\/wp-json\/wp\/v2\/users\/1"}],"replies":[{"embeddable":true,"href":"https:\/\/aeronoticias.com.pe\/noticiero\/wp-json\/wp\/v2\/comments?post=56272"}],"version-history":[{"count":0,"href":"https:\/\/aeronoticias.com.pe\/noticiero\/wp-json\/wp\/v2\/posts\/56272\/revisions"}],"wp:attachment":[{"href":"https:\/\/aeronoticias.com.pe\/noticiero\/wp-json\/wp\/v2\/media?parent=56272"}],"wp:term":[{"taxonomy":"category","embeddable":true,"href":"https:\/\/aeronoticias.com.pe\/noticiero\/wp-json\/wp\/v2\/categories?post=56272"},{"taxonomy":"post_tag","embeddable":true,"href":"https:\/\/aeronoticias.com.pe\/noticiero\/wp-json\/wp\/v2\/tags?post=56272"}],"curies":[{"name":"wp","href":"https:\/\/api.w.org\/{rel}","templated":true}]}}