{"id":56273,"date":"2017-01-24T15:16:01","date_gmt":"2017-01-24T15:16:01","guid":{"rendered":"http:\/\/desarrollo.mcvicious.com\/aero2020\/2017\/01\/24\/alcalde-de-cusco-sobre-aeropuerto-de-chinchero-no-podemos-dar-marcha-atras\/"},"modified":"2017-01-24T15:16:01","modified_gmt":"2017-01-24T15:16:01","slug":"alcalde-de-cusco-sobre-aeropuerto-de-chinchero-no-podemos-dar-marcha-atras","status":"publish","type":"post","link":"https:\/\/aeronoticias.com.pe\/noticiero\/nacionales\/alcalde-de-cusco-sobre-aeropuerto-de-chinchero-no-podemos-dar-marcha-atras\/","title":{"rendered":"Alcalde de Cusco sobre aeropuerto de Chinchero: no podemos dar marcha atr\u00e1s"},"content":{"rendered":"<p style=\"text-align: justify;\"><strong>(Aeronoticias) <\/strong><span style=\"font-size: 12.16px;\">El alcalde de la Municipalidad Provincial de Cusco, Carlos Moscoso Perea, se mostr\u00f3 a favor de la ampliaci\u00f3n del aeropuerto de Chinchero sin importar posibles falencias.<\/span><\/p>\n<p style=\"text-align: justify;\"><span style=\"font-size: 12.16px;\">\u201cHay que entender que el aeropuerto tiene que ir con aguas, con un perfil mal hecho, lo que sea, el asunto es avanzar y comenzar la obra\u201d, indic\u00f3 el burgomaestre al acusar a grupos centralistas de intentar obstaculizar el inicio del proyecto.<\/span><\/p>\n<p style=\"text-align: justify;\"><span style=\"font-size: 12.16px;\">Para Moscoso Perea, existen intereses capitalinos de paralizar la obra o postergarla para beneficiar a un conjunto de personas interesadas en no efectuar la obra, que argumentar\u00edan que la misma no podr\u00eda ejecutarse por fallas en el terreno o por actos de corrupci\u00f3n.<\/span><\/p>\n<p style=\"text-align: justify;\"><span style=\"font-size: 12.16px;\">\u201cEst\u00e1n saliendo declaraciones, cantos de sirena le llamo yo, de los lobistas lime\u00f1os de los centralistas, de los opositores al aeropuerto, a \u00e9stas alturas cuando ya estamos iniciando la obra, que dicen que habr\u00eda que revisar el contrato porque estaba mal hecho, que dicen que hab\u00edan aguas en el subsuelo que impedir\u00edan hacer el aeropuerto y finalmente que dicen que habr\u00eda corrupci\u00f3n\u201d, indic\u00f3.<\/span><\/p>\n<p style=\"text-align: justify;\"><span style=\"font-size: 12.16px;\">Dijo estar de acuerdo con la decisi\u00f3n tomada por el Poder Ejecutivo, de firmar una nueva adenda que disminuir\u00e1 costos invertidos en la ejecuci\u00f3n del terminal aeroportuario.<\/span><\/p>\n<p style=\"text-align: justify;\"><span style=\"font-size: 12.16px;\">Ante el cuestionamiento hecho por autoridades, dirigentes sindicales y un sector de la ciudadan\u00eda, a las declaraciones sobre el aeropuerto, el alcalde se escud\u00f3 en la figura literaria \u201ctropos\u201d, para justificar su posici\u00f3n.<\/span><\/p>\n<p style=\"text-align: justify;\"><span style=\"font-size: 12.16px;\">\u201cEn la gram\u00e1tica y en la literatura hay una figura que se llama tropo, el tropo significa que si descontextualizamos algo de lo que se ha dicho, se va a entender una cosa distinta, pero no, yo lo que estoy diciendo es que en el tema de la decisi\u00f3n del aeropuerto no podemos dar marcha atr\u00e1s\u201d, sostuvo.<\/span><\/p>\n<p style=\"text-align: justify;\"><span style=\"font-size: 12.16px;\"><br \/><strong><em>Fuente: Infoturper\u00fa<\/em><\/strong><\/span><\/p>\n<p style=\"text-align: justify;\"><span style=\"font-size: 12.16px;\"><img decoding=\"async\" src=\"images\/stories\/17\/01\/240117\/chinchero.jpg\" border=\"0\" \/><br \/><\/span><\/p>\n","protected":false},"excerpt":{"rendered":"<p>(Aeronoticias) El alcalde de la Municipalidad Provincial de Cusco, Carlos Moscoso Perea, se mostr\u00f3 a favor de la ampliaci\u00f3n del aeropuerto de Chinchero sin importar posibles falencias. \u201cHay que entender que el aeropuerto tiene que ir con aguas, con un perfil mal hecho, lo que sea, el asunto es avanzar y comenzar la obra\u201d, indic\u00f3 [&hellip;]<\/p>\n","protected":false},"author":1,"featured_media":0,"comment_status":"open","ping_status":"open","sticky":false,"template":"","format":"standard","meta":{"tdm_status":"","tdm_grid_status":"","footnotes":""},"categories":[38],"tags":[],"class_list":{"0":"post-56273","1":"post","2":"type-post","3":"status-publish","4":"format-standard","6":"category-nacionales"},"yoast_head":"<!-- This site is optimized with the Yoast SEO plugin v25.1 - https:\/\/yoast.com\/wordpress\/plugins\/seo\/ -->\n<title>Alcalde de Cusco sobre aeropuerto de Chinchero: no podemos dar marcha atr\u00e1s<\/title>\n<meta name=\"description\" content=\"Portal de noticias del Per\u00fa sobre el transporte a\u00e9reo, aviaci\u00f3n, turismo, hoteleria, actualidad.\" \/>\n<meta name=\"robots\" content=\"index, follow, max-snippet:-1, max-image-preview:large, max-video-preview:-1\" \/>\n<link rel=\"canonical\" href=\"https:\/\/aeronoticias.com.pe\/noticiero\/nacionales\/alcalde-de-cusco-sobre-aeropuerto-de-chinchero-no-podemos-dar-marcha-atras\/\" \/>\n<meta property=\"og:locale\" content=\"es_ES\" \/>\n<meta property=\"og:type\" content=\"article\" \/>\n<meta property=\"og:title\" content=\"Alcalde de Cusco sobre aeropuerto de Chinchero: no podemos dar marcha atr\u00e1s\" \/>\n<meta property=\"og:description\" content=\"Portal de noticias del Per\u00fa sobre el transporte a\u00e9reo, aviaci\u00f3n, turismo, hoteleria, actualidad.\" \/>\n<meta property=\"og:url\" content=\"https:\/\/aeronoticias.com.pe\/noticiero\/nacionales\/alcalde-de-cusco-sobre-aeropuerto-de-chinchero-no-podemos-dar-marcha-atras\/\" \/>\n<meta property=\"og:site_name\" content=\"Aeronoticias.com.pe\" \/>\n<meta property=\"article:publisher\" content=\"https:\/\/www.facebook.com\/Aeronoticias.com.pe\/\" \/>\n<meta property=\"article:published_time\" content=\"2017-01-24T15:16:01+00:00\" \/>\n<meta name=\"author\" content=\"Redacci\u00f3n Aeronoticias\" \/>\n<meta name=\"twitter:card\" content=\"summary_large_image\" \/>\n<meta name=\"twitter:creator\" content=\"@aeronoticias\" \/>\n<meta name=\"twitter:site\" content=\"@aeronoticias\" \/>\n<meta name=\"twitter:label1\" content=\"Escrito por\" \/>\n\t<meta name=\"twitter:data1\" content=\"Redacci\u00f3n Aeronoticias\" \/>\n\t<meta name=\"twitter:label2\" content=\"Tiempo de lectura\" \/>\n\t<meta name=\"twitter:data2\" content=\"2 minutos\" \/>\n<script type=\"application\/ld+json\" class=\"yoast-schema-graph\">{\"@context\":\"https:\/\/schema.org\",\"@graph\":[{\"@type\":\"WebPage\",\"@id\":\"https:\/\/aeronoticias.com.pe\/noticiero\/nacionales\/alcalde-de-cusco-sobre-aeropuerto-de-chinchero-no-podemos-dar-marcha-atras\/\",\"url\":\"https:\/\/aeronoticias.com.pe\/noticiero\/nacionales\/alcalde-de-cusco-sobre-aeropuerto-de-chinchero-no-podemos-dar-marcha-atras\/\",\"name\":\"Alcalde de Cusco sobre aeropuerto de Chinchero: no podemos dar marcha atr\u00e1s\",\"isPartOf\":{\"@id\":\"https:\/\/aeronoticias.com.pe\/noticiero\/#website\"},\"datePublished\":\"2017-01-24T15:16:01+00:00\",\"author\":{\"@id\":\"https:\/\/aeronoticias.com.pe\/noticiero\/#\/schema\/person\/fc1e5d578f4b62ba1cf7ac2bba1170a0\"},\"description\":\"Portal de noticias del Per\u00fa sobre el transporte a\u00e9reo, aviaci\u00f3n, turismo, hoteleria, actualidad.\",\"breadcrumb\":{\"@id\":\"https:\/\/aeronoticias.com.pe\/noticiero\/nacionales\/alcalde-de-cusco-sobre-aeropuerto-de-chinchero-no-podemos-dar-marcha-atras\/#breadcrumb\"},\"inLanguage\":\"es\",\"potentialAction\":[{\"@type\":\"ReadAction\",\"target\":[\"https:\/\/aeronoticias.com.pe\/noticiero\/nacionales\/alcalde-de-cusco-sobre-aeropuerto-de-chinchero-no-podemos-dar-marcha-atras\/\"]}]},{\"@type\":\"BreadcrumbList\",\"@id\":\"https:\/\/aeronoticias.com.pe\/noticiero\/nacionales\/alcalde-de-cusco-sobre-aeropuerto-de-chinchero-no-podemos-dar-marcha-atras\/#breadcrumb\",\"itemListElement\":[{\"@type\":\"ListItem\",\"position\":1,\"name\":\"Portada\",\"item\":\"https:\/\/aeronoticias.com.pe\/noticiero\/\"},{\"@type\":\"ListItem\",\"position\":2,\"name\":\"Alcalde de Cusco sobre aeropuerto de Chinchero: no podemos dar marcha atr\u00e1s\"}]},{\"@type\":\"WebSite\",\"@id\":\"https:\/\/aeronoticias.com.pe\/noticiero\/#website\",\"url\":\"https:\/\/aeronoticias.com.pe\/noticiero\/\",\"name\":\"Aeronoticias.com.pe\",\"description\":\"Noticias de tranporte aereo, turismo, hoteles, gastronomia, actualidad, internacional\",\"potentialAction\":[{\"@type\":\"SearchAction\",\"target\":{\"@type\":\"EntryPoint\",\"urlTemplate\":\"https:\/\/aeronoticias.com.pe\/noticiero\/?s={search_term_string}\"},\"query-input\":{\"@type\":\"PropertyValueSpecification\",\"valueRequired\":true,\"valueName\":\"search_term_string\"}}],\"inLanguage\":\"es\"},{\"@type\":\"Person\",\"@id\":\"https:\/\/aeronoticias.com.pe\/noticiero\/#\/schema\/person\/fc1e5d578f4b62ba1cf7ac2bba1170a0\",\"name\":\"Redacci\u00f3n Aeronoticias\",\"url\":\"https:\/\/aeronoticias.com.pe\/noticiero\/author\/piloto\/\"}]}<\/script>\n<!-- \/ Yoast SEO plugin. -->","yoast_head_json":{"title":"Alcalde de Cusco sobre aeropuerto de Chinchero: no podemos dar marcha atr\u00e1s","description":"Portal de noticias del Per\u00fa sobre el transporte a\u00e9reo, aviaci\u00f3n, turismo, hoteleria, actualidad.","robots":{"index":"index","follow":"follow","max-snippet":"max-snippet:-1","max-image-preview":"max-image-preview:large","max-video-preview":"max-video-preview:-1"},"canonical":"https:\/\/aeronoticias.com.pe\/noticiero\/nacionales\/alcalde-de-cusco-sobre-aeropuerto-de-chinchero-no-podemos-dar-marcha-atras\/","og_locale":"es_ES","og_type":"article","og_title":"Alcalde de Cusco sobre aeropuerto de Chinchero: no podemos dar marcha atr\u00e1s","og_description":"Portal de noticias del Per\u00fa sobre el transporte a\u00e9reo, aviaci\u00f3n, turismo, hoteleria, actualidad.","og_url":"https:\/\/aeronoticias.com.pe\/noticiero\/nacionales\/alcalde-de-cusco-sobre-aeropuerto-de-chinchero-no-podemos-dar-marcha-atras\/","og_site_name":"Aeronoticias.com.pe","article_publisher":"https:\/\/www.facebook.com\/Aeronoticias.com.pe\/","article_published_time":"2017-01-24T15:16:01+00:00","author":"Redacci\u00f3n Aeronoticias","twitter_card":"summary_large_image","twitter_creator":"@aeronoticias","twitter_site":"@aeronoticias","twitter_misc":{"Escrito por":"Redacci\u00f3n Aeronoticias","Tiempo de lectura":"2 minutos"},"schema":{"@context":"https:\/\/schema.org","@graph":[{"@type":"WebPage","@id":"https:\/\/aeronoticias.com.pe\/noticiero\/nacionales\/alcalde-de-cusco-sobre-aeropuerto-de-chinchero-no-podemos-dar-marcha-atras\/","url":"https:\/\/aeronoticias.com.pe\/noticiero\/nacionales\/alcalde-de-cusco-sobre-aeropuerto-de-chinchero-no-podemos-dar-marcha-atras\/","name":"Alcalde de Cusco sobre aeropuerto de Chinchero: no podemos dar marcha atr\u00e1s","isPartOf":{"@id":"https:\/\/aeronoticias.com.pe\/noticiero\/#website"},"datePublished":"2017-01-24T15:16:01+00:00","author":{"@id":"https:\/\/aeronoticias.com.pe\/noticiero\/#\/schema\/person\/fc1e5d578f4b62ba1cf7ac2bba1170a0"},"description":"Portal de noticias del Per\u00fa sobre el transporte a\u00e9reo, aviaci\u00f3n, turismo, hoteleria, actualidad.","breadcrumb":{"@id":"https:\/\/aeronoticias.com.pe\/noticiero\/nacionales\/alcalde-de-cusco-sobre-aeropuerto-de-chinchero-no-podemos-dar-marcha-atras\/#breadcrumb"},"inLanguage":"es","potentialAction":[{"@type":"ReadAction","target":["https:\/\/aeronoticias.com.pe\/noticiero\/nacionales\/alcalde-de-cusco-sobre-aeropuerto-de-chinchero-no-podemos-dar-marcha-atras\/"]}]},{"@type":"BreadcrumbList","@id":"https:\/\/aeronoticias.com.pe\/noticiero\/nacionales\/alcalde-de-cusco-sobre-aeropuerto-de-chinchero-no-podemos-dar-marcha-atras\/#breadcrumb","itemListElement":[{"@type":"ListItem","position":1,"name":"Portada","item":"https:\/\/aeronoticias.com.pe\/noticiero\/"},{"@type":"ListItem","position":2,"name":"Alcalde de Cusco sobre aeropuerto de Chinchero: no podemos dar marcha atr\u00e1s"}]},{"@type":"WebSite","@id":"https:\/\/aeronoticias.com.pe\/noticiero\/#website","url":"https:\/\/aeronoticias.com.pe\/noticiero\/","name":"Aeronoticias.com.pe","description":"Noticias de tranporte aereo, turismo, hoteles, gastronomia, actualidad, internacional","potentialAction":[{"@type":"SearchAction","target":{"@type":"EntryPoint","urlTemplate":"https:\/\/aeronoticias.com.pe\/noticiero\/?s={search_term_string}"},"query-input":{"@type":"PropertyValueSpecification","valueRequired":true,"valueName":"search_term_string"}}],"inLanguage":"es"},{"@type":"Person","@id":"https:\/\/aeronoticias.com.pe\/noticiero\/#\/schema\/person\/fc1e5d578f4b62ba1cf7ac2bba1170a0","name":"Redacci\u00f3n Aeronoticias","url":"https:\/\/aeronoticias.com.pe\/noticiero\/author\/piloto\/"}]}},"_links":{"self":[{"href":"https:\/\/aeronoticias.com.pe\/noticiero\/wp-json\/wp\/v2\/posts\/56273","targetHints":{"allow":["GET"]}}],"collection":[{"href":"https:\/\/aeronoticias.com.pe\/noticiero\/wp-json\/wp\/v2\/posts"}],"about":[{"href":"https:\/\/aeronoticias.com.pe\/noticiero\/wp-json\/wp\/v2\/types\/post"}],"author":[{"embeddable":true,"href":"https:\/\/aeronoticias.com.pe\/noticiero\/wp-json\/wp\/v2\/users\/1"}],"replies":[{"embeddable":true,"href":"https:\/\/aeronoticias.com.pe\/noticiero\/wp-json\/wp\/v2\/comments?post=56273"}],"version-history":[{"count":0,"href":"https:\/\/aeronoticias.com.pe\/noticiero\/wp-json\/wp\/v2\/posts\/56273\/revisions"}],"wp:attachment":[{"href":"https:\/\/aeronoticias.com.pe\/noticiero\/wp-json\/wp\/v2\/media?parent=56273"}],"wp:term":[{"taxonomy":"category","embeddable":true,"href":"https:\/\/aeronoticias.com.pe\/noticiero\/wp-json\/wp\/v2\/categories?post=56273"},{"taxonomy":"post_tag","embeddable":true,"href":"https:\/\/aeronoticias.com.pe\/noticiero\/wp-json\/wp\/v2\/tags?post=56273"}],"curies":[{"name":"wp","href":"https:\/\/api.w.org\/{rel}","templated":true}]}}