{"id":56352,"date":"2017-02-16T16:33:48","date_gmt":"2017-02-16T16:33:48","guid":{"rendered":"http:\/\/desarrollo.mcvicious.com\/aero2020\/2017\/02\/16\/educacion-con-enfoque-genero-en-el-curriculo-nacional-2017-iideologia-de-genero\/"},"modified":"2017-02-16T16:33:48","modified_gmt":"2017-02-16T16:33:48","slug":"educacion-con-enfoque-genero-en-el-curriculo-nacional-2017-iideologia-de-genero","status":"publish","type":"post","link":"https:\/\/aeronoticias.com.pe\/noticiero\/nacionales\/educacion-con-enfoque-genero-en-el-curriculo-nacional-2017-iideologia-de-genero\/","title":{"rendered":"Educaci\u00f3n con enfoque g\u00e9nero en el Curriculo Nacional 2017 \u00bfIdeolog\u00eda de g\u00e9nero?"},"content":{"rendered":"<p style=\"text-align: justify;\"><strong>(Aeronoticias) <\/strong><span style=\"font-size: 12.16px;\">El programa \u201cAcercamos los Derechos\u201d de Radio Miraflores TV bajo la conducci\u00f3n de la Abogada Guliana Grimaldo Ugarriza da a conocer a la opini\u00f3n p\u00fablica las principales incidencias de la entrevista realizada al Dr. Mart\u00edn Vegas Torres, ex Viceministro de Gesti\u00f3n Pedag\u00f3gica del Ministerio de Educaci\u00f3n y \u00a0directivo del Consejo Nacional de Educaci\u00f3n sobre el tema enfoque de \u00a0g\u00e9nero en \u00a0el curr\u00edculo nacional para ser aplicado en el 2017. <\/span><\/p>\n<p style=\"text-align: justify;\">Al respecto, Giuliana Grimaldo se\u00f1al\u00f3 que diversos colectivos vienen protestando aduciendo que en \u00a0las escuelas se estar\u00eda ense\u00f1ando o imponiendo una ideolog\u00eda de g\u00e9nero o incitando a los ni\u00f1os, ni\u00f1as y adolescentes a adoptar una conducta sexual determinada como es el caso de mantener relaciones sexuales a temprana edad, homosexualidad, lesbianismo, masturbaci\u00f3n, entre otros.<\/p>\n<p style=\"text-align: justify;\">Mart\u00edn Vegas responde que precisamente a falta de una educaci\u00f3n sexual se da un incremento de embarazos en adolescentes, es un tema dif\u00edcil de tratar en nuestro pa\u00eds pero \u00a0hay que poner las cartas sobre la mesa y unificar esfuerzos \u00a0o \u00a0una buena alianza entre educadores, las familias, la escuela, los medios de comunicaci\u00f3n. \u00a0No es en los colegios donde se despierta tempranamente a una relaci\u00f3n sexual o est\u00e1n expuestos a un tipo de conductas; por ejemplo, hoy en d\u00eda los ni\u00f1os, las ni\u00f1as, los adolescentes ven programas de televisi\u00f3n no siendo apropiados para su edad, tambi\u00e9n tenemos el \u00a0internet; entonces s\u00ed en las familias y en las escuelas no se trabajan estas conductas en una l\u00f3gica como dice claramente el curr\u00edculo nacional \u00a0de \u201cauto cuidado\u201d \u00a0realmente ocurrir\u00e1 todo lo contrario, van a caer en un desconocimiento y pueden ser abusados o abusadas.<\/p>\n<p style=\"text-align: justify;\">El ex Viceministro de Educaci\u00f3n Mart\u00edn Vegas se\u00f1al\u00f3 que existe una clara desinformaci\u00f3n sobre el contenido del curr\u00edculo nacional del Ministerio de Educaci\u00f3n por lo que invita a los colectivos y a la propia Conferencia Episcopal \u00a0a leerlo a fin de no tergiversar \u00a0su contenido o crear situaciones de riesgo para los propios ni\u00f1os, ni\u00f1as y adolescentes creando un retroceso en la educaci\u00f3n de la sexualidad seria y responsable. \u00a0El contenido curricular con enfoque de g\u00e9nero data desde el 2004 y el tema de la desigualdad de oportunidades por raz\u00f3n de g\u00e9nero se hace m\u00e1s visible en el 2005 y fueron las propias mujeres parlamentarias las que introdujeron este tema.<\/p>\n<p style=\"text-align: justify;\">Mart\u00edn Vegas Torres enfatiz\u00f3 que en el curr\u00edculo nacional no existe ninguna ideolog\u00eda de g\u00e9nero, tampoco se trata de que los profesores o docentes vayan a incitar a los alumnos y alumnas a adoptar \u00a0una determinada conducta sexual refiri\u00e9ndose a la homosexualidad, lesbianismo, masturbaciones \u00a0\u00f3 \u00a0promover en los ni\u00f1os, ni\u00f1as y adolescente un despertad temprano para las relaciones sexuales.<\/p>\n<p style=\"text-align: justify;\">En principio, el docente o el profesor no podr\u00eda hacer eso, primero porque no es \u00e9tico y segundo porque de eso no trata el contenido de la educaci\u00f3n con enfoque de g\u00e9nero; he revisado s\u00ed habr\u00eda alguna denuncia contra docentes sobre el particular y no hay; sin embargo, encontramos denuncias por acoso sexual, aprovechamiento de los padres o familiares hacia los menores, embarazos en adolescentes, tocamientos \u00a0indebidos, violaciones sexuales entre otros. \u00a0Lo que puedo decirle a todos los padres de familia y a la opini\u00f3n p\u00fablica es que lean el curr\u00edculo nacional y no nos dejemos llevar por etiquetas.<\/p>\n<p style=\"text-align: justify;\">La educaci\u00f3n con enfoque de g\u00e9nero promueve como aprendizaje el lograr que los alumnos y alumnas puedan gozar de su identidad y un aspecto fundamental de la identidad es el de la sexualidad y lo que dice textualmente el curr\u00edculo nacional es \u00a0que \u201cvive su sexualidad de manera plena y responsable\u201d \u00bfQu\u00e9 significa esto dice el documento? es tomar conciencia de uno mismo como hombre o mujer \u00a0a partir del desarrollo de su imagen corporal, de su identidad sexual y de g\u00e9nero as\u00ed como la exploraci\u00f3n y valoraci\u00f3n de su cuerpo. Mart\u00edn Vegas Torres, se pregunta \u00bfD\u00f3nde est\u00e1 la ideolog\u00eda de g\u00e9nero, la mala fe?, todos los padres y madres de familia queremos que nuestros hijos gocen de su propia identidad. \u00a0Ellos deben saber que si un adulto les habla de una determinada manera o sienta a una ni\u00f1a en sus rodillas o piernas tiene que saber defenderse.<\/p>\n<p style=\"text-align: justify;\">La conductora Giuliana Grimaldo Ugarriza consult\u00f3 al ex Viceministro de Educaci\u00f3n, s\u00ed al se\u00f1alar en el curr\u00edculo nacional \u201cvivir su sexualidad\u201d se estar\u00eda haciendo un llamado a tener relaciones sexuales tal como lo vienen reclamando los colectivos o grupo de personas que est\u00e1n en contra y tambi\u00e9n pregunt\u00f3 si cuando se dice \u201cexplora su cuerpo\u201d se estar\u00eda promoviendo la masturbaci\u00f3n o la homosexualidad.<\/p>\n<p style=\"text-align: justify;\">Al respecto, Vegas Torres sostuvo que si se parte de un desconocimiento de lo que se entiende por educaci\u00f3n sexual \u00a0ocurren problemas bastantes m\u00e1s graves, si los ni\u00f1os, ni\u00f1as y adolescentes no son educados en valorar su cuerpo, conocerlo, respetarlo y el auto cuidado del mismo, \u00a0est\u00e1n propensos mas bien a situaciones con resultados no deseados, y siendo mucho m\u00e1s grave en mujeres, por estar en situaci\u00f3n de mayor vulnerabilidad. Ante esta desigualdad, en la relaci\u00f3n entre hombres y mujeres resulta necesario que se eduque en sexualidad precisamente para que no sea vista como algo morboso o prohibido, cuando la realidad es diferente, la sexualidad es una energ\u00eda vital positiva que todas las personas tenemos y que debemos abordar con responsabilidad; por ello es importante que la opini\u00f3n publica lo afirme y se brinde una educaci\u00f3n sexual seria y responsable como dice el curr\u00edculo nacional.<\/p>\n<p style=\"text-align: justify;\">La Abogada Lesly Llatas Ram\u00edrez, plante\u00f3 c\u00f3mo va a ser tratado por el profesor si dentro de un sal\u00f3n de clases hay un ni\u00f1o o ni\u00f1a que no tiene definida su sexualidad. Mart\u00edn Vegas respondi\u00f3 que el otro tema \u00a0fundamental \u00a0de la educaci\u00f3n sexual es el respeto. \u201cRespeto y hacerme respetar\u201d. No hay una edad determinada para la identificaci\u00f3n de su sexualidad \u00a0puede ser a los 12, 13, 14 a\u00f1os a m\u00e1s, y no es un proceso f\u00e1cil. Los padres tienen miedo que se les incite a ser de una u otra forma \u00a0o que tengan una conducta homosexual. \u00a0La clave es el respeto, pues tampoco se va a permitir hacer Bullying.<\/p>\n<p style=\"text-align: justify;\">Mart\u00edn \u00a0Vegas Torres, \u00a0se\u00f1al\u00f3 que el Consejo Nacional de Educaci\u00f3n est\u00e1 conformado por \u00a025 expertos de diversas tendencias y en diciembre se pronunci\u00f3 en el sentido que como educadores el enfoque de g\u00e9nero debe ser mantenido como elemento transversal en el curr\u00edculo nacional e informar a la sociedad y los padres de familia que este enfoque es adecuado. Lo que s\u00ed toca ahora es c\u00f3mo se va a formar a los profesores en \u00e9sta tem\u00e1tica \u00a0y que tipo de materiales educativos \u00a0se va a trabajar de acuerdo a la edad, pero hay una buena experiencia \u00a0que debemos recuperar \u00a0y extender, crear una estrategia com\u00fan para ver c\u00f3mo se va ir trabajando desde la educaci\u00f3n inicial \u00a0hasta la secundaria<\/p>\n<p style=\"text-align: justify;\">Finalmente, Lesly Llatas R, experta en derechos humanos, consider\u00f3 que la educaci\u00f3n con enfoque de g\u00e9nero no solo no ayudar\u00e1 a identificar nuestra sexualidad, a reconocernos sino a eliminar las practicas discriminatorias, pues no queremos un \u201cholocausto en el Per\u00fa\u201d ya lo tuvimos en la segunda mundial y quedo registrado en la humanidad y que nos sirva para prevenir \u00a0situaciones similares. Esforzarnos de forma colectiva, y que los padres de familia \u00a0despejen sus dudas o temores \u00a0participando en forma directa del proceso de educaci\u00f3n. Con la educaci\u00f3n de g\u00e9nero vamos a tener una generaci\u00f3n m\u00e1s \u00a0fortalecida y sana; reducir las incidencias de violencia sexual y familiar.<\/p>\n<p style=\"text-align: justify;\"><img decoding=\"async\" src=\"images\/stories\/17\/02\/160217\/ideologiadegenero.jpg\" border=\"0\" \/><\/p>\n","protected":false},"excerpt":{"rendered":"<p>(Aeronoticias) El programa \u201cAcercamos los Derechos\u201d de Radio Miraflores TV bajo la conducci\u00f3n de la Abogada Guliana Grimaldo Ugarriza da a conocer a la opini\u00f3n p\u00fablica las principales incidencias de la entrevista realizada al Dr. Mart\u00edn Vegas Torres, ex Viceministro de Gesti\u00f3n Pedag\u00f3gica del Ministerio de Educaci\u00f3n y \u00a0directivo del Consejo Nacional de Educaci\u00f3n sobre [&hellip;]<\/p>\n","protected":false},"author":1,"featured_media":0,"comment_status":"open","ping_status":"open","sticky":false,"template":"","format":"standard","meta":{"tdm_status":"","tdm_grid_status":"","footnotes":""},"categories":[38],"tags":[],"class_list":{"0":"post-56352","1":"post","2":"type-post","3":"status-publish","4":"format-standard","6":"category-nacionales"},"yoast_head":"<!-- This site is optimized with the Yoast SEO plugin v25.1 - https:\/\/yoast.com\/wordpress\/plugins\/seo\/ -->\n<title>Educaci\u00f3n con enfoque g\u00e9nero en el Curriculo Nacional 2017 \u00bfIdeolog\u00eda de g\u00e9nero?<\/title>\n<meta name=\"description\" content=\"Portal de noticias del Per\u00fa sobre el transporte a\u00e9reo, aviaci\u00f3n, turismo, hoteleria, actualidad.\" \/>\n<meta name=\"robots\" content=\"index, follow, max-snippet:-1, max-image-preview:large, max-video-preview:-1\" \/>\n<link rel=\"canonical\" href=\"https:\/\/aeronoticias.com.pe\/noticiero\/nacionales\/educacion-con-enfoque-genero-en-el-curriculo-nacional-2017-iideologia-de-genero\/\" \/>\n<meta property=\"og:locale\" content=\"es_ES\" \/>\n<meta property=\"og:type\" content=\"article\" \/>\n<meta property=\"og:title\" content=\"Educaci\u00f3n con enfoque g\u00e9nero en el Curriculo Nacional 2017 \u00bfIdeolog\u00eda de g\u00e9nero?\" \/>\n<meta property=\"og:description\" content=\"Portal de noticias del Per\u00fa sobre el transporte a\u00e9reo, aviaci\u00f3n, turismo, hoteleria, actualidad.\" \/>\n<meta property=\"og:url\" content=\"https:\/\/aeronoticias.com.pe\/noticiero\/nacionales\/educacion-con-enfoque-genero-en-el-curriculo-nacional-2017-iideologia-de-genero\/\" \/>\n<meta property=\"og:site_name\" content=\"Aeronoticias.com.pe\" \/>\n<meta property=\"article:publisher\" content=\"https:\/\/www.facebook.com\/Aeronoticias.com.pe\/\" \/>\n<meta property=\"article:published_time\" content=\"2017-02-16T16:33:48+00:00\" \/>\n<meta name=\"author\" content=\"Redacci\u00f3n Aeronoticias\" \/>\n<meta name=\"twitter:card\" content=\"summary_large_image\" \/>\n<meta name=\"twitter:creator\" content=\"@aeronoticias\" \/>\n<meta name=\"twitter:site\" content=\"@aeronoticias\" \/>\n<meta name=\"twitter:label1\" content=\"Escrito por\" \/>\n\t<meta name=\"twitter:data1\" content=\"Redacci\u00f3n Aeronoticias\" \/>\n\t<meta name=\"twitter:label2\" content=\"Tiempo de lectura\" \/>\n\t<meta name=\"twitter:data2\" content=\"7 minutos\" \/>\n<script type=\"application\/ld+json\" class=\"yoast-schema-graph\">{\"@context\":\"https:\/\/schema.org\",\"@graph\":[{\"@type\":\"WebPage\",\"@id\":\"https:\/\/aeronoticias.com.pe\/noticiero\/nacionales\/educacion-con-enfoque-genero-en-el-curriculo-nacional-2017-iideologia-de-genero\/\",\"url\":\"https:\/\/aeronoticias.com.pe\/noticiero\/nacionales\/educacion-con-enfoque-genero-en-el-curriculo-nacional-2017-iideologia-de-genero\/\",\"name\":\"Educaci\u00f3n con enfoque g\u00e9nero en el Curriculo Nacional 2017 \u00bfIdeolog\u00eda de g\u00e9nero?\",\"isPartOf\":{\"@id\":\"https:\/\/aeronoticias.com.pe\/noticiero\/#website\"},\"datePublished\":\"2017-02-16T16:33:48+00:00\",\"author\":{\"@id\":\"https:\/\/aeronoticias.com.pe\/noticiero\/#\/schema\/person\/fc1e5d578f4b62ba1cf7ac2bba1170a0\"},\"description\":\"Portal de noticias del Per\u00fa sobre el transporte a\u00e9reo, aviaci\u00f3n, turismo, hoteleria, actualidad.\",\"breadcrumb\":{\"@id\":\"https:\/\/aeronoticias.com.pe\/noticiero\/nacionales\/educacion-con-enfoque-genero-en-el-curriculo-nacional-2017-iideologia-de-genero\/#breadcrumb\"},\"inLanguage\":\"es\",\"potentialAction\":[{\"@type\":\"ReadAction\",\"target\":[\"https:\/\/aeronoticias.com.pe\/noticiero\/nacionales\/educacion-con-enfoque-genero-en-el-curriculo-nacional-2017-iideologia-de-genero\/\"]}]},{\"@type\":\"BreadcrumbList\",\"@id\":\"https:\/\/aeronoticias.com.pe\/noticiero\/nacionales\/educacion-con-enfoque-genero-en-el-curriculo-nacional-2017-iideologia-de-genero\/#breadcrumb\",\"itemListElement\":[{\"@type\":\"ListItem\",\"position\":1,\"name\":\"Portada\",\"item\":\"https:\/\/aeronoticias.com.pe\/noticiero\/\"},{\"@type\":\"ListItem\",\"position\":2,\"name\":\"Educaci\u00f3n con enfoque g\u00e9nero en el Curriculo Nacional 2017 \u00bfIdeolog\u00eda de g\u00e9nero?\"}]},{\"@type\":\"WebSite\",\"@id\":\"https:\/\/aeronoticias.com.pe\/noticiero\/#website\",\"url\":\"https:\/\/aeronoticias.com.pe\/noticiero\/\",\"name\":\"Aeronoticias.com.pe\",\"description\":\"Noticias de tranporte aereo, turismo, hoteles, gastronomia, actualidad, internacional\",\"potentialAction\":[{\"@type\":\"SearchAction\",\"target\":{\"@type\":\"EntryPoint\",\"urlTemplate\":\"https:\/\/aeronoticias.com.pe\/noticiero\/?s={search_term_string}\"},\"query-input\":{\"@type\":\"PropertyValueSpecification\",\"valueRequired\":true,\"valueName\":\"search_term_string\"}}],\"inLanguage\":\"es\"},{\"@type\":\"Person\",\"@id\":\"https:\/\/aeronoticias.com.pe\/noticiero\/#\/schema\/person\/fc1e5d578f4b62ba1cf7ac2bba1170a0\",\"name\":\"Redacci\u00f3n Aeronoticias\",\"url\":\"https:\/\/aeronoticias.com.pe\/noticiero\/author\/piloto\/\"}]}<\/script>\n<!-- \/ Yoast SEO plugin. -->","yoast_head_json":{"title":"Educaci\u00f3n con enfoque g\u00e9nero en el Curriculo Nacional 2017 \u00bfIdeolog\u00eda de g\u00e9nero?","description":"Portal de noticias del Per\u00fa sobre el transporte a\u00e9reo, aviaci\u00f3n, turismo, hoteleria, actualidad.","robots":{"index":"index","follow":"follow","max-snippet":"max-snippet:-1","max-image-preview":"max-image-preview:large","max-video-preview":"max-video-preview:-1"},"canonical":"https:\/\/aeronoticias.com.pe\/noticiero\/nacionales\/educacion-con-enfoque-genero-en-el-curriculo-nacional-2017-iideologia-de-genero\/","og_locale":"es_ES","og_type":"article","og_title":"Educaci\u00f3n con enfoque g\u00e9nero en el Curriculo Nacional 2017 \u00bfIdeolog\u00eda de g\u00e9nero?","og_description":"Portal de noticias del Per\u00fa sobre el transporte a\u00e9reo, aviaci\u00f3n, turismo, hoteleria, actualidad.","og_url":"https:\/\/aeronoticias.com.pe\/noticiero\/nacionales\/educacion-con-enfoque-genero-en-el-curriculo-nacional-2017-iideologia-de-genero\/","og_site_name":"Aeronoticias.com.pe","article_publisher":"https:\/\/www.facebook.com\/Aeronoticias.com.pe\/","article_published_time":"2017-02-16T16:33:48+00:00","author":"Redacci\u00f3n Aeronoticias","twitter_card":"summary_large_image","twitter_creator":"@aeronoticias","twitter_site":"@aeronoticias","twitter_misc":{"Escrito por":"Redacci\u00f3n Aeronoticias","Tiempo de lectura":"7 minutos"},"schema":{"@context":"https:\/\/schema.org","@graph":[{"@type":"WebPage","@id":"https:\/\/aeronoticias.com.pe\/noticiero\/nacionales\/educacion-con-enfoque-genero-en-el-curriculo-nacional-2017-iideologia-de-genero\/","url":"https:\/\/aeronoticias.com.pe\/noticiero\/nacionales\/educacion-con-enfoque-genero-en-el-curriculo-nacional-2017-iideologia-de-genero\/","name":"Educaci\u00f3n con enfoque g\u00e9nero en el Curriculo Nacional 2017 \u00bfIdeolog\u00eda de g\u00e9nero?","isPartOf":{"@id":"https:\/\/aeronoticias.com.pe\/noticiero\/#website"},"datePublished":"2017-02-16T16:33:48+00:00","author":{"@id":"https:\/\/aeronoticias.com.pe\/noticiero\/#\/schema\/person\/fc1e5d578f4b62ba1cf7ac2bba1170a0"},"description":"Portal de noticias del Per\u00fa sobre el transporte a\u00e9reo, aviaci\u00f3n, turismo, hoteleria, actualidad.","breadcrumb":{"@id":"https:\/\/aeronoticias.com.pe\/noticiero\/nacionales\/educacion-con-enfoque-genero-en-el-curriculo-nacional-2017-iideologia-de-genero\/#breadcrumb"},"inLanguage":"es","potentialAction":[{"@type":"ReadAction","target":["https:\/\/aeronoticias.com.pe\/noticiero\/nacionales\/educacion-con-enfoque-genero-en-el-curriculo-nacional-2017-iideologia-de-genero\/"]}]},{"@type":"BreadcrumbList","@id":"https:\/\/aeronoticias.com.pe\/noticiero\/nacionales\/educacion-con-enfoque-genero-en-el-curriculo-nacional-2017-iideologia-de-genero\/#breadcrumb","itemListElement":[{"@type":"ListItem","position":1,"name":"Portada","item":"https:\/\/aeronoticias.com.pe\/noticiero\/"},{"@type":"ListItem","position":2,"name":"Educaci\u00f3n con enfoque g\u00e9nero en el Curriculo Nacional 2017 \u00bfIdeolog\u00eda de g\u00e9nero?"}]},{"@type":"WebSite","@id":"https:\/\/aeronoticias.com.pe\/noticiero\/#website","url":"https:\/\/aeronoticias.com.pe\/noticiero\/","name":"Aeronoticias.com.pe","description":"Noticias de tranporte aereo, turismo, hoteles, gastronomia, actualidad, internacional","potentialAction":[{"@type":"SearchAction","target":{"@type":"EntryPoint","urlTemplate":"https:\/\/aeronoticias.com.pe\/noticiero\/?s={search_term_string}"},"query-input":{"@type":"PropertyValueSpecification","valueRequired":true,"valueName":"search_term_string"}}],"inLanguage":"es"},{"@type":"Person","@id":"https:\/\/aeronoticias.com.pe\/noticiero\/#\/schema\/person\/fc1e5d578f4b62ba1cf7ac2bba1170a0","name":"Redacci\u00f3n Aeronoticias","url":"https:\/\/aeronoticias.com.pe\/noticiero\/author\/piloto\/"}]}},"_links":{"self":[{"href":"https:\/\/aeronoticias.com.pe\/noticiero\/wp-json\/wp\/v2\/posts\/56352","targetHints":{"allow":["GET"]}}],"collection":[{"href":"https:\/\/aeronoticias.com.pe\/noticiero\/wp-json\/wp\/v2\/posts"}],"about":[{"href":"https:\/\/aeronoticias.com.pe\/noticiero\/wp-json\/wp\/v2\/types\/post"}],"author":[{"embeddable":true,"href":"https:\/\/aeronoticias.com.pe\/noticiero\/wp-json\/wp\/v2\/users\/1"}],"replies":[{"embeddable":true,"href":"https:\/\/aeronoticias.com.pe\/noticiero\/wp-json\/wp\/v2\/comments?post=56352"}],"version-history":[{"count":0,"href":"https:\/\/aeronoticias.com.pe\/noticiero\/wp-json\/wp\/v2\/posts\/56352\/revisions"}],"wp:attachment":[{"href":"https:\/\/aeronoticias.com.pe\/noticiero\/wp-json\/wp\/v2\/media?parent=56352"}],"wp:term":[{"taxonomy":"category","embeddable":true,"href":"https:\/\/aeronoticias.com.pe\/noticiero\/wp-json\/wp\/v2\/categories?post=56352"},{"taxonomy":"post_tag","embeddable":true,"href":"https:\/\/aeronoticias.com.pe\/noticiero\/wp-json\/wp\/v2\/tags?post=56352"}],"curies":[{"name":"wp","href":"https:\/\/api.w.org\/{rel}","templated":true}]}}