{"id":56419,"date":"2017-03-14T14:57:22","date_gmt":"2017-03-14T14:57:22","guid":{"rendered":"http:\/\/desarrollo.mcvicious.com\/aero2020\/2017\/03\/14\/diario-espanol-el-pais-proyecto-chinchero-causa-crisis-politica-en-peru\/"},"modified":"2017-03-14T14:57:22","modified_gmt":"2017-03-14T14:57:22","slug":"diario-espanol-el-pais-proyecto-chinchero-causa-crisis-politica-en-peru","status":"publish","type":"post","link":"https:\/\/aeronoticias.com.pe\/noticiero\/politica\/diario-espanol-el-pais-proyecto-chinchero-causa-crisis-politica-en-peru\/","title":{"rendered":"Diario espa\u00f1ol El Pa\u00eds: Proyecto Chinchero causa crisis pol\u00edtica en Per\u00fa"},"content":{"rendered":"<p style=\"text-align: justify;\"><strong>(Aeronoticias) <\/strong><span style=\"font-size: 12.16px;\">El proyectado aeropuerto internacional de Chinchero en el Cusco ha devenido en una crisis pol\u00edtica que puede costar el cargo de Ministro de Transportes a su titular, Mart\u00edn Vizcarra, al mismo tiempo vicepresidente de la Rep\u00fabica, \u00a0pese a los esfuerzos del mandatario Pedro Pablo Kuczynski quien incluso \u00bb hizo una atrevida jugada\u00bb, anota un art\u00edculo del diario global espa\u00f1ol El Pa\u00eds en su edici\u00f3n de hoy.<\/span><\/p>\n<p style=\"text-align: justify;\"><span style=\"font-size: 12.16px;\">Entre los problemas que afronta este proyecto figura la insuficiente solvencia econ\u00f3mica del consorcio Kuntur Wasi que integran la Corporaci\u00f3n Am\u00e9rica, de Argentina y la empresa peruana Andino Investment Holding, que deb\u00edan haber empezado las obras el a\u00f1o pasado.<\/span><\/p>\n<p style=\"text-align: justify;\"><span style=\"font-size: 12.16px;\">Esta situaci\u00f3n oblig\u00f3 a Kuntur Wasi a intentar modificar el modelo de financiamiento para llevar adelante el proyecto cuya tasa de cr\u00e9dito estaba programada para un 9,5 por ciento pero este consorcio pretendi\u00f3 incluir varias partida que no figuraban en el pr\u00e9stamo original \u00bb lo que elev\u00f3 la tasa \u00a0a cerca del 22 por ciento\u00bb, subraya el diario espa\u00f1ol.<\/span><\/p>\n<p style=\"text-align: justify;\"><span style=\"font-size: 12.16px;\">\u00abLa atrevida jugada\u00bb que atribuye El Pa\u00eds a Kuczynski se refiere al compromiso del Estado Peruano de asumir la financiaci\u00f3n de las obras por 265 millones de d\u00f3lares \u00a0trav\u00e9s de una adenda, \u00a0lo que cambiaba la figura de una asociaci\u00f3n p\u00fablico-privada a \u00a0 s\u00f3lo p\u00fablica, lo que origin\u00f3 una tempestad de cr\u00edticas y protestas, incluso la impactante renuncia de la presidenta de OSITRAN, Patricia Benavente.<\/span><\/p>\n<p style=\"text-align: justify;\"><span style=\"font-size: 12.16px;\">A todas luces la malhadada adenda que fue firmada el 3 del pasado mes de Febrero, obligaba al Estado Peruano a asumir m\u00e1s del 80 por ciento del financiamiento total del nuevo aeropuerto cusque\u00f1o (80,7%), es decir algo inadmisible e in\u00e9dito que favorec\u00eda desmesuradamente al mencionado consorcio.<\/span><\/p>\n<p style=\"text-align: justify;\"><span style=\"font-size: 12.16px;\"><img decoding=\"async\" src=\"images\/stories\/17\/03\/140317\/chinchero1.jpg\" border=\"0\" \/><br \/><\/span><\/p>\n","protected":false},"excerpt":{"rendered":"<p>(Aeronoticias) El proyectado aeropuerto internacional de Chinchero en el Cusco ha devenido en una crisis pol\u00edtica que puede costar el cargo de Ministro de Transportes a su titular, Mart\u00edn Vizcarra, al mismo tiempo vicepresidente de la Rep\u00fabica, \u00a0pese a los esfuerzos del mandatario Pedro Pablo Kuczynski quien incluso \u00bb hizo una atrevida jugada\u00bb, anota un [&hellip;]<\/p>\n","protected":false},"author":1,"featured_media":0,"comment_status":"open","ping_status":"open","sticky":false,"template":"","format":"standard","meta":{"tdm_status":"","tdm_grid_status":"","footnotes":""},"categories":[36],"tags":[],"class_list":{"0":"post-56419","1":"post","2":"type-post","3":"status-publish","4":"format-standard","6":"category-politica"},"yoast_head":"<!-- This site is optimized with the Yoast SEO plugin v25.1 - https:\/\/yoast.com\/wordpress\/plugins\/seo\/ -->\n<title>Diario espa\u00f1ol El Pa\u00eds: Proyecto Chinchero causa crisis pol\u00edtica en Per\u00fa<\/title>\n<meta name=\"description\" content=\"Portal de noticias del Per\u00fa sobre el transporte a\u00e9reo, aviaci\u00f3n, turismo, hoteleria, actualidad.\" \/>\n<meta name=\"robots\" content=\"index, follow, max-snippet:-1, max-image-preview:large, max-video-preview:-1\" \/>\n<link rel=\"canonical\" href=\"https:\/\/aeronoticias.com.pe\/noticiero\/politica\/diario-espanol-el-pais-proyecto-chinchero-causa-crisis-politica-en-peru\/\" \/>\n<meta property=\"og:locale\" content=\"es_ES\" \/>\n<meta property=\"og:type\" content=\"article\" \/>\n<meta property=\"og:title\" content=\"Diario espa\u00f1ol El Pa\u00eds: Proyecto Chinchero causa crisis pol\u00edtica en Per\u00fa\" \/>\n<meta property=\"og:description\" content=\"Portal de noticias del Per\u00fa sobre el transporte a\u00e9reo, aviaci\u00f3n, turismo, hoteleria, actualidad.\" \/>\n<meta property=\"og:url\" content=\"https:\/\/aeronoticias.com.pe\/noticiero\/politica\/diario-espanol-el-pais-proyecto-chinchero-causa-crisis-politica-en-peru\/\" \/>\n<meta property=\"og:site_name\" content=\"Aeronoticias.com.pe\" \/>\n<meta property=\"article:publisher\" content=\"https:\/\/www.facebook.com\/Aeronoticias.com.pe\/\" \/>\n<meta property=\"article:published_time\" content=\"2017-03-14T14:57:22+00:00\" \/>\n<meta name=\"author\" content=\"Redacci\u00f3n Aeronoticias\" \/>\n<meta name=\"twitter:card\" content=\"summary_large_image\" \/>\n<meta name=\"twitter:creator\" content=\"@aeronoticias\" \/>\n<meta name=\"twitter:site\" content=\"@aeronoticias\" \/>\n<meta name=\"twitter:label1\" content=\"Escrito por\" \/>\n\t<meta name=\"twitter:data1\" content=\"Redacci\u00f3n Aeronoticias\" \/>\n\t<meta name=\"twitter:label2\" content=\"Tiempo de lectura\" \/>\n\t<meta name=\"twitter:data2\" content=\"1 minuto\" \/>\n<script type=\"application\/ld+json\" class=\"yoast-schema-graph\">{\"@context\":\"https:\/\/schema.org\",\"@graph\":[{\"@type\":\"WebPage\",\"@id\":\"https:\/\/aeronoticias.com.pe\/noticiero\/politica\/diario-espanol-el-pais-proyecto-chinchero-causa-crisis-politica-en-peru\/\",\"url\":\"https:\/\/aeronoticias.com.pe\/noticiero\/politica\/diario-espanol-el-pais-proyecto-chinchero-causa-crisis-politica-en-peru\/\",\"name\":\"Diario espa\u00f1ol El Pa\u00eds: Proyecto Chinchero causa crisis pol\u00edtica en Per\u00fa\",\"isPartOf\":{\"@id\":\"https:\/\/aeronoticias.com.pe\/noticiero\/#website\"},\"datePublished\":\"2017-03-14T14:57:22+00:00\",\"author\":{\"@id\":\"https:\/\/aeronoticias.com.pe\/noticiero\/#\/schema\/person\/fc1e5d578f4b62ba1cf7ac2bba1170a0\"},\"description\":\"Portal de noticias del Per\u00fa sobre el transporte a\u00e9reo, aviaci\u00f3n, turismo, hoteleria, actualidad.\",\"breadcrumb\":{\"@id\":\"https:\/\/aeronoticias.com.pe\/noticiero\/politica\/diario-espanol-el-pais-proyecto-chinchero-causa-crisis-politica-en-peru\/#breadcrumb\"},\"inLanguage\":\"es\",\"potentialAction\":[{\"@type\":\"ReadAction\",\"target\":[\"https:\/\/aeronoticias.com.pe\/noticiero\/politica\/diario-espanol-el-pais-proyecto-chinchero-causa-crisis-politica-en-peru\/\"]}]},{\"@type\":\"BreadcrumbList\",\"@id\":\"https:\/\/aeronoticias.com.pe\/noticiero\/politica\/diario-espanol-el-pais-proyecto-chinchero-causa-crisis-politica-en-peru\/#breadcrumb\",\"itemListElement\":[{\"@type\":\"ListItem\",\"position\":1,\"name\":\"Portada\",\"item\":\"https:\/\/aeronoticias.com.pe\/noticiero\/\"},{\"@type\":\"ListItem\",\"position\":2,\"name\":\"Diario espa\u00f1ol El Pa\u00eds: Proyecto Chinchero causa crisis pol\u00edtica en Per\u00fa\"}]},{\"@type\":\"WebSite\",\"@id\":\"https:\/\/aeronoticias.com.pe\/noticiero\/#website\",\"url\":\"https:\/\/aeronoticias.com.pe\/noticiero\/\",\"name\":\"Aeronoticias.com.pe\",\"description\":\"Noticias de tranporte aereo, turismo, hoteles, gastronomia, actualidad, internacional\",\"potentialAction\":[{\"@type\":\"SearchAction\",\"target\":{\"@type\":\"EntryPoint\",\"urlTemplate\":\"https:\/\/aeronoticias.com.pe\/noticiero\/?s={search_term_string}\"},\"query-input\":{\"@type\":\"PropertyValueSpecification\",\"valueRequired\":true,\"valueName\":\"search_term_string\"}}],\"inLanguage\":\"es\"},{\"@type\":\"Person\",\"@id\":\"https:\/\/aeronoticias.com.pe\/noticiero\/#\/schema\/person\/fc1e5d578f4b62ba1cf7ac2bba1170a0\",\"name\":\"Redacci\u00f3n Aeronoticias\",\"url\":\"https:\/\/aeronoticias.com.pe\/noticiero\/author\/piloto\/\"}]}<\/script>\n<!-- \/ Yoast SEO plugin. -->","yoast_head_json":{"title":"Diario espa\u00f1ol El Pa\u00eds: Proyecto Chinchero causa crisis pol\u00edtica en Per\u00fa","description":"Portal de noticias del Per\u00fa sobre el transporte a\u00e9reo, aviaci\u00f3n, turismo, hoteleria, actualidad.","robots":{"index":"index","follow":"follow","max-snippet":"max-snippet:-1","max-image-preview":"max-image-preview:large","max-video-preview":"max-video-preview:-1"},"canonical":"https:\/\/aeronoticias.com.pe\/noticiero\/politica\/diario-espanol-el-pais-proyecto-chinchero-causa-crisis-politica-en-peru\/","og_locale":"es_ES","og_type":"article","og_title":"Diario espa\u00f1ol El Pa\u00eds: Proyecto Chinchero causa crisis pol\u00edtica en Per\u00fa","og_description":"Portal de noticias del Per\u00fa sobre el transporte a\u00e9reo, aviaci\u00f3n, turismo, hoteleria, actualidad.","og_url":"https:\/\/aeronoticias.com.pe\/noticiero\/politica\/diario-espanol-el-pais-proyecto-chinchero-causa-crisis-politica-en-peru\/","og_site_name":"Aeronoticias.com.pe","article_publisher":"https:\/\/www.facebook.com\/Aeronoticias.com.pe\/","article_published_time":"2017-03-14T14:57:22+00:00","author":"Redacci\u00f3n Aeronoticias","twitter_card":"summary_large_image","twitter_creator":"@aeronoticias","twitter_site":"@aeronoticias","twitter_misc":{"Escrito por":"Redacci\u00f3n Aeronoticias","Tiempo de lectura":"1 minuto"},"schema":{"@context":"https:\/\/schema.org","@graph":[{"@type":"WebPage","@id":"https:\/\/aeronoticias.com.pe\/noticiero\/politica\/diario-espanol-el-pais-proyecto-chinchero-causa-crisis-politica-en-peru\/","url":"https:\/\/aeronoticias.com.pe\/noticiero\/politica\/diario-espanol-el-pais-proyecto-chinchero-causa-crisis-politica-en-peru\/","name":"Diario espa\u00f1ol El Pa\u00eds: Proyecto Chinchero causa crisis pol\u00edtica en Per\u00fa","isPartOf":{"@id":"https:\/\/aeronoticias.com.pe\/noticiero\/#website"},"datePublished":"2017-03-14T14:57:22+00:00","author":{"@id":"https:\/\/aeronoticias.com.pe\/noticiero\/#\/schema\/person\/fc1e5d578f4b62ba1cf7ac2bba1170a0"},"description":"Portal de noticias del Per\u00fa sobre el transporte a\u00e9reo, aviaci\u00f3n, turismo, hoteleria, actualidad.","breadcrumb":{"@id":"https:\/\/aeronoticias.com.pe\/noticiero\/politica\/diario-espanol-el-pais-proyecto-chinchero-causa-crisis-politica-en-peru\/#breadcrumb"},"inLanguage":"es","potentialAction":[{"@type":"ReadAction","target":["https:\/\/aeronoticias.com.pe\/noticiero\/politica\/diario-espanol-el-pais-proyecto-chinchero-causa-crisis-politica-en-peru\/"]}]},{"@type":"BreadcrumbList","@id":"https:\/\/aeronoticias.com.pe\/noticiero\/politica\/diario-espanol-el-pais-proyecto-chinchero-causa-crisis-politica-en-peru\/#breadcrumb","itemListElement":[{"@type":"ListItem","position":1,"name":"Portada","item":"https:\/\/aeronoticias.com.pe\/noticiero\/"},{"@type":"ListItem","position":2,"name":"Diario espa\u00f1ol El Pa\u00eds: Proyecto Chinchero causa crisis pol\u00edtica en Per\u00fa"}]},{"@type":"WebSite","@id":"https:\/\/aeronoticias.com.pe\/noticiero\/#website","url":"https:\/\/aeronoticias.com.pe\/noticiero\/","name":"Aeronoticias.com.pe","description":"Noticias de tranporte aereo, turismo, hoteles, gastronomia, actualidad, internacional","potentialAction":[{"@type":"SearchAction","target":{"@type":"EntryPoint","urlTemplate":"https:\/\/aeronoticias.com.pe\/noticiero\/?s={search_term_string}"},"query-input":{"@type":"PropertyValueSpecification","valueRequired":true,"valueName":"search_term_string"}}],"inLanguage":"es"},{"@type":"Person","@id":"https:\/\/aeronoticias.com.pe\/noticiero\/#\/schema\/person\/fc1e5d578f4b62ba1cf7ac2bba1170a0","name":"Redacci\u00f3n Aeronoticias","url":"https:\/\/aeronoticias.com.pe\/noticiero\/author\/piloto\/"}]}},"_links":{"self":[{"href":"https:\/\/aeronoticias.com.pe\/noticiero\/wp-json\/wp\/v2\/posts\/56419","targetHints":{"allow":["GET"]}}],"collection":[{"href":"https:\/\/aeronoticias.com.pe\/noticiero\/wp-json\/wp\/v2\/posts"}],"about":[{"href":"https:\/\/aeronoticias.com.pe\/noticiero\/wp-json\/wp\/v2\/types\/post"}],"author":[{"embeddable":true,"href":"https:\/\/aeronoticias.com.pe\/noticiero\/wp-json\/wp\/v2\/users\/1"}],"replies":[{"embeddable":true,"href":"https:\/\/aeronoticias.com.pe\/noticiero\/wp-json\/wp\/v2\/comments?post=56419"}],"version-history":[{"count":0,"href":"https:\/\/aeronoticias.com.pe\/noticiero\/wp-json\/wp\/v2\/posts\/56419\/revisions"}],"wp:attachment":[{"href":"https:\/\/aeronoticias.com.pe\/noticiero\/wp-json\/wp\/v2\/media?parent=56419"}],"wp:term":[{"taxonomy":"category","embeddable":true,"href":"https:\/\/aeronoticias.com.pe\/noticiero\/wp-json\/wp\/v2\/categories?post=56419"},{"taxonomy":"post_tag","embeddable":true,"href":"https:\/\/aeronoticias.com.pe\/noticiero\/wp-json\/wp\/v2\/tags?post=56419"}],"curies":[{"name":"wp","href":"https:\/\/api.w.org\/{rel}","templated":true}]}}