{"id":56420,"date":"2017-03-14T17:01:54","date_gmt":"2017-03-14T17:01:54","guid":{"rendered":"http:\/\/desarrollo.mcvicious.com\/aero2020\/2017\/03\/14\/jetblue-presenta-su-12o-aeronave-con-diseno-especial-y-nuevo-diseno-de-aleta-para-celebrar-sus-17-anos\/"},"modified":"2017-03-14T17:01:54","modified_gmt":"2017-03-14T17:01:54","slug":"jetblue-presenta-su-12o-aeronave-con-diseno-especial-y-nuevo-diseno-de-aleta-para-celebrar-sus-17-anos","status":"publish","type":"post","link":"https:\/\/aeronoticias.com.pe\/noticiero\/transporte-aereo\/internacional\/jetblue-presenta-su-12o-aeronave-con-diseno-especial-y-nuevo-diseno-de-aleta-para-celebrar-sus-17-anos\/","title":{"rendered":"JetBlue presenta su 12\u00aa aeronave con dise\u00f1o especial y nuevo dise\u00f1o de aleta para celebrar sus 17 a\u00f1os"},"content":{"rendered":"<p style=\"text-align: justify;\"><strong>(Aeronoticias) <\/strong><span style=\"font-size: 12.16px;\">JetBlue anunci\u00f3 adiciones llamativas a la flota de la aerol\u00ednea con el primer dise\u00f1o de pintura especial para su aeronave Embraer 190 y un nuevo dise\u00f1o de aleta que aparecer\u00e1 en varias aeronaves este a\u00f1o. La aerol\u00ednea est\u00e1 introduciendo los nuevos dise\u00f1os de pintura al celebrar su 17mo aniversario este a\u00f1o.<\/span><\/p>\n<p style=\"text-align: justify;\"><span style=\"font-size: 12.16px;\">\u00abNuestro equipo de dise\u00f1o ha hecho un trabajo excepcional de contar visualmente la historia de JetBlue a trav\u00e9s de un lente fresco y creativo\u00bb, dijo Jamie Perry, vicepresidente de mercadeo de JetBlue. <\/span><\/p>\n<p style=\"text-align: justify;\"><span style=\"font-size: 12.16px;\">Nace \u2018Blueprint\u2019<\/span><\/p>\n<p style=\"text-align: justify;\"><span style=\"font-size: 12.16px;\">JetBlue tiene una larga tradici\u00f3n de agregar dise\u00f1os especiales y \u00fanicos a su flota Airbus A320 y esa tradici\u00f3n ahora se est\u00e1 expandiendo a la flota E190 de la aerol\u00ednea.<\/span><\/p>\n<p style=\"text-align: justify;\"><span style=\"font-size: 12.16px;\">A menudo referido como la columna vertebral de la operaci\u00f3n en ciudades como Boston, Washington, D.C.; y San Juan, Puerto Rico, el equipo de dise\u00f1o de JetBlue cre\u00f3 un esquema de pintura que mostr\u00f3 los llamados \u00abhuesos\u00bb del avi\u00f3n de 100 asientos. Bas\u00e1ndose en los estilos de varios diagramas de aviaci\u00f3n, n\u00e1uticos y de exploraci\u00f3n de veh\u00edculos espaciales, el equipo de dise\u00f1o de JetBlue cre\u00f3 una radiograf\u00eda mec\u00e1nica mezclada con un toque m\u00e1s divertido a lo JetBlue.<\/span><\/p>\n<p style=\"text-align: justify;\"><span style=\"font-size: 12.16px;\">Aunque \u00abBlueprint\u00bb cuenta con s\u00f3lo tres colores insignia de JetBlue, es uno de los dise\u00f1os m\u00e1s intrincados que la aerol\u00ednea ha utilizado para \u201cuniformar\u201d sus aviones, el proceso de pintura tom\u00f3 casi dos semanas y se realiz\u00f3 en una instalaci\u00f3n en Quebec. El primer JetBlue E190 con dise\u00f1o especial debut\u00f3 en el Aeropuerto Internacional Logan de Boston y operar\u00e1 en rutas servidas por el E190 en toda la red JetBlue.<\/span><\/p>\n<p style=\"text-align: justify;\"><span style=\"font-size: 12.16px;\">&#8216;Highrise&#8217; busca los cielos<\/span><\/p>\n<p style=\"text-align: justify;\">JetBlue ha recorrido un largo camino desde que comenz\u00f3 con solo dos rutas, ahora vuela a 100 destinos entre los Estados Unidos, el Caribe y Am\u00e9rica Latina. Aunque la aerol\u00ednea mira hacia m\u00e1s crecimiento en los pr\u00f3ximos a\u00f1os todav\u00eda recuerda con cari\u00f1o el lugar de sus ra\u00edces, donde todo empez\u00f3.<\/p>\n<p style=\"text-align: justify;\"><span style=\"font-size: 12.16px;\">El dise\u00f1o, que representa la imagen de las luces brillantes a trav\u00e9s de los cristales de las ventanas de los rascacielos de la ciudad, tiene un prop\u00f3sito que es el de reflejar el crecimiento de JetBlue y el deseo perpetuo de Nueva York de alcanzar los cielos. Cuatro de los colores insignia de JetBlue se reflejan en \u00abHighrise\u00bb y las ventanas iluminadas se pueden reorganizar creando un patr\u00f3n ligeramente diferente en las aletas de diferentes aviones. El modelo \u00abHighrise\u00bb debut\u00f3 en el Aeropuerto Internacional John F. Kennedy de Nueva York (JFK) y se sumar\u00e1 a otros aviones este a\u00f1o a trav\u00e9s de la red de JetBlue, por lo que los clientes podr\u00e1n estar atentos para poder apreciar estos dise\u00f1os de tailfin en cualquiera de las ciudades donde opera Jetblue.<\/span><\/p>\n<p style=\"text-align: justify;\"><span style=\"font-size: 12.16px;\"><img decoding=\"async\" src=\"images\/stories\/17\/03\/140317\/jetblue.jpg\" border=\"0\" \/><br \/><\/span><\/p>\n","protected":false},"excerpt":{"rendered":"<p>(Aeronoticias) JetBlue anunci\u00f3 adiciones llamativas a la flota de la aerol\u00ednea con el primer dise\u00f1o de pintura especial para su aeronave Embraer 190 y un nuevo dise\u00f1o de aleta que aparecer\u00e1 en varias aeronaves este a\u00f1o. La aerol\u00ednea est\u00e1 introduciendo los nuevos dise\u00f1os de pintura al celebrar su 17mo aniversario este a\u00f1o. \u00abNuestro equipo de [&hellip;]<\/p>\n","protected":false},"author":1,"featured_media":0,"comment_status":"open","ping_status":"open","sticky":false,"template":"","format":"standard","meta":{"tdm_status":"","tdm_grid_status":"","footnotes":""},"categories":[32],"tags":[],"class_list":{"0":"post-56420","1":"post","2":"type-post","3":"status-publish","4":"format-standard","6":"category-internacional"},"yoast_head":"<!-- This site is optimized with the Yoast SEO plugin v25.1 - https:\/\/yoast.com\/wordpress\/plugins\/seo\/ -->\n<title>JetBlue presenta su 12\u00aa aeronave con dise\u00f1o especial y nuevo dise\u00f1o de aleta para celebrar sus 17 a\u00f1os<\/title>\n<meta name=\"description\" content=\"Portal de noticias del Per\u00fa sobre el transporte a\u00e9reo, aviaci\u00f3n, turismo, hoteleria, actualidad.\" \/>\n<meta name=\"robots\" content=\"index, follow, max-snippet:-1, max-image-preview:large, max-video-preview:-1\" \/>\n<link rel=\"canonical\" href=\"https:\/\/aeronoticias.com.pe\/noticiero\/transporte-aereo\/internacional\/jetblue-presenta-su-12o-aeronave-con-diseno-especial-y-nuevo-diseno-de-aleta-para-celebrar-sus-17-anos\/\" \/>\n<meta property=\"og:locale\" content=\"es_ES\" \/>\n<meta property=\"og:type\" content=\"article\" \/>\n<meta property=\"og:title\" content=\"JetBlue presenta su 12\u00aa aeronave con dise\u00f1o especial y nuevo dise\u00f1o de aleta para celebrar sus 17 a\u00f1os\" \/>\n<meta property=\"og:description\" content=\"Portal de noticias del Per\u00fa sobre el transporte a\u00e9reo, aviaci\u00f3n, turismo, hoteleria, actualidad.\" \/>\n<meta property=\"og:url\" content=\"https:\/\/aeronoticias.com.pe\/noticiero\/transporte-aereo\/internacional\/jetblue-presenta-su-12o-aeronave-con-diseno-especial-y-nuevo-diseno-de-aleta-para-celebrar-sus-17-anos\/\" \/>\n<meta property=\"og:site_name\" content=\"Aeronoticias.com.pe\" \/>\n<meta property=\"article:publisher\" content=\"https:\/\/www.facebook.com\/Aeronoticias.com.pe\/\" \/>\n<meta property=\"article:published_time\" content=\"2017-03-14T17:01:54+00:00\" \/>\n<meta name=\"author\" content=\"Redacci\u00f3n Aeronoticias\" \/>\n<meta name=\"twitter:card\" content=\"summary_large_image\" \/>\n<meta name=\"twitter:creator\" content=\"@aeronoticias\" \/>\n<meta name=\"twitter:site\" content=\"@aeronoticias\" \/>\n<meta name=\"twitter:label1\" content=\"Escrito por\" \/>\n\t<meta name=\"twitter:data1\" content=\"Redacci\u00f3n Aeronoticias\" \/>\n\t<meta name=\"twitter:label2\" content=\"Tiempo de lectura\" \/>\n\t<meta name=\"twitter:data2\" content=\"2 minutos\" \/>\n<script type=\"application\/ld+json\" class=\"yoast-schema-graph\">{\"@context\":\"https:\/\/schema.org\",\"@graph\":[{\"@type\":\"WebPage\",\"@id\":\"https:\/\/aeronoticias.com.pe\/noticiero\/transporte-aereo\/internacional\/jetblue-presenta-su-12o-aeronave-con-diseno-especial-y-nuevo-diseno-de-aleta-para-celebrar-sus-17-anos\/\",\"url\":\"https:\/\/aeronoticias.com.pe\/noticiero\/transporte-aereo\/internacional\/jetblue-presenta-su-12o-aeronave-con-diseno-especial-y-nuevo-diseno-de-aleta-para-celebrar-sus-17-anos\/\",\"name\":\"JetBlue presenta su 12\u00aa aeronave con dise\u00f1o especial y nuevo dise\u00f1o de aleta para celebrar sus 17 a\u00f1os\",\"isPartOf\":{\"@id\":\"https:\/\/aeronoticias.com.pe\/noticiero\/#website\"},\"datePublished\":\"2017-03-14T17:01:54+00:00\",\"author\":{\"@id\":\"https:\/\/aeronoticias.com.pe\/noticiero\/#\/schema\/person\/fc1e5d578f4b62ba1cf7ac2bba1170a0\"},\"description\":\"Portal de noticias del Per\u00fa sobre el transporte a\u00e9reo, aviaci\u00f3n, turismo, hoteleria, actualidad.\",\"breadcrumb\":{\"@id\":\"https:\/\/aeronoticias.com.pe\/noticiero\/transporte-aereo\/internacional\/jetblue-presenta-su-12o-aeronave-con-diseno-especial-y-nuevo-diseno-de-aleta-para-celebrar-sus-17-anos\/#breadcrumb\"},\"inLanguage\":\"es\",\"potentialAction\":[{\"@type\":\"ReadAction\",\"target\":[\"https:\/\/aeronoticias.com.pe\/noticiero\/transporte-aereo\/internacional\/jetblue-presenta-su-12o-aeronave-con-diseno-especial-y-nuevo-diseno-de-aleta-para-celebrar-sus-17-anos\/\"]}]},{\"@type\":\"BreadcrumbList\",\"@id\":\"https:\/\/aeronoticias.com.pe\/noticiero\/transporte-aereo\/internacional\/jetblue-presenta-su-12o-aeronave-con-diseno-especial-y-nuevo-diseno-de-aleta-para-celebrar-sus-17-anos\/#breadcrumb\",\"itemListElement\":[{\"@type\":\"ListItem\",\"position\":1,\"name\":\"Portada\",\"item\":\"https:\/\/aeronoticias.com.pe\/noticiero\/\"},{\"@type\":\"ListItem\",\"position\":2,\"name\":\"JetBlue presenta su 12\u00aa aeronave con dise\u00f1o especial y nuevo dise\u00f1o de aleta para celebrar sus 17 a\u00f1os\"}]},{\"@type\":\"WebSite\",\"@id\":\"https:\/\/aeronoticias.com.pe\/noticiero\/#website\",\"url\":\"https:\/\/aeronoticias.com.pe\/noticiero\/\",\"name\":\"Aeronoticias.com.pe\",\"description\":\"Noticias de tranporte aereo, turismo, hoteles, gastronomia, actualidad, internacional\",\"potentialAction\":[{\"@type\":\"SearchAction\",\"target\":{\"@type\":\"EntryPoint\",\"urlTemplate\":\"https:\/\/aeronoticias.com.pe\/noticiero\/?s={search_term_string}\"},\"query-input\":{\"@type\":\"PropertyValueSpecification\",\"valueRequired\":true,\"valueName\":\"search_term_string\"}}],\"inLanguage\":\"es\"},{\"@type\":\"Person\",\"@id\":\"https:\/\/aeronoticias.com.pe\/noticiero\/#\/schema\/person\/fc1e5d578f4b62ba1cf7ac2bba1170a0\",\"name\":\"Redacci\u00f3n Aeronoticias\",\"url\":\"https:\/\/aeronoticias.com.pe\/noticiero\/author\/piloto\/\"}]}<\/script>\n<!-- \/ Yoast SEO plugin. -->","yoast_head_json":{"title":"JetBlue presenta su 12\u00aa aeronave con dise\u00f1o especial y nuevo dise\u00f1o de aleta para celebrar sus 17 a\u00f1os","description":"Portal de noticias del Per\u00fa sobre el transporte a\u00e9reo, aviaci\u00f3n, turismo, hoteleria, actualidad.","robots":{"index":"index","follow":"follow","max-snippet":"max-snippet:-1","max-image-preview":"max-image-preview:large","max-video-preview":"max-video-preview:-1"},"canonical":"https:\/\/aeronoticias.com.pe\/noticiero\/transporte-aereo\/internacional\/jetblue-presenta-su-12o-aeronave-con-diseno-especial-y-nuevo-diseno-de-aleta-para-celebrar-sus-17-anos\/","og_locale":"es_ES","og_type":"article","og_title":"JetBlue presenta su 12\u00aa aeronave con dise\u00f1o especial y nuevo dise\u00f1o de aleta para celebrar sus 17 a\u00f1os","og_description":"Portal de noticias del Per\u00fa sobre el transporte a\u00e9reo, aviaci\u00f3n, turismo, hoteleria, actualidad.","og_url":"https:\/\/aeronoticias.com.pe\/noticiero\/transporte-aereo\/internacional\/jetblue-presenta-su-12o-aeronave-con-diseno-especial-y-nuevo-diseno-de-aleta-para-celebrar-sus-17-anos\/","og_site_name":"Aeronoticias.com.pe","article_publisher":"https:\/\/www.facebook.com\/Aeronoticias.com.pe\/","article_published_time":"2017-03-14T17:01:54+00:00","author":"Redacci\u00f3n Aeronoticias","twitter_card":"summary_large_image","twitter_creator":"@aeronoticias","twitter_site":"@aeronoticias","twitter_misc":{"Escrito por":"Redacci\u00f3n Aeronoticias","Tiempo de lectura":"2 minutos"},"schema":{"@context":"https:\/\/schema.org","@graph":[{"@type":"WebPage","@id":"https:\/\/aeronoticias.com.pe\/noticiero\/transporte-aereo\/internacional\/jetblue-presenta-su-12o-aeronave-con-diseno-especial-y-nuevo-diseno-de-aleta-para-celebrar-sus-17-anos\/","url":"https:\/\/aeronoticias.com.pe\/noticiero\/transporte-aereo\/internacional\/jetblue-presenta-su-12o-aeronave-con-diseno-especial-y-nuevo-diseno-de-aleta-para-celebrar-sus-17-anos\/","name":"JetBlue presenta su 12\u00aa aeronave con dise\u00f1o especial y nuevo dise\u00f1o de aleta para celebrar sus 17 a\u00f1os","isPartOf":{"@id":"https:\/\/aeronoticias.com.pe\/noticiero\/#website"},"datePublished":"2017-03-14T17:01:54+00:00","author":{"@id":"https:\/\/aeronoticias.com.pe\/noticiero\/#\/schema\/person\/fc1e5d578f4b62ba1cf7ac2bba1170a0"},"description":"Portal de noticias del Per\u00fa sobre el transporte a\u00e9reo, aviaci\u00f3n, turismo, hoteleria, actualidad.","breadcrumb":{"@id":"https:\/\/aeronoticias.com.pe\/noticiero\/transporte-aereo\/internacional\/jetblue-presenta-su-12o-aeronave-con-diseno-especial-y-nuevo-diseno-de-aleta-para-celebrar-sus-17-anos\/#breadcrumb"},"inLanguage":"es","potentialAction":[{"@type":"ReadAction","target":["https:\/\/aeronoticias.com.pe\/noticiero\/transporte-aereo\/internacional\/jetblue-presenta-su-12o-aeronave-con-diseno-especial-y-nuevo-diseno-de-aleta-para-celebrar-sus-17-anos\/"]}]},{"@type":"BreadcrumbList","@id":"https:\/\/aeronoticias.com.pe\/noticiero\/transporte-aereo\/internacional\/jetblue-presenta-su-12o-aeronave-con-diseno-especial-y-nuevo-diseno-de-aleta-para-celebrar-sus-17-anos\/#breadcrumb","itemListElement":[{"@type":"ListItem","position":1,"name":"Portada","item":"https:\/\/aeronoticias.com.pe\/noticiero\/"},{"@type":"ListItem","position":2,"name":"JetBlue presenta su 12\u00aa aeronave con dise\u00f1o especial y nuevo dise\u00f1o de aleta para celebrar sus 17 a\u00f1os"}]},{"@type":"WebSite","@id":"https:\/\/aeronoticias.com.pe\/noticiero\/#website","url":"https:\/\/aeronoticias.com.pe\/noticiero\/","name":"Aeronoticias.com.pe","description":"Noticias de tranporte aereo, turismo, hoteles, gastronomia, actualidad, internacional","potentialAction":[{"@type":"SearchAction","target":{"@type":"EntryPoint","urlTemplate":"https:\/\/aeronoticias.com.pe\/noticiero\/?s={search_term_string}"},"query-input":{"@type":"PropertyValueSpecification","valueRequired":true,"valueName":"search_term_string"}}],"inLanguage":"es"},{"@type":"Person","@id":"https:\/\/aeronoticias.com.pe\/noticiero\/#\/schema\/person\/fc1e5d578f4b62ba1cf7ac2bba1170a0","name":"Redacci\u00f3n Aeronoticias","url":"https:\/\/aeronoticias.com.pe\/noticiero\/author\/piloto\/"}]}},"_links":{"self":[{"href":"https:\/\/aeronoticias.com.pe\/noticiero\/wp-json\/wp\/v2\/posts\/56420","targetHints":{"allow":["GET"]}}],"collection":[{"href":"https:\/\/aeronoticias.com.pe\/noticiero\/wp-json\/wp\/v2\/posts"}],"about":[{"href":"https:\/\/aeronoticias.com.pe\/noticiero\/wp-json\/wp\/v2\/types\/post"}],"author":[{"embeddable":true,"href":"https:\/\/aeronoticias.com.pe\/noticiero\/wp-json\/wp\/v2\/users\/1"}],"replies":[{"embeddable":true,"href":"https:\/\/aeronoticias.com.pe\/noticiero\/wp-json\/wp\/v2\/comments?post=56420"}],"version-history":[{"count":0,"href":"https:\/\/aeronoticias.com.pe\/noticiero\/wp-json\/wp\/v2\/posts\/56420\/revisions"}],"wp:attachment":[{"href":"https:\/\/aeronoticias.com.pe\/noticiero\/wp-json\/wp\/v2\/media?parent=56420"}],"wp:term":[{"taxonomy":"category","embeddable":true,"href":"https:\/\/aeronoticias.com.pe\/noticiero\/wp-json\/wp\/v2\/categories?post=56420"},{"taxonomy":"post_tag","embeddable":true,"href":"https:\/\/aeronoticias.com.pe\/noticiero\/wp-json\/wp\/v2\/tags?post=56420"}],"curies":[{"name":"wp","href":"https:\/\/api.w.org\/{rel}","templated":true}]}}