{"id":56422,"date":"2017-03-14T18:01:28","date_gmt":"2017-03-14T18:01:28","guid":{"rendered":"http:\/\/desarrollo.mcvicious.com\/aero2020\/2017\/03\/14\/peru-presento-lo-mejor-de-su-oferta-de-turismo-de-aventura-y-naturaleza-en-feria-internacional-itb-2017\/"},"modified":"2017-03-14T18:01:28","modified_gmt":"2017-03-14T18:01:28","slug":"peru-presento-lo-mejor-de-su-oferta-de-turismo-de-aventura-y-naturaleza-en-feria-internacional-itb-2017","status":"publish","type":"post","link":"https:\/\/aeronoticias.com.pe\/noticiero\/turismo\/13\/peru-presento-lo-mejor-de-su-oferta-de-turismo-de-aventura-y-naturaleza-en-feria-internacional-itb-2017\/","title":{"rendered":"Per\u00fa present\u00f3 lo mejor de su oferta de turismo de aventura y naturaleza en feria internacional ITB 2017"},"content":{"rendered":"<p style=\"text-align: justify;\"><strong>(Aeronoticias)<\/strong> La delegaci\u00f3n del Per\u00fa particip\u00f3 en la feria internacional de turismo ITB 2017 para posicionar a nuestro pa\u00eds como el mejor destino en el segmento de aventura y naturaleza, y presentar el inicio de operaciones de las telecabinas de Ku\u00e9lap en el importante y atractivo mercado alem\u00e1n, que en 2015 gener\u00f3 divisas por US$ 113.4 millones de d\u00f3lares,\u00a0<span style=\"font-size: 12.16px;\">inform\u00f3 PROMPER\u00da.<\/span><\/p>\n<p style=\"text-align: justify;\"><span style=\"font-size: 12.16px;\">Es importante indicar que los arribos internacionales al Per\u00fa procedentes de Alemania han ido increment\u00e1ndose sostenidamente en los \u00faltimos cinco a\u00f1os con un crecimiento anual promedio de 7%. Los turistas potenciales eligen a nuestro pa\u00eds para vacacionar, motivados principalmente por tres razones: la cultura, la naturaleza y la aventura que caracteriza al destino, seg\u00fan el Perfil del Turista Extranjero elaborado por PROMPER\u00da.<\/span><\/p>\n<p style=\"text-align: justify;\"><span style=\"font-size: 12.16px;\">En este contexto, la representaci\u00f3n peruana \u2013compuesta por 36 empresas coexpositoras en un stand de 351 m2\u2013 sostuvo reuniones de trabajo con los principales tour operadores del mercado a fin de identificar nuevas oportunidades de promoci\u00f3n y definir acciones conjuntas que contribuyan en la promoci\u00f3n de nuestro pa\u00eds en Alemania y otros mercados europeos.<\/span><\/p>\n<p style=\"text-align: justify;\"><span style=\"font-size: 12.16px;\">Asimismo, PROMPER\u00da obtuvo un importante premio: gan\u00f3 el segundo lugar como Mejor Expositor en la categor\u00eda Am\u00e9ricas y El Caribe, gracias al dise\u00f1o del stand, la originalidad de la propuesta y el servicio brindado a los visitantes.<\/span><\/p>\n<p style=\"text-align: justify;\"><span style=\"font-size: 12.16px;\">Los asistentes al evento recibieron informaci\u00f3n de nuestros destinos y un bolet\u00edn enfocado en naturaleza y aventura de diversas regiones del Per\u00fa. Asimismo, disfrutaron de \u2018Per\u00fa Experiencia 360\u2019, una serie de emocionantes videos en realidad virtual que muestran las maravillas de nuestro pa\u00eds. Cabe resaltar la importante presencia de la Asociaci\u00f3n Peruana de Turismo de Aventura, Ecoturismo y Turismo Especializado (APTAE) en el stand de Per\u00fa que estuvo ubicado en el Hall de Aventura, donde brindaron informaci\u00f3n especializada sobre este segmento.<\/span><\/p>\n<p style=\"text-align: justify;\"><span style=\"font-size: 12.16px;\">As\u00ed, tanto los profesionales del sector como el p\u00fablico en general pudieron descubrir un verdadero para\u00edso en nuestra variada geograf\u00eda, ya sea en los Andes, la costa del Pac\u00edfico o la Amazon\u00eda. Ya sea a trav\u00e9s del trekking en el Camino Inca, Lares o Salkantay, del monta\u00f1ismo en \u00c1ncash, del ciclismo de monta\u00f1a en el Valle Sagrado, del rafting en los r\u00edos de la selva, del sandboarding en las dunas del desierto de Ica o del parapente en Miraflores, Per\u00fa ofrece sensaciones \u00fanicas e inolvidables paisajes.<\/span><\/p>\n<p style=\"text-align: justify;\"><span style=\"font-size: 12.16px;\">Cabe resaltar que las empresas peruanas que participaron en la edici\u00f3n 2016 de ITB lograron un potencial de negocios de US$ 10\u2019140,900 y un estimado de 7,244 potenciales pasajeros. Tambi\u00e9n vale la pena mencionar que la feria ITB de Berl\u00edn 2017 constituy\u00f3 una importante plataforma de exposici\u00f3n ante m\u00e1s de 5,000 periodistas acreditados provenientes de 80 pa\u00edses, as\u00ed como 380 bloggers internacionales.<\/span><\/p>\n<p style=\"text-align: justify;\"><span style=\"font-size: 12.16px;\"><strong><em>Fuente: Infoturper\u00fa<\/em><\/strong><\/span><\/p>\n<p style=\"text-align: justify;\"><span style=\"font-size: 12.16px;\"><strong><em><img decoding=\"async\" src=\"images\/stories\/17\/03\/150317\/peru.jpg\" border=\"0\" \/><br \/><\/em><\/strong><\/span><\/p>\n","protected":false},"excerpt":{"rendered":"<p>(Aeronoticias) La delegaci\u00f3n del Per\u00fa particip\u00f3 en la feria internacional de turismo ITB 2017 para posicionar a nuestro pa\u00eds como el mejor destino en el segmento de aventura y naturaleza, y presentar el inicio de operaciones de las telecabinas de Ku\u00e9lap en el importante y atractivo mercado alem\u00e1n, que en 2015 gener\u00f3 divisas por US$ [&hellip;]<\/p>\n","protected":false},"author":1,"featured_media":0,"comment_status":"open","ping_status":"open","sticky":false,"template":"","format":"standard","meta":{"tdm_status":"","tdm_grid_status":"","footnotes":""},"categories":[31],"tags":[],"class_list":{"0":"post-56422","1":"post","2":"type-post","3":"status-publish","4":"format-standard","6":"category-31"},"yoast_head":"<!-- This site is optimized with the Yoast SEO plugin v25.1 - https:\/\/yoast.com\/wordpress\/plugins\/seo\/ -->\n<title>Per\u00fa present\u00f3 lo mejor de su oferta de turismo de aventura y naturaleza en feria internacional ITB 2017<\/title>\n<meta name=\"description\" content=\"Portal de noticias del Per\u00fa sobre el transporte a\u00e9reo, aviaci\u00f3n, turismo, hoteleria, actualidad.\" \/>\n<meta name=\"robots\" content=\"index, follow, max-snippet:-1, max-image-preview:large, max-video-preview:-1\" \/>\n<link rel=\"canonical\" href=\"https:\/\/aeronoticias.com.pe\/noticiero\/turismo\/13\/peru-presento-lo-mejor-de-su-oferta-de-turismo-de-aventura-y-naturaleza-en-feria-internacional-itb-2017\/\" \/>\n<meta property=\"og:locale\" content=\"es_ES\" \/>\n<meta property=\"og:type\" content=\"article\" \/>\n<meta property=\"og:title\" content=\"Per\u00fa present\u00f3 lo mejor de su oferta de turismo de aventura y naturaleza en feria internacional ITB 2017\" \/>\n<meta property=\"og:description\" content=\"Portal de noticias del Per\u00fa sobre el transporte a\u00e9reo, aviaci\u00f3n, turismo, hoteleria, actualidad.\" \/>\n<meta property=\"og:url\" content=\"https:\/\/aeronoticias.com.pe\/noticiero\/turismo\/13\/peru-presento-lo-mejor-de-su-oferta-de-turismo-de-aventura-y-naturaleza-en-feria-internacional-itb-2017\/\" \/>\n<meta property=\"og:site_name\" content=\"Aeronoticias.com.pe\" \/>\n<meta property=\"article:publisher\" content=\"https:\/\/www.facebook.com\/Aeronoticias.com.pe\/\" \/>\n<meta property=\"article:published_time\" content=\"2017-03-14T18:01:28+00:00\" \/>\n<meta name=\"author\" content=\"Redacci\u00f3n Aeronoticias\" \/>\n<meta name=\"twitter:card\" content=\"summary_large_image\" \/>\n<meta name=\"twitter:creator\" content=\"@aeronoticias\" \/>\n<meta name=\"twitter:site\" content=\"@aeronoticias\" \/>\n<meta name=\"twitter:label1\" content=\"Escrito por\" \/>\n\t<meta name=\"twitter:data1\" content=\"Redacci\u00f3n Aeronoticias\" \/>\n\t<meta name=\"twitter:label2\" content=\"Tiempo de lectura\" \/>\n\t<meta name=\"twitter:data2\" content=\"2 minutos\" \/>\n<script type=\"application\/ld+json\" class=\"yoast-schema-graph\">{\"@context\":\"https:\/\/schema.org\",\"@graph\":[{\"@type\":\"WebPage\",\"@id\":\"https:\/\/aeronoticias.com.pe\/noticiero\/turismo\/13\/peru-presento-lo-mejor-de-su-oferta-de-turismo-de-aventura-y-naturaleza-en-feria-internacional-itb-2017\/\",\"url\":\"https:\/\/aeronoticias.com.pe\/noticiero\/turismo\/13\/peru-presento-lo-mejor-de-su-oferta-de-turismo-de-aventura-y-naturaleza-en-feria-internacional-itb-2017\/\",\"name\":\"Per\u00fa present\u00f3 lo mejor de su oferta de turismo de aventura y naturaleza en feria internacional ITB 2017\",\"isPartOf\":{\"@id\":\"https:\/\/aeronoticias.com.pe\/noticiero\/#website\"},\"datePublished\":\"2017-03-14T18:01:28+00:00\",\"author\":{\"@id\":\"https:\/\/aeronoticias.com.pe\/noticiero\/#\/schema\/person\/fc1e5d578f4b62ba1cf7ac2bba1170a0\"},\"description\":\"Portal de noticias del Per\u00fa sobre el transporte a\u00e9reo, aviaci\u00f3n, turismo, hoteleria, actualidad.\",\"breadcrumb\":{\"@id\":\"https:\/\/aeronoticias.com.pe\/noticiero\/turismo\/13\/peru-presento-lo-mejor-de-su-oferta-de-turismo-de-aventura-y-naturaleza-en-feria-internacional-itb-2017\/#breadcrumb\"},\"inLanguage\":\"es\",\"potentialAction\":[{\"@type\":\"ReadAction\",\"target\":[\"https:\/\/aeronoticias.com.pe\/noticiero\/turismo\/13\/peru-presento-lo-mejor-de-su-oferta-de-turismo-de-aventura-y-naturaleza-en-feria-internacional-itb-2017\/\"]}]},{\"@type\":\"BreadcrumbList\",\"@id\":\"https:\/\/aeronoticias.com.pe\/noticiero\/turismo\/13\/peru-presento-lo-mejor-de-su-oferta-de-turismo-de-aventura-y-naturaleza-en-feria-internacional-itb-2017\/#breadcrumb\",\"itemListElement\":[{\"@type\":\"ListItem\",\"position\":1,\"name\":\"Portada\",\"item\":\"https:\/\/aeronoticias.com.pe\/noticiero\/\"},{\"@type\":\"ListItem\",\"position\":2,\"name\":\"Per\u00fa present\u00f3 lo mejor de su oferta de turismo de aventura y naturaleza en feria internacional ITB 2017\"}]},{\"@type\":\"WebSite\",\"@id\":\"https:\/\/aeronoticias.com.pe\/noticiero\/#website\",\"url\":\"https:\/\/aeronoticias.com.pe\/noticiero\/\",\"name\":\"Aeronoticias.com.pe\",\"description\":\"Noticias de tranporte aereo, turismo, hoteles, gastronomia, actualidad, internacional\",\"potentialAction\":[{\"@type\":\"SearchAction\",\"target\":{\"@type\":\"EntryPoint\",\"urlTemplate\":\"https:\/\/aeronoticias.com.pe\/noticiero\/?s={search_term_string}\"},\"query-input\":{\"@type\":\"PropertyValueSpecification\",\"valueRequired\":true,\"valueName\":\"search_term_string\"}}],\"inLanguage\":\"es\"},{\"@type\":\"Person\",\"@id\":\"https:\/\/aeronoticias.com.pe\/noticiero\/#\/schema\/person\/fc1e5d578f4b62ba1cf7ac2bba1170a0\",\"name\":\"Redacci\u00f3n Aeronoticias\",\"url\":\"https:\/\/aeronoticias.com.pe\/noticiero\/author\/piloto\/\"}]}<\/script>\n<!-- \/ Yoast SEO plugin. -->","yoast_head_json":{"title":"Per\u00fa present\u00f3 lo mejor de su oferta de turismo de aventura y naturaleza en feria internacional ITB 2017","description":"Portal de noticias del Per\u00fa sobre el transporte a\u00e9reo, aviaci\u00f3n, turismo, hoteleria, actualidad.","robots":{"index":"index","follow":"follow","max-snippet":"max-snippet:-1","max-image-preview":"max-image-preview:large","max-video-preview":"max-video-preview:-1"},"canonical":"https:\/\/aeronoticias.com.pe\/noticiero\/turismo\/13\/peru-presento-lo-mejor-de-su-oferta-de-turismo-de-aventura-y-naturaleza-en-feria-internacional-itb-2017\/","og_locale":"es_ES","og_type":"article","og_title":"Per\u00fa present\u00f3 lo mejor de su oferta de turismo de aventura y naturaleza en feria internacional ITB 2017","og_description":"Portal de noticias del Per\u00fa sobre el transporte a\u00e9reo, aviaci\u00f3n, turismo, hoteleria, actualidad.","og_url":"https:\/\/aeronoticias.com.pe\/noticiero\/turismo\/13\/peru-presento-lo-mejor-de-su-oferta-de-turismo-de-aventura-y-naturaleza-en-feria-internacional-itb-2017\/","og_site_name":"Aeronoticias.com.pe","article_publisher":"https:\/\/www.facebook.com\/Aeronoticias.com.pe\/","article_published_time":"2017-03-14T18:01:28+00:00","author":"Redacci\u00f3n Aeronoticias","twitter_card":"summary_large_image","twitter_creator":"@aeronoticias","twitter_site":"@aeronoticias","twitter_misc":{"Escrito por":"Redacci\u00f3n Aeronoticias","Tiempo de lectura":"2 minutos"},"schema":{"@context":"https:\/\/schema.org","@graph":[{"@type":"WebPage","@id":"https:\/\/aeronoticias.com.pe\/noticiero\/turismo\/13\/peru-presento-lo-mejor-de-su-oferta-de-turismo-de-aventura-y-naturaleza-en-feria-internacional-itb-2017\/","url":"https:\/\/aeronoticias.com.pe\/noticiero\/turismo\/13\/peru-presento-lo-mejor-de-su-oferta-de-turismo-de-aventura-y-naturaleza-en-feria-internacional-itb-2017\/","name":"Per\u00fa present\u00f3 lo mejor de su oferta de turismo de aventura y naturaleza en feria internacional ITB 2017","isPartOf":{"@id":"https:\/\/aeronoticias.com.pe\/noticiero\/#website"},"datePublished":"2017-03-14T18:01:28+00:00","author":{"@id":"https:\/\/aeronoticias.com.pe\/noticiero\/#\/schema\/person\/fc1e5d578f4b62ba1cf7ac2bba1170a0"},"description":"Portal de noticias del Per\u00fa sobre el transporte a\u00e9reo, aviaci\u00f3n, turismo, hoteleria, actualidad.","breadcrumb":{"@id":"https:\/\/aeronoticias.com.pe\/noticiero\/turismo\/13\/peru-presento-lo-mejor-de-su-oferta-de-turismo-de-aventura-y-naturaleza-en-feria-internacional-itb-2017\/#breadcrumb"},"inLanguage":"es","potentialAction":[{"@type":"ReadAction","target":["https:\/\/aeronoticias.com.pe\/noticiero\/turismo\/13\/peru-presento-lo-mejor-de-su-oferta-de-turismo-de-aventura-y-naturaleza-en-feria-internacional-itb-2017\/"]}]},{"@type":"BreadcrumbList","@id":"https:\/\/aeronoticias.com.pe\/noticiero\/turismo\/13\/peru-presento-lo-mejor-de-su-oferta-de-turismo-de-aventura-y-naturaleza-en-feria-internacional-itb-2017\/#breadcrumb","itemListElement":[{"@type":"ListItem","position":1,"name":"Portada","item":"https:\/\/aeronoticias.com.pe\/noticiero\/"},{"@type":"ListItem","position":2,"name":"Per\u00fa present\u00f3 lo mejor de su oferta de turismo de aventura y naturaleza en feria internacional ITB 2017"}]},{"@type":"WebSite","@id":"https:\/\/aeronoticias.com.pe\/noticiero\/#website","url":"https:\/\/aeronoticias.com.pe\/noticiero\/","name":"Aeronoticias.com.pe","description":"Noticias de tranporte aereo, turismo, hoteles, gastronomia, actualidad, internacional","potentialAction":[{"@type":"SearchAction","target":{"@type":"EntryPoint","urlTemplate":"https:\/\/aeronoticias.com.pe\/noticiero\/?s={search_term_string}"},"query-input":{"@type":"PropertyValueSpecification","valueRequired":true,"valueName":"search_term_string"}}],"inLanguage":"es"},{"@type":"Person","@id":"https:\/\/aeronoticias.com.pe\/noticiero\/#\/schema\/person\/fc1e5d578f4b62ba1cf7ac2bba1170a0","name":"Redacci\u00f3n Aeronoticias","url":"https:\/\/aeronoticias.com.pe\/noticiero\/author\/piloto\/"}]}},"_links":{"self":[{"href":"https:\/\/aeronoticias.com.pe\/noticiero\/wp-json\/wp\/v2\/posts\/56422","targetHints":{"allow":["GET"]}}],"collection":[{"href":"https:\/\/aeronoticias.com.pe\/noticiero\/wp-json\/wp\/v2\/posts"}],"about":[{"href":"https:\/\/aeronoticias.com.pe\/noticiero\/wp-json\/wp\/v2\/types\/post"}],"author":[{"embeddable":true,"href":"https:\/\/aeronoticias.com.pe\/noticiero\/wp-json\/wp\/v2\/users\/1"}],"replies":[{"embeddable":true,"href":"https:\/\/aeronoticias.com.pe\/noticiero\/wp-json\/wp\/v2\/comments?post=56422"}],"version-history":[{"count":0,"href":"https:\/\/aeronoticias.com.pe\/noticiero\/wp-json\/wp\/v2\/posts\/56422\/revisions"}],"wp:attachment":[{"href":"https:\/\/aeronoticias.com.pe\/noticiero\/wp-json\/wp\/v2\/media?parent=56422"}],"wp:term":[{"taxonomy":"category","embeddable":true,"href":"https:\/\/aeronoticias.com.pe\/noticiero\/wp-json\/wp\/v2\/categories?post=56422"},{"taxonomy":"post_tag","embeddable":true,"href":"https:\/\/aeronoticias.com.pe\/noticiero\/wp-json\/wp\/v2\/tags?post=56422"}],"curies":[{"name":"wp","href":"https:\/\/api.w.org\/{rel}","templated":true}]}}