{"id":56423,"date":"2017-03-14T18:05:10","date_gmt":"2017-03-14T18:05:10","guid":{"rendered":"http:\/\/desarrollo.mcvicious.com\/aero2020\/2017\/03\/14\/air-europa-dobla-el-numero-de-megas-en-su-servicio-wifi-de-su-flota-de-largo-radio\/"},"modified":"2017-03-14T18:05:10","modified_gmt":"2017-03-14T18:05:10","slug":"air-europa-dobla-el-numero-de-megas-en-su-servicio-wifi-de-su-flota-de-largo-radio","status":"publish","type":"post","link":"https:\/\/aeronoticias.com.pe\/noticiero\/27\/air-europa-dobla-el-numero-de-megas-en-su-servicio-wifi-de-su-flota-de-largo-radio\/","title":{"rendered":"Air Europa dobla el n\u00famero de megas en su servicio WiFi de su flota de largo radio"},"content":{"rendered":"<p style=\"text-align: justify;\"><strong>(Aeronoticias) <\/strong><span style=\"font-size: 12.16px;\">Air Europa ha doblado el n\u00famero de megas en los tres paquetes de tarifas WiFi que ofrece en su servicio de conexi\u00f3n inal\u00e1mbrica a Internet en su flota de largo radio, disponible en todos sus aviones A330 y 787 de Boeing, seg\u00fan inform\u00f3 la compa\u00f1\u00eda del grupo Globalia.<\/span><\/p>\n<p style=\"text-align: justify;\"><span style=\"font-size: 12.16px;\">Adem\u00e1s, la aerol\u00ednea ofrece a sus pasajeros \u2018business\u2019 de largo recorrido un bono totalmente gratuito de 10 Mb para navegar, sin coste adicional alguno, en el transcurso de su vuelo.<\/span><\/p>\n<p style=\"text-align: justify;\"><span style=\"font-size: 12.16px;\">Ambas medidas se suman a las medidas desarrolladas por la aerol\u00ednea para mejorar sus servicios a bordo y garantizar una experiencia \u201c\u00fanica de vuelo a sus pasajeros\u201d, en el marco de la apuesta de la compa\u00f1\u00eda a\u00e9rea por posicionarse a la vanguardia tecnol\u00f3gica.<\/span><\/p>\n<p style=\"text-align: justify;\"><span style=\"font-size: 12.16px;\">El servicio WiFi de Air Europa, que lanz\u00f3 se en noviembre de 2016 en colaboraci\u00f3n con Panasonic Avionics Corporation, en toda su flota de largo alcance cuenta con tres tarifas en funci\u00f3n del consumo que se vaya a realizar en pleno vuelo.<\/span><\/p>\n<p style=\"text-align: justify;\"><span style=\"font-size: 12.16px;\">Las tarifas van desde la b\u00e1sica de siete euros por 15 Mb; una tarifa m\u00e1s popular de 13 euros con 30 Mb, y que permite un mayor tiempo de navegaci\u00f3n, a la tarifa Premium de 20 euros con la que se disponen 50 Mb para navegar.<\/span><\/p>\n<p style=\"text-align: justify;\"><span style=\"font-size: 12.16px;\">Air Europa prev\u00e9 seguir ampliando dicho servicio en el resto de su flota. De hecho, los nuevos aviones 737 MAX, que recibir\u00e1 la aerol\u00ednea pr\u00f3ximamente y con los que centrar\u00e1 su operativa de corto y medio radio, tambi\u00e9n contar\u00e1n con WiFi a bordo.<\/span><\/p>\n<p style=\"text-align: justify;\"><span style=\"font-size: 12.16px;\">SERVICIO \u2018STREAMING\u2019 EN SUS A330<\/span><\/p>\n<p style=\"text-align: justify;\">La compa\u00f1\u00eda a\u00e9rea ha instalado adem\u00e1s servicio \u2018streaming\u2019 en su flota de A330, con el que garantiza a sus pasajeros mayores opciones de entretenimiento individual al poder descargar en su dispositivo personal, y de forma gratuita, una gran variedad de contenido audiovisual. En breve, Air proceder\u00e1 igualmente a instalarlo en los Boeing 787.<\/p>\n<p style=\"text-align: justify;\"><span style=\"font-size: 12.16px;\">El servicio WiFi se activa cuando se apaga la se\u00f1al luminosa de \u201cabr\u00f3chense los cinturones\u201d, por lo que su uso no est\u00e1 disponible en las fases de despegue y aterrizaje.<\/span><\/p>\n<p style=\"text-align: justify;\"><span style=\"font-size: 12.16px;\">A partir de este momento, el pasajero que as\u00ed lo desee y manteniendo activado el modo avi\u00f3n en su dispositivo, puede conectarse a la red WiFi \u2018Ontheair\u2019 y, tras abrir su navegador, seleccionar la tarifa que m\u00e1s se ajuste a sus necesidades.<\/span><\/p>\n<p style=\"text-align: justify;\"><span style=\"font-size: 12.16px;\"><strong><em>Fuente: EuropaPress<\/em><\/strong><\/span><\/p>\n<p style=\"text-align: justify;\"><span style=\"font-size: 12.16px;\"><strong><em><img decoding=\"async\" src=\"images\/stories\/17\/03\/140317\/wifi-aireuropa.jpg\" border=\"0\" \/><br \/><\/em><\/strong><\/span><\/p>\n","protected":false},"excerpt":{"rendered":"<p>(Aeronoticias) Air Europa ha doblado el n\u00famero de megas en los tres paquetes de tarifas WiFi que ofrece en su servicio de conexi\u00f3n inal\u00e1mbrica a Internet en su flota de largo radio, disponible en todos sus aviones A330 y 787 de Boeing, seg\u00fan inform\u00f3 la compa\u00f1\u00eda del grupo Globalia. Adem\u00e1s, la aerol\u00ednea ofrece a sus [&hellip;]<\/p>\n","protected":false},"author":1,"featured_media":0,"comment_status":"open","ping_status":"open","sticky":false,"template":"","format":"standard","meta":{"tdm_status":"","tdm_grid_status":"","footnotes":""},"categories":[35],"tags":[],"class_list":{"0":"post-56423","1":"post","2":"type-post","3":"status-publish","4":"format-standard","6":"category-35"},"yoast_head":"<!-- This site is optimized with the Yoast SEO plugin v25.1 - https:\/\/yoast.com\/wordpress\/plugins\/seo\/ -->\n<title>Air Europa dobla el n\u00famero de megas en su servicio WiFi de su flota de largo radio<\/title>\n<meta name=\"description\" content=\"Portal de noticias del Per\u00fa sobre el transporte a\u00e9reo, aviaci\u00f3n, turismo, hoteleria, actualidad.\" \/>\n<meta name=\"robots\" content=\"index, follow, max-snippet:-1, max-image-preview:large, max-video-preview:-1\" \/>\n<link rel=\"canonical\" href=\"https:\/\/aeronoticias.com.pe\/noticiero\/27\/air-europa-dobla-el-numero-de-megas-en-su-servicio-wifi-de-su-flota-de-largo-radio\/\" \/>\n<meta property=\"og:locale\" content=\"es_ES\" \/>\n<meta property=\"og:type\" content=\"article\" \/>\n<meta property=\"og:title\" content=\"Air Europa dobla el n\u00famero de megas en su servicio WiFi de su flota de largo radio\" \/>\n<meta property=\"og:description\" content=\"Portal de noticias del Per\u00fa sobre el transporte a\u00e9reo, aviaci\u00f3n, turismo, hoteleria, actualidad.\" \/>\n<meta property=\"og:url\" content=\"https:\/\/aeronoticias.com.pe\/noticiero\/27\/air-europa-dobla-el-numero-de-megas-en-su-servicio-wifi-de-su-flota-de-largo-radio\/\" \/>\n<meta property=\"og:site_name\" content=\"Aeronoticias.com.pe\" \/>\n<meta property=\"article:publisher\" content=\"https:\/\/www.facebook.com\/Aeronoticias.com.pe\/\" \/>\n<meta property=\"article:published_time\" content=\"2017-03-14T18:05:10+00:00\" \/>\n<meta name=\"author\" content=\"Redacci\u00f3n Aeronoticias\" \/>\n<meta name=\"twitter:card\" content=\"summary_large_image\" \/>\n<meta name=\"twitter:creator\" content=\"@aeronoticias\" \/>\n<meta name=\"twitter:site\" content=\"@aeronoticias\" \/>\n<meta name=\"twitter:label1\" content=\"Escrito por\" \/>\n\t<meta name=\"twitter:data1\" content=\"Redacci\u00f3n Aeronoticias\" \/>\n\t<meta name=\"twitter:label2\" content=\"Tiempo de lectura\" \/>\n\t<meta name=\"twitter:data2\" content=\"2 minutos\" \/>\n<script type=\"application\/ld+json\" class=\"yoast-schema-graph\">{\"@context\":\"https:\/\/schema.org\",\"@graph\":[{\"@type\":\"WebPage\",\"@id\":\"https:\/\/aeronoticias.com.pe\/noticiero\/27\/air-europa-dobla-el-numero-de-megas-en-su-servicio-wifi-de-su-flota-de-largo-radio\/\",\"url\":\"https:\/\/aeronoticias.com.pe\/noticiero\/27\/air-europa-dobla-el-numero-de-megas-en-su-servicio-wifi-de-su-flota-de-largo-radio\/\",\"name\":\"Air Europa dobla el n\u00famero de megas en su servicio WiFi de su flota de largo radio\",\"isPartOf\":{\"@id\":\"https:\/\/aeronoticias.com.pe\/noticiero\/#website\"},\"datePublished\":\"2017-03-14T18:05:10+00:00\",\"author\":{\"@id\":\"https:\/\/aeronoticias.com.pe\/noticiero\/#\/schema\/person\/fc1e5d578f4b62ba1cf7ac2bba1170a0\"},\"description\":\"Portal de noticias del Per\u00fa sobre el transporte a\u00e9reo, aviaci\u00f3n, turismo, hoteleria, actualidad.\",\"breadcrumb\":{\"@id\":\"https:\/\/aeronoticias.com.pe\/noticiero\/27\/air-europa-dobla-el-numero-de-megas-en-su-servicio-wifi-de-su-flota-de-largo-radio\/#breadcrumb\"},\"inLanguage\":\"es\",\"potentialAction\":[{\"@type\":\"ReadAction\",\"target\":[\"https:\/\/aeronoticias.com.pe\/noticiero\/27\/air-europa-dobla-el-numero-de-megas-en-su-servicio-wifi-de-su-flota-de-largo-radio\/\"]}]},{\"@type\":\"BreadcrumbList\",\"@id\":\"https:\/\/aeronoticias.com.pe\/noticiero\/27\/air-europa-dobla-el-numero-de-megas-en-su-servicio-wifi-de-su-flota-de-largo-radio\/#breadcrumb\",\"itemListElement\":[{\"@type\":\"ListItem\",\"position\":1,\"name\":\"Portada\",\"item\":\"https:\/\/aeronoticias.com.pe\/noticiero\/\"},{\"@type\":\"ListItem\",\"position\":2,\"name\":\"Air Europa dobla el n\u00famero de megas en su servicio WiFi de su flota de largo radio\"}]},{\"@type\":\"WebSite\",\"@id\":\"https:\/\/aeronoticias.com.pe\/noticiero\/#website\",\"url\":\"https:\/\/aeronoticias.com.pe\/noticiero\/\",\"name\":\"Aeronoticias.com.pe\",\"description\":\"Noticias de tranporte aereo, turismo, hoteles, gastronomia, actualidad, internacional\",\"potentialAction\":[{\"@type\":\"SearchAction\",\"target\":{\"@type\":\"EntryPoint\",\"urlTemplate\":\"https:\/\/aeronoticias.com.pe\/noticiero\/?s={search_term_string}\"},\"query-input\":{\"@type\":\"PropertyValueSpecification\",\"valueRequired\":true,\"valueName\":\"search_term_string\"}}],\"inLanguage\":\"es\"},{\"@type\":\"Person\",\"@id\":\"https:\/\/aeronoticias.com.pe\/noticiero\/#\/schema\/person\/fc1e5d578f4b62ba1cf7ac2bba1170a0\",\"name\":\"Redacci\u00f3n Aeronoticias\",\"url\":\"https:\/\/aeronoticias.com.pe\/noticiero\/author\/piloto\/\"}]}<\/script>\n<!-- \/ Yoast SEO plugin. -->","yoast_head_json":{"title":"Air Europa dobla el n\u00famero de megas en su servicio WiFi de su flota de largo radio","description":"Portal de noticias del Per\u00fa sobre el transporte a\u00e9reo, aviaci\u00f3n, turismo, hoteleria, actualidad.","robots":{"index":"index","follow":"follow","max-snippet":"max-snippet:-1","max-image-preview":"max-image-preview:large","max-video-preview":"max-video-preview:-1"},"canonical":"https:\/\/aeronoticias.com.pe\/noticiero\/27\/air-europa-dobla-el-numero-de-megas-en-su-servicio-wifi-de-su-flota-de-largo-radio\/","og_locale":"es_ES","og_type":"article","og_title":"Air Europa dobla el n\u00famero de megas en su servicio WiFi de su flota de largo radio","og_description":"Portal de noticias del Per\u00fa sobre el transporte a\u00e9reo, aviaci\u00f3n, turismo, hoteleria, actualidad.","og_url":"https:\/\/aeronoticias.com.pe\/noticiero\/27\/air-europa-dobla-el-numero-de-megas-en-su-servicio-wifi-de-su-flota-de-largo-radio\/","og_site_name":"Aeronoticias.com.pe","article_publisher":"https:\/\/www.facebook.com\/Aeronoticias.com.pe\/","article_published_time":"2017-03-14T18:05:10+00:00","author":"Redacci\u00f3n Aeronoticias","twitter_card":"summary_large_image","twitter_creator":"@aeronoticias","twitter_site":"@aeronoticias","twitter_misc":{"Escrito por":"Redacci\u00f3n Aeronoticias","Tiempo de lectura":"2 minutos"},"schema":{"@context":"https:\/\/schema.org","@graph":[{"@type":"WebPage","@id":"https:\/\/aeronoticias.com.pe\/noticiero\/27\/air-europa-dobla-el-numero-de-megas-en-su-servicio-wifi-de-su-flota-de-largo-radio\/","url":"https:\/\/aeronoticias.com.pe\/noticiero\/27\/air-europa-dobla-el-numero-de-megas-en-su-servicio-wifi-de-su-flota-de-largo-radio\/","name":"Air Europa dobla el n\u00famero de megas en su servicio WiFi de su flota de largo radio","isPartOf":{"@id":"https:\/\/aeronoticias.com.pe\/noticiero\/#website"},"datePublished":"2017-03-14T18:05:10+00:00","author":{"@id":"https:\/\/aeronoticias.com.pe\/noticiero\/#\/schema\/person\/fc1e5d578f4b62ba1cf7ac2bba1170a0"},"description":"Portal de noticias del Per\u00fa sobre el transporte a\u00e9reo, aviaci\u00f3n, turismo, hoteleria, actualidad.","breadcrumb":{"@id":"https:\/\/aeronoticias.com.pe\/noticiero\/27\/air-europa-dobla-el-numero-de-megas-en-su-servicio-wifi-de-su-flota-de-largo-radio\/#breadcrumb"},"inLanguage":"es","potentialAction":[{"@type":"ReadAction","target":["https:\/\/aeronoticias.com.pe\/noticiero\/27\/air-europa-dobla-el-numero-de-megas-en-su-servicio-wifi-de-su-flota-de-largo-radio\/"]}]},{"@type":"BreadcrumbList","@id":"https:\/\/aeronoticias.com.pe\/noticiero\/27\/air-europa-dobla-el-numero-de-megas-en-su-servicio-wifi-de-su-flota-de-largo-radio\/#breadcrumb","itemListElement":[{"@type":"ListItem","position":1,"name":"Portada","item":"https:\/\/aeronoticias.com.pe\/noticiero\/"},{"@type":"ListItem","position":2,"name":"Air Europa dobla el n\u00famero de megas en su servicio WiFi de su flota de largo radio"}]},{"@type":"WebSite","@id":"https:\/\/aeronoticias.com.pe\/noticiero\/#website","url":"https:\/\/aeronoticias.com.pe\/noticiero\/","name":"Aeronoticias.com.pe","description":"Noticias de tranporte aereo, turismo, hoteles, gastronomia, actualidad, internacional","potentialAction":[{"@type":"SearchAction","target":{"@type":"EntryPoint","urlTemplate":"https:\/\/aeronoticias.com.pe\/noticiero\/?s={search_term_string}"},"query-input":{"@type":"PropertyValueSpecification","valueRequired":true,"valueName":"search_term_string"}}],"inLanguage":"es"},{"@type":"Person","@id":"https:\/\/aeronoticias.com.pe\/noticiero\/#\/schema\/person\/fc1e5d578f4b62ba1cf7ac2bba1170a0","name":"Redacci\u00f3n Aeronoticias","url":"https:\/\/aeronoticias.com.pe\/noticiero\/author\/piloto\/"}]}},"_links":{"self":[{"href":"https:\/\/aeronoticias.com.pe\/noticiero\/wp-json\/wp\/v2\/posts\/56423","targetHints":{"allow":["GET"]}}],"collection":[{"href":"https:\/\/aeronoticias.com.pe\/noticiero\/wp-json\/wp\/v2\/posts"}],"about":[{"href":"https:\/\/aeronoticias.com.pe\/noticiero\/wp-json\/wp\/v2\/types\/post"}],"author":[{"embeddable":true,"href":"https:\/\/aeronoticias.com.pe\/noticiero\/wp-json\/wp\/v2\/users\/1"}],"replies":[{"embeddable":true,"href":"https:\/\/aeronoticias.com.pe\/noticiero\/wp-json\/wp\/v2\/comments?post=56423"}],"version-history":[{"count":0,"href":"https:\/\/aeronoticias.com.pe\/noticiero\/wp-json\/wp\/v2\/posts\/56423\/revisions"}],"wp:attachment":[{"href":"https:\/\/aeronoticias.com.pe\/noticiero\/wp-json\/wp\/v2\/media?parent=56423"}],"wp:term":[{"taxonomy":"category","embeddable":true,"href":"https:\/\/aeronoticias.com.pe\/noticiero\/wp-json\/wp\/v2\/categories?post=56423"},{"taxonomy":"post_tag","embeddable":true,"href":"https:\/\/aeronoticias.com.pe\/noticiero\/wp-json\/wp\/v2\/tags?post=56423"}],"curies":[{"name":"wp","href":"https:\/\/api.w.org\/{rel}","templated":true}]}}