{"id":56459,"date":"2017-03-27T19:35:27","date_gmt":"2017-03-27T19:35:27","guid":{"rendered":"http:\/\/desarrollo.mcvicious.com\/aero2020\/2017\/03\/27\/crean-vuelo-especial-para-admirar-la-aurora-austral\/"},"modified":"2017-03-27T19:35:27","modified_gmt":"2017-03-27T19:35:27","slug":"crean-vuelo-especial-para-admirar-la-aurora-austral","status":"publish","type":"post","link":"https:\/\/aeronoticias.com.pe\/noticiero\/salud\/crean-vuelo-especial-para-admirar-la-aurora-austral\/","title":{"rendered":"Crean vuelo especial para admirar la Aurora Austral"},"content":{"rendered":"<p style=\"text-align: justify;\"><strong>(Aeronoticias) <\/strong><span style=\"font-size: 12.16px;\">Los pasajeros hicieron un vuelo de ocho horas s\u00f3lo para mirar por la ventanilla del avi\u00f3n, pero se trataba de una vista extraordinaria.<\/span><\/p>\n<p style=\"text-align: justify;\"><span style=\"font-size: 12.16px;\">Un vuelo arrendado sali\u00f3 el jueves por la noche de Dunedin, en Nueva Zelanda, para volar cerca del C\u00edrculo Polar Ant\u00e1rtico y dar a los emocionados pasajeros una visi\u00f3n de cerca de la Aurora Austral, el nombre que recibe este fen\u00f3meno en el hemisferio sur.<\/span><\/p>\n<p style=\"text-align: justify;\"><span style=\"font-size: 12.16px;\">La idea fue del director del Museo Otago, Ian Griffin. El director, que es astr\u00f3nomo, dijo que se le ocurri\u00f3 despu\u00e9s de haber visto la Aurora Austral cuando vol\u00f3 como invitado en un avi\u00f3n de observaci\u00f3n de la NASA.<\/span><\/p>\n<p style=\"text-align: justify;\"><span style=\"font-size: 12.16px;\">Los 134 asientos del Boeing 767 arrendado se vendieron en cinco d\u00edas, y un hombre viaj\u00f3 desde Espa\u00f1a para disfrutar del vuelo, se\u00f1al\u00f3. Aunque podr\u00eda haber llenado el avi\u00f3n varias veces, se\u00f1al\u00f3 Griffin, s\u00f3lo se ofrecieron los asientos de ventanilla y los contiguos, dejando vac\u00edo el centro del avi\u00f3n.<\/span><\/p>\n<p style=\"text-align: justify;\"><span style=\"font-size: 12.16px;\">\u201cCreo que fue absolutamente fant\u00e1stico\u201d, dijo Griffin. \u201cEst\u00e1bamos debajo\u2026. Parece como si estuvieras mirando un r\u00edo verde, veteado\u201d.<\/span><\/p>\n<p style=\"text-align: justify;\"><span style=\"font-size: 12.16px;\">El pasajero Nick Wong dijo que se enter\u00f3 del vuelo el a\u00f1o pasado a trav\u00e9s de redes sociales; decidi\u00f3 apuntarse.<\/span><\/p>\n<p style=\"text-align: justify;\"><span style=\"font-size: 12.16px;\">\u201cNo cre\u00ed que vi\u00e9ramos algo tan espectacular, a simple vista\u201d, dijo. \u201cDe verdad fue fabuloso formar parte de una aventura con gente con intereses similares, que estaba tan emocionada como yo o m\u00e1s de ver este fen\u00f3meno\u201d.<\/span><\/p>\n<p style=\"text-align: justify;\"><span style=\"font-size: 12.16px;\">Las auroras polares se forman cuando part\u00edculas solares interaccionan con el campo magn\u00e9tico de la Tierra.<\/span><\/p>\n<p style=\"text-align: justify;\"><span style=\"font-size: 12.16px;\">Un asiento costaba 2 mil de Nueva Zelanda (mil 400 d\u00f3lares), el doble para clase business.<\/span><\/p>\n<p style=\"text-align: justify;\"><span style=\"font-size: 12.16px;\">Griffin se\u00f1al\u00f3 que est\u00e1 pensando en organizar otro viaje el a\u00f1o que viene, quiz\u00e1 en un avi\u00f3n m\u00e1s grande.<\/span><\/p>\n<p style=\"text-align: justify;\"><span style=\"font-size: 12.16px;\"><strong><em>Fuente: Excelsior<\/em><\/strong><\/span><\/p>\n<p style=\"text-align: justify;\"><span style=\"font-size: 12.16px;\"><strong><em>Foto: @DSWIFTNZ<\/em><\/strong><\/span><\/p>\n<p style=\"text-align: justify;\"><span style=\"font-size: 12.16px;\"><strong><em><img decoding=\"async\" src=\"images\/stories\/17\/03\/270317\/aurora-boreal.jpg\" border=\"0\" \/><br \/><\/em><\/strong><\/span><\/p>\n","protected":false},"excerpt":{"rendered":"<p>(Aeronoticias) Los pasajeros hicieron un vuelo de ocho horas s\u00f3lo para mirar por la ventanilla del avi\u00f3n, pero se trataba de una vista extraordinaria. Un vuelo arrendado sali\u00f3 el jueves por la noche de Dunedin, en Nueva Zelanda, para volar cerca del C\u00edrculo Polar Ant\u00e1rtico y dar a los emocionados pasajeros una visi\u00f3n de cerca [&hellip;]<\/p>\n","protected":false},"author":1,"featured_media":0,"comment_status":"open","ping_status":"open","sticky":false,"template":"","format":"standard","meta":{"tdm_status":"","tdm_grid_status":"","footnotes":""},"categories":[37],"tags":[],"class_list":{"0":"post-56459","1":"post","2":"type-post","3":"status-publish","4":"format-standard","6":"category-salud"},"yoast_head":"<!-- This site is optimized with the Yoast SEO plugin v25.1 - https:\/\/yoast.com\/wordpress\/plugins\/seo\/ -->\n<title>Crean vuelo especial para admirar la Aurora Austral<\/title>\n<meta name=\"description\" content=\"Portal de noticias del Per\u00fa sobre el transporte a\u00e9reo, aviaci\u00f3n, turismo, hoteleria, actualidad.\" \/>\n<meta name=\"robots\" content=\"index, follow, max-snippet:-1, max-image-preview:large, max-video-preview:-1\" \/>\n<link rel=\"canonical\" href=\"https:\/\/aeronoticias.com.pe\/noticiero\/salud\/crean-vuelo-especial-para-admirar-la-aurora-austral\/\" \/>\n<meta property=\"og:locale\" content=\"es_ES\" \/>\n<meta property=\"og:type\" content=\"article\" \/>\n<meta property=\"og:title\" content=\"Crean vuelo especial para admirar la Aurora Austral\" \/>\n<meta property=\"og:description\" content=\"Portal de noticias del Per\u00fa sobre el transporte a\u00e9reo, aviaci\u00f3n, turismo, hoteleria, actualidad.\" \/>\n<meta property=\"og:url\" content=\"https:\/\/aeronoticias.com.pe\/noticiero\/salud\/crean-vuelo-especial-para-admirar-la-aurora-austral\/\" \/>\n<meta property=\"og:site_name\" content=\"Aeronoticias.com.pe\" \/>\n<meta property=\"article:publisher\" content=\"https:\/\/www.facebook.com\/Aeronoticias.com.pe\/\" \/>\n<meta property=\"article:published_time\" content=\"2017-03-27T19:35:27+00:00\" \/>\n<meta name=\"author\" content=\"Redacci\u00f3n Aeronoticias\" \/>\n<meta name=\"twitter:card\" content=\"summary_large_image\" \/>\n<meta name=\"twitter:creator\" content=\"@aeronoticias\" \/>\n<meta name=\"twitter:site\" content=\"@aeronoticias\" \/>\n<meta name=\"twitter:label1\" content=\"Escrito por\" \/>\n\t<meta name=\"twitter:data1\" content=\"Redacci\u00f3n Aeronoticias\" \/>\n\t<meta name=\"twitter:label2\" content=\"Tiempo de lectura\" \/>\n\t<meta name=\"twitter:data2\" content=\"2 minutos\" \/>\n<script type=\"application\/ld+json\" class=\"yoast-schema-graph\">{\"@context\":\"https:\/\/schema.org\",\"@graph\":[{\"@type\":\"WebPage\",\"@id\":\"https:\/\/aeronoticias.com.pe\/noticiero\/salud\/crean-vuelo-especial-para-admirar-la-aurora-austral\/\",\"url\":\"https:\/\/aeronoticias.com.pe\/noticiero\/salud\/crean-vuelo-especial-para-admirar-la-aurora-austral\/\",\"name\":\"Crean vuelo especial para admirar la Aurora Austral\",\"isPartOf\":{\"@id\":\"https:\/\/aeronoticias.com.pe\/noticiero\/#website\"},\"datePublished\":\"2017-03-27T19:35:27+00:00\",\"author\":{\"@id\":\"https:\/\/aeronoticias.com.pe\/noticiero\/#\/schema\/person\/fc1e5d578f4b62ba1cf7ac2bba1170a0\"},\"description\":\"Portal de noticias del Per\u00fa sobre el transporte a\u00e9reo, aviaci\u00f3n, turismo, hoteleria, actualidad.\",\"breadcrumb\":{\"@id\":\"https:\/\/aeronoticias.com.pe\/noticiero\/salud\/crean-vuelo-especial-para-admirar-la-aurora-austral\/#breadcrumb\"},\"inLanguage\":\"es\",\"potentialAction\":[{\"@type\":\"ReadAction\",\"target\":[\"https:\/\/aeronoticias.com.pe\/noticiero\/salud\/crean-vuelo-especial-para-admirar-la-aurora-austral\/\"]}]},{\"@type\":\"BreadcrumbList\",\"@id\":\"https:\/\/aeronoticias.com.pe\/noticiero\/salud\/crean-vuelo-especial-para-admirar-la-aurora-austral\/#breadcrumb\",\"itemListElement\":[{\"@type\":\"ListItem\",\"position\":1,\"name\":\"Portada\",\"item\":\"https:\/\/aeronoticias.com.pe\/noticiero\/\"},{\"@type\":\"ListItem\",\"position\":2,\"name\":\"Crean vuelo especial para admirar la Aurora Austral\"}]},{\"@type\":\"WebSite\",\"@id\":\"https:\/\/aeronoticias.com.pe\/noticiero\/#website\",\"url\":\"https:\/\/aeronoticias.com.pe\/noticiero\/\",\"name\":\"Aeronoticias.com.pe\",\"description\":\"Noticias de tranporte aereo, turismo, hoteles, gastronomia, actualidad, internacional\",\"potentialAction\":[{\"@type\":\"SearchAction\",\"target\":{\"@type\":\"EntryPoint\",\"urlTemplate\":\"https:\/\/aeronoticias.com.pe\/noticiero\/?s={search_term_string}\"},\"query-input\":{\"@type\":\"PropertyValueSpecification\",\"valueRequired\":true,\"valueName\":\"search_term_string\"}}],\"inLanguage\":\"es\"},{\"@type\":\"Person\",\"@id\":\"https:\/\/aeronoticias.com.pe\/noticiero\/#\/schema\/person\/fc1e5d578f4b62ba1cf7ac2bba1170a0\",\"name\":\"Redacci\u00f3n Aeronoticias\",\"url\":\"https:\/\/aeronoticias.com.pe\/noticiero\/author\/piloto\/\"}]}<\/script>\n<!-- \/ Yoast SEO plugin. -->","yoast_head_json":{"title":"Crean vuelo especial para admirar la Aurora Austral","description":"Portal de noticias del Per\u00fa sobre el transporte a\u00e9reo, aviaci\u00f3n, turismo, hoteleria, actualidad.","robots":{"index":"index","follow":"follow","max-snippet":"max-snippet:-1","max-image-preview":"max-image-preview:large","max-video-preview":"max-video-preview:-1"},"canonical":"https:\/\/aeronoticias.com.pe\/noticiero\/salud\/crean-vuelo-especial-para-admirar-la-aurora-austral\/","og_locale":"es_ES","og_type":"article","og_title":"Crean vuelo especial para admirar la Aurora Austral","og_description":"Portal de noticias del Per\u00fa sobre el transporte a\u00e9reo, aviaci\u00f3n, turismo, hoteleria, actualidad.","og_url":"https:\/\/aeronoticias.com.pe\/noticiero\/salud\/crean-vuelo-especial-para-admirar-la-aurora-austral\/","og_site_name":"Aeronoticias.com.pe","article_publisher":"https:\/\/www.facebook.com\/Aeronoticias.com.pe\/","article_published_time":"2017-03-27T19:35:27+00:00","author":"Redacci\u00f3n Aeronoticias","twitter_card":"summary_large_image","twitter_creator":"@aeronoticias","twitter_site":"@aeronoticias","twitter_misc":{"Escrito por":"Redacci\u00f3n Aeronoticias","Tiempo de lectura":"2 minutos"},"schema":{"@context":"https:\/\/schema.org","@graph":[{"@type":"WebPage","@id":"https:\/\/aeronoticias.com.pe\/noticiero\/salud\/crean-vuelo-especial-para-admirar-la-aurora-austral\/","url":"https:\/\/aeronoticias.com.pe\/noticiero\/salud\/crean-vuelo-especial-para-admirar-la-aurora-austral\/","name":"Crean vuelo especial para admirar la Aurora Austral","isPartOf":{"@id":"https:\/\/aeronoticias.com.pe\/noticiero\/#website"},"datePublished":"2017-03-27T19:35:27+00:00","author":{"@id":"https:\/\/aeronoticias.com.pe\/noticiero\/#\/schema\/person\/fc1e5d578f4b62ba1cf7ac2bba1170a0"},"description":"Portal de noticias del Per\u00fa sobre el transporte a\u00e9reo, aviaci\u00f3n, turismo, hoteleria, actualidad.","breadcrumb":{"@id":"https:\/\/aeronoticias.com.pe\/noticiero\/salud\/crean-vuelo-especial-para-admirar-la-aurora-austral\/#breadcrumb"},"inLanguage":"es","potentialAction":[{"@type":"ReadAction","target":["https:\/\/aeronoticias.com.pe\/noticiero\/salud\/crean-vuelo-especial-para-admirar-la-aurora-austral\/"]}]},{"@type":"BreadcrumbList","@id":"https:\/\/aeronoticias.com.pe\/noticiero\/salud\/crean-vuelo-especial-para-admirar-la-aurora-austral\/#breadcrumb","itemListElement":[{"@type":"ListItem","position":1,"name":"Portada","item":"https:\/\/aeronoticias.com.pe\/noticiero\/"},{"@type":"ListItem","position":2,"name":"Crean vuelo especial para admirar la Aurora Austral"}]},{"@type":"WebSite","@id":"https:\/\/aeronoticias.com.pe\/noticiero\/#website","url":"https:\/\/aeronoticias.com.pe\/noticiero\/","name":"Aeronoticias.com.pe","description":"Noticias de tranporte aereo, turismo, hoteles, gastronomia, actualidad, internacional","potentialAction":[{"@type":"SearchAction","target":{"@type":"EntryPoint","urlTemplate":"https:\/\/aeronoticias.com.pe\/noticiero\/?s={search_term_string}"},"query-input":{"@type":"PropertyValueSpecification","valueRequired":true,"valueName":"search_term_string"}}],"inLanguage":"es"},{"@type":"Person","@id":"https:\/\/aeronoticias.com.pe\/noticiero\/#\/schema\/person\/fc1e5d578f4b62ba1cf7ac2bba1170a0","name":"Redacci\u00f3n Aeronoticias","url":"https:\/\/aeronoticias.com.pe\/noticiero\/author\/piloto\/"}]}},"_links":{"self":[{"href":"https:\/\/aeronoticias.com.pe\/noticiero\/wp-json\/wp\/v2\/posts\/56459","targetHints":{"allow":["GET"]}}],"collection":[{"href":"https:\/\/aeronoticias.com.pe\/noticiero\/wp-json\/wp\/v2\/posts"}],"about":[{"href":"https:\/\/aeronoticias.com.pe\/noticiero\/wp-json\/wp\/v2\/types\/post"}],"author":[{"embeddable":true,"href":"https:\/\/aeronoticias.com.pe\/noticiero\/wp-json\/wp\/v2\/users\/1"}],"replies":[{"embeddable":true,"href":"https:\/\/aeronoticias.com.pe\/noticiero\/wp-json\/wp\/v2\/comments?post=56459"}],"version-history":[{"count":0,"href":"https:\/\/aeronoticias.com.pe\/noticiero\/wp-json\/wp\/v2\/posts\/56459\/revisions"}],"wp:attachment":[{"href":"https:\/\/aeronoticias.com.pe\/noticiero\/wp-json\/wp\/v2\/media?parent=56459"}],"wp:term":[{"taxonomy":"category","embeddable":true,"href":"https:\/\/aeronoticias.com.pe\/noticiero\/wp-json\/wp\/v2\/categories?post=56459"},{"taxonomy":"post_tag","embeddable":true,"href":"https:\/\/aeronoticias.com.pe\/noticiero\/wp-json\/wp\/v2\/tags?post=56459"}],"curies":[{"name":"wp","href":"https:\/\/api.w.org\/{rel}","templated":true}]}}