{"id":56460,"date":"2017-03-28T18:25:56","date_gmt":"2017-03-28T18:25:56","guid":{"rendered":"http:\/\/desarrollo.mcvicious.com\/aero2020\/2017\/03\/28\/american-airlines-anuncia-vicepresidente-de-ventas-internacionales\/"},"modified":"2017-03-28T18:25:56","modified_gmt":"2017-03-28T18:25:56","slug":"american-airlines-anuncia-vicepresidente-de-ventas-internacionales","status":"publish","type":"post","link":"https:\/\/aeronoticias.com.pe\/noticiero\/mundo\/mundo-mundo-2\/american-airlines-anuncia-vicepresidente-de-ventas-internacionales\/","title":{"rendered":"American Airlines anuncia Vicepresidente de Ventas Internacionales"},"content":{"rendered":"<p style=\"text-align: justify;\"><strong>(Aeronoticias) <\/strong><span style=\"font-size: 12.16px;\">American Airlines anunci\u00f3 hoy la promoci\u00f3n de Chris DeGroot a Vicepresidente de Ventas Internacionales con la funci\u00f3n de supervisar las estrategias de ventas e iniciativas comerciales de American para impulsar el rendimiento de vuelos internacionales. Se reportar\u00e1 a Alison Taylor, vicepresidenta s\u00e9nior de Ventas Globales de American.<\/span><\/p>\n<p style=\"text-align: justify;\"><span style=\"font-size: 12.16px;\">\u201cEl nombramiento de Chris para esta posici\u00f3n de liderazgo coincide con nuestra decisi\u00f3n de hacer crecer la Organizaci\u00f3n de Ventas Globales con aproxim\u00e1damente 130 posiciones\u201d, dijo Taylor. \u201cEstamos dise\u00f1ando un equipo \u00a0con el que los clientes podr\u00e1n negociar m\u00e1s f\u00e1cilmente, y el enfoque considerado, inteligente y objetivo de Chris combinado con su experiencia multifuncional provee una excelente plataforma para el \u00e9xito. Sin duda nos ayudar\u00e1 con la visi\u00f3n y dedicaci\u00f3n necesarias para lograr nuestro enfoque en el cliente y nuestros objetivos de negocios internacionales\u201d.<\/span><\/p>\n<p style=\"text-align: justify;\"><span style=\"font-size: 12.16px;\">DeGroot supervisar\u00e1 las tres divisiones internacionales de American incluyendo MCLA (M\u00e9xico, el Caribe y Am\u00e9rica Latina), EMEA (Europa, Medio Oriente y \u00c1frica) y APAC (Asia Pac\u00edfico), as\u00ed como tambi\u00e9n a los equipos de Ventas de Alianzas que apoyan los negocios conjuntos de la aerol\u00ednea.<\/span><\/p>\n<p style=\"text-align: justify;\"><span style=\"font-size: 12.16px;\">La posici\u00f3n tendr\u00e1 base en las oficinas principales de American en Fort Worth, Texas, pero deGroot viajar\u00e1 extensamente para asegurar que los clientes est\u00e9n conectados con el equipo de ventas a trav\u00e9s de la red.<\/span><\/p>\n<p style=\"text-align: justify;\"><span style=\"font-size: 12.16px;\">DeGroot se incorpor\u00f3 a American en el 2001. En sus m\u00e1s de 15 a\u00f1os de de carrera en la aviaci\u00f3n, ha dirigido equipos en Estrat\u00e9gia de Distribuci\u00f3n, Finanzas y Estrat\u00e9gia de Ventas, y ha ocupado posiciones basadas internacionalmente para American en Londres y Mosc\u00fa. Es graduado de la Universidad de Texas en Austin con un bachiller en Espa\u00f1ol. Tambi\u00e9n posee una maestr\u00eda de la Escuela de Negocios McCombs en Texas.<\/span><\/p>\n<p style=\"text-align: justify;\">Adem\u00e1s del nombramiento de DeGroot, American tambi\u00e9n anunci\u00f3 que Tom Lattig ha sido promovido a Director General de Ventas &#8211; EMEA. \u00a0Lattig estar\u00e1 basado en Londres y reportar\u00e1 a DeGroot. Cory Garner tambi\u00e9n expandir\u00e1 su rol a Director General de Ventas y Estrat\u00e9gia de Distribuci\u00f3n, y se reportar\u00e1 a Taylor.<\/p>\n<p style=\"text-align: justify;\">DeGroot se incorpor\u00f3 a American en el 2001. En sus m\u00e1s de 15 a\u00f1os de de carrera en la aviaci\u00f3n, ha dirigido equipos en Estrat\u00e9gia de Distribuci\u00f3n, Finanzas y Estrat\u00e9gia de Ventas, y ha ocupado posiciones basadas internacionalmente para American en Londres y Mosc\u00fa. Es graduado de la Universidad de Texas en Austin con un bachiller en Espa\u00f1ol. Tambi\u00e9n posee una maestr\u00eda de la Escuela de Negocios McCombs en Texas.<\/p>\n<p style=\"text-align: justify;\">M\u00e1s recientemente, DeGroot se desempe\u00f1\u00f3 como Director General de Estrat\u00e9gia de Ventas. Comenzar\u00e1 inmediatamente en su nueva posici\u00f3n.<\/p>\n<p style=\"text-align: justify;\"><img decoding=\"async\" src=\"images\/stories\/17\/03\/280317\/aa cr smith.jpg\" border=\"0\" \/><\/p>\n","protected":false},"excerpt":{"rendered":"<p>(Aeronoticias) American Airlines anunci\u00f3 hoy la promoci\u00f3n de Chris DeGroot a Vicepresidente de Ventas Internacionales con la funci\u00f3n de supervisar las estrategias de ventas e iniciativas comerciales de American para impulsar el rendimiento de vuelos internacionales. Se reportar\u00e1 a Alison Taylor, vicepresidenta s\u00e9nior de Ventas Globales de American. \u201cEl nombramiento de Chris para esta posici\u00f3n [&hellip;]<\/p>\n","protected":false},"author":1,"featured_media":0,"comment_status":"open","ping_status":"open","sticky":false,"template":"","format":"standard","meta":{"tdm_status":"","tdm_grid_status":"","footnotes":""},"categories":[65],"tags":[],"class_list":{"0":"post-56460","1":"post","2":"type-post","3":"status-publish","4":"format-standard","6":"category-mundo-mundo-2"},"yoast_head":"<!-- This site is optimized with the Yoast SEO plugin v25.1 - https:\/\/yoast.com\/wordpress\/plugins\/seo\/ -->\n<title>American Airlines anuncia Vicepresidente de Ventas Internacionales<\/title>\n<meta name=\"description\" content=\"Portal de noticias del Per\u00fa sobre el transporte a\u00e9reo, aviaci\u00f3n, turismo, hoteleria, actualidad.\" \/>\n<meta name=\"robots\" content=\"index, follow, max-snippet:-1, max-image-preview:large, max-video-preview:-1\" \/>\n<link rel=\"canonical\" href=\"https:\/\/aeronoticias.com.pe\/noticiero\/mundo\/mundo-mundo-2\/american-airlines-anuncia-vicepresidente-de-ventas-internacionales\/\" \/>\n<meta property=\"og:locale\" content=\"es_ES\" \/>\n<meta property=\"og:type\" content=\"article\" \/>\n<meta property=\"og:title\" content=\"American Airlines anuncia Vicepresidente de Ventas Internacionales\" \/>\n<meta property=\"og:description\" content=\"Portal de noticias del Per\u00fa sobre el transporte a\u00e9reo, aviaci\u00f3n, turismo, hoteleria, actualidad.\" \/>\n<meta property=\"og:url\" content=\"https:\/\/aeronoticias.com.pe\/noticiero\/mundo\/mundo-mundo-2\/american-airlines-anuncia-vicepresidente-de-ventas-internacionales\/\" \/>\n<meta property=\"og:site_name\" content=\"Aeronoticias.com.pe\" \/>\n<meta property=\"article:publisher\" content=\"https:\/\/www.facebook.com\/Aeronoticias.com.pe\/\" \/>\n<meta property=\"article:published_time\" content=\"2017-03-28T18:25:56+00:00\" \/>\n<meta name=\"author\" content=\"Redacci\u00f3n Aeronoticias\" \/>\n<meta name=\"twitter:card\" content=\"summary_large_image\" \/>\n<meta name=\"twitter:creator\" content=\"@aeronoticias\" \/>\n<meta name=\"twitter:site\" content=\"@aeronoticias\" \/>\n<meta name=\"twitter:label1\" content=\"Escrito por\" \/>\n\t<meta name=\"twitter:data1\" content=\"Redacci\u00f3n Aeronoticias\" \/>\n\t<meta name=\"twitter:label2\" content=\"Tiempo de lectura\" \/>\n\t<meta name=\"twitter:data2\" content=\"2 minutos\" \/>\n<script type=\"application\/ld+json\" class=\"yoast-schema-graph\">{\"@context\":\"https:\/\/schema.org\",\"@graph\":[{\"@type\":\"WebPage\",\"@id\":\"https:\/\/aeronoticias.com.pe\/noticiero\/mundo\/mundo-mundo-2\/american-airlines-anuncia-vicepresidente-de-ventas-internacionales\/\",\"url\":\"https:\/\/aeronoticias.com.pe\/noticiero\/mundo\/mundo-mundo-2\/american-airlines-anuncia-vicepresidente-de-ventas-internacionales\/\",\"name\":\"American Airlines anuncia Vicepresidente de Ventas Internacionales\",\"isPartOf\":{\"@id\":\"https:\/\/aeronoticias.com.pe\/noticiero\/#website\"},\"datePublished\":\"2017-03-28T18:25:56+00:00\",\"author\":{\"@id\":\"https:\/\/aeronoticias.com.pe\/noticiero\/#\/schema\/person\/fc1e5d578f4b62ba1cf7ac2bba1170a0\"},\"description\":\"Portal de noticias del Per\u00fa sobre el transporte a\u00e9reo, aviaci\u00f3n, turismo, hoteleria, actualidad.\",\"breadcrumb\":{\"@id\":\"https:\/\/aeronoticias.com.pe\/noticiero\/mundo\/mundo-mundo-2\/american-airlines-anuncia-vicepresidente-de-ventas-internacionales\/#breadcrumb\"},\"inLanguage\":\"es\",\"potentialAction\":[{\"@type\":\"ReadAction\",\"target\":[\"https:\/\/aeronoticias.com.pe\/noticiero\/mundo\/mundo-mundo-2\/american-airlines-anuncia-vicepresidente-de-ventas-internacionales\/\"]}]},{\"@type\":\"BreadcrumbList\",\"@id\":\"https:\/\/aeronoticias.com.pe\/noticiero\/mundo\/mundo-mundo-2\/american-airlines-anuncia-vicepresidente-de-ventas-internacionales\/#breadcrumb\",\"itemListElement\":[{\"@type\":\"ListItem\",\"position\":1,\"name\":\"Portada\",\"item\":\"https:\/\/aeronoticias.com.pe\/noticiero\/\"},{\"@type\":\"ListItem\",\"position\":2,\"name\":\"American Airlines anuncia Vicepresidente de Ventas Internacionales\"}]},{\"@type\":\"WebSite\",\"@id\":\"https:\/\/aeronoticias.com.pe\/noticiero\/#website\",\"url\":\"https:\/\/aeronoticias.com.pe\/noticiero\/\",\"name\":\"Aeronoticias.com.pe\",\"description\":\"Noticias de tranporte aereo, turismo, hoteles, gastronomia, actualidad, internacional\",\"potentialAction\":[{\"@type\":\"SearchAction\",\"target\":{\"@type\":\"EntryPoint\",\"urlTemplate\":\"https:\/\/aeronoticias.com.pe\/noticiero\/?s={search_term_string}\"},\"query-input\":{\"@type\":\"PropertyValueSpecification\",\"valueRequired\":true,\"valueName\":\"search_term_string\"}}],\"inLanguage\":\"es\"},{\"@type\":\"Person\",\"@id\":\"https:\/\/aeronoticias.com.pe\/noticiero\/#\/schema\/person\/fc1e5d578f4b62ba1cf7ac2bba1170a0\",\"name\":\"Redacci\u00f3n Aeronoticias\",\"url\":\"https:\/\/aeronoticias.com.pe\/noticiero\/author\/piloto\/\"}]}<\/script>\n<!-- \/ Yoast SEO plugin. -->","yoast_head_json":{"title":"American Airlines anuncia Vicepresidente de Ventas Internacionales","description":"Portal de noticias del Per\u00fa sobre el transporte a\u00e9reo, aviaci\u00f3n, turismo, hoteleria, actualidad.","robots":{"index":"index","follow":"follow","max-snippet":"max-snippet:-1","max-image-preview":"max-image-preview:large","max-video-preview":"max-video-preview:-1"},"canonical":"https:\/\/aeronoticias.com.pe\/noticiero\/mundo\/mundo-mundo-2\/american-airlines-anuncia-vicepresidente-de-ventas-internacionales\/","og_locale":"es_ES","og_type":"article","og_title":"American Airlines anuncia Vicepresidente de Ventas Internacionales","og_description":"Portal de noticias del Per\u00fa sobre el transporte a\u00e9reo, aviaci\u00f3n, turismo, hoteleria, actualidad.","og_url":"https:\/\/aeronoticias.com.pe\/noticiero\/mundo\/mundo-mundo-2\/american-airlines-anuncia-vicepresidente-de-ventas-internacionales\/","og_site_name":"Aeronoticias.com.pe","article_publisher":"https:\/\/www.facebook.com\/Aeronoticias.com.pe\/","article_published_time":"2017-03-28T18:25:56+00:00","author":"Redacci\u00f3n Aeronoticias","twitter_card":"summary_large_image","twitter_creator":"@aeronoticias","twitter_site":"@aeronoticias","twitter_misc":{"Escrito por":"Redacci\u00f3n Aeronoticias","Tiempo de lectura":"2 minutos"},"schema":{"@context":"https:\/\/schema.org","@graph":[{"@type":"WebPage","@id":"https:\/\/aeronoticias.com.pe\/noticiero\/mundo\/mundo-mundo-2\/american-airlines-anuncia-vicepresidente-de-ventas-internacionales\/","url":"https:\/\/aeronoticias.com.pe\/noticiero\/mundo\/mundo-mundo-2\/american-airlines-anuncia-vicepresidente-de-ventas-internacionales\/","name":"American Airlines anuncia Vicepresidente de Ventas Internacionales","isPartOf":{"@id":"https:\/\/aeronoticias.com.pe\/noticiero\/#website"},"datePublished":"2017-03-28T18:25:56+00:00","author":{"@id":"https:\/\/aeronoticias.com.pe\/noticiero\/#\/schema\/person\/fc1e5d578f4b62ba1cf7ac2bba1170a0"},"description":"Portal de noticias del Per\u00fa sobre el transporte a\u00e9reo, aviaci\u00f3n, turismo, hoteleria, actualidad.","breadcrumb":{"@id":"https:\/\/aeronoticias.com.pe\/noticiero\/mundo\/mundo-mundo-2\/american-airlines-anuncia-vicepresidente-de-ventas-internacionales\/#breadcrumb"},"inLanguage":"es","potentialAction":[{"@type":"ReadAction","target":["https:\/\/aeronoticias.com.pe\/noticiero\/mundo\/mundo-mundo-2\/american-airlines-anuncia-vicepresidente-de-ventas-internacionales\/"]}]},{"@type":"BreadcrumbList","@id":"https:\/\/aeronoticias.com.pe\/noticiero\/mundo\/mundo-mundo-2\/american-airlines-anuncia-vicepresidente-de-ventas-internacionales\/#breadcrumb","itemListElement":[{"@type":"ListItem","position":1,"name":"Portada","item":"https:\/\/aeronoticias.com.pe\/noticiero\/"},{"@type":"ListItem","position":2,"name":"American Airlines anuncia Vicepresidente de Ventas Internacionales"}]},{"@type":"WebSite","@id":"https:\/\/aeronoticias.com.pe\/noticiero\/#website","url":"https:\/\/aeronoticias.com.pe\/noticiero\/","name":"Aeronoticias.com.pe","description":"Noticias de tranporte aereo, turismo, hoteles, gastronomia, actualidad, internacional","potentialAction":[{"@type":"SearchAction","target":{"@type":"EntryPoint","urlTemplate":"https:\/\/aeronoticias.com.pe\/noticiero\/?s={search_term_string}"},"query-input":{"@type":"PropertyValueSpecification","valueRequired":true,"valueName":"search_term_string"}}],"inLanguage":"es"},{"@type":"Person","@id":"https:\/\/aeronoticias.com.pe\/noticiero\/#\/schema\/person\/fc1e5d578f4b62ba1cf7ac2bba1170a0","name":"Redacci\u00f3n Aeronoticias","url":"https:\/\/aeronoticias.com.pe\/noticiero\/author\/piloto\/"}]}},"_links":{"self":[{"href":"https:\/\/aeronoticias.com.pe\/noticiero\/wp-json\/wp\/v2\/posts\/56460","targetHints":{"allow":["GET"]}}],"collection":[{"href":"https:\/\/aeronoticias.com.pe\/noticiero\/wp-json\/wp\/v2\/posts"}],"about":[{"href":"https:\/\/aeronoticias.com.pe\/noticiero\/wp-json\/wp\/v2\/types\/post"}],"author":[{"embeddable":true,"href":"https:\/\/aeronoticias.com.pe\/noticiero\/wp-json\/wp\/v2\/users\/1"}],"replies":[{"embeddable":true,"href":"https:\/\/aeronoticias.com.pe\/noticiero\/wp-json\/wp\/v2\/comments?post=56460"}],"version-history":[{"count":0,"href":"https:\/\/aeronoticias.com.pe\/noticiero\/wp-json\/wp\/v2\/posts\/56460\/revisions"}],"wp:attachment":[{"href":"https:\/\/aeronoticias.com.pe\/noticiero\/wp-json\/wp\/v2\/media?parent=56460"}],"wp:term":[{"taxonomy":"category","embeddable":true,"href":"https:\/\/aeronoticias.com.pe\/noticiero\/wp-json\/wp\/v2\/categories?post=56460"},{"taxonomy":"post_tag","embeddable":true,"href":"https:\/\/aeronoticias.com.pe\/noticiero\/wp-json\/wp\/v2\/tags?post=56460"}],"curies":[{"name":"wp","href":"https:\/\/api.w.org\/{rel}","templated":true}]}}