{"id":56463,"date":"2017-03-28T18:37:44","date_gmt":"2017-03-28T18:37:44","guid":{"rendered":"http:\/\/desarrollo.mcvicious.com\/aero2020\/2017\/03\/28\/industria-turistica-de-estados-unidos-teme-otra-decada-perdida-con-trump\/"},"modified":"2017-03-28T18:37:44","modified_gmt":"2017-03-28T18:37:44","slug":"industria-turistica-de-estados-unidos-teme-otra-decada-perdida-con-trump","status":"publish","type":"post","link":"https:\/\/aeronoticias.com.pe\/noticiero\/internacionales\/industria-turistica-de-estados-unidos-teme-otra-decada-perdida-con-trump\/","title":{"rendered":"Industria tur\u00edstica de Estados Unidos teme otra \u2018d\u00e9cada perdida\u2019 con Trump"},"content":{"rendered":"<p style=\"text-align: justify;\"><strong>(Aeronoticias) <\/strong><span style=\"font-size: 12.16px;\">Como muchos grupos de lobby de Washington, la U.S. Travel Association (USTA por sus siglas en ingl\u00e9s) no tard\u00f3 en felicitar al flamante presidente por su triunfo en noviembre.<\/span><\/p>\n<p style=\"text-align: justify;\"><span style=\"font-size: 12.16px;\">\u201cNos alienta el hecho de que la extensa trayectoria empresarial y hotelera de Trump lo convertir\u00e1n en un o\u00eddo listo y receptivo\u201d, dijo la asociaci\u00f3n profesional. En la asunci\u00f3n del republicano, el m\u00e1ximo responsable de la USTA, Roger Dow, prometi\u00f3 que la industria ser\u00eda un \u201csocio capaz y dispuesto\u201d.<\/span><\/p>\n<p style=\"text-align: justify;\"><span style=\"font-size: 12.16px;\">Pero la cosa empez\u00f3 a descarrilar casi inmediatamente. Parec\u00eda probable que un flujo constante de noticias y proclamas pol\u00edticas perjudicase a la industria tur\u00edstica estadounidense, de US$ 250,000 millones, y a sus aproximadamente 15 millones de empleados en el pa\u00eds.<\/span><\/p>\n<p style=\"text-align: justify;\"><span style=\"font-size: 12.16px;\">Los primeros contactos entre Trump y los l\u00edderes de Australia, Alemania, M\u00e9xico y China no salieron bien, lo que gener\u00f3 publicidad negativa en pa\u00edses que mandan muchos turistas a Estados Unidos.<\/span><\/p>\n<p style=\"text-align: justify;\"><span style=\"font-size: 12.16px;\">Luego llegaron las prohibiciones de entrada al pa\u00eds a personas provenientes de pa\u00edses de mayor\u00eda musulmana, con protestas y una cobertura medi\u00e1tica que causaron un desastre global de relaciones p\u00fablicas.<\/span><\/p>\n<p style=\"text-align: justify;\"><span style=\"font-size: 12.16px;\">La primera prohibici\u00f3n, desde entonces suspendida por los tribunales, redund\u00f3 en la detenci\u00f3n de turistas extranjeros. La segunda, una modificaci\u00f3n de la primera, qued\u00f3 congelada antes de entrar en vigencia. Trump apelar\u00e1.<\/span><\/p>\n<p style=\"text-align: justify;\"><span style=\"font-size: 12.16px;\">Por su parte, la Casa Blanca prohibi\u00f3 el uso de dispositivos electr\u00f3nicos a quienes vuelen desde aeropuertos de ocho pa\u00edses. Y la semana pasada, se divulg\u00f3 una pol\u00edtica del Departamento de Estado de Estados Unidos que exige una verificaci\u00f3n adicional de los solicitantes de visas en pa\u00edses donde las personas que viajan a Estados Unidos deben solicitar una.<\/span><\/p>\n<p style=\"text-align: justify;\"><span style=\"font-size: 12.16px;\">Esto incluye la inspecci\u00f3n de cuentas de redes sociales en algunos casos y probablemente les dificulte viajar a Estados Unidos a millones de personas.<\/span><\/p>\n<p style=\"text-align: justify;\"><span style=\"font-size: 12.16px;\">La gota que colm\u00f3 el vaso<\/span><\/p>\n<p style=\"text-align: justify;\">Las nuevas normas sobre visas pueden haber sido la gota que colm\u00f3 el vaso para la USTA. La semana pasada, el grupo de Dow emiti\u00f3 un comunicado casi lastimero: \u201cSe\u00f1or presidente, por favor d\u00edgale al mundo que estamos cerrados al terrorismo, pero abiertos para hacer negocios.<\/p>\n<p style=\"text-align: justify;\"><span style=\"font-size: 12.16px;\">La comunicaci\u00f3n desequilibrada es especialmente susceptible a \u2018perderse en la traducci\u00f3n\u2019, as\u00ed que trabajemos juntos para informar a nuestros amigos y vecinos, que podr\u00edan beneficiarse si se los tranquiliza, no s\u00f3lo a qui\u00e9n ya no es bienvenido, sino tambi\u00e9n qui\u00e9n sigue estando invitado\u201d.<\/span><\/p>\n<p style=\"text-align: justify;\"><span style=\"font-size: 12.16px;\">La USTA suele referirse a los primeros diez a\u00f1os del siglo como \u201cla d\u00e9cada perdida\u201d por el brusco declive en los viajes a Estados Unidos tras las restricciones impuestas como consecuencia de los atentados del 2001, la antipat\u00eda global por la posterior pol\u00edtica exterior del presidente George W. Bush y los efectos econ\u00f3micos de la Gran Recesi\u00f3n.<\/span><\/p>\n<p style=\"text-align: justify;\"><span style=\"font-size: 12.16px;\">Sin embargo, fuera de Estados Unidos los viajes internacionales siguieron creciendo en ese per\u00edodo.<\/span><\/p>\n<p style=\"text-align: justify;\"><span style=\"font-size: 12.16px;\">La ret\u00f3rica de Trump y su impopularidad en el exterior probablemente reduzcan el n\u00famero de arribos internacionales en 4.3 millones este a\u00f1o, seg\u00fan la empresa de estrategia de mercado Tourism Economics LLC.<\/span><\/p>\n<p style=\"text-align: justify;\"><span style=\"font-size: 12.16px;\">Nueva York, Los \u00c1ngeles y Miami est\u00e1n expuestas a cualquier merma por figurar entre los destinos m\u00e1s populares para los turistas internacionales.<\/span><\/p>\n<p style=\"text-align: justify;\"><span style=\"font-size: 12.16px;\">Dow dice que conserva la esperanza de que el presidente \u201caclare\u201d sus pol\u00edticas para que los turistas extranjeros no decidan evitar Estados Unidos. \u201cDonald Trump lo entiende, \u00e9l es due\u00f1o de hoteles\u201d, dijo Dow. \u201c\u00c9l entiende al turista internacional\u201d.<\/span><\/p>\n<p style=\"text-align: justify;\"><span style=\"font-size: 12.16px;\"><img decoding=\"async\" src=\"images\/stories\/17\/03\/280317\/trump2.jpg\" border=\"0\" \/><br \/><\/span><\/p>\n","protected":false},"excerpt":{"rendered":"<p>(Aeronoticias) Como muchos grupos de lobby de Washington, la U.S. Travel Association (USTA por sus siglas en ingl\u00e9s) no tard\u00f3 en felicitar al flamante presidente por su triunfo en noviembre. \u201cNos alienta el hecho de que la extensa trayectoria empresarial y hotelera de Trump lo convertir\u00e1n en un o\u00eddo listo y receptivo\u201d, dijo la asociaci\u00f3n [&hellip;]<\/p>\n","protected":false},"author":1,"featured_media":0,"comment_status":"open","ping_status":"open","sticky":false,"template":"","format":"standard","meta":{"tdm_status":"","tdm_grid_status":"","footnotes":""},"categories":[34],"tags":[],"class_list":{"0":"post-56463","1":"post","2":"type-post","3":"status-publish","4":"format-standard","6":"category-internacionales"},"yoast_head":"<!-- This site is optimized with the Yoast SEO plugin v25.1 - https:\/\/yoast.com\/wordpress\/plugins\/seo\/ -->\n<title>Industria tur\u00edstica de Estados Unidos teme otra \u2018d\u00e9cada perdida\u2019 con Trump<\/title>\n<meta name=\"description\" content=\"Portal de noticias del Per\u00fa sobre el transporte a\u00e9reo, aviaci\u00f3n, turismo, hoteleria, actualidad.\" \/>\n<meta name=\"robots\" content=\"index, follow, max-snippet:-1, max-image-preview:large, max-video-preview:-1\" \/>\n<link rel=\"canonical\" href=\"https:\/\/aeronoticias.com.pe\/noticiero\/internacionales\/industria-turistica-de-estados-unidos-teme-otra-decada-perdida-con-trump\/\" \/>\n<meta property=\"og:locale\" content=\"es_ES\" \/>\n<meta property=\"og:type\" content=\"article\" \/>\n<meta property=\"og:title\" content=\"Industria tur\u00edstica de Estados Unidos teme otra \u2018d\u00e9cada perdida\u2019 con Trump\" \/>\n<meta property=\"og:description\" content=\"Portal de noticias del Per\u00fa sobre el transporte a\u00e9reo, aviaci\u00f3n, turismo, hoteleria, actualidad.\" \/>\n<meta property=\"og:url\" content=\"https:\/\/aeronoticias.com.pe\/noticiero\/internacionales\/industria-turistica-de-estados-unidos-teme-otra-decada-perdida-con-trump\/\" \/>\n<meta property=\"og:site_name\" content=\"Aeronoticias.com.pe\" \/>\n<meta property=\"article:publisher\" content=\"https:\/\/www.facebook.com\/Aeronoticias.com.pe\/\" \/>\n<meta property=\"article:published_time\" content=\"2017-03-28T18:37:44+00:00\" \/>\n<meta name=\"author\" content=\"Redacci\u00f3n Aeronoticias\" \/>\n<meta name=\"twitter:card\" content=\"summary_large_image\" \/>\n<meta name=\"twitter:creator\" content=\"@aeronoticias\" \/>\n<meta name=\"twitter:site\" content=\"@aeronoticias\" \/>\n<meta name=\"twitter:label1\" content=\"Escrito por\" \/>\n\t<meta name=\"twitter:data1\" content=\"Redacci\u00f3n Aeronoticias\" \/>\n\t<meta name=\"twitter:label2\" content=\"Tiempo de lectura\" \/>\n\t<meta name=\"twitter:data2\" content=\"3 minutos\" \/>\n<script type=\"application\/ld+json\" class=\"yoast-schema-graph\">{\"@context\":\"https:\/\/schema.org\",\"@graph\":[{\"@type\":\"WebPage\",\"@id\":\"https:\/\/aeronoticias.com.pe\/noticiero\/internacionales\/industria-turistica-de-estados-unidos-teme-otra-decada-perdida-con-trump\/\",\"url\":\"https:\/\/aeronoticias.com.pe\/noticiero\/internacionales\/industria-turistica-de-estados-unidos-teme-otra-decada-perdida-con-trump\/\",\"name\":\"Industria tur\u00edstica de Estados Unidos teme otra \u2018d\u00e9cada perdida\u2019 con Trump\",\"isPartOf\":{\"@id\":\"https:\/\/aeronoticias.com.pe\/noticiero\/#website\"},\"datePublished\":\"2017-03-28T18:37:44+00:00\",\"author\":{\"@id\":\"https:\/\/aeronoticias.com.pe\/noticiero\/#\/schema\/person\/fc1e5d578f4b62ba1cf7ac2bba1170a0\"},\"description\":\"Portal de noticias del Per\u00fa sobre el transporte a\u00e9reo, aviaci\u00f3n, turismo, hoteleria, actualidad.\",\"breadcrumb\":{\"@id\":\"https:\/\/aeronoticias.com.pe\/noticiero\/internacionales\/industria-turistica-de-estados-unidos-teme-otra-decada-perdida-con-trump\/#breadcrumb\"},\"inLanguage\":\"es\",\"potentialAction\":[{\"@type\":\"ReadAction\",\"target\":[\"https:\/\/aeronoticias.com.pe\/noticiero\/internacionales\/industria-turistica-de-estados-unidos-teme-otra-decada-perdida-con-trump\/\"]}]},{\"@type\":\"BreadcrumbList\",\"@id\":\"https:\/\/aeronoticias.com.pe\/noticiero\/internacionales\/industria-turistica-de-estados-unidos-teme-otra-decada-perdida-con-trump\/#breadcrumb\",\"itemListElement\":[{\"@type\":\"ListItem\",\"position\":1,\"name\":\"Portada\",\"item\":\"https:\/\/aeronoticias.com.pe\/noticiero\/\"},{\"@type\":\"ListItem\",\"position\":2,\"name\":\"Industria tur\u00edstica de Estados Unidos teme otra \u2018d\u00e9cada perdida\u2019 con Trump\"}]},{\"@type\":\"WebSite\",\"@id\":\"https:\/\/aeronoticias.com.pe\/noticiero\/#website\",\"url\":\"https:\/\/aeronoticias.com.pe\/noticiero\/\",\"name\":\"Aeronoticias.com.pe\",\"description\":\"Noticias de tranporte aereo, turismo, hoteles, gastronomia, actualidad, internacional\",\"potentialAction\":[{\"@type\":\"SearchAction\",\"target\":{\"@type\":\"EntryPoint\",\"urlTemplate\":\"https:\/\/aeronoticias.com.pe\/noticiero\/?s={search_term_string}\"},\"query-input\":{\"@type\":\"PropertyValueSpecification\",\"valueRequired\":true,\"valueName\":\"search_term_string\"}}],\"inLanguage\":\"es\"},{\"@type\":\"Person\",\"@id\":\"https:\/\/aeronoticias.com.pe\/noticiero\/#\/schema\/person\/fc1e5d578f4b62ba1cf7ac2bba1170a0\",\"name\":\"Redacci\u00f3n Aeronoticias\",\"url\":\"https:\/\/aeronoticias.com.pe\/noticiero\/author\/piloto\/\"}]}<\/script>\n<!-- \/ Yoast SEO plugin. -->","yoast_head_json":{"title":"Industria tur\u00edstica de Estados Unidos teme otra \u2018d\u00e9cada perdida\u2019 con Trump","description":"Portal de noticias del Per\u00fa sobre el transporte a\u00e9reo, aviaci\u00f3n, turismo, hoteleria, actualidad.","robots":{"index":"index","follow":"follow","max-snippet":"max-snippet:-1","max-image-preview":"max-image-preview:large","max-video-preview":"max-video-preview:-1"},"canonical":"https:\/\/aeronoticias.com.pe\/noticiero\/internacionales\/industria-turistica-de-estados-unidos-teme-otra-decada-perdida-con-trump\/","og_locale":"es_ES","og_type":"article","og_title":"Industria tur\u00edstica de Estados Unidos teme otra \u2018d\u00e9cada perdida\u2019 con Trump","og_description":"Portal de noticias del Per\u00fa sobre el transporte a\u00e9reo, aviaci\u00f3n, turismo, hoteleria, actualidad.","og_url":"https:\/\/aeronoticias.com.pe\/noticiero\/internacionales\/industria-turistica-de-estados-unidos-teme-otra-decada-perdida-con-trump\/","og_site_name":"Aeronoticias.com.pe","article_publisher":"https:\/\/www.facebook.com\/Aeronoticias.com.pe\/","article_published_time":"2017-03-28T18:37:44+00:00","author":"Redacci\u00f3n Aeronoticias","twitter_card":"summary_large_image","twitter_creator":"@aeronoticias","twitter_site":"@aeronoticias","twitter_misc":{"Escrito por":"Redacci\u00f3n Aeronoticias","Tiempo de lectura":"3 minutos"},"schema":{"@context":"https:\/\/schema.org","@graph":[{"@type":"WebPage","@id":"https:\/\/aeronoticias.com.pe\/noticiero\/internacionales\/industria-turistica-de-estados-unidos-teme-otra-decada-perdida-con-trump\/","url":"https:\/\/aeronoticias.com.pe\/noticiero\/internacionales\/industria-turistica-de-estados-unidos-teme-otra-decada-perdida-con-trump\/","name":"Industria tur\u00edstica de Estados Unidos teme otra \u2018d\u00e9cada perdida\u2019 con Trump","isPartOf":{"@id":"https:\/\/aeronoticias.com.pe\/noticiero\/#website"},"datePublished":"2017-03-28T18:37:44+00:00","author":{"@id":"https:\/\/aeronoticias.com.pe\/noticiero\/#\/schema\/person\/fc1e5d578f4b62ba1cf7ac2bba1170a0"},"description":"Portal de noticias del Per\u00fa sobre el transporte a\u00e9reo, aviaci\u00f3n, turismo, hoteleria, actualidad.","breadcrumb":{"@id":"https:\/\/aeronoticias.com.pe\/noticiero\/internacionales\/industria-turistica-de-estados-unidos-teme-otra-decada-perdida-con-trump\/#breadcrumb"},"inLanguage":"es","potentialAction":[{"@type":"ReadAction","target":["https:\/\/aeronoticias.com.pe\/noticiero\/internacionales\/industria-turistica-de-estados-unidos-teme-otra-decada-perdida-con-trump\/"]}]},{"@type":"BreadcrumbList","@id":"https:\/\/aeronoticias.com.pe\/noticiero\/internacionales\/industria-turistica-de-estados-unidos-teme-otra-decada-perdida-con-trump\/#breadcrumb","itemListElement":[{"@type":"ListItem","position":1,"name":"Portada","item":"https:\/\/aeronoticias.com.pe\/noticiero\/"},{"@type":"ListItem","position":2,"name":"Industria tur\u00edstica de Estados Unidos teme otra \u2018d\u00e9cada perdida\u2019 con Trump"}]},{"@type":"WebSite","@id":"https:\/\/aeronoticias.com.pe\/noticiero\/#website","url":"https:\/\/aeronoticias.com.pe\/noticiero\/","name":"Aeronoticias.com.pe","description":"Noticias de tranporte aereo, turismo, hoteles, gastronomia, actualidad, internacional","potentialAction":[{"@type":"SearchAction","target":{"@type":"EntryPoint","urlTemplate":"https:\/\/aeronoticias.com.pe\/noticiero\/?s={search_term_string}"},"query-input":{"@type":"PropertyValueSpecification","valueRequired":true,"valueName":"search_term_string"}}],"inLanguage":"es"},{"@type":"Person","@id":"https:\/\/aeronoticias.com.pe\/noticiero\/#\/schema\/person\/fc1e5d578f4b62ba1cf7ac2bba1170a0","name":"Redacci\u00f3n Aeronoticias","url":"https:\/\/aeronoticias.com.pe\/noticiero\/author\/piloto\/"}]}},"_links":{"self":[{"href":"https:\/\/aeronoticias.com.pe\/noticiero\/wp-json\/wp\/v2\/posts\/56463","targetHints":{"allow":["GET"]}}],"collection":[{"href":"https:\/\/aeronoticias.com.pe\/noticiero\/wp-json\/wp\/v2\/posts"}],"about":[{"href":"https:\/\/aeronoticias.com.pe\/noticiero\/wp-json\/wp\/v2\/types\/post"}],"author":[{"embeddable":true,"href":"https:\/\/aeronoticias.com.pe\/noticiero\/wp-json\/wp\/v2\/users\/1"}],"replies":[{"embeddable":true,"href":"https:\/\/aeronoticias.com.pe\/noticiero\/wp-json\/wp\/v2\/comments?post=56463"}],"version-history":[{"count":0,"href":"https:\/\/aeronoticias.com.pe\/noticiero\/wp-json\/wp\/v2\/posts\/56463\/revisions"}],"wp:attachment":[{"href":"https:\/\/aeronoticias.com.pe\/noticiero\/wp-json\/wp\/v2\/media?parent=56463"}],"wp:term":[{"taxonomy":"category","embeddable":true,"href":"https:\/\/aeronoticias.com.pe\/noticiero\/wp-json\/wp\/v2\/categories?post=56463"},{"taxonomy":"post_tag","embeddable":true,"href":"https:\/\/aeronoticias.com.pe\/noticiero\/wp-json\/wp\/v2\/tags?post=56463"}],"curies":[{"name":"wp","href":"https:\/\/api.w.org\/{rel}","templated":true}]}}